{"id":41371,"date":"2025-04-29T18:40:00","date_gmt":"2025-04-29T21:40:00","guid":{"rendered":"https:\/\/www.em.com.br\/emfoco\/?p=41371"},"modified":"2025-04-28T13:56:01","modified_gmt":"2025-04-28T16:56:01","slug":"asteroide-com-rota-instavel-se-aproxima-de-colidir-e-preocupa-cientistas","status":"publish","type":"post","link":"https:\/\/www.em.com.br\/emfoco\/2025\/04\/29\/asteroide-com-rota-instavel-se-aproxima-de-colidir-e-preocupa-cientistas\/","title":{"rendered":"Asteroide com rota inst\u00e1vel se aproxima de colidir e preocupa cientistas"},"content":{"rendered":"\n<p>O <strong>asteroide 2024 YR4<\/strong>, que inicialmente preocupava os cientistas por sua poss\u00edvel colis\u00e3o com a <strong>Terra<\/strong>, agora tem como alvo a <strong>Lua<\/strong>. Com uma chance de 3,8% de impacto em 2032, este evento desperta interesse na comunidade cient\u00edfica. A astr\u00f4noma<strong> Pl\u00edcida Arcoverde<\/strong>, do <strong>Observat\u00f3rio Nacional<\/strong>, destaca que, embora a Lua j\u00e1 tenha sofrido diversos impactos ao longo de sua hist\u00f3ria, cada novo evento oferece uma oportunidade \u00fanica de estudo.<\/p>\n\n\n\n<p>Descoberto em dezembro do ano passado, o 2024 YR4 foi, por um tempo, considerado uma amea\u00e7a significativa \u00e0 Terra, com uma probabilidade de impacto de 3,1%. Este n\u00famero, apesar de parecer pequeno, foi o mais alto j\u00e1 registrado pela <strong>NASA<\/strong> para um asteroide. Com dimens\u00f5es estimadas entre 40 e 90 metros, sua colis\u00e3o poderia ter consequ\u00eancias severas.<\/p>\n\n\n\n<h2 class=\"wp-block-heading\">Como o 2024 YR4 pode afetar a Lua?<\/h2>\n\n\n\n<p>Com a Terra fora de perigo, o foco agora \u00e9 o poss\u00edvel impacto na Lua. Observa\u00e7\u00f5es recentes indicam que o asteroide, que mede entre 53 e 67 metros, pode criar uma nova cratera no sat\u00e9lite natural. A Lua, sem atmosfera para proteger sua superf\u00edcie, \u00e9 frequentemente atingida por objetos espaciais, tornando os impactos vis\u00edveis e mais frequentes.<\/p>\n\n\n\n<p>Quando um asteroide atinge a Lua, a energia liberada pode ser observada da Terra como um breve clar\u00e3o. Embora a colis\u00e3o n\u00e3o deva alterar a \u00f3rbita lunar, o evento \u00e9 significativo para o estudo de impactos c\u00f3smicos e suas consequ\u00eancias.<\/p>\n\n\n\n<figure class=\"wp-block-image size-large\"><img loading=\"lazy\" decoding=\"async\" width=\"1024\" height=\"576\" src=\"https:\/\/www.em.com.br\/emfoco\/wp-content\/uploads\/2025\/02\/Asteroide_1740075067030-1024x576.jpg\" alt=\"\" class=\"wp-image-21508\" srcset=\"https:\/\/www.em.com.br\/emfoco\/wp-content\/uploads\/2025\/02\/Asteroide_1740075067030-1024x576.jpg 1024w, https:\/\/www.em.com.br\/emfoco\/wp-content\/uploads\/2025\/02\/Asteroide_1740075067030-300x169.jpg 300w, https:\/\/www.em.com.br\/emfoco\/wp-content\/uploads\/2025\/02\/Asteroide_1740075067030-768x432.jpg 768w, https:\/\/www.em.com.br\/emfoco\/wp-content\/uploads\/2025\/02\/Asteroide_1740075067030-750x422.jpg 750w, https:\/\/www.em.com.br\/emfoco\/wp-content\/uploads\/2025\/02\/Asteroide_1740075067030-1140x641.jpg 1140w, https:\/\/www.em.com.br\/emfoco\/wp-content\/uploads\/2025\/02\/Asteroide_1740075067030.jpg 1280w\" sizes=\"auto, (max-width: 1024px) 100vw, 1024px\" \/><figcaption class=\"wp-element-caption\">2024 YR4 &#8211; Cr\u00e9ditos: depositphotos.com \/ Mopic<\/figcaption><\/figure>\n\n\n\n<h2 class=\"wp-block-heading\">Quais s\u00e3o as implica\u00e7\u00f5es para futuras miss\u00f5es espaciais?<\/h2>\n\n\n\n<p>Monitorar eventos como o impacto do 2024 YR4 \u00e9 vital para a seguran\u00e7a das miss\u00f5es espaciais futuras. A frequ\u00eancia e a intensidade dos impactos na Lua s\u00e3o dados importantes para planejadores de miss\u00f5es. Com planos de enviar humanos \u00e0 Lua na pr\u00f3xima d\u00e9cada, tanto a China quanto os Estados Unidos est\u00e3o atentos a esses eventos.<\/p>\n\n\n\n<h2 class=\"wp-block-heading\">Por que \u00e9 crucial observar asteroides?<\/h2>\n\n\n\n<p>O acompanhamento de asteroides como o 2024 YR4 \u00e9 essencial para a prote\u00e7\u00e3o planet\u00e1ria e a seguran\u00e7a das miss\u00f5es espaciais. A NASA, por exemplo, possui programas dedicados a monitorar impactos na Lua, permitindo que cientistas analisem esses eventos e compreendam melhor a din\u00e2mica dos asteroides.<\/p>\n\n\n\n<p>Em resumo, enquanto o 2024 YR4 n\u00e3o amea\u00e7a mais a Terra, sua poss\u00edvel colis\u00e3o com a Lua continua a ser um ponto de interesse. O estudo cont\u00ednuo desses eventos \u00e9 crucial para o avan\u00e7o da explora\u00e7\u00e3o espacial e para garantir a seguran\u00e7a de futuras miss\u00f5es.<\/p>\n","protected":false},"excerpt":{"rendered":"<p>O asteroide 2024 YR4, que inicialmente preocupava os cientistas por sua poss\u00edvel colis\u00e3o com a Terra, agora tem como alvo a Lua. Com uma chance de 3,8% de impacto em 2032, este evento desperta interesse na comunidade cient\u00edfica. A astr\u00f4noma Pl\u00edcida Arcoverde, do Observat\u00f3rio Nacional, destaca que, embora a Lua j\u00e1 tenha sofrido diversos impactos [&hellip;]<\/p>\n","protected":false},"author":5,"featured_media":21507,"comment_status":"open","ping_status":"open","sticky":false,"template":"","format":"standard","meta":{"jnews-multi-image_gallery":[],"jnews_single_post":{"format":"standard"},"jnews_primary_category":[],"jnews_social_meta":[],"jnews_override_counter":[],"footnotes":""},"categories":[138,1],"tags":[7546,5530,3938],"class_list":["post-41371","post","type-post","status-publish","format-standard","has-post-thumbnail","hentry","category-mundo","category-noticias","tag-asteroide","tag-exploracao-espacial","tag-lua"],"yoast_head":"<!-- This site is optimized with the Yoast SEO plugin v23.8 - https:\/\/yoast.com\/wordpress\/plugins\/seo\/ -->\n<title>Asteroide com rota inst\u00e1vel se aproxima de colidir e preocupa cientistas - Estado de Minas - Em foco<\/title>\n<meta name=\"description\" content=\"Asteroide 2024 YR4 tem 3,8% de chance de impactar em 2032, segundo astr\u00f4nomos do Observat\u00f3rio Nacional. Saiba mais!\" \/>\n<meta name=\"robots\" content=\"index, follow, max-snippet:-1, max-image-preview:large, max-video-preview:-1\" \/>\n<link rel=\"canonical\" href=\"https:\/\/www.em.com.br\/emfoco\/2025\/04\/29\/asteroide-com-rota-instavel-se-aproxima-de-colidir-e-preocupa-cientistas\/\" \/>\n<meta property=\"og:locale\" content=\"pt_BR\" \/>\n<meta property=\"og:type\" content=\"article\" \/>\n<meta property=\"og:title\" content=\"Asteroide com rota inst\u00e1vel se aproxima de colidir e preocupa cientistas - Estado de Minas - Em foco\" \/>\n<meta property=\"og:description\" content=\"Asteroide 2024 YR4 tem 3,8% de chance de impactar em 2032, segundo astr\u00f4nomos do Observat\u00f3rio Nacional. Saiba mais!\" \/>\n<meta property=\"og:url\" content=\"https:\/\/www.em.com.br\/emfoco\/2025\/04\/29\/asteroide-com-rota-instavel-se-aproxima-de-colidir-e-preocupa-cientistas\/\" \/>\n<meta property=\"og:site_name\" content=\"Estado de Minas - Em foco\" \/>\n<meta property=\"article:published_time\" content=\"2025-04-29T21:40:00+00:00\" \/>\n<meta property=\"article:modified_time\" content=\"2025-04-28T16:56:01+00:00\" \/>\n<meta property=\"og:image\" content=\"https:\/\/www.em.com.br\/emfoco\/wp-content\/uploads\/2025\/02\/Asteroide_1740074942979.jpg\" \/>\n\t<meta property=\"og:image:width\" content=\"1280\" \/>\n\t<meta property=\"og:image:height\" content=\"720\" \/>\n\t<meta property=\"og:image:type\" content=\"image\/jpeg\" \/>\n<meta name=\"author\" content=\"N\u00fabia Rangel\" \/>\n<meta name=\"twitter:card\" content=\"summary_large_image\" \/>\n<meta name=\"twitter:label1\" content=\"Escrito por\" \/>\n\t<meta name=\"twitter:data1\" content=\"N\u00fabia Rangel\" \/>\n\t<meta name=\"twitter:label2\" content=\"Est. tempo de leitura\" \/>\n\t<meta name=\"twitter:data2\" content=\"3 minutos\" \/>\n<!-- \/ Yoast SEO plugin. -->","yoast_head_json":{"title":"Asteroide com rota inst\u00e1vel se aproxima de colidir e preocupa cientistas - Estado de Minas - Em foco","description":"Asteroide 2024 YR4 tem 3,8% de chance de impactar em 2032, segundo astr\u00f4nomos do Observat\u00f3rio Nacional. Saiba mais!","robots":{"index":"index","follow":"follow","max-snippet":"max-snippet:-1","max-image-preview":"max-image-preview:large","max-video-preview":"max-video-preview:-1"},"canonical":"https:\/\/www.em.com.br\/emfoco\/2025\/04\/29\/asteroide-com-rota-instavel-se-aproxima-de-colidir-e-preocupa-cientistas\/","og_locale":"pt_BR","og_type":"article","og_title":"Asteroide com rota inst\u00e1vel se aproxima de colidir e preocupa cientistas - Estado de Minas - Em foco","og_description":"Asteroide 2024 YR4 tem 3,8% de chance de impactar em 2032, segundo astr\u00f4nomos do Observat\u00f3rio Nacional. Saiba mais!","og_url":"https:\/\/www.em.com.br\/emfoco\/2025\/04\/29\/asteroide-com-rota-instavel-se-aproxima-de-colidir-e-preocupa-cientistas\/","og_site_name":"Estado de Minas - Em foco","article_published_time":"2025-04-29T21:40:00+00:00","article_modified_time":"2025-04-28T16:56:01+00:00","og_image":[{"width":1280,"height":720,"url":"https:\/\/www.em.com.br\/emfoco\/wp-content\/uploads\/2025\/02\/Asteroide_1740074942979.jpg","type":"image\/jpeg"}],"author":"N\u00fabia Rangel","twitter_card":"summary_large_image","twitter_misc":{"Escrito por":"N\u00fabia Rangel","Est. tempo de leitura":"3 minutos"},"schema":{"@context":"https:\/\/schema.org","@graph":[{"@type":"WebPage","@id":"https:\/\/www.em.com.br\/emfoco\/2025\/04\/29\/asteroide-com-rota-instavel-se-aproxima-de-colidir-e-preocupa-cientistas\/","url":"https:\/\/www.em.com.br\/emfoco\/2025\/04\/29\/asteroide-com-rota-instavel-se-aproxima-de-colidir-e-preocupa-cientistas\/","name":"Asteroide com rota inst\u00e1vel se aproxima de colidir e preocupa cientistas - Estado de Minas - Em foco","isPartOf":{"@id":"https:\/\/www.em.com.br\/emfoco\/#website"},"primaryImageOfPage":{"@id":"https:\/\/www.em.com.br\/emfoco\/2025\/04\/29\/asteroide-com-rota-instavel-se-aproxima-de-colidir-e-preocupa-cientistas\/#primaryimage"},"image":{"@id":"https:\/\/www.em.com.br\/emfoco\/2025\/04\/29\/asteroide-com-rota-instavel-se-aproxima-de-colidir-e-preocupa-cientistas\/#primaryimage"},"thumbnailUrl":"https:\/\/www.em.com.br\/emfoco\/wp-content\/uploads\/2025\/02\/Asteroide_1740074942979.jpg","datePublished":"2025-04-29T21:40:00+00:00","dateModified":"2025-04-28T16:56:01+00:00","author":{"@id":"https:\/\/www.em.com.br\/emfoco\/#\/schema\/person\/524437ef54f8a5d32591b143307f2e20"},"description":"Asteroide 2024 YR4 tem 3,8% de chance de impactar em 2032, segundo astr\u00f4nomos do Observat\u00f3rio Nacional. Saiba mais!","breadcrumb":{"@id":"https:\/\/www.em.com.br\/emfoco\/2025\/04\/29\/asteroide-com-rota-instavel-se-aproxima-de-colidir-e-preocupa-cientistas\/#breadcrumb"},"inLanguage":"pt-BR","potentialAction":[{"@type":"ReadAction","target":["https:\/\/www.em.com.br\/emfoco\/2025\/04\/29\/asteroide-com-rota-instavel-se-aproxima-de-colidir-e-preocupa-cientistas\/"]}]},{"@type":"ImageObject","inLanguage":"pt-BR","@id":"https:\/\/www.em.com.br\/emfoco\/2025\/04\/29\/asteroide-com-rota-instavel-se-aproxima-de-colidir-e-preocupa-cientistas\/#primaryimage","url":"https:\/\/www.em.com.br\/emfoco\/wp-content\/uploads\/2025\/02\/Asteroide_1740074942979.jpg","contentUrl":"https:\/\/www.em.com.br\/emfoco\/wp-content\/uploads\/2025\/02\/Asteroide_1740074942979.jpg","width":1280,"height":720,"caption":"2024 YR4 - Cr\u00e9ditos: depositphotos.com \/ mikdam"},{"@type":"BreadcrumbList","@id":"https:\/\/www.em.com.br\/emfoco\/2025\/04\/29\/asteroide-com-rota-instavel-se-aproxima-de-colidir-e-preocupa-cientistas\/#breadcrumb","itemListElement":[{"@type":"ListItem","position":1,"name":"In\u00edcio","item":"https:\/\/www.em.com.br\/emfoco\/"},{"@type":"ListItem","position":2,"name":"Asteroide com rota inst\u00e1vel se aproxima de colidir e preocupa cientistas"}]},{"@type":"WebSite","@id":"https:\/\/www.em.com.br\/emfoco\/#website","url":"https:\/\/www.em.com.br\/emfoco\/","name":"Estado de Minas - Em foco","description":"Acompanhe as \u00faltimas not\u00edcias e fique bem informado sobre tudo o que acontece em Minas Gerais, Brasil e no mundo.","potentialAction":[{"@type":"SearchAction","target":{"@type":"EntryPoint","urlTemplate":"https:\/\/www.em.com.br\/emfoco\/?s={search_term_string}"},"query-input":{"@type":"PropertyValueSpecification","valueRequired":true,"valueName":"search_term_string"}}],"inLanguage":"pt-BR"},{"@type":"Person","@id":"https:\/\/www.em.com.br\/emfoco\/#\/schema\/person\/524437ef54f8a5d32591b143307f2e20","name":"N\u00fabia Rangel","image":{"@type":"ImageObject","inLanguage":"pt-BR","@id":"https:\/\/www.em.com.br\/emfoco\/#\/schema\/person\/image\/","url":"https:\/\/secure.gravatar.com\/avatar\/47cff2827a5ba23c37e8068c86817ea4?s=96&d=mm&r=g","contentUrl":"https:\/\/secure.gravatar.com\/avatar\/47cff2827a5ba23c37e8068c86817ea4?s=96&d=mm&r=g","caption":"N\u00fabia Rangel"},"sameAs":["https:\/\/www.em.com.br\/emfoco\/"],"url":"https:\/\/www.em.com.br\/emfoco\/author\/nubiamyth\/"}]}},"_links":{"self":[{"href":"https:\/\/www.em.com.br\/emfoco\/wp-json\/wp\/v2\/posts\/41371","targetHints":{"allow":["GET"]}}],"collection":[{"href":"https:\/\/www.em.com.br\/emfoco\/wp-json\/wp\/v2\/posts"}],"about":[{"href":"https:\/\/www.em.com.br\/emfoco\/wp-json\/wp\/v2\/types\/post"}],"author":[{"embeddable":true,"href":"https:\/\/www.em.com.br\/emfoco\/wp-json\/wp\/v2\/users\/5"}],"replies":[{"embeddable":true,"href":"https:\/\/www.em.com.br\/emfoco\/wp-json\/wp\/v2\/comments?post=41371"}],"version-history":[{"count":3,"href":"https:\/\/www.em.com.br\/emfoco\/wp-json\/wp\/v2\/posts\/41371\/revisions"}],"predecessor-version":[{"id":42403,"href":"https:\/\/www.em.com.br\/emfoco\/wp-json\/wp\/v2\/posts\/41371\/revisions\/42403"}],"wp:featuredmedia":[{"embeddable":true,"href":"https:\/\/www.em.com.br\/emfoco\/wp-json\/wp\/v2\/media\/21507"}],"wp:attachment":[{"href":"https:\/\/www.em.com.br\/emfoco\/wp-json\/wp\/v2\/media?parent=41371"}],"wp:term":[{"taxonomy":"category","embeddable":true,"href":"https:\/\/www.em.com.br\/emfoco\/wp-json\/wp\/v2\/categories?post=41371"},{"taxonomy":"post_tag","embeddable":true,"href":"https:\/\/www.em.com.br\/emfoco\/wp-json\/wp\/v2\/tags?post=41371"}],"curies":[{"name":"wp","href":"https:\/\/api.w.org\/{rel}","templated":true}]}}