{"id":41321,"date":"2025-04-25T20:20:00","date_gmt":"2025-04-25T23:20:00","guid":{"rendered":"https:\/\/www.em.com.br\/emfoco\/?p=41321"},"modified":"2025-04-24T15:23:56","modified_gmt":"2025-04-24T18:23:56","slug":"13o-do-inss-ja-esta-sendo-pago-confira-se-voce-esta-na-lista-e-as-datas-de-pagamento","status":"publish","type":"post","link":"https:\/\/www.em.com.br\/emfoco\/2025\/04\/25\/13o-do-inss-ja-esta-sendo-pago-confira-se-voce-esta-na-lista-e-as-datas-de-pagamento\/","title":{"rendered":"13\u00ba do INSS j\u00e1 est\u00e1 sendo pago, confira se voc\u00ea est\u00e1 na lista e as datas de pagamento"},"content":{"rendered":"\n<p>Em 2025, o<strong> <a href=\"https:\/\/www.gov.br\/inss\/pt-br\" target=\"_blank\" rel=\"noreferrer noopener\">Instituto Nacional do Seguro Social (INSS)<\/a><\/strong> iniciou o pagamento antecipado do <strong>d\u00e9cimo terceiro sal\u00e1rio<\/strong> para aposentados, pensionistas e benefici\u00e1rios de aux\u00edlios. A primeira parcela come\u00e7ou a ser paga em 24 de abril, com previs\u00e3o de injetar R$ 73,3 bilh\u00f5es na economia. O pagamento ocorre de forma escalonada, conforme o d\u00edgito final do <strong>N\u00famero de Inscri\u00e7\u00e3o Social (NIS)<\/strong>, e se estende at\u00e9 8 de maio.<\/p>\n\n\n\n<h2 class=\"wp-block-heading\">Como \u00e9 realizado o pagamento do d\u00e9cimo terceiro do INSS?<\/h2>\n\n\n\n<p>O pagamento do d\u00e9cimo terceiro sal\u00e1rio do INSS \u00e9 dividido em duas parcelas. A primeira parcela, correspondente a 50% do valor total, \u00e9 paga entre abril e maio, enquanto a segunda parcela \u00e9 paga entre maio e junho. As datas espec\u00edficas de pagamento s\u00e3o determinadas pelo d\u00edgito final do NIS e pela renda do benefici\u00e1rio. Aqueles que recebem apenas o sal\u00e1rio m\u00ednimo t\u00eam prioridade no recebimento.<\/p>\n\n\n\n<p>Para consultar as datas de pagamento, os benefici\u00e1rios podem acessar o aplicativo<strong> Meu INSS<\/strong> ou o site<strong> gov.br\/meuinss<\/strong>. Alternativamente, \u00e9 poss\u00edvel realizar a consulta por telefone, atrav\u00e9s do n\u00famero 135, dispon\u00edvel de segunda a s\u00e1bado, das 7h \u00e0s 22h. Neste caso, \u00e9 necess\u00e1rio fornecer o n\u00famero do <strong>Cadastro de Pessoas F\u00edsicas (CPF)<\/strong> e confirmar alguns dados pessoais.<\/p>\n\n\n\n<h2 class=\"wp-block-heading\">Quem tem direito ao d\u00e9cimo terceiro sal\u00e1rio do INSS?<\/h2>\n\n\n\n<p>A maioria dos aposentados e pensionistas do INSS tem direito ao d\u00e9cimo terceiro sal\u00e1rio. No entanto, existem algumas exce\u00e7\u00f5es. Benefici\u00e1rios que recebem aux\u00edlio por incapacidade tempor\u00e1ria, por exemplo, t\u00eam direito a uma parcela proporcional ao tempo de dura\u00e7\u00e3o do benef\u00edcio. Por outro lado, aqueles que recebem benef\u00edcios assistenciais, como o <strong><a href=\"https:\/\/www.em.com.br\/emfoco\/2025\/04\/23\/equipe-economica-planeja-grande-corte-no-bpc-que-pode-afetar-milhoes-em-2026\/\" target=\"_blank\" rel=\"noreferrer noopener\">Benef\u00edcio de Presta\u00e7\u00e3o Continuada (BPC)<\/a><\/strong> e a Renda Mensal Vital\u00edcia, n\u00e3o t\u00eam direito ao d\u00e9cimo terceiro.<\/p>\n\n\n\n<figure class=\"wp-block-image size-large\"><img loading=\"lazy\" decoding=\"async\" width=\"1024\" height=\"576\" src=\"https:\/\/www.em.com.br\/emfoco\/wp-content\/uploads\/2025\/04\/b7a086e6-84f9-4980-8d84-5aaed2a940ca-1-1024x576.png\" alt=\"calend\u00e1rio 13o sal\u00e1rio inss 2025\" class=\"wp-image-41380\" srcset=\"https:\/\/www.em.com.br\/emfoco\/wp-content\/uploads\/2025\/04\/b7a086e6-84f9-4980-8d84-5aaed2a940ca-1-1024x576.png 1024w, https:\/\/www.em.com.br\/emfoco\/wp-content\/uploads\/2025\/04\/b7a086e6-84f9-4980-8d84-5aaed2a940ca-1-300x169.png 300w, https:\/\/www.em.com.br\/emfoco\/wp-content\/uploads\/2025\/04\/b7a086e6-84f9-4980-8d84-5aaed2a940ca-1-768x432.png 768w, https:\/\/www.em.com.br\/emfoco\/wp-content\/uploads\/2025\/04\/b7a086e6-84f9-4980-8d84-5aaed2a940ca-1-750x422.png 750w, https:\/\/www.em.com.br\/emfoco\/wp-content\/uploads\/2025\/04\/b7a086e6-84f9-4980-8d84-5aaed2a940ca-1-1140x641.png 1140w, https:\/\/www.em.com.br\/emfoco\/wp-content\/uploads\/2025\/04\/b7a086e6-84f9-4980-8d84-5aaed2a940ca-1.png 1280w\" sizes=\"auto, (max-width: 1024px) 100vw, 1024px\" \/><figcaption class=\"wp-element-caption\">Calend\u00e1rio 13o sal\u00e1rio INSS 2025 &#8211; Cr\u00e9ditos: Divulga\u00e7\u00e3o\/Gov.br<\/figcaption><\/figure>\n\n\n\n<p>De acordo com dados recentes do INSS, cerca de 70,5% dos segurados recebem at\u00e9 um sal\u00e1rio m\u00ednimo por m\u00eas, enquanto 11,98 milh\u00f5es de benefici\u00e1rios recebem acima do piso nacional. Dentre esses, aproximadamente 10,6 mil recebem o teto da Previd\u00eancia Social, que \u00e9 de R$ 8.157,41.<\/p>\n\n\n\n<h2 class=\"wp-block-heading\">Quais s\u00e3o as datas de pagamento para quem recebe acima do sal\u00e1rio m\u00ednimo?<\/h2>\n\n\n\n<p>Para os benefici\u00e1rios que recebem mais que o sal\u00e1rio m\u00ednimo, as datas de pagamento do d\u00e9cimo terceiro sal\u00e1rio em 2025 s\u00e3o as seguintes:<\/p>\n\n\n\n<ul class=\"wp-block-list\">\n<li><strong>Final do NIS 1 e 6: Primeira parcela em 2 de maio, segunda parcela em 2 de junho.<\/strong><\/li>\n\n\n\n<li><strong>Final do NIS 2 e 7: Primeira parcela em 5 de maio, segunda parcela em 3 de junho.<\/strong><\/li>\n\n\n\n<li><strong>Final do NIS 3 e 8: Primeira parcela em 6 de maio, segunda parcela em 4 de junho.<\/strong><\/li>\n\n\n\n<li><strong>Final do NIS 4 e 9: Primeira parcela em 7 de maio, segunda parcela em 5 de junho.<\/strong><\/li>\n\n\n\n<li><strong>Final do NIS 5 e 0: Primeira parcela em 8 de maio, segunda parcela em 6 de junho.<\/strong><\/li>\n<\/ul>\n\n\n\n<p>Essas datas s\u00e3o cuidadosamente planejadas para garantir que todos os benefici\u00e1rios recebam seus pagamentos de forma organizada e sem contratempos.<\/p>\n\n\n\n<h2 class=\"wp-block-heading\">Impacto econ\u00f4mico da antecipa\u00e7\u00e3o do d\u00e9cimo terceiro<\/h2>\n\n\n\n<p>A antecipa\u00e7\u00e3o do d\u00e9cimo terceiro sal\u00e1rio do INSS \u00e9 uma medida que n\u00e3o apenas beneficia os segurados, mas tamb\u00e9m tem um impacto significativo na economia brasileira. Com a inje\u00e7\u00e3o de R$ 73,3 bilh\u00f5es, espera-se um aumento no consumo e uma movimenta\u00e7\u00e3o positiva no com\u00e9rcio, especialmente em setores que atendem diretamente os aposentados e pensionistas.<\/p>\n\n\n\n<p>Essa pol\u00edtica de antecipa\u00e7\u00e3o, al\u00e9m de proporcionar al\u00edvio financeiro imediato aos benefici\u00e1rios, contribui para a estabilidade econ\u00f4mica, especialmente em per\u00edodos de incerteza. O governo, ao manter essa pr\u00e1tica, demonstra um compromisso com o bem-estar dos segurados e com a sa\u00fade econ\u00f4mica do pa\u00eds.<\/p>\n","protected":false},"excerpt":{"rendered":"<p>Em 2025, o Instituto Nacional do Seguro Social (INSS) iniciou o pagamento antecipado do d\u00e9cimo terceiro sal\u00e1rio para aposentados, pensionistas e benefici\u00e1rios de aux\u00edlios. A primeira parcela come\u00e7ou a ser paga em 24 de abril, com previs\u00e3o de injetar R$ 73,3 bilh\u00f5es na economia. O pagamento ocorre de forma escalonada, conforme o d\u00edgito final do [&hellip;]<\/p>\n","protected":false},"author":11,"featured_media":25669,"comment_status":"open","ping_status":"open","sticky":false,"template":"","format":"standard","meta":{"jnews-multi-image_gallery":[],"jnews_single_post":{"format":"standard"},"jnews_primary_category":[],"jnews_social_meta":[],"jnews_override_counter":[],"footnotes":""},"categories":[28,1],"tags":[7048,174,1390],"class_list":["post-41321","post","type-post","status-publish","format-standard","has-post-thumbnail","hentry","category-economia","category-noticias","tag-13o-salario-inss","tag-inss","tag-pagamentos-inss"],"yoast_head":"<!-- This site is optimized with the Yoast SEO plugin v23.8 - https:\/\/yoast.com\/wordpress\/plugins\/seo\/ -->\n<title>13\u00ba do INSS j\u00e1 est\u00e1 sendo pago, confira se voc\u00ea est\u00e1 na lista e as datas de pagamento - Estado de Minas - Em foco<\/title>\n<meta name=\"description\" content=\"Come\u00e7ou o pagamento do 13\u00ba sal\u00e1rio do INSS. Descubra quando voc\u00ea receber\u00e1 e consulte as regras para garantir o seu benef\u00edcio!\" \/>\n<meta name=\"robots\" content=\"index, follow, max-snippet:-1, max-image-preview:large, max-video-preview:-1\" \/>\n<link rel=\"canonical\" href=\"https:\/\/www.em.com.br\/emfoco\/2025\/04\/25\/13o-do-inss-ja-esta-sendo-pago-confira-se-voce-esta-na-lista-e-as-datas-de-pagamento\/\" \/>\n<meta property=\"og:locale\" content=\"pt_BR\" \/>\n<meta property=\"og:type\" content=\"article\" \/>\n<meta property=\"og:title\" content=\"13\u00ba do INSS j\u00e1 est\u00e1 sendo pago, confira se voc\u00ea est\u00e1 na lista e as datas de pagamento - Estado de Minas - Em foco\" \/>\n<meta property=\"og:description\" content=\"Come\u00e7ou o pagamento do 13\u00ba sal\u00e1rio do INSS. Descubra quando voc\u00ea receber\u00e1 e consulte as regras para garantir o seu benef\u00edcio!\" \/>\n<meta property=\"og:url\" content=\"https:\/\/www.em.com.br\/emfoco\/2025\/04\/25\/13o-do-inss-ja-esta-sendo-pago-confira-se-voce-esta-na-lista-e-as-datas-de-pagamento\/\" \/>\n<meta property=\"og:site_name\" content=\"Estado de Minas - Em foco\" \/>\n<meta property=\"article:published_time\" content=\"2025-04-25T23:20:00+00:00\" \/>\n<meta property=\"article:modified_time\" content=\"2025-04-24T18:23:56+00:00\" \/>\n<meta property=\"og:image\" content=\"https:\/\/www.em.com.br\/emfoco\/wp-content\/uploads\/2025\/03\/dinheiro-brasil_1741273014100.jpg\" \/>\n\t<meta property=\"og:image:width\" content=\"1280\" \/>\n\t<meta property=\"og:image:height\" content=\"720\" \/>\n\t<meta property=\"og:image:type\" content=\"image\/jpeg\" \/>\n<meta name=\"author\" content=\"Andre\u0301 Rangel\u00a0\" \/>\n<meta name=\"twitter:card\" content=\"summary_large_image\" \/>\n<meta name=\"twitter:label1\" content=\"Escrito por\" \/>\n\t<meta name=\"twitter:data1\" content=\"Andre\u0301 Rangel\u00a0\" \/>\n\t<meta name=\"twitter:label2\" content=\"Est. tempo de leitura\" \/>\n\t<meta name=\"twitter:data2\" content=\"4 minutos\" \/>\n<!-- \/ Yoast SEO plugin. -->","yoast_head_json":{"title":"13\u00ba do INSS j\u00e1 est\u00e1 sendo pago, confira se voc\u00ea est\u00e1 na lista e as datas de pagamento - Estado de Minas - Em foco","description":"Come\u00e7ou o pagamento do 13\u00ba sal\u00e1rio do INSS. Descubra quando voc\u00ea receber\u00e1 e consulte as regras para garantir o seu benef\u00edcio!","robots":{"index":"index","follow":"follow","max-snippet":"max-snippet:-1","max-image-preview":"max-image-preview:large","max-video-preview":"max-video-preview:-1"},"canonical":"https:\/\/www.em.com.br\/emfoco\/2025\/04\/25\/13o-do-inss-ja-esta-sendo-pago-confira-se-voce-esta-na-lista-e-as-datas-de-pagamento\/","og_locale":"pt_BR","og_type":"article","og_title":"13\u00ba do INSS j\u00e1 est\u00e1 sendo pago, confira se voc\u00ea est\u00e1 na lista e as datas de pagamento - Estado de Minas - Em foco","og_description":"Come\u00e7ou o pagamento do 13\u00ba sal\u00e1rio do INSS. Descubra quando voc\u00ea receber\u00e1 e consulte as regras para garantir o seu benef\u00edcio!","og_url":"https:\/\/www.em.com.br\/emfoco\/2025\/04\/25\/13o-do-inss-ja-esta-sendo-pago-confira-se-voce-esta-na-lista-e-as-datas-de-pagamento\/","og_site_name":"Estado de Minas - Em foco","article_published_time":"2025-04-25T23:20:00+00:00","article_modified_time":"2025-04-24T18:23:56+00:00","og_image":[{"width":1280,"height":720,"url":"https:\/\/www.em.com.br\/emfoco\/wp-content\/uploads\/2025\/03\/dinheiro-brasil_1741273014100.jpg","type":"image\/jpeg"}],"author":"Andre\u0301 Rangel\u00a0","twitter_card":"summary_large_image","twitter_misc":{"Escrito por":"Andre\u0301 Rangel\u00a0","Est. tempo de leitura":"4 minutos"},"schema":{"@context":"https:\/\/schema.org","@graph":[{"@type":"WebPage","@id":"https:\/\/www.em.com.br\/emfoco\/2025\/04\/25\/13o-do-inss-ja-esta-sendo-pago-confira-se-voce-esta-na-lista-e-as-datas-de-pagamento\/","url":"https:\/\/www.em.com.br\/emfoco\/2025\/04\/25\/13o-do-inss-ja-esta-sendo-pago-confira-se-voce-esta-na-lista-e-as-datas-de-pagamento\/","name":"13\u00ba do INSS j\u00e1 est\u00e1 sendo pago, confira se voc\u00ea est\u00e1 na lista e as datas de pagamento - Estado de Minas - Em foco","isPartOf":{"@id":"https:\/\/www.em.com.br\/emfoco\/#website"},"primaryImageOfPage":{"@id":"https:\/\/www.em.com.br\/emfoco\/2025\/04\/25\/13o-do-inss-ja-esta-sendo-pago-confira-se-voce-esta-na-lista-e-as-datas-de-pagamento\/#primaryimage"},"image":{"@id":"https:\/\/www.em.com.br\/emfoco\/2025\/04\/25\/13o-do-inss-ja-esta-sendo-pago-confira-se-voce-esta-na-lista-e-as-datas-de-pagamento\/#primaryimage"},"thumbnailUrl":"https:\/\/www.em.com.br\/emfoco\/wp-content\/uploads\/2025\/03\/dinheiro-brasil_1741273014100.jpg","datePublished":"2025-04-25T23:20:00+00:00","dateModified":"2025-04-24T18:23:56+00:00","author":{"@id":"https:\/\/www.em.com.br\/emfoco\/#\/schema\/person\/60eda09c1fedf0d6891f4cef4b60b8b8"},"description":"Come\u00e7ou o pagamento do 13\u00ba sal\u00e1rio do INSS. Descubra quando voc\u00ea receber\u00e1 e consulte as regras para garantir o seu benef\u00edcio!","breadcrumb":{"@id":"https:\/\/www.em.com.br\/emfoco\/2025\/04\/25\/13o-do-inss-ja-esta-sendo-pago-confira-se-voce-esta-na-lista-e-as-datas-de-pagamento\/#breadcrumb"},"inLanguage":"pt-BR","potentialAction":[{"@type":"ReadAction","target":["https:\/\/www.em.com.br\/emfoco\/2025\/04\/25\/13o-do-inss-ja-esta-sendo-pago-confira-se-voce-esta-na-lista-e-as-datas-de-pagamento\/"]}]},{"@type":"ImageObject","inLanguage":"pt-BR","@id":"https:\/\/www.em.com.br\/emfoco\/2025\/04\/25\/13o-do-inss-ja-esta-sendo-pago-confira-se-voce-esta-na-lista-e-as-datas-de-pagamento\/#primaryimage","url":"https:\/\/www.em.com.br\/emfoco\/wp-content\/uploads\/2025\/03\/dinheiro-brasil_1741273014100.jpg","contentUrl":"https:\/\/www.em.com.br\/emfoco\/wp-content\/uploads\/2025\/03\/dinheiro-brasil_1741273014100.jpg","width":1280,"height":720,"caption":"Dinheiro - Cr\u00e9ditos: depositphotos.com \/ verganifotografia"},{"@type":"BreadcrumbList","@id":"https:\/\/www.em.com.br\/emfoco\/2025\/04\/25\/13o-do-inss-ja-esta-sendo-pago-confira-se-voce-esta-na-lista-e-as-datas-de-pagamento\/#breadcrumb","itemListElement":[{"@type":"ListItem","position":1,"name":"In\u00edcio","item":"https:\/\/www.em.com.br\/emfoco\/"},{"@type":"ListItem","position":2,"name":"13\u00ba do INSS j\u00e1 est\u00e1 sendo pago, confira se voc\u00ea est\u00e1 na lista e as datas de pagamento"}]},{"@type":"WebSite","@id":"https:\/\/www.em.com.br\/emfoco\/#website","url":"https:\/\/www.em.com.br\/emfoco\/","name":"Estado de Minas - Em foco","description":"Acompanhe as \u00faltimas not\u00edcias e fique bem informado sobre tudo o que acontece em Minas Gerais, Brasil e no mundo.","potentialAction":[{"@type":"SearchAction","target":{"@type":"EntryPoint","urlTemplate":"https:\/\/www.em.com.br\/emfoco\/?s={search_term_string}"},"query-input":{"@type":"PropertyValueSpecification","valueRequired":true,"valueName":"search_term_string"}}],"inLanguage":"pt-BR"},{"@type":"Person","@id":"https:\/\/www.em.com.br\/emfoco\/#\/schema\/person\/60eda09c1fedf0d6891f4cef4b60b8b8","name":"Andre\u0301 Rangel\u00a0","image":{"@type":"ImageObject","inLanguage":"pt-BR","@id":"https:\/\/www.em.com.br\/emfoco\/#\/schema\/person\/image\/","url":"https:\/\/secure.gravatar.com\/avatar\/6234dc814c77c8ef6d8bba622c787efc?s=96&d=mm&r=g","contentUrl":"https:\/\/secure.gravatar.com\/avatar\/6234dc814c77c8ef6d8bba622c787efc?s=96&d=mm&r=g","caption":"Andre\u0301 Rangel\u00a0"},"url":"https:\/\/www.em.com.br\/emfoco\/author\/luizmyth\/"}]}},"_links":{"self":[{"href":"https:\/\/www.em.com.br\/emfoco\/wp-json\/wp\/v2\/posts\/41321","targetHints":{"allow":["GET"]}}],"collection":[{"href":"https:\/\/www.em.com.br\/emfoco\/wp-json\/wp\/v2\/posts"}],"about":[{"href":"https:\/\/www.em.com.br\/emfoco\/wp-json\/wp\/v2\/types\/post"}],"author":[{"embeddable":true,"href":"https:\/\/www.em.com.br\/emfoco\/wp-json\/wp\/v2\/users\/11"}],"replies":[{"embeddable":true,"href":"https:\/\/www.em.com.br\/emfoco\/wp-json\/wp\/v2\/comments?post=41321"}],"version-history":[{"count":4,"href":"https:\/\/www.em.com.br\/emfoco\/wp-json\/wp\/v2\/posts\/41321\/revisions"}],"predecessor-version":[{"id":41381,"href":"https:\/\/www.em.com.br\/emfoco\/wp-json\/wp\/v2\/posts\/41321\/revisions\/41381"}],"wp:featuredmedia":[{"embeddable":true,"href":"https:\/\/www.em.com.br\/emfoco\/wp-json\/wp\/v2\/media\/25669"}],"wp:attachment":[{"href":"https:\/\/www.em.com.br\/emfoco\/wp-json\/wp\/v2\/media?parent=41321"}],"wp:term":[{"taxonomy":"category","embeddable":true,"href":"https:\/\/www.em.com.br\/emfoco\/wp-json\/wp\/v2\/categories?post=41321"},{"taxonomy":"post_tag","embeddable":true,"href":"https:\/\/www.em.com.br\/emfoco\/wp-json\/wp\/v2\/tags?post=41321"}],"curies":[{"name":"wp","href":"https:\/\/api.w.org\/{rel}","templated":true}]}}