{"id":41214,"date":"2025-04-28T10:20:00","date_gmt":"2025-04-28T13:20:00","guid":{"rendered":"https:\/\/www.em.com.br\/emfoco\/?p=41214"},"modified":"2025-04-24T11:35:13","modified_gmt":"2025-04-24T14:35:13","slug":"entenda-o-divorcio-do-sono-e-como-isso-pode-salvar-sua-saude-mental","status":"publish","type":"post","link":"https:\/\/www.em.com.br\/emfoco\/2025\/04\/28\/entenda-o-divorcio-do-sono-e-como-isso-pode-salvar-sua-saude-mental\/","title":{"rendered":"Entenda o &#8220;div\u00f3rcio do sono&#8221; e como isso pode salvar sua sa\u00fade mental"},"content":{"rendered":"\n<p>O conceito de <strong>div\u00f3rcio do sono<\/strong> refere-se \u00e0 pr\u00e1tica de casais dormirem em camas ou quartos separados para melhorar a qualidade do sono. Essa tend\u00eancia tem ganhado popularidade, especialmente entre os millennials, que s\u00e3o mais propensos a adotar novas abordagens para o bem-estar. A ideia \u00e9 que, ao minimizar as interrup\u00e7\u00f5es durante a noite, cada parceiro possa desfrutar de um descanso mais profundo e reparador.<\/p>\n\n\n\n<p>Especialistas em comportamento e sono, como <strong><a href=\"https:\/\/www.wendytroxel.com\/\" target=\"_blank\" rel=\"noreferrer noopener\">Wendy Troxel<\/a><\/strong>, destacam que dividir a cama pode ser um desafio para muitos casais. A presen\u00e7a de outra pessoa pode causar dist\u00farbios no sono devido a roncos, movimentos ou diferentes prefer\u00eancias de temperatura. Portanto, o div\u00f3rcio do sono surge como uma solu\u00e7\u00e3o para aqueles que buscam melhorar a qualidade do descanso noturno.<\/p>\n\n\n\n<h2 class=\"wp-block-heading\">Por que os millennials est\u00e3o optando por dormir separados?<\/h2>\n\n\n\n<p>Uma pesquisa recente revelou que quase metade dos <strong>millennials<\/strong>, atualmente na faixa et\u00e1ria de 28 a 42 anos, opta por dormir separado de seus parceiros. <strong>As raz\u00f5es variam desde dist\u00farbios do sono, como apneia e ins\u00f4nia, at\u00e9 h\u00e1bitos noturnos divergentes, como o uso de dispositivos eletr\u00f4nicos na cama.<\/strong> Al\u00e9m disso, a tens\u00e3o acumulada de desaven\u00e7as n\u00e3o resolvidas pode tamb\u00e9m influenciar negativamente o sono.<\/p>\n\n\n\n<p>Os profissionais de sa\u00fade alertam que uma noite mal dormida pode ter consequ\u00eancias significativas para a sa\u00fade f\u00edsica e mental. <strong>A falta de descanso adequado pode afetar a imunidade, a produtividade e at\u00e9 mesmo a sa\u00fade emocional, resultando em maior irritabilidade e conflitos no relacionamento.<\/strong> Assim, o div\u00f3rcio do sono \u00e9 visto como uma estrat\u00e9gia para preservar tanto a sa\u00fade quanto a harmonia conjugal.<\/p>\n\n\n\n<figure class=\"wp-block-image size-large\"><img loading=\"lazy\" decoding=\"async\" width=\"1024\" height=\"576\" src=\"https:\/\/www.em.com.br\/emfoco\/wp-content\/uploads\/2025\/04\/Couple-sleeping_1745505235671-1024x576.jpg\" alt=\"Entenda o &quot;div\u00f3rcio do sono&quot; e como isso pode salvar sua sa\u00fade mental\" class=\"wp-image-41243\" srcset=\"https:\/\/www.em.com.br\/emfoco\/wp-content\/uploads\/2025\/04\/Couple-sleeping_1745505235671-1024x576.jpg 1024w, https:\/\/www.em.com.br\/emfoco\/wp-content\/uploads\/2025\/04\/Couple-sleeping_1745505235671-300x169.jpg 300w, https:\/\/www.em.com.br\/emfoco\/wp-content\/uploads\/2025\/04\/Couple-sleeping_1745505235671-768x432.jpg 768w, https:\/\/www.em.com.br\/emfoco\/wp-content\/uploads\/2025\/04\/Couple-sleeping_1745505235671-750x422.jpg 750w, https:\/\/www.em.com.br\/emfoco\/wp-content\/uploads\/2025\/04\/Couple-sleeping_1745505235671-1140x641.jpg 1140w, https:\/\/www.em.com.br\/emfoco\/wp-content\/uploads\/2025\/04\/Couple-sleeping_1745505235671.jpg 1280w\" sizes=\"auto, (max-width: 1024px) 100vw, 1024px\" \/><figcaption class=\"wp-element-caption\">Casal dormindo &#8211; Cr\u00e9ditos: depositphotos.com \/ Milkos<\/figcaption><\/figure>\n\n\n\n<h2 class=\"wp-block-heading\">Como implementar o div\u00f3rcio do sono de forma eficaz?<\/h2>\n\n\n\n<p>Para que o div\u00f3rcio do sono seja bem-sucedido, \u00e9 crucial que o casal discuta o assunto abertamente e chegue a um acordo m\u00fatuo. <strong>Algumas pessoas podem se sentir desconfort\u00e1veis dormindo sozinhas, o que torna essencial encontrar um equil\u00edbrio que atenda \u00e0s necessidades de ambos.<\/strong> A comunica\u00e7\u00e3o clara e o respeito pelas prefer\u00eancias individuais s\u00e3o fundamentais nesse processo.<\/p>\n\n\n\n<p>Al\u00e9m disso, os casais podem explorar alternativas para manter a conex\u00e3o emocional, mesmo dormindo separados. <strong>Momentos de intimidade antes de dormir, como ler juntos ou simplesmente conversar, podem fortalecer o v\u00ednculo e contribuir para um sono mais tranquilo.<\/strong> Outra sugest\u00e3o \u00e9 ajustar os hor\u00e1rios de deitar, permitindo que cada parceiro encontre seu ritmo ideal de descanso.<\/p>\n\n\n\n<h2 class=\"wp-block-heading\">Quais s\u00e3o as alternativas ao div\u00f3rcio do sono?<\/h2>\n\n\n\n<p>Para aqueles que preferem n\u00e3o adotar o div\u00f3rcio do sono, existem outras estrat\u00e9gias que podem ajudar a melhorar a qualidade do descanso compartilhado. <strong>Uma op\u00e7\u00e3o \u00e9 intercalar os hor\u00e1rios de <a href=\"https:\/\/www.em.com.br\/emfoco\/2025\/04\/22\/dormir-bem-pode-ser-o-segredo-por-tras-do-seu-bem-estar-diario\/\" target=\"_blank\" rel=\"noreferrer noopener\">dormir<\/a>, permitindo que um parceiro adorme\u00e7a antes do outro<\/strong>. Isso pode ser especialmente \u00fatil se um dos parceiros tiver h\u00e1bitos noturnos que possam perturbar o sono do outro.<\/p>\n\n\n\n<p>Al\u00e9m disso, criar um ambiente prop\u00edcio ao sono, como investir em colch\u00f5es e travesseiros de qualidade, controlar a temperatura do quarto e minimizar o uso de eletr\u00f4nicos antes de dormir, pode fazer uma diferen\u00e7a significativa. Estabelecer uma rotina relaxante antes de deitar tamb\u00e9m pode ajudar a preparar o corpo e a mente para uma noite de sono reparador.<\/p>\n\n\n\n<h2 class=\"wp-block-heading\">O div\u00f3rcio do sono \u00e9 a solu\u00e7\u00e3o ideal para todos os casais?<\/h2>\n\n\n\n<p>Embora o div\u00f3rcio do sono possa ser ben\u00e9fico para muitos casais, n\u00e3o \u00e9 uma solu\u00e7\u00e3o universal. Cada relacionamento \u00e9 \u00fanico, e o que funciona para um casal pode n\u00e3o ser adequado para outro. <strong>O importante \u00e9 que os parceiros estejam dispostos a experimentar diferentes abordagens e a adaptar suas rotinas conforme necess\u00e1rio para garantir um descanso de qualidade.<\/strong><\/p>\n\n\n\n<p>Em \u00faltima an\u00e1lise, o objetivo \u00e9 encontrar um equil\u00edbrio que promova tanto a sa\u00fade individual quanto a harmonia no relacionamento. Seja atrav\u00e9s do div\u00f3rcio do sono ou de outras estrat\u00e9gias, o foco deve estar em criar um ambiente que favore\u00e7a o bem-estar e a felicidade de ambos os parceiros.<\/p>\n","protected":false},"excerpt":{"rendered":"<p>O conceito de div\u00f3rcio do sono refere-se \u00e0 pr\u00e1tica de casais dormirem em camas ou quartos separados para melhorar a qualidade do sono. Essa tend\u00eancia tem ganhado popularidade, especialmente entre os millennials, que s\u00e3o mais propensos a adotar novas abordagens para o bem-estar. A ideia \u00e9 que, ao minimizar as interrup\u00e7\u00f5es durante a noite, cada [&hellip;]<\/p>\n","protected":false},"author":13,"featured_media":41239,"comment_status":"open","ping_status":"open","sticky":false,"template":"","format":"standard","meta":{"jnews-multi-image_gallery":[],"jnews_single_post":{"format":"standard"},"jnews_primary_category":[],"jnews_social_meta":[],"jnews_override_counter":[],"footnotes":""},"categories":[29],"tags":[7896,905,415,1925],"class_list":["post-41214","post","type-post","status-publish","format-standard","has-post-thumbnail","hentry","category-entretenimento","tag-millennials","tag-relacionamento","tag-saude","tag-sono"],"yoast_head":"<!-- This site is optimized with the Yoast SEO plugin v23.8 - https:\/\/yoast.com\/wordpress\/plugins\/seo\/ -->\n<title>Entenda o &quot;div\u00f3rcio do sono&quot; e como isso pode salvar sua sa\u00fade mental - Estado de Minas - Em foco<\/title>\n<meta name=\"description\" content=\"Dormir separado virou tend\u00eancia entre casais. Entenda como essa escolha tem melhorado relacionamentos e a qualidade do sono.\" \/>\n<meta name=\"robots\" content=\"index, follow, max-snippet:-1, max-image-preview:large, max-video-preview:-1\" \/>\n<link rel=\"canonical\" href=\"https:\/\/www.em.com.br\/emfoco\/2025\/04\/28\/entenda-o-divorcio-do-sono-e-como-isso-pode-salvar-sua-saude-mental\/\" \/>\n<meta property=\"og:locale\" content=\"pt_BR\" \/>\n<meta property=\"og:type\" content=\"article\" \/>\n<meta property=\"og:title\" content=\"Entenda o &quot;div\u00f3rcio do sono&quot; e como isso pode salvar sua sa\u00fade mental - Estado de Minas - Em foco\" \/>\n<meta property=\"og:description\" content=\"Dormir separado virou tend\u00eancia entre casais. Entenda como essa escolha tem melhorado relacionamentos e a qualidade do sono.\" \/>\n<meta property=\"og:url\" content=\"https:\/\/www.em.com.br\/emfoco\/2025\/04\/28\/entenda-o-divorcio-do-sono-e-como-isso-pode-salvar-sua-saude-mental\/\" \/>\n<meta property=\"og:site_name\" content=\"Estado de Minas - Em foco\" \/>\n<meta property=\"article:published_time\" content=\"2025-04-28T13:20:00+00:00\" \/>\n<meta property=\"article:modified_time\" content=\"2025-04-24T14:35:13+00:00\" \/>\n<meta property=\"og:image\" content=\"https:\/\/www.em.com.br\/emfoco\/wp-content\/uploads\/2025\/04\/Sleep-trouble_1745505188135.jpg\" \/>\n\t<meta property=\"og:image:width\" content=\"1280\" \/>\n\t<meta property=\"og:image:height\" content=\"720\" \/>\n\t<meta property=\"og:image:type\" content=\"image\/jpeg\" \/>\n<meta name=\"author\" content=\"Gabriel Martins\" \/>\n<meta name=\"twitter:card\" content=\"summary_large_image\" \/>\n<meta name=\"twitter:label1\" content=\"Escrito por\" \/>\n\t<meta name=\"twitter:data1\" content=\"Gabriel Martins\" \/>\n\t<meta name=\"twitter:label2\" content=\"Est. tempo de leitura\" \/>\n\t<meta name=\"twitter:data2\" content=\"4 minutos\" \/>\n<!-- \/ Yoast SEO plugin. -->","yoast_head_json":{"title":"Entenda o \"div\u00f3rcio do sono\" e como isso pode salvar sua sa\u00fade mental - Estado de Minas - Em foco","description":"Dormir separado virou tend\u00eancia entre casais. Entenda como essa escolha tem melhorado relacionamentos e a qualidade do sono.","robots":{"index":"index","follow":"follow","max-snippet":"max-snippet:-1","max-image-preview":"max-image-preview:large","max-video-preview":"max-video-preview:-1"},"canonical":"https:\/\/www.em.com.br\/emfoco\/2025\/04\/28\/entenda-o-divorcio-do-sono-e-como-isso-pode-salvar-sua-saude-mental\/","og_locale":"pt_BR","og_type":"article","og_title":"Entenda o \"div\u00f3rcio do sono\" e como isso pode salvar sua sa\u00fade mental - Estado de Minas - Em foco","og_description":"Dormir separado virou tend\u00eancia entre casais. Entenda como essa escolha tem melhorado relacionamentos e a qualidade do sono.","og_url":"https:\/\/www.em.com.br\/emfoco\/2025\/04\/28\/entenda-o-divorcio-do-sono-e-como-isso-pode-salvar-sua-saude-mental\/","og_site_name":"Estado de Minas - Em foco","article_published_time":"2025-04-28T13:20:00+00:00","article_modified_time":"2025-04-24T14:35:13+00:00","og_image":[{"width":1280,"height":720,"url":"https:\/\/www.em.com.br\/emfoco\/wp-content\/uploads\/2025\/04\/Sleep-trouble_1745505188135.jpg","type":"image\/jpeg"}],"author":"Gabriel Martins","twitter_card":"summary_large_image","twitter_misc":{"Escrito por":"Gabriel Martins","Est. tempo de leitura":"4 minutos"},"schema":{"@context":"https:\/\/schema.org","@graph":[{"@type":"WebPage","@id":"https:\/\/www.em.com.br\/emfoco\/2025\/04\/28\/entenda-o-divorcio-do-sono-e-como-isso-pode-salvar-sua-saude-mental\/","url":"https:\/\/www.em.com.br\/emfoco\/2025\/04\/28\/entenda-o-divorcio-do-sono-e-como-isso-pode-salvar-sua-saude-mental\/","name":"Entenda o \"div\u00f3rcio do sono\" e como isso pode salvar sua sa\u00fade mental - Estado de Minas - Em foco","isPartOf":{"@id":"https:\/\/www.em.com.br\/emfoco\/#website"},"primaryImageOfPage":{"@id":"https:\/\/www.em.com.br\/emfoco\/2025\/04\/28\/entenda-o-divorcio-do-sono-e-como-isso-pode-salvar-sua-saude-mental\/#primaryimage"},"image":{"@id":"https:\/\/www.em.com.br\/emfoco\/2025\/04\/28\/entenda-o-divorcio-do-sono-e-como-isso-pode-salvar-sua-saude-mental\/#primaryimage"},"thumbnailUrl":"https:\/\/www.em.com.br\/emfoco\/wp-content\/uploads\/2025\/04\/Sleep-trouble_1745505188135.jpg","datePublished":"2025-04-28T13:20:00+00:00","dateModified":"2025-04-24T14:35:13+00:00","author":{"@id":"https:\/\/www.em.com.br\/emfoco\/#\/schema\/person\/1c9ddeab18b98abeffef834667bcf08a"},"description":"Dormir separado virou tend\u00eancia entre casais. Entenda como essa escolha tem melhorado relacionamentos e a qualidade do sono.","breadcrumb":{"@id":"https:\/\/www.em.com.br\/emfoco\/2025\/04\/28\/entenda-o-divorcio-do-sono-e-como-isso-pode-salvar-sua-saude-mental\/#breadcrumb"},"inLanguage":"pt-BR","potentialAction":[{"@type":"ReadAction","target":["https:\/\/www.em.com.br\/emfoco\/2025\/04\/28\/entenda-o-divorcio-do-sono-e-como-isso-pode-salvar-sua-saude-mental\/"]}]},{"@type":"ImageObject","inLanguage":"pt-BR","@id":"https:\/\/www.em.com.br\/emfoco\/2025\/04\/28\/entenda-o-divorcio-do-sono-e-como-isso-pode-salvar-sua-saude-mental\/#primaryimage","url":"https:\/\/www.em.com.br\/emfoco\/wp-content\/uploads\/2025\/04\/Sleep-trouble_1745505188135.jpg","contentUrl":"https:\/\/www.em.com.br\/emfoco\/wp-content\/uploads\/2025\/04\/Sleep-trouble_1745505188135.jpg","width":1280,"height":720,"caption":"Pessoa com problema para dormir - Cr\u00e9ditos: depositphotos.com \/ AndrewLozovyi"},{"@type":"BreadcrumbList","@id":"https:\/\/www.em.com.br\/emfoco\/2025\/04\/28\/entenda-o-divorcio-do-sono-e-como-isso-pode-salvar-sua-saude-mental\/#breadcrumb","itemListElement":[{"@type":"ListItem","position":1,"name":"In\u00edcio","item":"https:\/\/www.em.com.br\/emfoco\/"},{"@type":"ListItem","position":2,"name":"Entenda o &#8220;div\u00f3rcio do sono&#8221; e como isso pode salvar sua sa\u00fade mental"}]},{"@type":"WebSite","@id":"https:\/\/www.em.com.br\/emfoco\/#website","url":"https:\/\/www.em.com.br\/emfoco\/","name":"Estado de Minas - Em foco","description":"Acompanhe as \u00faltimas not\u00edcias e fique bem informado sobre tudo o que acontece em Minas Gerais, Brasil e no mundo.","potentialAction":[{"@type":"SearchAction","target":{"@type":"EntryPoint","urlTemplate":"https:\/\/www.em.com.br\/emfoco\/?s={search_term_string}"},"query-input":{"@type":"PropertyValueSpecification","valueRequired":true,"valueName":"search_term_string"}}],"inLanguage":"pt-BR"},{"@type":"Person","@id":"https:\/\/www.em.com.br\/emfoco\/#\/schema\/person\/1c9ddeab18b98abeffef834667bcf08a","name":"Gabriel Martins","image":{"@type":"ImageObject","inLanguage":"pt-BR","@id":"https:\/\/www.em.com.br\/emfoco\/#\/schema\/person\/image\/","url":"https:\/\/secure.gravatar.com\/avatar\/f0f1e2efdfd88f1ad2cb08c5c2731e50?s=96&d=mm&r=g","contentUrl":"https:\/\/secure.gravatar.com\/avatar\/f0f1e2efdfd88f1ad2cb08c5c2731e50?s=96&d=mm&r=g","caption":"Gabriel Martins"},"sameAs":["https:\/\/www.em.com.br\/emfoco\/"],"url":"https:\/\/www.em.com.br\/emfoco\/author\/gabrielmartinsmyth\/"}]}},"_links":{"self":[{"href":"https:\/\/www.em.com.br\/emfoco\/wp-json\/wp\/v2\/posts\/41214","targetHints":{"allow":["GET"]}}],"collection":[{"href":"https:\/\/www.em.com.br\/emfoco\/wp-json\/wp\/v2\/posts"}],"about":[{"href":"https:\/\/www.em.com.br\/emfoco\/wp-json\/wp\/v2\/types\/post"}],"author":[{"embeddable":true,"href":"https:\/\/www.em.com.br\/emfoco\/wp-json\/wp\/v2\/users\/13"}],"replies":[{"embeddable":true,"href":"https:\/\/www.em.com.br\/emfoco\/wp-json\/wp\/v2\/comments?post=41214"}],"version-history":[{"count":2,"href":"https:\/\/www.em.com.br\/emfoco\/wp-json\/wp\/v2\/posts\/41214\/revisions"}],"predecessor-version":[{"id":41244,"href":"https:\/\/www.em.com.br\/emfoco\/wp-json\/wp\/v2\/posts\/41214\/revisions\/41244"}],"wp:featuredmedia":[{"embeddable":true,"href":"https:\/\/www.em.com.br\/emfoco\/wp-json\/wp\/v2\/media\/41239"}],"wp:attachment":[{"href":"https:\/\/www.em.com.br\/emfoco\/wp-json\/wp\/v2\/media?parent=41214"}],"wp:term":[{"taxonomy":"category","embeddable":true,"href":"https:\/\/www.em.com.br\/emfoco\/wp-json\/wp\/v2\/categories?post=41214"},{"taxonomy":"post_tag","embeddable":true,"href":"https:\/\/www.em.com.br\/emfoco\/wp-json\/wp\/v2\/tags?post=41214"}],"curies":[{"name":"wp","href":"https:\/\/api.w.org\/{rel}","templated":true}]}}