{"id":41127,"date":"2025-04-28T14:20:00","date_gmt":"2025-04-28T17:20:00","guid":{"rendered":"https:\/\/www.em.com.br\/emfoco\/?p=41127"},"modified":"2025-04-25T13:55:51","modified_gmt":"2025-04-25T16:55:51","slug":"essa-capital-e-a-porta-de-entrada-para-a-maior-floresta-do-planeta","status":"publish","type":"post","link":"https:\/\/www.em.com.br\/emfoco\/2025\/04\/28\/essa-capital-e-a-porta-de-entrada-para-a-maior-floresta-do-planeta\/","title":{"rendered":"Essa capital \u00e9 a porta de entrada para a maior floresta do planeta!"},"content":{"rendered":"\n<p><strong>Manaus<\/strong>, a capital do estado do <strong>Amazonas<\/strong>, \u00e9 uma cidade vibrante localizada no cora\u00e7\u00e3o da floresta amaz\u00f4nica. Com uma popula\u00e7\u00e3o de mais de dois milh\u00f5es de habitantes, Manaus \u00e9 um importante centro econ\u00f4mico e cultural do <strong>Brasil<\/strong>. A cidade \u00e9 conhecida por sua rica biodiversidade, arquitetura hist\u00f3rica e papel crucial na conserva\u00e7\u00e3o da Amaz\u00f4nia.<\/p>\n\n\n\n<p>Fundada em 1669, Manaus cresceu significativamente durante o ciclo da borracha no final do s\u00e9culo XIX e in\u00edcio do s\u00e9culo XX. Hoje, a cidade \u00e9 um polo industrial e tur\u00edstico, atraindo visitantes de todo o mundo interessados em explorar a floresta tropical e suas maravilhas naturais.<\/p>\n\n\n\n<h2 class=\"wp-block-heading\">Qualidade de vida em Manaus<\/h2>\n\n\n\n<p>A qualidade de vida em Manaus \u00e9 influenciada por diversos fatores, incluindo sua localiza\u00e7\u00e3o geogr\u00e1fica \u00fanica e o acesso \u00e0 natureza exuberante. A cidade oferece uma mistura de vida urbana e proximidade com a natureza, proporcionando aos seus habitantes uma experi\u00eancia de vida singular.<\/p>\n\n\n\n<p>Apesar dos desafios enfrentados por muitas cidades brasileiras, Manaus tem investido em infraestrutura e servi\u00e7os p\u00fablicos para melhorar a qualidade de vida de seus moradores. A cidade conta com parques, \u00e1reas de lazer e uma crescente oferta de servi\u00e7os de sa\u00fade e educa\u00e7\u00e3o.<\/p>\n\n\n\n<figure class=\"wp-block-image size-large\"><img loading=\"lazy\" decoding=\"async\" width=\"1024\" height=\"576\" src=\"https:\/\/www.em.com.br\/emfoco\/wp-content\/uploads\/2025\/04\/Manaus-Brasil_1745498994730-1024x576.jpg\" alt=\"Essa capital \u00e9 a porta de entrada para a maior floresta do planeta!\" class=\"wp-image-41138\" srcset=\"https:\/\/www.em.com.br\/emfoco\/wp-content\/uploads\/2025\/04\/Manaus-Brasil_1745498994730-1024x576.jpg 1024w, https:\/\/www.em.com.br\/emfoco\/wp-content\/uploads\/2025\/04\/Manaus-Brasil_1745498994730-300x169.jpg 300w, https:\/\/www.em.com.br\/emfoco\/wp-content\/uploads\/2025\/04\/Manaus-Brasil_1745498994730-768x432.jpg 768w, https:\/\/www.em.com.br\/emfoco\/wp-content\/uploads\/2025\/04\/Manaus-Brasil_1745498994730-750x422.jpg 750w, https:\/\/www.em.com.br\/emfoco\/wp-content\/uploads\/2025\/04\/Manaus-Brasil_1745498994730-1140x641.jpg 1140w, https:\/\/www.em.com.br\/emfoco\/wp-content\/uploads\/2025\/04\/Manaus-Brasil_1745498994730.jpg 1280w\" sizes=\"auto, (max-width: 1024px) 100vw, 1024px\" \/><figcaption class=\"wp-element-caption\">Floresta Amaz\u00f4nica &#8211; Cr\u00e9ditos: depositphotos.com \/ gustavofrazao<\/figcaption><\/figure>\n\n\n\n<h2 class=\"wp-block-heading\">Educa\u00e7\u00e3o em Manaus: desafios e avan\u00e7os<\/h2>\n\n\n\n<p>A educa\u00e7\u00e3o em Manaus tem passado por transforma\u00e7\u00f5es significativas nos \u00faltimos anos. A cidade abriga v\u00e1rias institui\u00e7\u00f5es de ensino superior, incluindo a <strong><a href=\"https:\/\/www.ufam.edu.br\/\" target=\"_blank\" rel=\"noreferrer noopener\">Universidade Federal do Amazonas<\/a><\/strong> (UFAM), que \u00e9 uma das mais antigas do Brasil. A UFAM desempenha um papel crucial na forma\u00e7\u00e3o de profissionais qualificados e na promo\u00e7\u00e3o de pesquisas voltadas para a regi\u00e3o amaz\u00f4nica.<\/p>\n\n\n\n<p>No entanto, a educa\u00e7\u00e3o b\u00e1sica ainda enfrenta desafios, como a necessidade de melhorar a infraestrutura escolar e a qualifica\u00e7\u00e3o dos professores. Iniciativas governamentais e parcerias com o setor privado t\u00eam buscado superar essas dificuldades, promovendo a inclus\u00e3o e a qualidade no ensino.<\/p>\n\n\n\n<h2 class=\"wp-block-heading\">Turismo em Manaus: atra\u00e7\u00f5es imperd\u00edveis<\/h2>\n\n\n\n<p>O turismo \u00e9 uma das principais atividades econ\u00f4micas de Manaus, atraindo visitantes interessados em explorar a Amaz\u00f4nia. A cidade oferece uma variedade de atra\u00e7\u00f5es tur\u00edsticas, desde passeios pela floresta at\u00e9 visitas a locais hist\u00f3ricos e culturais.<\/p>\n\n\n\n<p>Entre os pontos tur\u00edsticos mais populares est\u00e3o o <strong>Teatro Amazonas<\/strong>, um exemplo impressionante da arquitetura renascentista, e o <strong>Encontro das \u00c1guas<\/strong>, onde os rios <strong>Negro <\/strong>e <strong>Solim\u00f5es <\/strong>se encontram sem se misturar. Al\u00e9m disso, os turistas podem explorar a rica fauna e flora da regi\u00e3o em passeios de barco e trilhas na selva.<\/p>\n\n\n\n<h2 class=\"wp-block-heading\">Economia de Manaus: ind\u00fastria e sustentabilidade<\/h2>\n\n\n\n<p>A economia de Manaus \u00e9 fortemente influenciada pela <strong>Zona Franca de Manaus<\/strong>, um polo industrial que atrai empresas de tecnologia, eletr\u00f4nicos e bens de consumo. Este modelo econ\u00f4mico visa promover o desenvolvimento sustent\u00e1vel da regi\u00e3o, oferecendo incentivos fiscais para empresas que se estabelecem na cidade.<\/p>\n\n\n\n<p>Al\u00e9m da ind\u00fastria, o turismo e a explora\u00e7\u00e3o sustent\u00e1vel dos recursos naturais s\u00e3o pilares importantes da economia local. A cidade busca equilibrar o crescimento econ\u00f4mico com a preserva\u00e7\u00e3o ambiental, um desafio constante em uma regi\u00e3o t\u00e3o rica em biodiversidade.<\/p>\n\n\n\n<h2 class=\"wp-block-heading\">Infraestrutura e mobilidade urbana<\/h2>\n\n\n\n<p>Manaus tem investido em melhorias na infraestrutura e mobilidade urbana para atender \u00e0s necessidades de sua crescente popula\u00e7\u00e3o. Projetos de expans\u00e3o do transporte p\u00fablico, como a constru\u00e7\u00e3o de corredores exclusivos para \u00f4nibus, t\u00eam sido implementados para facilitar o deslocamento na cidade.<\/p>\n\n\n\n<p>A cidade tamb\u00e9m enfrenta desafios relacionados ao tr\u00e2nsito e \u00e0 acessibilidade, especialmente em \u00e1reas mais afastadas do centro. Iniciativas para melhorar a infraestrutura vi\u00e1ria e promover o uso de transportes alternativos est\u00e3o em andamento, buscando tornar Manaus uma cidade mais conectada e acess\u00edvel.<\/p>\n\n\n\n<h2 class=\"wp-block-heading\">Preserva\u00e7\u00e3o ambiental e desafios ecol\u00f3gicos<\/h2>\n\n\n\n<p>Manaus desempenha um papel crucial na preserva\u00e7\u00e3o da Amaz\u00f4nia, uma das regi\u00f5es mais biodiversas do planeta. A cidade est\u00e1 envolvida em diversas iniciativas de conserva\u00e7\u00e3o e <strong><a href=\"https:\/\/www.em.com.br\/emfoco\/2025\/04\/23\/a-capital-brasileira-que-virou-exemplo-mundial-em-inovacao-e-sustentabilidade\/\" target=\"_blank\" rel=\"noreferrer noopener\">sustentabilidade<\/a><\/strong>, buscando proteger a floresta e suas esp\u00e9cies \u00fanicas.<\/p>\n\n\n\n<p>Os desafios ecol\u00f3gicos incluem o desmatamento ilegal e a explora\u00e7\u00e3o insustent\u00e1vel dos recursos naturais. Organiza\u00e7\u00f5es governamentais e n\u00e3o governamentais trabalham em conjunto para promover pr\u00e1ticas sustent\u00e1veis e conscientizar a popula\u00e7\u00e3o sobre a import\u00e2ncia da preserva\u00e7\u00e3o ambiental.<\/p>\n","protected":false},"excerpt":{"rendered":"<p>Manaus, a capital do estado do Amazonas, \u00e9 uma cidade vibrante localizada no cora\u00e7\u00e3o da floresta amaz\u00f4nica. Com uma popula\u00e7\u00e3o de mais de dois milh\u00f5es de habitantes, Manaus \u00e9 um importante centro econ\u00f4mico e cultural do Brasil. A cidade \u00e9 conhecida por sua rica biodiversidade, arquitetura hist\u00f3rica e papel crucial na conserva\u00e7\u00e3o da Amaz\u00f4nia. Fundada [&hellip;]<\/p>\n","protected":false},"author":13,"featured_media":41137,"comment_status":"open","ping_status":"open","sticky":false,"template":"","format":"standard","meta":{"jnews-multi-image_gallery":[],"jnews_single_post":{"format":"standard"},"jnews_primary_category":[],"jnews_social_meta":[],"jnews_override_counter":[],"footnotes":""},"categories":[26],"tags":[606,158,210,157],"class_list":["post-41127","post","type-post","status-publish","format-standard","has-post-thumbnail","hentry","category-cidades","tag-amazonia","tag-brasil","tag-manaus","tag-turismo"],"yoast_head":"<!-- This site is optimized with the Yoast SEO plugin v23.8 - https:\/\/yoast.com\/wordpress\/plugins\/seo\/ -->\n<title>Essa capital \u00e9 a porta de entrada para a maior floresta do planeta! - Estado de Minas - Em foco<\/title>\n<meta name=\"description\" content=\"Cultura, hist\u00f3ria, natureza e inova\u00e7\u00e3o se encontram nessa cidade fascinante no cora\u00e7\u00e3o da maior floresta do mundo.\" \/>\n<meta name=\"robots\" content=\"index, follow, max-snippet:-1, max-image-preview:large, max-video-preview:-1\" \/>\n<link rel=\"canonical\" href=\"https:\/\/www.em.com.br\/emfoco\/2025\/04\/28\/essa-capital-e-a-porta-de-entrada-para-a-maior-floresta-do-planeta\/\" \/>\n<meta property=\"og:locale\" content=\"pt_BR\" \/>\n<meta property=\"og:type\" content=\"article\" \/>\n<meta property=\"og:title\" content=\"Essa capital \u00e9 a porta de entrada para a maior floresta do planeta! - Estado de Minas - Em foco\" \/>\n<meta property=\"og:description\" content=\"Cultura, hist\u00f3ria, natureza e inova\u00e7\u00e3o se encontram nessa cidade fascinante no cora\u00e7\u00e3o da maior floresta do mundo.\" \/>\n<meta property=\"og:url\" content=\"https:\/\/www.em.com.br\/emfoco\/2025\/04\/28\/essa-capital-e-a-porta-de-entrada-para-a-maior-floresta-do-planeta\/\" \/>\n<meta property=\"og:site_name\" content=\"Estado de Minas - Em foco\" \/>\n<meta property=\"article:published_time\" content=\"2025-04-28T17:20:00+00:00\" \/>\n<meta property=\"article:modified_time\" content=\"2025-04-25T16:55:51+00:00\" \/>\n<meta property=\"og:image\" content=\"https:\/\/www.em.com.br\/emfoco\/wp-content\/uploads\/2025\/04\/Manaus-Brasil_1745498970005.jpg\" \/>\n\t<meta property=\"og:image:width\" content=\"1280\" \/>\n\t<meta property=\"og:image:height\" content=\"720\" \/>\n\t<meta property=\"og:image:type\" content=\"image\/jpeg\" \/>\n<meta name=\"author\" content=\"Gabriel Martins\" \/>\n<meta name=\"twitter:card\" content=\"summary_large_image\" \/>\n<meta name=\"twitter:label1\" content=\"Escrito por\" \/>\n\t<meta name=\"twitter:data1\" content=\"Gabriel Martins\" \/>\n\t<meta name=\"twitter:label2\" content=\"Est. tempo de leitura\" \/>\n\t<meta name=\"twitter:data2\" content=\"4 minutos\" \/>\n<!-- \/ Yoast SEO plugin. -->","yoast_head_json":{"title":"Essa capital \u00e9 a porta de entrada para a maior floresta do planeta! - Estado de Minas - Em foco","description":"Cultura, hist\u00f3ria, natureza e inova\u00e7\u00e3o se encontram nessa cidade fascinante no cora\u00e7\u00e3o da maior floresta do mundo.","robots":{"index":"index","follow":"follow","max-snippet":"max-snippet:-1","max-image-preview":"max-image-preview:large","max-video-preview":"max-video-preview:-1"},"canonical":"https:\/\/www.em.com.br\/emfoco\/2025\/04\/28\/essa-capital-e-a-porta-de-entrada-para-a-maior-floresta-do-planeta\/","og_locale":"pt_BR","og_type":"article","og_title":"Essa capital \u00e9 a porta de entrada para a maior floresta do planeta! - Estado de Minas - Em foco","og_description":"Cultura, hist\u00f3ria, natureza e inova\u00e7\u00e3o se encontram nessa cidade fascinante no cora\u00e7\u00e3o da maior floresta do mundo.","og_url":"https:\/\/www.em.com.br\/emfoco\/2025\/04\/28\/essa-capital-e-a-porta-de-entrada-para-a-maior-floresta-do-planeta\/","og_site_name":"Estado de Minas - Em foco","article_published_time":"2025-04-28T17:20:00+00:00","article_modified_time":"2025-04-25T16:55:51+00:00","og_image":[{"width":1280,"height":720,"url":"https:\/\/www.em.com.br\/emfoco\/wp-content\/uploads\/2025\/04\/Manaus-Brasil_1745498970005.jpg","type":"image\/jpeg"}],"author":"Gabriel Martins","twitter_card":"summary_large_image","twitter_misc":{"Escrito por":"Gabriel Martins","Est. tempo de leitura":"4 minutos"},"schema":{"@context":"https:\/\/schema.org","@graph":[{"@type":"WebPage","@id":"https:\/\/www.em.com.br\/emfoco\/2025\/04\/28\/essa-capital-e-a-porta-de-entrada-para-a-maior-floresta-do-planeta\/","url":"https:\/\/www.em.com.br\/emfoco\/2025\/04\/28\/essa-capital-e-a-porta-de-entrada-para-a-maior-floresta-do-planeta\/","name":"Essa capital \u00e9 a porta de entrada para a maior floresta do planeta! - Estado de Minas - Em foco","isPartOf":{"@id":"https:\/\/www.em.com.br\/emfoco\/#website"},"primaryImageOfPage":{"@id":"https:\/\/www.em.com.br\/emfoco\/2025\/04\/28\/essa-capital-e-a-porta-de-entrada-para-a-maior-floresta-do-planeta\/#primaryimage"},"image":{"@id":"https:\/\/www.em.com.br\/emfoco\/2025\/04\/28\/essa-capital-e-a-porta-de-entrada-para-a-maior-floresta-do-planeta\/#primaryimage"},"thumbnailUrl":"https:\/\/www.em.com.br\/emfoco\/wp-content\/uploads\/2025\/04\/Manaus-Brasil_1745498970005.jpg","datePublished":"2025-04-28T17:20:00+00:00","dateModified":"2025-04-25T16:55:51+00:00","author":{"@id":"https:\/\/www.em.com.br\/emfoco\/#\/schema\/person\/1c9ddeab18b98abeffef834667bcf08a"},"description":"Cultura, hist\u00f3ria, natureza e inova\u00e7\u00e3o se encontram nessa cidade fascinante no cora\u00e7\u00e3o da maior floresta do mundo.","breadcrumb":{"@id":"https:\/\/www.em.com.br\/emfoco\/2025\/04\/28\/essa-capital-e-a-porta-de-entrada-para-a-maior-floresta-do-planeta\/#breadcrumb"},"inLanguage":"pt-BR","potentialAction":[{"@type":"ReadAction","target":["https:\/\/www.em.com.br\/emfoco\/2025\/04\/28\/essa-capital-e-a-porta-de-entrada-para-a-maior-floresta-do-planeta\/"]}]},{"@type":"ImageObject","inLanguage":"pt-BR","@id":"https:\/\/www.em.com.br\/emfoco\/2025\/04\/28\/essa-capital-e-a-porta-de-entrada-para-a-maior-floresta-do-planeta\/#primaryimage","url":"https:\/\/www.em.com.br\/emfoco\/wp-content\/uploads\/2025\/04\/Manaus-Brasil_1745498970005.jpg","contentUrl":"https:\/\/www.em.com.br\/emfoco\/wp-content\/uploads\/2025\/04\/Manaus-Brasil_1745498970005.jpg","width":1280,"height":720,"caption":"Manaus - Cr\u00e9ditos: depositphotos.com \/ A.Paes"},{"@type":"BreadcrumbList","@id":"https:\/\/www.em.com.br\/emfoco\/2025\/04\/28\/essa-capital-e-a-porta-de-entrada-para-a-maior-floresta-do-planeta\/#breadcrumb","itemListElement":[{"@type":"ListItem","position":1,"name":"In\u00edcio","item":"https:\/\/www.em.com.br\/emfoco\/"},{"@type":"ListItem","position":2,"name":"Essa capital \u00e9 a porta de entrada para a maior floresta do planeta!"}]},{"@type":"WebSite","@id":"https:\/\/www.em.com.br\/emfoco\/#website","url":"https:\/\/www.em.com.br\/emfoco\/","name":"Estado de Minas - Em foco","description":"Acompanhe as \u00faltimas not\u00edcias e fique bem informado sobre tudo o que acontece em Minas Gerais, Brasil e no mundo.","potentialAction":[{"@type":"SearchAction","target":{"@type":"EntryPoint","urlTemplate":"https:\/\/www.em.com.br\/emfoco\/?s={search_term_string}"},"query-input":{"@type":"PropertyValueSpecification","valueRequired":true,"valueName":"search_term_string"}}],"inLanguage":"pt-BR"},{"@type":"Person","@id":"https:\/\/www.em.com.br\/emfoco\/#\/schema\/person\/1c9ddeab18b98abeffef834667bcf08a","name":"Gabriel Martins","image":{"@type":"ImageObject","inLanguage":"pt-BR","@id":"https:\/\/www.em.com.br\/emfoco\/#\/schema\/person\/image\/","url":"https:\/\/secure.gravatar.com\/avatar\/f0f1e2efdfd88f1ad2cb08c5c2731e50?s=96&d=mm&r=g","contentUrl":"https:\/\/secure.gravatar.com\/avatar\/f0f1e2efdfd88f1ad2cb08c5c2731e50?s=96&d=mm&r=g","caption":"Gabriel Martins"},"sameAs":["https:\/\/www.em.com.br\/emfoco\/"],"url":"https:\/\/www.em.com.br\/emfoco\/author\/gabrielmartinsmyth\/"}]}},"_links":{"self":[{"href":"https:\/\/www.em.com.br\/emfoco\/wp-json\/wp\/v2\/posts\/41127","targetHints":{"allow":["GET"]}}],"collection":[{"href":"https:\/\/www.em.com.br\/emfoco\/wp-json\/wp\/v2\/posts"}],"about":[{"href":"https:\/\/www.em.com.br\/emfoco\/wp-json\/wp\/v2\/types\/post"}],"author":[{"embeddable":true,"href":"https:\/\/www.em.com.br\/emfoco\/wp-json\/wp\/v2\/users\/13"}],"replies":[{"embeddable":true,"href":"https:\/\/www.em.com.br\/emfoco\/wp-json\/wp\/v2\/comments?post=41127"}],"version-history":[{"count":2,"href":"https:\/\/www.em.com.br\/emfoco\/wp-json\/wp\/v2\/posts\/41127\/revisions"}],"predecessor-version":[{"id":41139,"href":"https:\/\/www.em.com.br\/emfoco\/wp-json\/wp\/v2\/posts\/41127\/revisions\/41139"}],"wp:featuredmedia":[{"embeddable":true,"href":"https:\/\/www.em.com.br\/emfoco\/wp-json\/wp\/v2\/media\/41137"}],"wp:attachment":[{"href":"https:\/\/www.em.com.br\/emfoco\/wp-json\/wp\/v2\/media?parent=41127"}],"wp:term":[{"taxonomy":"category","embeddable":true,"href":"https:\/\/www.em.com.br\/emfoco\/wp-json\/wp\/v2\/categories?post=41127"},{"taxonomy":"post_tag","embeddable":true,"href":"https:\/\/www.em.com.br\/emfoco\/wp-json\/wp\/v2\/tags?post=41127"}],"curies":[{"name":"wp","href":"https:\/\/api.w.org\/{rel}","templated":true}]}}