{"id":41095,"date":"2025-04-25T08:40:00","date_gmt":"2025-04-25T11:40:00","guid":{"rendered":"https:\/\/www.em.com.br\/emfoco\/?p=41095"},"modified":"2025-04-24T09:05:13","modified_gmt":"2025-04-24T12:05:13","slug":"bpc-pode-mudar-entenda-o-plano-do-governo-para-cortar-gastos-e-estimular-o-trabalho","status":"publish","type":"post","link":"https:\/\/www.em.com.br\/emfoco\/2025\/04\/25\/bpc-pode-mudar-entenda-o-plano-do-governo-para-cortar-gastos-e-estimular-o-trabalho\/","title":{"rendered":"BPC pode mudar? Entenda o plano do governo para cortar gastos e estimular o trabalho"},"content":{"rendered":"\n<p>O Benef\u00edcio de Presta\u00e7\u00e3o Continuada (BPC) \u00e9 um aux\u00edlio assistencial gerido pelo Minist\u00e9rio do Desenvolvimento e Assist\u00eancia Social, Fam\u00edlia e Combate \u00e0 Fome. Este benef\u00edcio n\u00e3o \u00e9 uma aposentadoria e n\u00e3o requer contribui\u00e7\u00f5es pr\u00e9vias ao Instituto Nacional do Seguro Social (INSS). Diferente dos benef\u00edcios previdenci\u00e1rios, o BPC n\u00e3o oferece <a href=\"https:\/\/www.em.com.br\/emfoco\/2025\/04\/20\/governo-anuncia-pagamento-antecipado-do-13o-salario-para-aposentados-e-pensionistas-do-inss\/\" target=\"_blank\" rel=\"noreferrer noopener\">13\u00ba sal\u00e1rio <\/a>e n\u00e3o gera pens\u00e3o por morte.<\/p>\n\n\n\n<p>Para ser eleg\u00edvel ao BPC, a renda per capita do grupo familiar deve ser igual ou inferior a um quarto do sal\u00e1rio-m\u00ednimo. Al\u00e9m disso, pessoas com defici\u00eancia precisam passar por avalia\u00e7\u00f5es m\u00e9dicas e sociais realizadas pelo INSS. A inscri\u00e7\u00e3o no Cadastro \u00danico \u00e9 um pr\u00e9-requisito para solicitar o benef\u00edcio, garantindo que o solicitante e sua fam\u00edlia estejam devidamente registrados.<\/p>\n\n\n\n<h2 class=\"wp-block-heading\">Como o BPC est\u00e1 impactando as contas p\u00fablicas?<\/h2>\n\n\n\n<p>O aumento das despesas com o <a href=\"https:\/\/oseringal.com.br\/2025\/04\/ministro-defende-estimular-trabalho-de-pessoas-com-deficiencia-do-bpc\/\" target=\"_blank\" rel=\"noreferrer noopener\">BPC <\/a>tem gerado preocupa\u00e7\u00f5es em rela\u00e7\u00e3o \u00e0s contas p\u00fablicas. Em janeiro de 2025, os gastos com o benef\u00edcio atingiram R$ 1,3 bilh\u00e3o, representando um crescimento de 14,8% apenas no primeiro m\u00eas do ano. Este aumento acentuado nas despesas levou o governo a considerar medidas para controlar os custos, incluindo a realiza\u00e7\u00e3o de um pente-fino para identificar fraudes e melhorar a efici\u00eancia do programa.<\/p>\n\n\n\n<p>O ministro do Desenvolvimento Social, Wellington Dias, destacou a import\u00e2ncia de estimular o trabalho remunerado e o empreendedorismo entre os benefici\u00e1rios do BPC que t\u00eam capacidade para desenvolver atividades laborais. Esta estrat\u00e9gia visa n\u00e3o apenas reduzir os gastos do programa, mas tamb\u00e9m proporcionar uma sa\u00edda digna para os benefici\u00e1rios que podem integrar o mercado de trabalho.<\/p>\n\n\n\n<h2 class=\"wp-block-heading\">Quais s\u00e3o as propostas para estimular o trabalho entre os benefici\u00e1rios do BPC?<\/h2>\n\n\n\n<p>Uma das propostas para incentivar o trabalho entre os benefici\u00e1rios do BPC \u00e9 permitir que eles possam combinar a renda do trabalho com parte do benef\u00edcio. O modelo proposto possibilita que pessoas com defici\u00eancia, que consigam desempenhar atividades adequadas, recebam tanto o sal\u00e1rio quanto metade do BPC. Essa abordagem busca oferecer um incentivo adicional para que os benefici\u00e1rios se insiram no mercado de trabalho.<\/p>\n\n\n\n<p>Embora o benef\u00edcio seja suspenso quando o benefici\u00e1rio exerce uma atividade remunerada, h\u00e1 exce\u00e7\u00f5es para atividades de habilita\u00e7\u00e3o e reabilita\u00e7\u00e3o n\u00e3o remuneradas. A ideia \u00e9 que, ao promover o trabalho, o governo possa reduzir o n\u00famero de benefici\u00e1rios do BPC, resultando em uma economia significativa para os cofres p\u00fablicos.<\/p>\n\n\n\n<h2 class=\"wp-block-heading\">Quais s\u00e3o os desafios enfrentados pelo BPC?<\/h2>\n\n\n\n<figure class=\"wp-block-image size-large\"><img loading=\"lazy\" decoding=\"async\" width=\"1024\" height=\"576\" src=\"https:\/\/www.em.com.br\/emfoco\/wp-content\/uploads\/2025\/04\/cadeirantes_1745496009249-1024x576.jpg\" alt=\"\" class=\"wp-image-41099\" srcset=\"https:\/\/www.em.com.br\/emfoco\/wp-content\/uploads\/2025\/04\/cadeirantes_1745496009249-1024x576.jpg 1024w, https:\/\/www.em.com.br\/emfoco\/wp-content\/uploads\/2025\/04\/cadeirantes_1745496009249-300x169.jpg 300w, https:\/\/www.em.com.br\/emfoco\/wp-content\/uploads\/2025\/04\/cadeirantes_1745496009249-768x432.jpg 768w, https:\/\/www.em.com.br\/emfoco\/wp-content\/uploads\/2025\/04\/cadeirantes_1745496009249-750x422.jpg 750w, https:\/\/www.em.com.br\/emfoco\/wp-content\/uploads\/2025\/04\/cadeirantes_1745496009249-1140x641.jpg 1140w, https:\/\/www.em.com.br\/emfoco\/wp-content\/uploads\/2025\/04\/cadeirantes_1745496009249.jpg 1280w\" sizes=\"auto, (max-width: 1024px) 100vw, 1024px\" \/><figcaption class=\"wp-element-caption\">Cadeira de rodas-Cr\u00e9ditos: depositphotos.com \/ ArturVerkhovetskiy<\/figcaption><\/figure>\n\n\n\n<p>O BPC enfrenta desafios significativos, incluindo a necessidade de combater fraudes e garantir que o benef\u00edcio chegue a quem realmente precisa. O ministro <strong>Wellington Dias <\/strong>reconheceu a exist\u00eancia de fraudes no programa e destacou os esfor\u00e7os para aumentar a efici\u00eancia atrav\u00e9s de cruzamentos de informa\u00e7\u00f5es e melhorias no cadastro \u00fanico.<\/p>\n\n\n\n<p>Al\u00e9m disso, o governo est\u00e1 empenhado em ajustar a legisla\u00e7\u00e3o para evitar interpreta\u00e7\u00f5es equivocadas e garantir que o BPC seja distribu\u00eddo de forma justa e eficiente. O objetivo \u00e9 assegurar que o benef\u00edcio continue a ser uma ferramenta vital de assist\u00eancia social, enquanto se busca formas de reduzir os custos e melhorar a gest\u00e3o do programa.<\/p>\n\n\n\n<h2 class=\"wp-block-heading\">Qual \u00e9 o futuro do BPC?<\/h2>\n\n\n\n<p>O futuro do BPC depende de um equil\u00edbrio entre a assist\u00eancia social e a sustentabilidade financeira. As medidas propostas pelo governo visam criar um sistema mais eficiente e justo, que incentive o trabalho e reduza a depend\u00eancia do benef\u00edcio. A expectativa \u00e9 que, com a implementa\u00e7\u00e3o de um pente-fino e o est\u00edmulo ao trabalho, o n\u00famero de benefici\u00e1rios diminua, aliviando a press\u00e3o sobre as contas p\u00fablicas.<\/p>\n\n\n\n<p>O BPC continuar\u00e1 a ser um elemento crucial na rede de prote\u00e7\u00e3o social do <strong>Brasil<\/strong>, mas sua gest\u00e3o requer aten\u00e7\u00e3o constante para garantir que ele atenda \u00e0s necessidades dos mais vulner\u00e1veis, enquanto se mant\u00e9m vi\u00e1vel do ponto de vista econ\u00f4mico.<\/p>\n\n\n\n<h2 class=\"wp-block-heading\">Impacto social e comunit\u00e1rio do BPC<\/h2>\n\n\n\n<p>Al\u00e9m de sua import\u00e2ncia econ\u00f4mica, o BPC tem um papel fundamental no apoio \u00e0s comunidades mais vulner\u00e1veis do Brasil. Para muitas fam\u00edlias, o benef\u00edcio representa uma fonte essential de sustento, permitindo acesso a recursos b\u00e1sicos como alimenta\u00e7\u00e3o, sa\u00fade e educa\u00e7\u00e3o. O impacto do BPC estende-se tamb\u00e9m \u00e0 inclus\u00e3o social, ajudando a reduzir desigualdades e promovendo a dignidade e o bem-estar dos benefici\u00e1rios.<\/p>\n\n\n\n<p>As comunidades que se beneficiam do BPC tamb\u00e9m notam melhorias indiretas, como a dinamiza\u00e7\u00e3o do com\u00e9rcio local e o fortalecimento dos la\u00e7os comunit\u00e1rios. Ao garantir uma renda m\u00ednima para os mais necessitados, o BPC contribui para a constru\u00e7\u00e3o de uma sociedade mais equitativa e solid\u00e1ria, onde todos t\u00eam a oportunidade de viver com dignidade e respeito.<\/p>\n","protected":false},"excerpt":{"rendered":"<p>O Benef\u00edcio de Presta\u00e7\u00e3o Continuada (BPC) \u00e9 um aux\u00edlio assistencial gerido pelo Minist\u00e9rio do Desenvolvimento e Assist\u00eancia Social, Fam\u00edlia e Combate \u00e0 Fome. Este benef\u00edcio n\u00e3o \u00e9 uma aposentadoria e n\u00e3o requer contribui\u00e7\u00f5es pr\u00e9vias ao Instituto Nacional do Seguro Social (INSS). Diferente dos benef\u00edcios previdenci\u00e1rios, o BPC n\u00e3o oferece 13\u00ba sal\u00e1rio e n\u00e3o gera pens\u00e3o [&hellip;]<\/p>\n","protected":false},"author":12,"featured_media":41097,"comment_status":"open","ping_status":"open","sticky":false,"template":"","format":"standard","meta":{"jnews-multi-image_gallery":[],"jnews_single_post":{"format":"standard"},"jnews_primary_category":[],"jnews_social_meta":[],"jnews_override_counter":[],"footnotes":""},"categories":[28,1],"tags":[498,257,7874,2257],"class_list":["post-41095","post","type-post","status-publish","format-standard","has-post-thumbnail","hentry","category-economia","category-noticias","tag-assistencia-social","tag-bpc","tag-contas-publicas","tag-pessoa-com-deficiencia"],"yoast_head":"<!-- This site is optimized with the Yoast SEO plugin v23.8 - https:\/\/yoast.com\/wordpress\/plugins\/seo\/ -->\n<title>BPC pode mudar? Entenda o plano do governo para cortar gastos e estimular o trabalho - Estado de Minas - Em foco<\/title>\n<meta name=\"description\" content=\"Com impacto crescente nas contas p\u00fablicas, o BPC passa por mudan\u00e7as para estimular o trabalho e combater fraudes.\" \/>\n<meta name=\"robots\" content=\"index, follow, max-snippet:-1, max-image-preview:large, max-video-preview:-1\" \/>\n<link rel=\"canonical\" href=\"https:\/\/www.em.com.br\/emfoco\/2025\/04\/25\/bpc-pode-mudar-entenda-o-plano-do-governo-para-cortar-gastos-e-estimular-o-trabalho\/\" \/>\n<meta property=\"og:locale\" content=\"pt_BR\" \/>\n<meta property=\"og:type\" content=\"article\" \/>\n<meta property=\"og:title\" content=\"BPC pode mudar? Entenda o plano do governo para cortar gastos e estimular o trabalho - Estado de Minas - Em foco\" \/>\n<meta property=\"og:description\" content=\"Com impacto crescente nas contas p\u00fablicas, o BPC passa por mudan\u00e7as para estimular o trabalho e combater fraudes.\" \/>\n<meta property=\"og:url\" content=\"https:\/\/www.em.com.br\/emfoco\/2025\/04\/25\/bpc-pode-mudar-entenda-o-plano-do-governo-para-cortar-gastos-e-estimular-o-trabalho\/\" \/>\n<meta property=\"og:site_name\" content=\"Estado de Minas - Em foco\" \/>\n<meta property=\"article:published_time\" content=\"2025-04-25T11:40:00+00:00\" \/>\n<meta property=\"article:modified_time\" content=\"2025-04-24T12:05:13+00:00\" \/>\n<meta property=\"og:image\" content=\"https:\/\/www.em.com.br\/emfoco\/wp-content\/uploads\/2025\/04\/cadeirantes_1745495395879.jpg\" \/>\n\t<meta property=\"og:image:width\" content=\"1280\" \/>\n\t<meta property=\"og:image:height\" content=\"720\" \/>\n\t<meta property=\"og:image:type\" content=\"image\/jpeg\" \/>\n<meta name=\"author\" content=\"Keren Ester\" \/>\n<meta name=\"twitter:card\" content=\"summary_large_image\" \/>\n<meta name=\"twitter:label1\" content=\"Escrito por\" \/>\n\t<meta name=\"twitter:data1\" content=\"Keren Ester\" \/>\n\t<meta name=\"twitter:label2\" content=\"Est. tempo de leitura\" \/>\n\t<meta name=\"twitter:data2\" content=\"5 minutos\" \/>\n<!-- \/ Yoast SEO plugin. -->","yoast_head_json":{"title":"BPC pode mudar? Entenda o plano do governo para cortar gastos e estimular o trabalho - Estado de Minas - Em foco","description":"Com impacto crescente nas contas p\u00fablicas, o BPC passa por mudan\u00e7as para estimular o trabalho e combater fraudes.","robots":{"index":"index","follow":"follow","max-snippet":"max-snippet:-1","max-image-preview":"max-image-preview:large","max-video-preview":"max-video-preview:-1"},"canonical":"https:\/\/www.em.com.br\/emfoco\/2025\/04\/25\/bpc-pode-mudar-entenda-o-plano-do-governo-para-cortar-gastos-e-estimular-o-trabalho\/","og_locale":"pt_BR","og_type":"article","og_title":"BPC pode mudar? Entenda o plano do governo para cortar gastos e estimular o trabalho - Estado de Minas - Em foco","og_description":"Com impacto crescente nas contas p\u00fablicas, o BPC passa por mudan\u00e7as para estimular o trabalho e combater fraudes.","og_url":"https:\/\/www.em.com.br\/emfoco\/2025\/04\/25\/bpc-pode-mudar-entenda-o-plano-do-governo-para-cortar-gastos-e-estimular-o-trabalho\/","og_site_name":"Estado de Minas - Em foco","article_published_time":"2025-04-25T11:40:00+00:00","article_modified_time":"2025-04-24T12:05:13+00:00","og_image":[{"width":1280,"height":720,"url":"https:\/\/www.em.com.br\/emfoco\/wp-content\/uploads\/2025\/04\/cadeirantes_1745495395879.jpg","type":"image\/jpeg"}],"author":"Keren Ester","twitter_card":"summary_large_image","twitter_misc":{"Escrito por":"Keren Ester","Est. tempo de leitura":"5 minutos"},"schema":{"@context":"https:\/\/schema.org","@graph":[{"@type":"WebPage","@id":"https:\/\/www.em.com.br\/emfoco\/2025\/04\/25\/bpc-pode-mudar-entenda-o-plano-do-governo-para-cortar-gastos-e-estimular-o-trabalho\/","url":"https:\/\/www.em.com.br\/emfoco\/2025\/04\/25\/bpc-pode-mudar-entenda-o-plano-do-governo-para-cortar-gastos-e-estimular-o-trabalho\/","name":"BPC pode mudar? Entenda o plano do governo para cortar gastos e estimular o trabalho - Estado de Minas - Em foco","isPartOf":{"@id":"https:\/\/www.em.com.br\/emfoco\/#website"},"primaryImageOfPage":{"@id":"https:\/\/www.em.com.br\/emfoco\/2025\/04\/25\/bpc-pode-mudar-entenda-o-plano-do-governo-para-cortar-gastos-e-estimular-o-trabalho\/#primaryimage"},"image":{"@id":"https:\/\/www.em.com.br\/emfoco\/2025\/04\/25\/bpc-pode-mudar-entenda-o-plano-do-governo-para-cortar-gastos-e-estimular-o-trabalho\/#primaryimage"},"thumbnailUrl":"https:\/\/www.em.com.br\/emfoco\/wp-content\/uploads\/2025\/04\/cadeirantes_1745495395879.jpg","datePublished":"2025-04-25T11:40:00+00:00","dateModified":"2025-04-24T12:05:13+00:00","author":{"@id":"https:\/\/www.em.com.br\/emfoco\/#\/schema\/person\/2e06e19826e476d778787245c8ef334d"},"description":"Com impacto crescente nas contas p\u00fablicas, o BPC passa por mudan\u00e7as para estimular o trabalho e combater fraudes.","breadcrumb":{"@id":"https:\/\/www.em.com.br\/emfoco\/2025\/04\/25\/bpc-pode-mudar-entenda-o-plano-do-governo-para-cortar-gastos-e-estimular-o-trabalho\/#breadcrumb"},"inLanguage":"pt-BR","potentialAction":[{"@type":"ReadAction","target":["https:\/\/www.em.com.br\/emfoco\/2025\/04\/25\/bpc-pode-mudar-entenda-o-plano-do-governo-para-cortar-gastos-e-estimular-o-trabalho\/"]}]},{"@type":"ImageObject","inLanguage":"pt-BR","@id":"https:\/\/www.em.com.br\/emfoco\/2025\/04\/25\/bpc-pode-mudar-entenda-o-plano-do-governo-para-cortar-gastos-e-estimular-o-trabalho\/#primaryimage","url":"https:\/\/www.em.com.br\/emfoco\/wp-content\/uploads\/2025\/04\/cadeirantes_1745495395879.jpg","contentUrl":"https:\/\/www.em.com.br\/emfoco\/wp-content\/uploads\/2025\/04\/cadeirantes_1745495395879.jpg","width":1280,"height":720,"caption":"Uma mulher em uma cadeira de rodas usa no telefone-Cr\u00e9ditos: depositphotos.com \/ IgorVetushko"},{"@type":"BreadcrumbList","@id":"https:\/\/www.em.com.br\/emfoco\/2025\/04\/25\/bpc-pode-mudar-entenda-o-plano-do-governo-para-cortar-gastos-e-estimular-o-trabalho\/#breadcrumb","itemListElement":[{"@type":"ListItem","position":1,"name":"In\u00edcio","item":"https:\/\/www.em.com.br\/emfoco\/"},{"@type":"ListItem","position":2,"name":"BPC pode mudar? Entenda o plano do governo para cortar gastos e estimular o trabalho"}]},{"@type":"WebSite","@id":"https:\/\/www.em.com.br\/emfoco\/#website","url":"https:\/\/www.em.com.br\/emfoco\/","name":"Estado de Minas - Em foco","description":"Acompanhe as \u00faltimas not\u00edcias e fique bem informado sobre tudo o que acontece em Minas Gerais, Brasil e no mundo.","potentialAction":[{"@type":"SearchAction","target":{"@type":"EntryPoint","urlTemplate":"https:\/\/www.em.com.br\/emfoco\/?s={search_term_string}"},"query-input":{"@type":"PropertyValueSpecification","valueRequired":true,"valueName":"search_term_string"}}],"inLanguage":"pt-BR"},{"@type":"Person","@id":"https:\/\/www.em.com.br\/emfoco\/#\/schema\/person\/2e06e19826e476d778787245c8ef334d","name":"Keren Ester","image":{"@type":"ImageObject","inLanguage":"pt-BR","@id":"https:\/\/www.em.com.br\/emfoco\/#\/schema\/person\/image\/","url":"https:\/\/secure.gravatar.com\/avatar\/b3d0f2b934f7fab59c611ea63b5cf4b1?s=96&d=mm&r=g","contentUrl":"https:\/\/secure.gravatar.com\/avatar\/b3d0f2b934f7fab59c611ea63b5cf4b1?s=96&d=mm&r=g","caption":"Keren Ester"},"url":"https:\/\/www.em.com.br\/emfoco\/author\/kerenmyth\/"}]}},"_links":{"self":[{"href":"https:\/\/www.em.com.br\/emfoco\/wp-json\/wp\/v2\/posts\/41095","targetHints":{"allow":["GET"]}}],"collection":[{"href":"https:\/\/www.em.com.br\/emfoco\/wp-json\/wp\/v2\/posts"}],"about":[{"href":"https:\/\/www.em.com.br\/emfoco\/wp-json\/wp\/v2\/types\/post"}],"author":[{"embeddable":true,"href":"https:\/\/www.em.com.br\/emfoco\/wp-json\/wp\/v2\/users\/12"}],"replies":[{"embeddable":true,"href":"https:\/\/www.em.com.br\/emfoco\/wp-json\/wp\/v2\/comments?post=41095"}],"version-history":[{"count":2,"href":"https:\/\/www.em.com.br\/emfoco\/wp-json\/wp\/v2\/posts\/41095\/revisions"}],"predecessor-version":[{"id":41100,"href":"https:\/\/www.em.com.br\/emfoco\/wp-json\/wp\/v2\/posts\/41095\/revisions\/41100"}],"wp:featuredmedia":[{"embeddable":true,"href":"https:\/\/www.em.com.br\/emfoco\/wp-json\/wp\/v2\/media\/41097"}],"wp:attachment":[{"href":"https:\/\/www.em.com.br\/emfoco\/wp-json\/wp\/v2\/media?parent=41095"}],"wp:term":[{"taxonomy":"category","embeddable":true,"href":"https:\/\/www.em.com.br\/emfoco\/wp-json\/wp\/v2\/categories?post=41095"},{"taxonomy":"post_tag","embeddable":true,"href":"https:\/\/www.em.com.br\/emfoco\/wp-json\/wp\/v2\/tags?post=41095"}],"curies":[{"name":"wp","href":"https:\/\/api.w.org\/{rel}","templated":true}]}}