{"id":40955,"date":"2025-04-24T17:00:00","date_gmt":"2025-04-24T20:00:00","guid":{"rendered":"https:\/\/www.em.com.br\/emfoco\/?p=40955"},"modified":"2025-04-23T15:52:12","modified_gmt":"2025-04-23T18:52:12","slug":"novo-pagamento-do-bpc-de-r-1-518-comeca-hoje-e-muitos-ainda-nao-sabem","status":"publish","type":"post","link":"https:\/\/www.em.com.br\/emfoco\/2025\/04\/24\/novo-pagamento-do-bpc-de-r-1-518-comeca-hoje-e-muitos-ainda-nao-sabem\/","title":{"rendered":"Novo pagamento do BPC de R$ 1.518 come\u00e7a hoje e muitos ainda n\u00e3o sabem"},"content":{"rendered":"\n<p>Nesta quinta-feira, 24\/4, come\u00e7am os pagamentos do novo lote do <strong><a href=\"https:\/\/www.em.com.br\/emfoco\/2025\/04\/23\/equipe-economica-planeja-grande-corte-no-bpc-que-pode-afetar-milhoes-em-2026\/\" target=\"_blank\" rel=\"noreferrer noopener\">Benef\u00edcio de Presta\u00e7\u00e3o Continuada (BPC)<\/a><\/strong>, referente ao m\u00eas-base de abril. Os inscritos no programa que possuem o pen\u00faltimo d\u00edgito 1 no NB (N\u00famero de Benef\u00edcio) ser\u00e3o os primeiros contemplados com a parcela.<\/p>\n\n\n\n<p>At\u00e9 porque o escalonamento funciona justamente a partir do algarismo que aparece antes do tra\u00e7o no documento, conforme exemplifica\u00e7\u00e3o em negrito: 000.000.001-0. O calend\u00e1rio ser\u00e1 finalizado em 8\/5, quando haver\u00e1 libera\u00e7\u00e3o para o \u00faltimo grupo de benefici\u00e1rios.<\/p>\n\n\n\n<p>O valor da parcela, assim como nos meses anteriores, equivale ao sal\u00e1rio m\u00ednimo vigente, R$ 1.518,00. \u00c9 poss\u00edvel que mais de uma pessoa da mesma fam\u00edlia receba o benef\u00edcio, desde que ambas cumpram os requisitos e tenham sido aprovadas ap\u00f3s avalia\u00e7\u00e3o da equipe do INSS.<\/p>\n\n\n\n<h2 class=\"wp-block-heading\">Quem tem direito ao BPC?<\/h2>\n\n\n\n<p>Em linhas gerais, o BPC \u00e9 destinado a idosos com pelo menos 65 anos de idade e <strong>pessoas com defici\u00eancia (PcDs)<\/strong> de qualquer faixa et\u00e1ria. Os dois grupos, de qualquer maneira, precisam ter renda familiar per capita que n\u00e3o ultrapasse 1\/4 do sal\u00e1rio m\u00ednimo vigente ao m\u00eas.<\/p>\n\n\n\n<p>Os integrantes familiares tamb\u00e9m precisam estar inscritos no Cadastro \u00danico para Programas Sociais do Governo Federal <strong><a href=\"https:\/\/www.gov.br\/pt-br\/servicos\/consultar-dados-do-cadastro-unico-cadunico\" target=\"_blank\" rel=\"noreferrer noopener\">(Cad\u00danico)<\/a><\/strong>, desde que os dados tenham sido atualizados h\u00e1 menos de 24 meses. A solicita\u00e7\u00e3o para receber o benef\u00edcio pode ser feita pelo sistema <strong>Meu INSS<\/strong>.<\/p>\n\n\n\n<h2 class=\"wp-block-heading\">Como solicitar o benef\u00edcio?<\/h2>\n\n\n\n<p>A plataforma tem vers\u00e3o para desktop e mobile. Basta entrar no sistema com os dados do <strong>GOV.BR<\/strong> (CPF e senha) e procurar pela op\u00e7\u00e3o que se encaixa no perfil: \u201cBenef\u00edcio de Assist\u00eancia \u00e0 Pessoa com Defici\u00eancia\u201d ou \u201cBenef\u00edcio de Assist\u00eancia \u00e0 Pessoa Idosa\u201d.<\/p>\n\n\n\n<p>Em seguida, ser\u00e1 necess\u00e1rio preencher os campos do formul\u00e1rio correspondente. D\u00favidas podem ser sanadas com o <strong>MDS<\/strong>, pasta que gerencia o BPC, pelo Disque Social 121. O atendimento funciona de segunda a sexta-feira, das 7h \u00e0s 19h.<\/p>\n\n\n\n<figure class=\"wp-block-image\"><img decoding=\"async\" src=\"https:\/\/www.em.com.br\/emfoco\/wp-content\/uploads\/2025\/04\/mulher-com-dinheiro-brasil_1745256017883-1024x576.jpg\" alt=\"\"\/><figcaption class=\"wp-element-caption\">Mulher com dinheiro &#8211; Cr\u00e9ditos: depositphotos.com \/ verganifotografia<\/figcaption><\/figure>\n\n\n\n<h2 class=\"wp-block-heading\">Quem recebe o 13\u00ba sal\u00e1rio do inss em abril?<\/h2>\n\n\n\n<p>Neste m\u00eas, a primeira parcela do <strong>13\u00ba do INSS<\/strong> come\u00e7ar\u00e1 a ser depositada para aposentados e pensionistas, al\u00e9m de inscritos no benef\u00edcio por incapacidade tempor\u00e1ria (aux\u00edlio-doen\u00e7a), aux\u00edlio-reclus\u00e3o ou aux\u00edlio-acidente. Os valores cair\u00e3o na conta entre os dias 24\/4 e 8\/5.<\/p>\n\n\n\n<p>Por\u00e9m, os inscritos no Benef\u00edcio de Presta\u00e7\u00e3o Continuada ou na Renda Mensal Vital\u00edcia n\u00e3o entram na lista de contemplados, j\u00e1 que ambos os programas t\u00eam natureza assistencial e n\u00e3o remunerat\u00f3ria. At\u00e9 porque o abono est\u00e1 atrelado a direitos trabalhistas e tempo de servi\u00e7o.<\/p>\n\n\n\n<p>Existem projetos de lei que querem mudar essa realidade, mas nenhum foi aprovado pelo Congresso Nacional, tampouco sancionado pela presid\u00eancia da Rep\u00fablica. Os inscritos no BPC somente ter\u00e3o direito ao benef\u00edcio regular do m\u00eas-base de abril, no valor de R$ 1.518,00.<\/p>\n\n\n\n<h2 class=\"wp-block-heading\">Veja o calend\u00e1rio do BPC em abril<\/h2>\n\n\n\n<p>Os benefici\u00e1rios come\u00e7ar\u00e3o a receber a parcela do m\u00eas-base de abril a partir do dia 24\/4, seguindo a ordem de escalonamento. Apesar do INSS operacionalizar os pagamentos, o programa \u00e9 de responsabilidade do MDS, pasta de Assist\u00eancia Social ligada \u00e0 equipe do Governo.<\/p>\n\n\n\n<p>O lote \u00e9 pago somente em dias \u00fateis e, por isso, n\u00e3o haver\u00e1 concess\u00e3o da parcela no dia 1\u00ba\/5, quando os brasileiros comemorar\u00e3o o feriado nacional do Trabalho. Confira o calend\u00e1rio completo de pagamentos referente ao m\u00eas-base de abril do BPC:<\/p>\n\n\n\n<figure class=\"wp-block-table\"><table class=\"has-fixed-layout\"><thead><tr><th>Benefici\u00e1rios com NB final<\/th><th>Data de pagamento<\/th><\/tr><\/thead><tbody><tr><td>1<\/td><td>24\/4<\/td><\/tr><tr><td>2<\/td><td>25\/4<\/td><\/tr><tr><td>3<\/td><td>28\/4<\/td><\/tr><tr><td>4<\/td><td>29\/4<\/td><\/tr><tr><td>5<\/td><td>30\/4<\/td><\/tr><tr><td>6<\/td><td>2\/5<\/td><\/tr><tr><td>7<\/td><td>5\/5<\/td><\/tr><tr><td>8<\/td><td>6\/5<\/td><\/tr><tr><td>9<\/td><td>7\/5<\/td><\/tr><tr><td>0<\/td><td>8\/5<\/td><\/tr><\/tbody><\/table><\/figure>\n","protected":false},"excerpt":{"rendered":"<p>Nesta quinta-feira, 24\/4, come\u00e7am os pagamentos do novo lote do Benef\u00edcio de Presta\u00e7\u00e3o Continuada (BPC), referente ao m\u00eas-base de abril. Os inscritos no programa que possuem o pen\u00faltimo d\u00edgito 1 no NB (N\u00famero de Benef\u00edcio) ser\u00e3o os primeiros contemplados com a parcela. At\u00e9 porque o escalonamento funciona justamente a partir do algarismo que aparece antes [&hellip;]<\/p>\n","protected":false},"author":11,"featured_media":24094,"comment_status":"open","ping_status":"open","sticky":false,"template":"","format":"standard","meta":{"jnews-multi-image_gallery":[],"jnews_single_post":{"format":"standard"},"jnews_primary_category":[],"jnews_social_meta":[],"jnews_override_counter":[],"footnotes":""},"categories":[28,1],"tags":[257,7392,7086],"class_list":["post-40955","post","type-post","status-publish","format-standard","has-post-thumbnail","hentry","category-economia","category-noticias","tag-bpc","tag-bpc-2025","tag-como-solicitar-bpc"],"yoast_head":"<!-- This site is optimized with the Yoast SEO plugin v23.8 - https:\/\/yoast.com\/wordpress\/plugins\/seo\/ -->\n<title>Novo pagamento do BPC de R$ 1.518 come\u00e7a hoje e muitos ainda n\u00e3o sabem - Estado de Minas - Em foco<\/title>\n<meta name=\"description\" content=\"Veja quem tem direito ao BPC abril 2025 e por que o pagamento come\u00e7a antes do esperado. Entenda os detalhes.\" \/>\n<meta name=\"robots\" content=\"index, follow, max-snippet:-1, max-image-preview:large, max-video-preview:-1\" \/>\n<link rel=\"canonical\" href=\"https:\/\/www.em.com.br\/emfoco\/2025\/04\/24\/novo-pagamento-do-bpc-de-r-1-518-comeca-hoje-e-muitos-ainda-nao-sabem\/\" \/>\n<meta property=\"og:locale\" content=\"pt_BR\" \/>\n<meta property=\"og:type\" content=\"article\" \/>\n<meta property=\"og:title\" content=\"Novo pagamento do BPC de R$ 1.518 come\u00e7a hoje e muitos ainda n\u00e3o sabem - Estado de Minas - Em foco\" \/>\n<meta property=\"og:description\" content=\"Veja quem tem direito ao BPC abril 2025 e por que o pagamento come\u00e7a antes do esperado. Entenda os detalhes.\" \/>\n<meta property=\"og:url\" content=\"https:\/\/www.em.com.br\/emfoco\/2025\/04\/24\/novo-pagamento-do-bpc-de-r-1-518-comeca-hoje-e-muitos-ainda-nao-sabem\/\" \/>\n<meta property=\"og:site_name\" content=\"Estado de Minas - Em foco\" \/>\n<meta property=\"article:published_time\" content=\"2025-04-24T20:00:00+00:00\" \/>\n<meta property=\"article:modified_time\" content=\"2025-04-23T18:52:12+00:00\" \/>\n<meta property=\"og:image\" content=\"https:\/\/www.em.com.br\/emfoco\/wp-content\/uploads\/2025\/02\/salario-brasil_1740793118679.jpg\" \/>\n\t<meta property=\"og:image:width\" content=\"1280\" \/>\n\t<meta property=\"og:image:height\" content=\"720\" \/>\n\t<meta property=\"og:image:type\" content=\"image\/jpeg\" \/>\n<meta name=\"author\" content=\"Andre\u0301 Rangel\u00a0\" \/>\n<meta name=\"twitter:card\" content=\"summary_large_image\" \/>\n<meta name=\"twitter:label1\" content=\"Escrito por\" \/>\n\t<meta name=\"twitter:data1\" content=\"Andre\u0301 Rangel\u00a0\" \/>\n\t<meta name=\"twitter:label2\" content=\"Est. tempo de leitura\" \/>\n\t<meta name=\"twitter:data2\" content=\"4 minutos\" \/>\n<!-- \/ Yoast SEO plugin. -->","yoast_head_json":{"title":"Novo pagamento do BPC de R$ 1.518 come\u00e7a hoje e muitos ainda n\u00e3o sabem - Estado de Minas - Em foco","description":"Veja quem tem direito ao BPC abril 2025 e por que o pagamento come\u00e7a antes do esperado. Entenda os detalhes.","robots":{"index":"index","follow":"follow","max-snippet":"max-snippet:-1","max-image-preview":"max-image-preview:large","max-video-preview":"max-video-preview:-1"},"canonical":"https:\/\/www.em.com.br\/emfoco\/2025\/04\/24\/novo-pagamento-do-bpc-de-r-1-518-comeca-hoje-e-muitos-ainda-nao-sabem\/","og_locale":"pt_BR","og_type":"article","og_title":"Novo pagamento do BPC de R$ 1.518 come\u00e7a hoje e muitos ainda n\u00e3o sabem - Estado de Minas - Em foco","og_description":"Veja quem tem direito ao BPC abril 2025 e por que o pagamento come\u00e7a antes do esperado. Entenda os detalhes.","og_url":"https:\/\/www.em.com.br\/emfoco\/2025\/04\/24\/novo-pagamento-do-bpc-de-r-1-518-comeca-hoje-e-muitos-ainda-nao-sabem\/","og_site_name":"Estado de Minas - Em foco","article_published_time":"2025-04-24T20:00:00+00:00","article_modified_time":"2025-04-23T18:52:12+00:00","og_image":[{"width":1280,"height":720,"url":"https:\/\/www.em.com.br\/emfoco\/wp-content\/uploads\/2025\/02\/salario-brasil_1740793118679.jpg","type":"image\/jpeg"}],"author":"Andre\u0301 Rangel\u00a0","twitter_card":"summary_large_image","twitter_misc":{"Escrito por":"Andre\u0301 Rangel\u00a0","Est. tempo de leitura":"4 minutos"},"schema":{"@context":"https:\/\/schema.org","@graph":[{"@type":"WebPage","@id":"https:\/\/www.em.com.br\/emfoco\/2025\/04\/24\/novo-pagamento-do-bpc-de-r-1-518-comeca-hoje-e-muitos-ainda-nao-sabem\/","url":"https:\/\/www.em.com.br\/emfoco\/2025\/04\/24\/novo-pagamento-do-bpc-de-r-1-518-comeca-hoje-e-muitos-ainda-nao-sabem\/","name":"Novo pagamento do BPC de R$ 1.518 come\u00e7a hoje e muitos ainda n\u00e3o sabem - Estado de Minas - Em foco","isPartOf":{"@id":"https:\/\/www.em.com.br\/emfoco\/#website"},"primaryImageOfPage":{"@id":"https:\/\/www.em.com.br\/emfoco\/2025\/04\/24\/novo-pagamento-do-bpc-de-r-1-518-comeca-hoje-e-muitos-ainda-nao-sabem\/#primaryimage"},"image":{"@id":"https:\/\/www.em.com.br\/emfoco\/2025\/04\/24\/novo-pagamento-do-bpc-de-r-1-518-comeca-hoje-e-muitos-ainda-nao-sabem\/#primaryimage"},"thumbnailUrl":"https:\/\/www.em.com.br\/emfoco\/wp-content\/uploads\/2025\/02\/salario-brasil_1740793118679.jpg","datePublished":"2025-04-24T20:00:00+00:00","dateModified":"2025-04-23T18:52:12+00:00","author":{"@id":"https:\/\/www.em.com.br\/emfoco\/#\/schema\/person\/60eda09c1fedf0d6891f4cef4b60b8b8"},"description":"Veja quem tem direito ao BPC abril 2025 e por que o pagamento come\u00e7a antes do esperado. Entenda os detalhes.","breadcrumb":{"@id":"https:\/\/www.em.com.br\/emfoco\/2025\/04\/24\/novo-pagamento-do-bpc-de-r-1-518-comeca-hoje-e-muitos-ainda-nao-sabem\/#breadcrumb"},"inLanguage":"pt-BR","potentialAction":[{"@type":"ReadAction","target":["https:\/\/www.em.com.br\/emfoco\/2025\/04\/24\/novo-pagamento-do-bpc-de-r-1-518-comeca-hoje-e-muitos-ainda-nao-sabem\/"]}]},{"@type":"ImageObject","inLanguage":"pt-BR","@id":"https:\/\/www.em.com.br\/emfoco\/2025\/04\/24\/novo-pagamento-do-bpc-de-r-1-518-comeca-hoje-e-muitos-ainda-nao-sabem\/#primaryimage","url":"https:\/\/www.em.com.br\/emfoco\/wp-content\/uploads\/2025\/02\/salario-brasil_1740793118679.jpg","contentUrl":"https:\/\/www.em.com.br\/emfoco\/wp-content\/uploads\/2025\/02\/salario-brasil_1740793118679.jpg","width":1280,"height":720,"caption":"O aumento do sal\u00e1rio m\u00ednimo em 2026 - Cr\u00e9ditos: depositphotos.com \/ rafapress"},{"@type":"BreadcrumbList","@id":"https:\/\/www.em.com.br\/emfoco\/2025\/04\/24\/novo-pagamento-do-bpc-de-r-1-518-comeca-hoje-e-muitos-ainda-nao-sabem\/#breadcrumb","itemListElement":[{"@type":"ListItem","position":1,"name":"In\u00edcio","item":"https:\/\/www.em.com.br\/emfoco\/"},{"@type":"ListItem","position":2,"name":"Novo pagamento do BPC de R$ 1.518 come\u00e7a hoje e muitos ainda n\u00e3o sabem"}]},{"@type":"WebSite","@id":"https:\/\/www.em.com.br\/emfoco\/#website","url":"https:\/\/www.em.com.br\/emfoco\/","name":"Estado de Minas - Em foco","description":"Acompanhe as \u00faltimas not\u00edcias e fique bem informado sobre tudo o que acontece em Minas Gerais, Brasil e no mundo.","potentialAction":[{"@type":"SearchAction","target":{"@type":"EntryPoint","urlTemplate":"https:\/\/www.em.com.br\/emfoco\/?s={search_term_string}"},"query-input":{"@type":"PropertyValueSpecification","valueRequired":true,"valueName":"search_term_string"}}],"inLanguage":"pt-BR"},{"@type":"Person","@id":"https:\/\/www.em.com.br\/emfoco\/#\/schema\/person\/60eda09c1fedf0d6891f4cef4b60b8b8","name":"Andre\u0301 Rangel\u00a0","image":{"@type":"ImageObject","inLanguage":"pt-BR","@id":"https:\/\/www.em.com.br\/emfoco\/#\/schema\/person\/image\/","url":"https:\/\/secure.gravatar.com\/avatar\/6234dc814c77c8ef6d8bba622c787efc?s=96&d=mm&r=g","contentUrl":"https:\/\/secure.gravatar.com\/avatar\/6234dc814c77c8ef6d8bba622c787efc?s=96&d=mm&r=g","caption":"Andre\u0301 Rangel\u00a0"},"url":"https:\/\/www.em.com.br\/emfoco\/author\/luizmyth\/"}]}},"_links":{"self":[{"href":"https:\/\/www.em.com.br\/emfoco\/wp-json\/wp\/v2\/posts\/40955","targetHints":{"allow":["GET"]}}],"collection":[{"href":"https:\/\/www.em.com.br\/emfoco\/wp-json\/wp\/v2\/posts"}],"about":[{"href":"https:\/\/www.em.com.br\/emfoco\/wp-json\/wp\/v2\/types\/post"}],"author":[{"embeddable":true,"href":"https:\/\/www.em.com.br\/emfoco\/wp-json\/wp\/v2\/users\/11"}],"replies":[{"embeddable":true,"href":"https:\/\/www.em.com.br\/emfoco\/wp-json\/wp\/v2\/comments?post=40955"}],"version-history":[{"count":4,"href":"https:\/\/www.em.com.br\/emfoco\/wp-json\/wp\/v2\/posts\/40955\/revisions"}],"predecessor-version":[{"id":41025,"href":"https:\/\/www.em.com.br\/emfoco\/wp-json\/wp\/v2\/posts\/40955\/revisions\/41025"}],"wp:featuredmedia":[{"embeddable":true,"href":"https:\/\/www.em.com.br\/emfoco\/wp-json\/wp\/v2\/media\/24094"}],"wp:attachment":[{"href":"https:\/\/www.em.com.br\/emfoco\/wp-json\/wp\/v2\/media?parent=40955"}],"wp:term":[{"taxonomy":"category","embeddable":true,"href":"https:\/\/www.em.com.br\/emfoco\/wp-json\/wp\/v2\/categories?post=40955"},{"taxonomy":"post_tag","embeddable":true,"href":"https:\/\/www.em.com.br\/emfoco\/wp-json\/wp\/v2\/tags?post=40955"}],"curies":[{"name":"wp","href":"https:\/\/api.w.org\/{rel}","templated":true}]}}