{"id":40868,"date":"2025-04-27T18:40:00","date_gmt":"2025-04-27T21:40:00","guid":{"rendered":"https:\/\/www.em.com.br\/emfoco\/?p=40868"},"modified":"2025-04-25T10:42:08","modified_gmt":"2025-04-25T13:42:08","slug":"usuarios-da-samsung-pulam-de-alegria-com-a-chegada-desta-ferramenta","status":"publish","type":"post","link":"https:\/\/www.em.com.br\/emfoco\/2025\/04\/27\/usuarios-da-samsung-pulam-de-alegria-com-a-chegada-desta-ferramenta\/","title":{"rendered":"Usu\u00e1rios da Samsung pulam de alegria com a chegada desta ferramenta"},"content":{"rendered":"\n<p>A <strong>Samsung<\/strong>, uma das principais empresas de tecnologia do mundo, recentemente ampliou o acesso ao seu aplicativo de personaliza\u00e7\u00e3o, o <strong>Good Lock<\/strong>, ao disponibiliz\u00e1-lo na <strong>Google Play Store<\/strong>. Anteriormente, o aplicativo era acess\u00edvel apenas atrav\u00e9s da <strong>Galaxy Store<\/strong>, limitando seu alcance. O Good Lock \u00e9 projetado para permitir que os usu\u00e1rios de dispositivos Samsung modifiquem a interface <strong>One UI<\/strong>, oferecendo uma experi\u00eancia mais personalizada e ajustada \u00e0s prefer\u00eancias individuais.<\/p>\n\n\n\n<p>O aplicativo estava em fase de testes na Google Play Store desde maio de 2024, e em janeiro de 2025, a Samsung lan\u00e7ou sua vers\u00e3o final. No entanto, ainda existem algumas restri\u00e7\u00f5es geogr\u00e1ficas, pois o aplicativo n\u00e3o est\u00e1 dispon\u00edvel na Google Play Store brasileira, embora continue acess\u00edvel pela Galaxy Store.<\/p>\n\n\n\n<h2 class=\"wp-block-heading\">Funcionalidades do Good Lock<\/h2>\n\n\n\n<p>O Good Lock \u00e9 uma ferramenta poderosa que oferece uma variedade de op\u00e7\u00f5es para personalizar o sistema operacional One UI. Entre suas funcionalidades, destaca-se a capacidade de alterar o menu de Configura\u00e7\u00f5es, personalizar pap\u00e9is de parede e criar gestos de navega\u00e7\u00e3o espec\u00edficos. O aplicativo \u00e9 composto por m\u00f3dulos que podem ser baixados individualmente, cada um focado em uma \u00e1rea espec\u00edfica de personaliza\u00e7\u00e3o.<\/p>\n\n\n\n<p>Os usu\u00e1rios t\u00eam a liberdade de ajustar a tela de bloqueio, modificar o layout da tela inicial e personalizar a barra de status. Essas op\u00e7\u00f5es tornam o Good Lock uma ferramenta valiosa para quem busca uma experi\u00eancia de uso mais personalizada em seus dispositivos Samsung.<\/p>\n\n\n\n<figure class=\"wp-block-image size-large\"><img loading=\"lazy\" decoding=\"async\" width=\"1024\" height=\"576\" src=\"https:\/\/www.em.com.br\/emfoco\/wp-content\/uploads\/2024\/12\/Samsung_1735407330455-1024x576.jpg\" alt=\"\" class=\"wp-image-7302\" srcset=\"https:\/\/www.em.com.br\/emfoco\/wp-content\/uploads\/2024\/12\/Samsung_1735407330455-1024x576.jpg 1024w, https:\/\/www.em.com.br\/emfoco\/wp-content\/uploads\/2024\/12\/Samsung_1735407330455-300x169.jpg 300w, https:\/\/www.em.com.br\/emfoco\/wp-content\/uploads\/2024\/12\/Samsung_1735407330455-768x432.jpg 768w, https:\/\/www.em.com.br\/emfoco\/wp-content\/uploads\/2024\/12\/Samsung_1735407330455-750x422.jpg 750w, https:\/\/www.em.com.br\/emfoco\/wp-content\/uploads\/2024\/12\/Samsung_1735407330455-1140x641.jpg 1140w, https:\/\/www.em.com.br\/emfoco\/wp-content\/uploads\/2024\/12\/Samsung_1735407330455.jpg 1280w\" sizes=\"auto, (max-width: 1024px) 100vw, 1024px\" \/><figcaption class=\"wp-element-caption\">Imagem Ilustrativa da Samsung &#8211; Cr\u00e9ditos: depositphotos.com \/ Mirroni<\/figcaption><\/figure>\n\n\n\n<h2 class=\"wp-block-heading\">Disponibilidade do Good Lock no Brasil<\/h2>\n\n\n\n<p>A aus\u00eancia do Good Lock na Google Play Store brasileira pode ser resultado de restri\u00e7\u00f5es tempor\u00e1rias ou desafios na distribui\u00e7\u00e3o. A Samsung havia planejado uma libera\u00e7\u00e3o global do aplicativo antes do lan\u00e7amento da One UI 7.0 para a linha Galaxy S24. Contudo, problemas t\u00e9cnicos, como um bug na atualiza\u00e7\u00e3o da One UI 7.0, podem ter atrasado essa expans\u00e3o.<\/p>\n\n\n\n<p>Apesar disso, os usu\u00e1rios no Brasil ainda podem acessar o Good Lock atrav\u00e9s da Galaxy Store, garantindo acesso \u00e0s suas funcionalidades de personaliza\u00e7\u00e3o.<\/p>\n\n\n\n<h2 class=\"wp-block-heading\">Passos para Instalar o Good Lock<\/h2>\n\n\n\n<p>Para aqueles interessados em explorar o Good Lock, o processo de instala\u00e7\u00e3o \u00e9 direto e simples. Aqui est\u00e1 um guia passo a passo:<\/p>\n\n\n\n<ol class=\"wp-block-list\">\n<li>Abra a Galaxy Store no seu dispositivo Samsung.<\/li>\n\n\n\n<li>Digite \u201cGood Lock\u201d na barra de pesquisa.<\/li>\n\n\n\n<li>Selecione o aplicativo e clique em \u201cInstalar\u201d.<\/li>\n\n\n\n<li>Ap\u00f3s a instala\u00e7\u00e3o, abra o Good Lock e explore os m\u00f3dulos dispon\u00edveis para personaliza\u00e7\u00e3o.<\/li>\n<\/ol>\n\n\n\n<p>Esses passos permitem que os usu\u00e1rios personalizem seus dispositivos de maneira eficiente, aproveitando ao m\u00e1ximo as funcionalidades do Good Lock.<\/p>\n\n\n\n<h2 class=\"wp-block-heading\">Perspectivas futuras para o Good Lock e a One UI<\/h2>\n\n\n\n<p>A expans\u00e3o do Good Lock para a Google Play Store reflete o compromisso da Samsung em oferecer mais op\u00e7\u00f5es de personaliza\u00e7\u00e3o aos seus usu\u00e1rios. Espera-se que, com a resolu\u00e7\u00e3o dos problemas t\u00e9cnicos, o aplicativo esteja dispon\u00edvel globalmente, incluindo no Brasil. Al\u00e9m disso, a pr\u00f3xima atualiza\u00e7\u00e3o da One UI 7.0 promete trazer ainda mais inova\u00e7\u00f5es e melhorias, refor\u00e7ando a posi\u00e7\u00e3o da Samsung como l\u00edder em personaliza\u00e7\u00e3o e inova\u00e7\u00e3o no mercado de smartphones.<\/p>\n","protected":false},"excerpt":{"rendered":"<p>A Samsung, uma das principais empresas de tecnologia do mundo, recentemente ampliou o acesso ao seu aplicativo de personaliza\u00e7\u00e3o, o Good Lock, ao disponibiliz\u00e1-lo na Google Play Store. Anteriormente, o aplicativo era acess\u00edvel apenas atrav\u00e9s da Galaxy Store, limitando seu alcance. O Good Lock \u00e9 projetado para permitir que os usu\u00e1rios de dispositivos Samsung modifiquem [&hellip;]<\/p>\n","protected":false},"author":5,"featured_media":9772,"comment_status":"open","ping_status":"open","sticky":false,"template":"","format":"standard","meta":{"jnews-multi-image_gallery":[],"jnews_single_post":{"format":"standard"},"jnews_primary_category":[],"jnews_social_meta":[],"jnews_override_counter":[],"footnotes":""},"categories":[1,4204],"tags":[7845,6473,4674,2598],"class_list":["post-40868","post","type-post","status-publish","format-standard","has-post-thumbnail","hentry","category-noticias","category-tecnologia","tag-good-lock","tag-one-ui","tag-personalizacao","tag-samsung"],"yoast_head":"<!-- This site is optimized with the Yoast SEO plugin v23.8 - https:\/\/yoast.com\/wordpress\/plugins\/seo\/ -->\n<title>Usu\u00e1rios da Samsung pulam de alegria com a chegada desta ferramenta - Estado de Minas - Em foco<\/title>\n<meta name=\"description\" content=\"App exclusivo da Samsung agora est\u00e1 na Play Store. Descubra agora como deixar seu celular com a sua cara usando esse aplicativo.\" \/>\n<meta name=\"robots\" content=\"index, follow, max-snippet:-1, max-image-preview:large, max-video-preview:-1\" \/>\n<link rel=\"canonical\" href=\"https:\/\/www.em.com.br\/emfoco\/2025\/04\/27\/usuarios-da-samsung-pulam-de-alegria-com-a-chegada-desta-ferramenta\/\" \/>\n<meta property=\"og:locale\" content=\"pt_BR\" \/>\n<meta property=\"og:type\" content=\"article\" \/>\n<meta property=\"og:title\" content=\"Usu\u00e1rios da Samsung pulam de alegria com a chegada desta ferramenta - Estado de Minas - Em foco\" \/>\n<meta property=\"og:description\" content=\"App exclusivo da Samsung agora est\u00e1 na Play Store. Descubra agora como deixar seu celular com a sua cara usando esse aplicativo.\" \/>\n<meta property=\"og:url\" content=\"https:\/\/www.em.com.br\/emfoco\/2025\/04\/27\/usuarios-da-samsung-pulam-de-alegria-com-a-chegada-desta-ferramenta\/\" \/>\n<meta property=\"og:site_name\" content=\"Estado de Minas - Em foco\" \/>\n<meta property=\"article:published_time\" content=\"2025-04-27T21:40:00+00:00\" \/>\n<meta property=\"article:modified_time\" content=\"2025-04-25T13:42:08+00:00\" \/>\n<meta property=\"og:image\" content=\"https:\/\/www.em.com.br\/emfoco\/wp-content\/uploads\/2025\/01\/image-54-e1736559775722.png\" \/>\n\t<meta property=\"og:image:width\" content=\"1000\" \/>\n\t<meta property=\"og:image:height\" content=\"563\" \/>\n\t<meta property=\"og:image:type\" content=\"image\/png\" \/>\n<meta name=\"author\" content=\"N\u00fabia Rangel\" \/>\n<meta name=\"twitter:card\" content=\"summary_large_image\" \/>\n<meta name=\"twitter:label1\" content=\"Escrito por\" \/>\n\t<meta name=\"twitter:data1\" content=\"N\u00fabia Rangel\" \/>\n\t<meta name=\"twitter:label2\" content=\"Est. tempo de leitura\" \/>\n\t<meta name=\"twitter:data2\" content=\"4 minutos\" \/>\n<!-- \/ Yoast SEO plugin. -->","yoast_head_json":{"title":"Usu\u00e1rios da Samsung pulam de alegria com a chegada desta ferramenta - Estado de Minas - Em foco","description":"App exclusivo da Samsung agora est\u00e1 na Play Store. Descubra agora como deixar seu celular com a sua cara usando esse aplicativo.","robots":{"index":"index","follow":"follow","max-snippet":"max-snippet:-1","max-image-preview":"max-image-preview:large","max-video-preview":"max-video-preview:-1"},"canonical":"https:\/\/www.em.com.br\/emfoco\/2025\/04\/27\/usuarios-da-samsung-pulam-de-alegria-com-a-chegada-desta-ferramenta\/","og_locale":"pt_BR","og_type":"article","og_title":"Usu\u00e1rios da Samsung pulam de alegria com a chegada desta ferramenta - Estado de Minas - Em foco","og_description":"App exclusivo da Samsung agora est\u00e1 na Play Store. Descubra agora como deixar seu celular com a sua cara usando esse aplicativo.","og_url":"https:\/\/www.em.com.br\/emfoco\/2025\/04\/27\/usuarios-da-samsung-pulam-de-alegria-com-a-chegada-desta-ferramenta\/","og_site_name":"Estado de Minas - Em foco","article_published_time":"2025-04-27T21:40:00+00:00","article_modified_time":"2025-04-25T13:42:08+00:00","og_image":[{"width":1000,"height":563,"url":"https:\/\/www.em.com.br\/emfoco\/wp-content\/uploads\/2025\/01\/image-54-e1736559775722.png","type":"image\/png"}],"author":"N\u00fabia Rangel","twitter_card":"summary_large_image","twitter_misc":{"Escrito por":"N\u00fabia Rangel","Est. tempo de leitura":"4 minutos"},"schema":{"@context":"https:\/\/schema.org","@graph":[{"@type":"WebPage","@id":"https:\/\/www.em.com.br\/emfoco\/2025\/04\/27\/usuarios-da-samsung-pulam-de-alegria-com-a-chegada-desta-ferramenta\/","url":"https:\/\/www.em.com.br\/emfoco\/2025\/04\/27\/usuarios-da-samsung-pulam-de-alegria-com-a-chegada-desta-ferramenta\/","name":"Usu\u00e1rios da Samsung pulam de alegria com a chegada desta ferramenta - Estado de Minas - Em foco","isPartOf":{"@id":"https:\/\/www.em.com.br\/emfoco\/#website"},"primaryImageOfPage":{"@id":"https:\/\/www.em.com.br\/emfoco\/2025\/04\/27\/usuarios-da-samsung-pulam-de-alegria-com-a-chegada-desta-ferramenta\/#primaryimage"},"image":{"@id":"https:\/\/www.em.com.br\/emfoco\/2025\/04\/27\/usuarios-da-samsung-pulam-de-alegria-com-a-chegada-desta-ferramenta\/#primaryimage"},"thumbnailUrl":"https:\/\/www.em.com.br\/emfoco\/wp-content\/uploads\/2025\/01\/image-54-e1736559775722.png","datePublished":"2025-04-27T21:40:00+00:00","dateModified":"2025-04-25T13:42:08+00:00","author":{"@id":"https:\/\/www.em.com.br\/emfoco\/#\/schema\/person\/524437ef54f8a5d32591b143307f2e20"},"description":"App exclusivo da Samsung agora est\u00e1 na Play Store. Descubra agora como deixar seu celular com a sua cara usando esse aplicativo.","breadcrumb":{"@id":"https:\/\/www.em.com.br\/emfoco\/2025\/04\/27\/usuarios-da-samsung-pulam-de-alegria-com-a-chegada-desta-ferramenta\/#breadcrumb"},"inLanguage":"pt-BR","potentialAction":[{"@type":"ReadAction","target":["https:\/\/www.em.com.br\/emfoco\/2025\/04\/27\/usuarios-da-samsung-pulam-de-alegria-com-a-chegada-desta-ferramenta\/"]}]},{"@type":"ImageObject","inLanguage":"pt-BR","@id":"https:\/\/www.em.com.br\/emfoco\/2025\/04\/27\/usuarios-da-samsung-pulam-de-alegria-com-a-chegada-desta-ferramenta\/#primaryimage","url":"https:\/\/www.em.com.br\/emfoco\/wp-content\/uploads\/2025\/01\/image-54-e1736559775722.png","contentUrl":"https:\/\/www.em.com.br\/emfoco\/wp-content\/uploads\/2025\/01\/image-54-e1736559775722.png","width":1000,"height":563,"caption":"Galaxy S24 Ultra - Imagem Divulga\u00e7\u00e3o Samsung"},{"@type":"BreadcrumbList","@id":"https:\/\/www.em.com.br\/emfoco\/2025\/04\/27\/usuarios-da-samsung-pulam-de-alegria-com-a-chegada-desta-ferramenta\/#breadcrumb","itemListElement":[{"@type":"ListItem","position":1,"name":"In\u00edcio","item":"https:\/\/www.em.com.br\/emfoco\/"},{"@type":"ListItem","position":2,"name":"Usu\u00e1rios da Samsung pulam de alegria com a chegada desta ferramenta"}]},{"@type":"WebSite","@id":"https:\/\/www.em.com.br\/emfoco\/#website","url":"https:\/\/www.em.com.br\/emfoco\/","name":"Estado de Minas - Em foco","description":"Acompanhe as \u00faltimas not\u00edcias e fique bem informado sobre tudo o que acontece em Minas Gerais, Brasil e no mundo.","potentialAction":[{"@type":"SearchAction","target":{"@type":"EntryPoint","urlTemplate":"https:\/\/www.em.com.br\/emfoco\/?s={search_term_string}"},"query-input":{"@type":"PropertyValueSpecification","valueRequired":true,"valueName":"search_term_string"}}],"inLanguage":"pt-BR"},{"@type":"Person","@id":"https:\/\/www.em.com.br\/emfoco\/#\/schema\/person\/524437ef54f8a5d32591b143307f2e20","name":"N\u00fabia Rangel","image":{"@type":"ImageObject","inLanguage":"pt-BR","@id":"https:\/\/www.em.com.br\/emfoco\/#\/schema\/person\/image\/","url":"https:\/\/secure.gravatar.com\/avatar\/47cff2827a5ba23c37e8068c86817ea4?s=96&d=mm&r=g","contentUrl":"https:\/\/secure.gravatar.com\/avatar\/47cff2827a5ba23c37e8068c86817ea4?s=96&d=mm&r=g","caption":"N\u00fabia Rangel"},"sameAs":["https:\/\/www.em.com.br\/emfoco\/"],"url":"https:\/\/www.em.com.br\/emfoco\/author\/nubiamyth\/"}]}},"_links":{"self":[{"href":"https:\/\/www.em.com.br\/emfoco\/wp-json\/wp\/v2\/posts\/40868","targetHints":{"allow":["GET"]}}],"collection":[{"href":"https:\/\/www.em.com.br\/emfoco\/wp-json\/wp\/v2\/posts"}],"about":[{"href":"https:\/\/www.em.com.br\/emfoco\/wp-json\/wp\/v2\/types\/post"}],"author":[{"embeddable":true,"href":"https:\/\/www.em.com.br\/emfoco\/wp-json\/wp\/v2\/users\/5"}],"replies":[{"embeddable":true,"href":"https:\/\/www.em.com.br\/emfoco\/wp-json\/wp\/v2\/comments?post=40868"}],"version-history":[{"count":4,"href":"https:\/\/www.em.com.br\/emfoco\/wp-json\/wp\/v2\/posts\/40868\/revisions"}],"predecessor-version":[{"id":41598,"href":"https:\/\/www.em.com.br\/emfoco\/wp-json\/wp\/v2\/posts\/40868\/revisions\/41598"}],"wp:featuredmedia":[{"embeddable":true,"href":"https:\/\/www.em.com.br\/emfoco\/wp-json\/wp\/v2\/media\/9772"}],"wp:attachment":[{"href":"https:\/\/www.em.com.br\/emfoco\/wp-json\/wp\/v2\/media?parent=40868"}],"wp:term":[{"taxonomy":"category","embeddable":true,"href":"https:\/\/www.em.com.br\/emfoco\/wp-json\/wp\/v2\/categories?post=40868"},{"taxonomy":"post_tag","embeddable":true,"href":"https:\/\/www.em.com.br\/emfoco\/wp-json\/wp\/v2\/tags?post=40868"}],"curies":[{"name":"wp","href":"https:\/\/api.w.org\/{rel}","templated":true}]}}