{"id":40838,"date":"2025-04-29T18:00:00","date_gmt":"2025-04-29T21:00:00","guid":{"rendered":"https:\/\/www.em.com.br\/emfoco\/?p=40838"},"modified":"2025-04-23T11:55:47","modified_gmt":"2025-04-23T14:55:47","slug":"sedentarismo-no-brasil-em-alta-entenda-os-riscos-e-como-evita-lo","status":"publish","type":"post","link":"https:\/\/www.em.com.br\/emfoco\/2025\/04\/29\/sedentarismo-no-brasil-em-alta-entenda-os-riscos-e-como-evita-lo\/","title":{"rendered":"Sedentarismo no Brasil em alta! Entenda os riscos e como evit\u00e1-lo"},"content":{"rendered":"\n<p>O sedentarismo \u00e9 um problema crescente em todo o mundo, afetando milh\u00f5es de pessoas e contribuindo para uma s\u00e9rie de problemas de sa\u00fade. Segundo a <strong><a href=\"https:\/\/www.who.int\/pt\/about\" target=\"_blank\" rel=\"noreferrer noopener\">Organiza\u00e7\u00e3o Mundial da Sa\u00fade<\/a><\/strong> (OMS), a inatividade f\u00edsica \u00e9 respons\u00e1vel por cerca de cinco milh\u00f5es de mortes anualmente. Este fen\u00f4meno \u00e9 particularmente preocupante, pois a falta de atividade f\u00edsica est\u00e1 associada a doen\u00e7as cr\u00f4nicas como doen\u00e7as card\u00edacas e obesidade.<\/p>\n\n\n\n<p>No <strong>Brasil<\/strong>, a situa\u00e7\u00e3o \u00e9 alarmante. O pa\u00eds lidera o ranking de sedentarismo na <strong>Am\u00e9rica Latina<\/strong> e ocupa a quinta posi\u00e7\u00e3o mundial. Dados do <strong>Instituto Brasileiro de Geografia e Estat\u00edstica<\/strong> (IBGE) indicam que 47% dos adultos brasileiros s\u00e3o sedent\u00e1rios, com uma taxa ainda mais alta entre os jovens, atingindo 84%. Esses n\u00fameros destacam a necessidade urgente de promover estilos de vida mais ativos.<\/p>\n\n\n\n<h2 class=\"wp-block-heading\">Quais s\u00e3o os riscos associados ao sedentarismo?<\/h2>\n\n\n\n<p>O sedentarismo \u00e9 um fator de risco significativo para v\u00e1rias condi\u00e7\u00f5es de sa\u00fade. <strong>A OMS define como sedent\u00e1rio o indiv\u00edduo que n\u00e3o pratica pelo menos 150 minutos de atividade f\u00edsica moderada por semana.<\/strong> Essa falta de movimento pode agravar doen\u00e7as pr\u00e9-existentes e aumentar o risco de desenvolver novas condi\u00e7\u00f5es, como hipertens\u00e3o, diabetes tipo 2 e doen\u00e7as cardiovasculares.<\/p>\n\n\n\n<p>Al\u00e9m dos impactos f\u00edsicos, a inatividade tamb\u00e9m afeta a sa\u00fade mental.<strong> Estudos indicam que a falta de exerc\u00edcio est\u00e1 ligada a um aumento nos casos de depress\u00e3o e ansiedade.<\/strong> Portanto, \u00e9 essencial entender os riscos associados ao sedentarismo e buscar maneiras de incorporar mais movimento no dia a dia.<\/p>\n\n\n\n<figure class=\"wp-block-image size-large\"><img loading=\"lazy\" decoding=\"async\" width=\"1024\" height=\"576\" src=\"https:\/\/www.em.com.br\/emfoco\/wp-content\/uploads\/2025\/04\/sedentary-lifestyle_1745420079804-1024x576.jpg\" alt=\"Sedentarismo no Brasil em alta! Entenda os riscos e como evit\u00e1-lo\" class=\"wp-image-40880\" srcset=\"https:\/\/www.em.com.br\/emfoco\/wp-content\/uploads\/2025\/04\/sedentary-lifestyle_1745420079804-1024x576.jpg 1024w, https:\/\/www.em.com.br\/emfoco\/wp-content\/uploads\/2025\/04\/sedentary-lifestyle_1745420079804-300x169.jpg 300w, https:\/\/www.em.com.br\/emfoco\/wp-content\/uploads\/2025\/04\/sedentary-lifestyle_1745420079804-768x432.jpg 768w, https:\/\/www.em.com.br\/emfoco\/wp-content\/uploads\/2025\/04\/sedentary-lifestyle_1745420079804-750x422.jpg 750w, https:\/\/www.em.com.br\/emfoco\/wp-content\/uploads\/2025\/04\/sedentary-lifestyle_1745420079804-1140x641.jpg 1140w, https:\/\/www.em.com.br\/emfoco\/wp-content\/uploads\/2025\/04\/sedentary-lifestyle_1745420079804.jpg 1280w\" sizes=\"auto, (max-width: 1024px) 100vw, 1024px\" \/><figcaption class=\"wp-element-caption\">Sedentarismo &#8211; Cr\u00e9ditos: depositphotos.com \/ nito103<\/figcaption><\/figure>\n\n\n\n<h2 class=\"wp-block-heading\">Como combater o sedentarismo e adotar um estilo de vida ativo?<\/h2>\n\n\n\n<p>Superar o sedentarismo pode parecer desafiador, mas \u00e9 poss\u00edvel com algumas mudan\u00e7as simples.<strong> Primeiramente, \u00e9 importante estabelecer uma rotina de exerc\u00edcios que seja vi\u00e1vel e sustent\u00e1vel.<\/strong> Isso pode incluir atividades como caminhadas, ciclismo ou qualquer outra forma de exerc\u00edcio que seja agrad\u00e1vel e acess\u00edvel.<\/p>\n\n\n\n<ul class=\"wp-block-list\">\n<li><strong>Explore diferentes tipos de exerc\u00edcios:<\/strong> N\u00e3o \u00e9 necess\u00e1rio frequentar uma academia para ser ativo. Atividades como nata\u00e7\u00e3o, dan\u00e7a ou esportes coletivos podem ser alternativas divertidas e eficazes.<\/li>\n\n\n\n<li><strong>Respeite os limites do corpo:<\/strong> Para iniciantes, \u00e9 crucial come\u00e7ar devagar e aumentar a intensidade gradualmente para evitar les\u00f5es.<\/li>\n\n\n\n<li><strong>Priorize a const\u00e2ncia:<\/strong> Manter uma rotina regular de exerc\u00edcios \u00e9 mais importante do que a intensidade das atividades. Estabelecer metas realistas pode ajudar a manter a motiva\u00e7\u00e3o.<\/li>\n<\/ul>\n\n\n\n<h2 class=\"wp-block-heading\">Por que a const\u00e2ncia \u00e9 mais importante do que a intensidade?<\/h2>\n\n\n\n<p><strong>Manter a const\u00e2ncia na pr\u00e1tica de exerc\u00edcios \u00e9 um dos maiores desafios para quem busca sair do sedentarismo<\/strong>. Muitas vezes, a empolga\u00e7\u00e3o inicial pode diminuir com o tempo, especialmente quando surgem dores musculares ou quando a rotina se torna mais agitada. No entanto, a regularidade \u00e9 essencial para que o corpo se adapte e comece a &#8220;pedir&#8221; a atividade f\u00edsica como parte natural do dia a dia.<\/p>\n\n\n\n<p><strong>O segredo est\u00e1 em transformar o <a href=\"https:\/\/www.em.com.br\/emfoco\/2025\/03\/26\/como-idosos-podem-prevenir-o-encurtamento-muscular-com-simples-exercicios-em-casa\/\" target=\"_blank\" rel=\"noreferrer noopener\">exerc\u00edcio<\/a> em um h\u00e1bito.<\/strong> Com o tempo, o que inicialmente era um esfor\u00e7o se torna uma necessidade, promovendo bem-estar e qualidade de vida. Al\u00e9m disso, o exerc\u00edcio regular \u00e9 um aliado poderoso no combate \u00e0 ansiedade e depress\u00e3o, ajudando a manter o equil\u00edbrio f\u00edsico e emocional.<\/p>\n\n\n\n<h2 class=\"wp-block-heading\">Como o estilo de vida moderno contribui para o sedentarismo?<\/h2>\n\n\n\n<p>O estilo de vida moderno, caracterizado por longas horas sentado, alimenta\u00e7\u00e3o inadequada e altos n\u00edveis de estresse, contribui significativamente para o aumento do sedentarismo. <strong>Muitas pessoas passam a maior parte do dia em frente a telas, seja no trabalho ou em casa, o que reduz ainda mais as oportunidades de movimento.<\/strong><\/p>\n\n\n\n<p>Para combater esse cen\u00e1rio, \u00e9 fundamental adotar pequenas mudan\u00e7as no cotidiano, como optar por escadas em vez de elevadores, fazer pausas para caminhar durante o dia e encontrar atividades f\u00edsicas que se encaixem na rotina. Cuidar do corpo \u00e9 essencial para uma vida saud\u00e1vel e come\u00e7a com passos simples e conscientes.<\/p>\n","protected":false},"excerpt":{"rendered":"<p>O sedentarismo \u00e9 um problema crescente em todo o mundo, afetando milh\u00f5es de pessoas e contribuindo para uma s\u00e9rie de problemas de sa\u00fade. Segundo a Organiza\u00e7\u00e3o Mundial da Sa\u00fade (OMS), a inatividade f\u00edsica \u00e9 respons\u00e1vel por cerca de cinco milh\u00f5es de mortes anualmente. Este fen\u00f4meno \u00e9 particularmente preocupante, pois a falta de atividade f\u00edsica est\u00e1 [&hellip;]<\/p>\n","protected":false},"author":13,"featured_media":40877,"comment_status":"open","ping_status":"open","sticky":false,"template":"","format":"standard","meta":{"jnews-multi-image_gallery":[],"jnews_single_post":{"format":"standard"},"jnews_primary_category":[],"jnews_social_meta":[],"jnews_override_counter":[],"footnotes":""},"categories":[29],"tags":[4955,7840,415,7839],"class_list":["post-40838","post","type-post","status-publish","format-standard","has-post-thumbnail","hentry","category-entretenimento","tag-exercicio-fisico","tag-oms","tag-saude","tag-sedentarismo"],"yoast_head":"<!-- This site is optimized with the Yoast SEO plugin v23.8 - https:\/\/yoast.com\/wordpress\/plugins\/seo\/ -->\n<title>Sedentarismo no Brasil em alta! Entenda os riscos e como evit\u00e1-lo - Estado de Minas - Em foco<\/title>\n<meta name=\"description\" content=\"O sedentarismo afeta milh\u00f5es de pessoas e pode causar doen\u00e7as graves. Veja como combat\u00ea-lo com h\u00e1bitos simples e eficazes.\" \/>\n<meta name=\"robots\" content=\"index, follow, max-snippet:-1, max-image-preview:large, max-video-preview:-1\" \/>\n<link rel=\"canonical\" href=\"https:\/\/www.em.com.br\/emfoco\/2025\/04\/29\/sedentarismo-no-brasil-em-alta-entenda-os-riscos-e-como-evita-lo\/\" \/>\n<meta property=\"og:locale\" content=\"pt_BR\" \/>\n<meta property=\"og:type\" content=\"article\" \/>\n<meta property=\"og:title\" content=\"Sedentarismo no Brasil em alta! Entenda os riscos e como evit\u00e1-lo - Estado de Minas - Em foco\" \/>\n<meta property=\"og:description\" content=\"O sedentarismo afeta milh\u00f5es de pessoas e pode causar doen\u00e7as graves. Veja como combat\u00ea-lo com h\u00e1bitos simples e eficazes.\" \/>\n<meta property=\"og:url\" content=\"https:\/\/www.em.com.br\/emfoco\/2025\/04\/29\/sedentarismo-no-brasil-em-alta-entenda-os-riscos-e-como-evita-lo\/\" \/>\n<meta property=\"og:site_name\" content=\"Estado de Minas - Em foco\" \/>\n<meta property=\"article:published_time\" content=\"2025-04-29T21:00:00+00:00\" \/>\n<meta property=\"article:modified_time\" content=\"2025-04-23T14:55:47+00:00\" \/>\n<meta property=\"og:image\" content=\"https:\/\/www.em.com.br\/emfoco\/wp-content\/uploads\/2025\/04\/sedentary-lifestyle_1745420034945.jpg\" \/>\n\t<meta property=\"og:image:width\" content=\"1280\" \/>\n\t<meta property=\"og:image:height\" content=\"720\" \/>\n\t<meta property=\"og:image:type\" content=\"image\/jpeg\" \/>\n<meta name=\"author\" content=\"Gabriel Martins\" \/>\n<meta name=\"twitter:card\" content=\"summary_large_image\" \/>\n<meta name=\"twitter:label1\" content=\"Escrito por\" \/>\n\t<meta name=\"twitter:data1\" content=\"Gabriel Martins\" \/>\n\t<meta name=\"twitter:label2\" content=\"Est. tempo de leitura\" \/>\n\t<meta name=\"twitter:data2\" content=\"4 minutos\" \/>\n<!-- \/ Yoast SEO plugin. -->","yoast_head_json":{"title":"Sedentarismo no Brasil em alta! Entenda os riscos e como evit\u00e1-lo - Estado de Minas - Em foco","description":"O sedentarismo afeta milh\u00f5es de pessoas e pode causar doen\u00e7as graves. Veja como combat\u00ea-lo com h\u00e1bitos simples e eficazes.","robots":{"index":"index","follow":"follow","max-snippet":"max-snippet:-1","max-image-preview":"max-image-preview:large","max-video-preview":"max-video-preview:-1"},"canonical":"https:\/\/www.em.com.br\/emfoco\/2025\/04\/29\/sedentarismo-no-brasil-em-alta-entenda-os-riscos-e-como-evita-lo\/","og_locale":"pt_BR","og_type":"article","og_title":"Sedentarismo no Brasil em alta! Entenda os riscos e como evit\u00e1-lo - Estado de Minas - Em foco","og_description":"O sedentarismo afeta milh\u00f5es de pessoas e pode causar doen\u00e7as graves. Veja como combat\u00ea-lo com h\u00e1bitos simples e eficazes.","og_url":"https:\/\/www.em.com.br\/emfoco\/2025\/04\/29\/sedentarismo-no-brasil-em-alta-entenda-os-riscos-e-como-evita-lo\/","og_site_name":"Estado de Minas - Em foco","article_published_time":"2025-04-29T21:00:00+00:00","article_modified_time":"2025-04-23T14:55:47+00:00","og_image":[{"width":1280,"height":720,"url":"https:\/\/www.em.com.br\/emfoco\/wp-content\/uploads\/2025\/04\/sedentary-lifestyle_1745420034945.jpg","type":"image\/jpeg"}],"author":"Gabriel Martins","twitter_card":"summary_large_image","twitter_misc":{"Escrito por":"Gabriel Martins","Est. tempo de leitura":"4 minutos"},"schema":{"@context":"https:\/\/schema.org","@graph":[{"@type":"WebPage","@id":"https:\/\/www.em.com.br\/emfoco\/2025\/04\/29\/sedentarismo-no-brasil-em-alta-entenda-os-riscos-e-como-evita-lo\/","url":"https:\/\/www.em.com.br\/emfoco\/2025\/04\/29\/sedentarismo-no-brasil-em-alta-entenda-os-riscos-e-como-evita-lo\/","name":"Sedentarismo no Brasil em alta! Entenda os riscos e como evit\u00e1-lo - Estado de Minas - Em foco","isPartOf":{"@id":"https:\/\/www.em.com.br\/emfoco\/#website"},"primaryImageOfPage":{"@id":"https:\/\/www.em.com.br\/emfoco\/2025\/04\/29\/sedentarismo-no-brasil-em-alta-entenda-os-riscos-e-como-evita-lo\/#primaryimage"},"image":{"@id":"https:\/\/www.em.com.br\/emfoco\/2025\/04\/29\/sedentarismo-no-brasil-em-alta-entenda-os-riscos-e-como-evita-lo\/#primaryimage"},"thumbnailUrl":"https:\/\/www.em.com.br\/emfoco\/wp-content\/uploads\/2025\/04\/sedentary-lifestyle_1745420034945.jpg","datePublished":"2025-04-29T21:00:00+00:00","dateModified":"2025-04-23T14:55:47+00:00","author":{"@id":"https:\/\/www.em.com.br\/emfoco\/#\/schema\/person\/1c9ddeab18b98abeffef834667bcf08a"},"description":"O sedentarismo afeta milh\u00f5es de pessoas e pode causar doen\u00e7as graves. Veja como combat\u00ea-lo com h\u00e1bitos simples e eficazes.","breadcrumb":{"@id":"https:\/\/www.em.com.br\/emfoco\/2025\/04\/29\/sedentarismo-no-brasil-em-alta-entenda-os-riscos-e-como-evita-lo\/#breadcrumb"},"inLanguage":"pt-BR","potentialAction":[{"@type":"ReadAction","target":["https:\/\/www.em.com.br\/emfoco\/2025\/04\/29\/sedentarismo-no-brasil-em-alta-entenda-os-riscos-e-como-evita-lo\/"]}]},{"@type":"ImageObject","inLanguage":"pt-BR","@id":"https:\/\/www.em.com.br\/emfoco\/2025\/04\/29\/sedentarismo-no-brasil-em-alta-entenda-os-riscos-e-como-evita-lo\/#primaryimage","url":"https:\/\/www.em.com.br\/emfoco\/wp-content\/uploads\/2025\/04\/sedentary-lifestyle_1745420034945.jpg","contentUrl":"https:\/\/www.em.com.br\/emfoco\/wp-content\/uploads\/2025\/04\/sedentary-lifestyle_1745420034945.jpg","width":1280,"height":720,"caption":"Homem sedent\u00e1rio - Cr\u00e9ditos: depositphotos.com \/ yobro10"},{"@type":"BreadcrumbList","@id":"https:\/\/www.em.com.br\/emfoco\/2025\/04\/29\/sedentarismo-no-brasil-em-alta-entenda-os-riscos-e-como-evita-lo\/#breadcrumb","itemListElement":[{"@type":"ListItem","position":1,"name":"In\u00edcio","item":"https:\/\/www.em.com.br\/emfoco\/"},{"@type":"ListItem","position":2,"name":"Sedentarismo no Brasil em alta! Entenda os riscos e como evit\u00e1-lo"}]},{"@type":"WebSite","@id":"https:\/\/www.em.com.br\/emfoco\/#website","url":"https:\/\/www.em.com.br\/emfoco\/","name":"Estado de Minas - Em foco","description":"Acompanhe as \u00faltimas not\u00edcias e fique bem informado sobre tudo o que acontece em Minas Gerais, Brasil e no mundo.","potentialAction":[{"@type":"SearchAction","target":{"@type":"EntryPoint","urlTemplate":"https:\/\/www.em.com.br\/emfoco\/?s={search_term_string}"},"query-input":{"@type":"PropertyValueSpecification","valueRequired":true,"valueName":"search_term_string"}}],"inLanguage":"pt-BR"},{"@type":"Person","@id":"https:\/\/www.em.com.br\/emfoco\/#\/schema\/person\/1c9ddeab18b98abeffef834667bcf08a","name":"Gabriel Martins","image":{"@type":"ImageObject","inLanguage":"pt-BR","@id":"https:\/\/www.em.com.br\/emfoco\/#\/schema\/person\/image\/","url":"https:\/\/secure.gravatar.com\/avatar\/f0f1e2efdfd88f1ad2cb08c5c2731e50?s=96&d=mm&r=g","contentUrl":"https:\/\/secure.gravatar.com\/avatar\/f0f1e2efdfd88f1ad2cb08c5c2731e50?s=96&d=mm&r=g","caption":"Gabriel Martins"},"sameAs":["https:\/\/www.em.com.br\/emfoco\/"],"url":"https:\/\/www.em.com.br\/emfoco\/author\/gabrielmartinsmyth\/"}]}},"_links":{"self":[{"href":"https:\/\/www.em.com.br\/emfoco\/wp-json\/wp\/v2\/posts\/40838","targetHints":{"allow":["GET"]}}],"collection":[{"href":"https:\/\/www.em.com.br\/emfoco\/wp-json\/wp\/v2\/posts"}],"about":[{"href":"https:\/\/www.em.com.br\/emfoco\/wp-json\/wp\/v2\/types\/post"}],"author":[{"embeddable":true,"href":"https:\/\/www.em.com.br\/emfoco\/wp-json\/wp\/v2\/users\/13"}],"replies":[{"embeddable":true,"href":"https:\/\/www.em.com.br\/emfoco\/wp-json\/wp\/v2\/comments?post=40838"}],"version-history":[{"count":2,"href":"https:\/\/www.em.com.br\/emfoco\/wp-json\/wp\/v2\/posts\/40838\/revisions"}],"predecessor-version":[{"id":40881,"href":"https:\/\/www.em.com.br\/emfoco\/wp-json\/wp\/v2\/posts\/40838\/revisions\/40881"}],"wp:featuredmedia":[{"embeddable":true,"href":"https:\/\/www.em.com.br\/emfoco\/wp-json\/wp\/v2\/media\/40877"}],"wp:attachment":[{"href":"https:\/\/www.em.com.br\/emfoco\/wp-json\/wp\/v2\/media?parent=40838"}],"wp:term":[{"taxonomy":"category","embeddable":true,"href":"https:\/\/www.em.com.br\/emfoco\/wp-json\/wp\/v2\/categories?post=40838"},{"taxonomy":"post_tag","embeddable":true,"href":"https:\/\/www.em.com.br\/emfoco\/wp-json\/wp\/v2\/tags?post=40838"}],"curies":[{"name":"wp","href":"https:\/\/api.w.org\/{rel}","templated":true}]}}