{"id":40836,"date":"2025-04-27T18:00:00","date_gmt":"2025-04-27T21:00:00","guid":{"rendered":"https:\/\/www.em.com.br\/emfoco\/?p=40836"},"modified":"2025-04-23T16:17:15","modified_gmt":"2025-04-23T19:17:15","slug":"problemas-no-relacionamento-veja-como-reacender-a-intimidade-a-dois","status":"publish","type":"post","link":"https:\/\/www.em.com.br\/emfoco\/2025\/04\/27\/problemas-no-relacionamento-veja-como-reacender-a-intimidade-a-dois\/","title":{"rendered":"Problemas no relacionamento? Veja como reacender a intimidade a dois"},"content":{"rendered":"\n<p>Nos primeiros est\u00e1gios de um relacionamento, a paix\u00e3o \u00e9 intensa, marcada por olhares profundos, toques espont\u00e2neos e uma vida sexual ativa. No entanto, com o passar do tempo, a rotina e as responsabilidades podem levar a uma diminui\u00e7\u00e3o na intimidade entre o casal. Esse fen\u00f4meno \u00e9 mais comum do que se imagina e n\u00e3o significa necessariamente o fim do desejo.<\/p>\n\n\n\n<p>De acordo com especialistas, como a m\u00e9dica p\u00f3s-graduada em <strong><a href=\"https:\/\/www.telavita.com.br\/blog\/sexologia\/\" target=\"_blank\" rel=\"noreferrer noopener\">sexologia <\/a><\/strong>cl\u00ednica <strong>Thaina Mariz Costa<\/strong>, o desejo pode diminuir com o tempo, mas isso n\u00e3o significa que ele desapareceu. Muitas vezes, ele precisa apenas ser reacendido. A diferen\u00e7a entre amor e desejo \u00e9 crucial aqui: enquanto o amor se fortalece com a intimidade, o desejo precisa de novidade e mist\u00e9rio para se manter vivo.<\/p>\n\n\n\n<h2 class=\"wp-block-heading\">Quais estrat\u00e9gias podem reacender o desejo?<\/h2>\n\n\n\n<p>Existem v\u00e1rias estrat\u00e9gias pr\u00e1ticas que podem ajudar a reacender a chama do desejo em um relacionamento. <strong>Essas estrat\u00e9gias n\u00e3o exigem f\u00f3rmulas complicadas, mas sim um esfor\u00e7o consciente para cultivar a intimidade e o desejo.<\/strong> A seguir, s\u00e3o apresentadas algumas dicas que podem ser implementadas no dia a dia do casal.<\/p>\n\n\n\n<figure class=\"wp-block-image size-large\"><img loading=\"lazy\" decoding=\"async\" width=\"1024\" height=\"576\" src=\"https:\/\/www.em.com.br\/emfoco\/wp-content\/uploads\/2025\/04\/Couple_1745419351345-1024x576.jpg\" alt=\"Problemas no relacionamento? Veja como reacender a intimidade a dois\" class=\"wp-image-40857\" srcset=\"https:\/\/www.em.com.br\/emfoco\/wp-content\/uploads\/2025\/04\/Couple_1745419351345-1024x576.jpg 1024w, https:\/\/www.em.com.br\/emfoco\/wp-content\/uploads\/2025\/04\/Couple_1745419351345-300x169.jpg 300w, https:\/\/www.em.com.br\/emfoco\/wp-content\/uploads\/2025\/04\/Couple_1745419351345-768x432.jpg 768w, https:\/\/www.em.com.br\/emfoco\/wp-content\/uploads\/2025\/04\/Couple_1745419351345-750x422.jpg 750w, https:\/\/www.em.com.br\/emfoco\/wp-content\/uploads\/2025\/04\/Couple_1745419351345-1140x641.jpg 1140w, https:\/\/www.em.com.br\/emfoco\/wp-content\/uploads\/2025\/04\/Couple_1745419351345.jpg 1280w\" sizes=\"auto, (max-width: 1024px) 100vw, 1024px\" \/><figcaption class=\"wp-element-caption\">Casal deitado &#8211; Cr\u00e9ditos: depositphotos.com \/ HayDmitriy<\/figcaption><\/figure>\n\n\n\n<h2 class=\"wp-block-heading\">Comunica\u00e7\u00e3o: a chave para a conex\u00e3o emocional<\/h2>\n\n\n\n<p><strong>Comunicar-se<\/strong> abertamente sobre sentimentos, medos e fantasias \u00e9 essencial para fortalecer a conex\u00e3o <strong><a href=\"https:\/\/www.em.com.br\/emfoco\/2025\/03\/12\/como-a-biofilia-sensorial-pode-melhorar-sua-saude-mental-e-emocional\/\" target=\"_blank\" rel=\"noreferrer noopener\">emocional <\/a><\/strong>e, consequentemente, a sexual. <strong>Conversar sobre esses t\u00f3picos pode ser um afrodis\u00edaco poderoso, pois promove a compreens\u00e3o m\u00fatua e a confian\u00e7a.<\/strong><\/p>\n\n\n\n<p>Al\u00e9m disso, <strong>\u00e9 importante evitar ir para a cama com desentendimentos n\u00e3o resolvidos.<\/strong> Resolver conflitos antes de dormir pode n\u00e3o apenas evitar o distanciamento emocional, mas tamb\u00e9m abrir espa\u00e7o para momentos de reconcilia\u00e7\u00e3o mais \u00edntimos.<\/p>\n\n\n\n<h2 class=\"wp-block-heading\">Explorando novas experi\u00eancias juntos<\/h2>\n\n\n\n<p>Realizar atividades novas em conjunto pode ser uma maneira eficaz de revitalizar o relacionamento. <strong>Ter um hobby em comum, que n\u00e3o envolva filhos ou trabalho, pode fortalecer o v\u00ednculo e trazer de volta a leveza dos primeiros dias de namoro.<\/strong> A admira\u00e7\u00e3o m\u00fatua \u00e9 uma aliada poderosa do desejo.<\/p>\n\n\n\n<p>Al\u00e9m disso, compartilhar fantasias, mesmo que n\u00e3o sejam realizadas, pode criar um ambiente de confian\u00e7a e liberdade. Fantasiar \u00e9 saud\u00e1vel e pode ser extremamente estimulante para o casal.<\/p>\n\n\n\n<h2 class=\"wp-block-heading\">Import\u00e2ncia de manter encontros a dois<\/h2>\n\n\n\n<p>Casais que continuam a &#8220;namorar&#8221; ao longo dos anos tendem a manter a chama do desejo mais acesa. <strong>Reservar um tempo exclusivo para o casal, como sair para jantar ou assistir a um filme juntos, pode ajudar a redescobrir o parceiro e a rela\u00e7\u00e3o.<\/strong> Esses momentos s\u00e3o fundamentais para manter a intimidade viva.<\/p>\n\n\n\n<p>Em \u00faltima an\u00e1lise, manter a vida sexual ativa \u00e9 uma escolha consciente e deve ser parte dos cuidados com o relacionamento. O desejo, ao contr\u00e1rio do que muitos pensam, pode e deve ser cultivado ao longo do tempo.<\/p>\n","protected":false},"excerpt":{"rendered":"<p>Nos primeiros est\u00e1gios de um relacionamento, a paix\u00e3o \u00e9 intensa, marcada por olhares profundos, toques espont\u00e2neos e uma vida sexual ativa. No entanto, com o passar do tempo, a rotina e as responsabilidades podem levar a uma diminui\u00e7\u00e3o na intimidade entre o casal. Esse fen\u00f4meno \u00e9 mais comum do que se imagina e n\u00e3o significa [&hellip;]<\/p>\n","protected":false},"author":13,"featured_media":40855,"comment_status":"open","ping_status":"open","sticky":false,"template":"","format":"standard","meta":{"jnews-multi-image_gallery":[],"jnews_single_post":{"format":"standard"},"jnews_primary_category":[],"jnews_social_meta":[],"jnews_override_counter":[],"footnotes":""},"categories":[29],"tags":[7838,7837,905],"class_list":["post-40836","post","type-post","status-publish","format-standard","has-post-thumbnail","hentry","category-entretenimento","tag-desejo","tag-intimidade","tag-relacionamento"],"yoast_head":"<!-- This site is optimized with the Yoast SEO plugin v23.8 - https:\/\/yoast.com\/wordpress\/plugins\/seo\/ -->\n<title>Problemas no relacionamento? Veja como reacender a intimidade a dois - Estado de Minas - Em foco<\/title>\n<meta name=\"description\" content=\"Veja como reacender o desejo no relacionamento com atitudes simples que fortalecem a intimidade e o v\u00ednculo emocional.\" \/>\n<meta name=\"robots\" content=\"index, follow, max-snippet:-1, max-image-preview:large, max-video-preview:-1\" \/>\n<link rel=\"canonical\" href=\"https:\/\/www.em.com.br\/emfoco\/2025\/04\/27\/problemas-no-relacionamento-veja-como-reacender-a-intimidade-a-dois\/\" \/>\n<meta property=\"og:locale\" content=\"pt_BR\" \/>\n<meta property=\"og:type\" content=\"article\" \/>\n<meta property=\"og:title\" content=\"Problemas no relacionamento? Veja como reacender a intimidade a dois - Estado de Minas - Em foco\" \/>\n<meta property=\"og:description\" content=\"Veja como reacender o desejo no relacionamento com atitudes simples que fortalecem a intimidade e o v\u00ednculo emocional.\" \/>\n<meta property=\"og:url\" content=\"https:\/\/www.em.com.br\/emfoco\/2025\/04\/27\/problemas-no-relacionamento-veja-como-reacender-a-intimidade-a-dois\/\" \/>\n<meta property=\"og:site_name\" content=\"Estado de Minas - Em foco\" \/>\n<meta property=\"article:published_time\" content=\"2025-04-27T21:00:00+00:00\" \/>\n<meta property=\"article:modified_time\" content=\"2025-04-23T19:17:15+00:00\" \/>\n<meta property=\"og:image\" content=\"https:\/\/www.em.com.br\/emfoco\/wp-content\/uploads\/2025\/04\/Couple_1745419321165.jpg\" \/>\n\t<meta property=\"og:image:width\" content=\"1280\" \/>\n\t<meta property=\"og:image:height\" content=\"720\" \/>\n\t<meta property=\"og:image:type\" content=\"image\/jpeg\" \/>\n<meta name=\"author\" content=\"Gabriel Martins\" \/>\n<meta name=\"twitter:card\" content=\"summary_large_image\" \/>\n<meta name=\"twitter:label1\" content=\"Escrito por\" \/>\n\t<meta name=\"twitter:data1\" content=\"Gabriel Martins\" \/>\n\t<meta name=\"twitter:label2\" content=\"Est. tempo de leitura\" \/>\n\t<meta name=\"twitter:data2\" content=\"3 minutos\" \/>\n<!-- \/ Yoast SEO plugin. -->","yoast_head_json":{"title":"Problemas no relacionamento? Veja como reacender a intimidade a dois - Estado de Minas - Em foco","description":"Veja como reacender o desejo no relacionamento com atitudes simples que fortalecem a intimidade e o v\u00ednculo emocional.","robots":{"index":"index","follow":"follow","max-snippet":"max-snippet:-1","max-image-preview":"max-image-preview:large","max-video-preview":"max-video-preview:-1"},"canonical":"https:\/\/www.em.com.br\/emfoco\/2025\/04\/27\/problemas-no-relacionamento-veja-como-reacender-a-intimidade-a-dois\/","og_locale":"pt_BR","og_type":"article","og_title":"Problemas no relacionamento? Veja como reacender a intimidade a dois - Estado de Minas - Em foco","og_description":"Veja como reacender o desejo no relacionamento com atitudes simples que fortalecem a intimidade e o v\u00ednculo emocional.","og_url":"https:\/\/www.em.com.br\/emfoco\/2025\/04\/27\/problemas-no-relacionamento-veja-como-reacender-a-intimidade-a-dois\/","og_site_name":"Estado de Minas - Em foco","article_published_time":"2025-04-27T21:00:00+00:00","article_modified_time":"2025-04-23T19:17:15+00:00","og_image":[{"width":1280,"height":720,"url":"https:\/\/www.em.com.br\/emfoco\/wp-content\/uploads\/2025\/04\/Couple_1745419321165.jpg","type":"image\/jpeg"}],"author":"Gabriel Martins","twitter_card":"summary_large_image","twitter_misc":{"Escrito por":"Gabriel Martins","Est. tempo de leitura":"3 minutos"},"schema":{"@context":"https:\/\/schema.org","@graph":[{"@type":"WebPage","@id":"https:\/\/www.em.com.br\/emfoco\/2025\/04\/27\/problemas-no-relacionamento-veja-como-reacender-a-intimidade-a-dois\/","url":"https:\/\/www.em.com.br\/emfoco\/2025\/04\/27\/problemas-no-relacionamento-veja-como-reacender-a-intimidade-a-dois\/","name":"Problemas no relacionamento? Veja como reacender a intimidade a dois - Estado de Minas - Em foco","isPartOf":{"@id":"https:\/\/www.em.com.br\/emfoco\/#website"},"primaryImageOfPage":{"@id":"https:\/\/www.em.com.br\/emfoco\/2025\/04\/27\/problemas-no-relacionamento-veja-como-reacender-a-intimidade-a-dois\/#primaryimage"},"image":{"@id":"https:\/\/www.em.com.br\/emfoco\/2025\/04\/27\/problemas-no-relacionamento-veja-como-reacender-a-intimidade-a-dois\/#primaryimage"},"thumbnailUrl":"https:\/\/www.em.com.br\/emfoco\/wp-content\/uploads\/2025\/04\/Couple_1745419321165.jpg","datePublished":"2025-04-27T21:00:00+00:00","dateModified":"2025-04-23T19:17:15+00:00","author":{"@id":"https:\/\/www.em.com.br\/emfoco\/#\/schema\/person\/1c9ddeab18b98abeffef834667bcf08a"},"description":"Veja como reacender o desejo no relacionamento com atitudes simples que fortalecem a intimidade e o v\u00ednculo emocional.","breadcrumb":{"@id":"https:\/\/www.em.com.br\/emfoco\/2025\/04\/27\/problemas-no-relacionamento-veja-como-reacender-a-intimidade-a-dois\/#breadcrumb"},"inLanguage":"pt-BR","potentialAction":[{"@type":"ReadAction","target":["https:\/\/www.em.com.br\/emfoco\/2025\/04\/27\/problemas-no-relacionamento-veja-como-reacender-a-intimidade-a-dois\/"]}]},{"@type":"ImageObject","inLanguage":"pt-BR","@id":"https:\/\/www.em.com.br\/emfoco\/2025\/04\/27\/problemas-no-relacionamento-veja-como-reacender-a-intimidade-a-dois\/#primaryimage","url":"https:\/\/www.em.com.br\/emfoco\/wp-content\/uploads\/2025\/04\/Couple_1745419321165.jpg","contentUrl":"https:\/\/www.em.com.br\/emfoco\/wp-content\/uploads\/2025\/04\/Couple_1745419321165.jpg","width":1280,"height":720,"caption":"Imagem ilustrativa de casal - Cr\u00e9ditos: depositphotos.com \/ VitalikRadko"},{"@type":"BreadcrumbList","@id":"https:\/\/www.em.com.br\/emfoco\/2025\/04\/27\/problemas-no-relacionamento-veja-como-reacender-a-intimidade-a-dois\/#breadcrumb","itemListElement":[{"@type":"ListItem","position":1,"name":"In\u00edcio","item":"https:\/\/www.em.com.br\/emfoco\/"},{"@type":"ListItem","position":2,"name":"Problemas no relacionamento? Veja como reacender a intimidade a dois"}]},{"@type":"WebSite","@id":"https:\/\/www.em.com.br\/emfoco\/#website","url":"https:\/\/www.em.com.br\/emfoco\/","name":"Estado de Minas - Em foco","description":"Acompanhe as \u00faltimas not\u00edcias e fique bem informado sobre tudo o que acontece em Minas Gerais, Brasil e no mundo.","potentialAction":[{"@type":"SearchAction","target":{"@type":"EntryPoint","urlTemplate":"https:\/\/www.em.com.br\/emfoco\/?s={search_term_string}"},"query-input":{"@type":"PropertyValueSpecification","valueRequired":true,"valueName":"search_term_string"}}],"inLanguage":"pt-BR"},{"@type":"Person","@id":"https:\/\/www.em.com.br\/emfoco\/#\/schema\/person\/1c9ddeab18b98abeffef834667bcf08a","name":"Gabriel Martins","image":{"@type":"ImageObject","inLanguage":"pt-BR","@id":"https:\/\/www.em.com.br\/emfoco\/#\/schema\/person\/image\/","url":"https:\/\/secure.gravatar.com\/avatar\/f0f1e2efdfd88f1ad2cb08c5c2731e50?s=96&d=mm&r=g","contentUrl":"https:\/\/secure.gravatar.com\/avatar\/f0f1e2efdfd88f1ad2cb08c5c2731e50?s=96&d=mm&r=g","caption":"Gabriel Martins"},"sameAs":["https:\/\/www.em.com.br\/emfoco\/"],"url":"https:\/\/www.em.com.br\/emfoco\/author\/gabrielmartinsmyth\/"}]}},"_links":{"self":[{"href":"https:\/\/www.em.com.br\/emfoco\/wp-json\/wp\/v2\/posts\/40836","targetHints":{"allow":["GET"]}}],"collection":[{"href":"https:\/\/www.em.com.br\/emfoco\/wp-json\/wp\/v2\/posts"}],"about":[{"href":"https:\/\/www.em.com.br\/emfoco\/wp-json\/wp\/v2\/types\/post"}],"author":[{"embeddable":true,"href":"https:\/\/www.em.com.br\/emfoco\/wp-json\/wp\/v2\/users\/13"}],"replies":[{"embeddable":true,"href":"https:\/\/www.em.com.br\/emfoco\/wp-json\/wp\/v2\/comments?post=40836"}],"version-history":[{"count":2,"href":"https:\/\/www.em.com.br\/emfoco\/wp-json\/wp\/v2\/posts\/40836\/revisions"}],"predecessor-version":[{"id":40864,"href":"https:\/\/www.em.com.br\/emfoco\/wp-json\/wp\/v2\/posts\/40836\/revisions\/40864"}],"wp:featuredmedia":[{"embeddable":true,"href":"https:\/\/www.em.com.br\/emfoco\/wp-json\/wp\/v2\/media\/40855"}],"wp:attachment":[{"href":"https:\/\/www.em.com.br\/emfoco\/wp-json\/wp\/v2\/media?parent=40836"}],"wp:term":[{"taxonomy":"category","embeddable":true,"href":"https:\/\/www.em.com.br\/emfoco\/wp-json\/wp\/v2\/categories?post=40836"},{"taxonomy":"post_tag","embeddable":true,"href":"https:\/\/www.em.com.br\/emfoco\/wp-json\/wp\/v2\/tags?post=40836"}],"curies":[{"name":"wp","href":"https:\/\/api.w.org\/{rel}","templated":true}]}}