{"id":40729,"date":"2025-04-27T11:40:00","date_gmt":"2025-04-27T14:40:00","guid":{"rendered":"https:\/\/www.em.com.br\/emfoco\/?p=40729"},"modified":"2025-04-23T16:17:07","modified_gmt":"2025-04-23T19:17:07","slug":"conheca-a-cidade-azul-um-destino-alternativo-que-vai-te-surpreender","status":"publish","type":"post","link":"https:\/\/www.em.com.br\/emfoco\/2025\/04\/27\/conheca-a-cidade-azul-um-destino-alternativo-que-vai-te-surpreender\/","title":{"rendered":"Conhe\u00e7a a &#8220;cidade azul&#8221;, um destino alternativo que vai te surpreender"},"content":{"rendered":"\n<p>Localizada nas montanhas <strong><a href=\"https:\/\/pt.wikipedia.org\/wiki\/Rife\" target=\"_blank\" rel=\"noreferrer noopener\">Rif<\/a><\/strong>, no noroeste do <strong>Marrocos<\/strong>, <strong>Chefchaouen <\/strong>\u00e9 uma cidade conhecida por suas vibrantes constru\u00e7\u00f5es em tons de azul. Fundada em 1471, a cidade tem uma rica hist\u00f3ria que mistura influ\u00eancias \u00e1rabes, berberes e espanholas. Sua arquitetura \u00fanica e paisagens deslumbrantes atraem visitantes de todo o mundo.<\/p>\n\n\n\n<p>Al\u00e9m de seu apelo visual, Chefchaouen oferece uma experi\u00eancia cultural rica e aut\u00eantica. As ruas estreitas e sinuosas da medina s\u00e3o repletas de lojas de artesanato, caf\u00e9s e restaurantes que servem pratos tradicionais marroquinos. A cidade \u00e9 um destino ideal para aqueles que buscam uma experi\u00eancia tranquila e imersiva.<\/p>\n\n\n\n<h2 class=\"wp-block-heading\">Por que Chefchaouen \u00e9 Azul?<\/h2>\n\n\n\n<p>Uma das perguntas mais frequentes sobre Chefchaouen \u00e9 por que suas constru\u00e7\u00f5es s\u00e3o pintadas de azul. Existem v\u00e1rias teorias, mas a mais aceita \u00e9 que a cor azul foi introduzida por refugiados judeus que se estabeleceram na cidade durante a d\u00e9cada de 1930. Eles acreditavam que o azul simbolizava o c\u00e9u e lembrava a presen\u00e7a de Deus. Hoje, essa tradi\u00e7\u00e3o continua, e a cidade \u00e9 famosa por suas tonalidades deslumbrantes.<\/p>\n\n\n\n<figure class=\"wp-block-image size-large\"><img loading=\"lazy\" decoding=\"async\" width=\"1024\" height=\"576\" src=\"https:\/\/www.em.com.br\/emfoco\/wp-content\/uploads\/2025\/04\/Morocco-Chefchaouen_1745412293410-1024x576.jpg\" alt=\"Conhe\u00e7a a &quot;cidade azul&quot;, um destino alternativo que vai te surpreender\" class=\"wp-image-40743\" srcset=\"https:\/\/www.em.com.br\/emfoco\/wp-content\/uploads\/2025\/04\/Morocco-Chefchaouen_1745412293410-1024x576.jpg 1024w, https:\/\/www.em.com.br\/emfoco\/wp-content\/uploads\/2025\/04\/Morocco-Chefchaouen_1745412293410-300x169.jpg 300w, https:\/\/www.em.com.br\/emfoco\/wp-content\/uploads\/2025\/04\/Morocco-Chefchaouen_1745412293410-768x432.jpg 768w, https:\/\/www.em.com.br\/emfoco\/wp-content\/uploads\/2025\/04\/Morocco-Chefchaouen_1745412293410-750x422.jpg 750w, https:\/\/www.em.com.br\/emfoco\/wp-content\/uploads\/2025\/04\/Morocco-Chefchaouen_1745412293410-1140x641.jpg 1140w, https:\/\/www.em.com.br\/emfoco\/wp-content\/uploads\/2025\/04\/Morocco-Chefchaouen_1745412293410.jpg 1280w\" sizes=\"auto, (max-width: 1024px) 100vw, 1024px\" \/><figcaption class=\"wp-element-caption\">Chefchaouen, Marrocos &#8211; Cr\u00e9ditos: depositphotos.com \/ RuslanKal<\/figcaption><\/figure>\n\n\n\n<h2 class=\"wp-block-heading\">Qualidade de vida em Chefchaouen<\/h2>\n\n\n\n<p>Chefchaouen \u00e9 conhecida por oferecer uma qualidade de vida tranquila e relaxante. A cidade tem um ritmo de vida mais lento em compara\u00e7\u00e3o com outras cidades marroquinas, o que contribui para um ambiente mais calmo e pac\u00edfico. A proximidade com a natureza e a aus\u00eancia de grandes multid\u00f5es tornam Chefchaouen um lugar ideal para quem busca paz e serenidade.<\/p>\n\n\n\n<h2 class=\"wp-block-heading\">Educa\u00e7\u00e3o em Chefchaouen<\/h2>\n\n\n\n<p>A educa\u00e7\u00e3o em Chefchaouen \u00e9 um aspecto importante da vida local. A cidade possui v\u00e1rias escolas prim\u00e1rias e secund\u00e1rias, al\u00e9m de institui\u00e7\u00f5es de ensino superior. O governo marroquino tem investido em melhorar a infraestrutura educacional, garantindo que os jovens tenham acesso a uma educa\u00e7\u00e3o de qualidade. A presen\u00e7a de programas educacionais voltados para o turismo e a cultura local tamb\u00e9m \u00e9 not\u00e1vel.<\/p>\n\n\n\n<h2 class=\"wp-block-heading\">Turismo em Chefchaouen<\/h2>\n\n\n\n<p>O turismo \u00e9 uma das principais atividades econ\u00f4micas de Chefchaouen. A cidade atrai turistas de todo o mundo que v\u00eam explorar suas ruas azuis e a rica cultura local. Al\u00e9m das belezas arquitet\u00f4nicas, Chefchaouen oferece uma variedade de atividades ao ar livre, como caminhadas nas montanhas Rif e visitas a cachoeiras pr\u00f3ximas. O turismo sustent\u00e1vel \u00e9 uma prioridade, com esfor\u00e7os para preservar o patrim\u00f4nio cultural e natural da regi\u00e3o.<\/p>\n\n\n\n<h2 class=\"wp-block-heading\">Gastronomia local<\/h2>\n\n\n\n<p>A <strong><a href=\"https:\/\/www.em.com.br\/emfoco\/2025\/03\/10\/esses-destinos-tem-uma-culinaria-que-todo-turista-precisa-experimentar\/\" target=\"_blank\" rel=\"noreferrer noopener\">culin\u00e1ria <\/a><\/strong>de Chefchaouen \u00e9 uma fus\u00e3o de sabores marroquinos tradicionais com influ\u00eancias mediterr\u00e2neas. Os visitantes podem desfrutar de pratos como o tagine, cuscuz e pastilla, todos preparados com ingredientes frescos e locais. Os mercados da cidade oferecem uma variedade de especiarias, queijos e azeitonas, proporcionando uma experi\u00eancia gastron\u00f4mica aut\u00eantica.<\/p>\n\n\n\n<h2 class=\"wp-block-heading\">Artesanato e compras<\/h2>\n\n\n\n<p>Chefchaouen \u00e9 um para\u00edso para os amantes de artesanato. As lojas locais vendem uma variedade de produtos feitos \u00e0 m\u00e3o, incluindo tapetes, cer\u00e2micas e tecidos. Os artes\u00e3os da cidade s\u00e3o conhecidos por suas habilidades em trabalhar com l\u00e3 e madeira, criando pe\u00e7as \u00fanicas que refletem a cultura e a tradi\u00e7\u00e3o marroquina. As compras em Chefchaouen s\u00e3o uma experi\u00eancia envolvente, com a oportunidade de interagir diretamente com os artes\u00e3os.<\/p>\n\n\n\n<h2 class=\"wp-block-heading\">Explorando as montanhas Rif<\/h2>\n\n\n\n<p>As montanhas Rif que cercam Chefchaouen oferecem oportunidades incr\u00edveis para os entusiastas de atividades ao ar livre. Trilhas para caminhadas e trekking s\u00e3o abundantes, proporcionando vistas panor\u00e2micas deslumbrantes da paisagem ao redor. A biodiversidade da regi\u00e3o \u00e9 rica, com uma variedade de flora e fauna que encantam os visitantes. As montanhas tamb\u00e9m s\u00e3o um local perfeito para acampar e desfrutar da natureza.<\/p>\n\n\n\n<h2 class=\"wp-block-heading\">Como chegar a Chefchaouen<\/h2>\n\n\n\n<p>Chefchaouen \u00e9 acess\u00edvel a partir de v\u00e1rias cidades marroquinas. A cidade mais pr\u00f3xima com um aeroporto internacional \u00e9 T\u00e2nger, a cerca de duas horas de carro. De T\u00e2nger, os visitantes podem pegar um \u00f4nibus ou alugar um carro para chegar a Chefchaouen. As estradas s\u00e3o bem mantidas, e a viagem oferece vistas pitorescas das montanhas e do campo marroquino.<\/p>\n","protected":false},"excerpt":{"rendered":"<p>Localizada nas montanhas Rif, no noroeste do Marrocos, Chefchaouen \u00e9 uma cidade conhecida por suas vibrantes constru\u00e7\u00f5es em tons de azul. Fundada em 1471, a cidade tem uma rica hist\u00f3ria que mistura influ\u00eancias \u00e1rabes, berberes e espanholas. Sua arquitetura \u00fanica e paisagens deslumbrantes atraem visitantes de todo o mundo. Al\u00e9m de seu apelo visual, Chefchaouen [&hellip;]<\/p>\n","protected":false},"author":13,"featured_media":40741,"comment_status":"open","ping_status":"open","sticky":false,"template":"","format":"standard","meta":{"jnews-multi-image_gallery":[],"jnews_single_post":{"format":"standard"},"jnews_primary_category":[],"jnews_social_meta":[],"jnews_override_counter":[],"footnotes":""},"categories":[26],"tags":[7819,4326,157,1128],"class_list":["post-40729","post","type-post","status-publish","format-standard","has-post-thumbnail","hentry","category-cidades","tag-chefchaouen","tag-marrocos","tag-turismo","tag-viagem"],"yoast_head":"<!-- This site is optimized with the Yoast SEO plugin v23.8 - https:\/\/yoast.com\/wordpress\/plugins\/seo\/ -->\n<title>Conhe\u00e7a a &quot;cidade azul&quot;, um destino alternativo que vai te surpreender - Estado de Minas - Em foco<\/title>\n<meta name=\"description\" content=\"Ruas azuis, cultura vibrante e montanhas encantadoras fazem deste lugar um ref\u00fagio de tranquilidade e beleza.\" \/>\n<meta name=\"robots\" content=\"index, follow, max-snippet:-1, max-image-preview:large, max-video-preview:-1\" \/>\n<link rel=\"canonical\" href=\"https:\/\/www.em.com.br\/emfoco\/2025\/04\/27\/conheca-a-cidade-azul-um-destino-alternativo-que-vai-te-surpreender\/\" \/>\n<meta property=\"og:locale\" content=\"pt_BR\" \/>\n<meta property=\"og:type\" content=\"article\" \/>\n<meta property=\"og:title\" content=\"Conhe\u00e7a a &quot;cidade azul&quot;, um destino alternativo que vai te surpreender - Estado de Minas - Em foco\" \/>\n<meta property=\"og:description\" content=\"Ruas azuis, cultura vibrante e montanhas encantadoras fazem deste lugar um ref\u00fagio de tranquilidade e beleza.\" \/>\n<meta property=\"og:url\" content=\"https:\/\/www.em.com.br\/emfoco\/2025\/04\/27\/conheca-a-cidade-azul-um-destino-alternativo-que-vai-te-surpreender\/\" \/>\n<meta property=\"og:site_name\" content=\"Estado de Minas - Em foco\" \/>\n<meta property=\"article:published_time\" content=\"2025-04-27T14:40:00+00:00\" \/>\n<meta property=\"article:modified_time\" content=\"2025-04-23T19:17:07+00:00\" \/>\n<meta property=\"og:image\" content=\"https:\/\/www.em.com.br\/emfoco\/wp-content\/uploads\/2025\/04\/Morocco-Chefchaouen_1745412252100.jpg\" \/>\n\t<meta property=\"og:image:width\" content=\"1280\" \/>\n\t<meta property=\"og:image:height\" content=\"720\" \/>\n\t<meta property=\"og:image:type\" content=\"image\/jpeg\" \/>\n<meta name=\"author\" content=\"Gabriel Martins\" \/>\n<meta name=\"twitter:card\" content=\"summary_large_image\" \/>\n<meta name=\"twitter:label1\" content=\"Escrito por\" \/>\n\t<meta name=\"twitter:data1\" content=\"Gabriel Martins\" \/>\n\t<meta name=\"twitter:label2\" content=\"Est. tempo de leitura\" \/>\n\t<meta name=\"twitter:data2\" content=\"4 minutos\" \/>\n<!-- \/ Yoast SEO plugin. -->","yoast_head_json":{"title":"Conhe\u00e7a a \"cidade azul\", um destino alternativo que vai te surpreender - Estado de Minas - Em foco","description":"Ruas azuis, cultura vibrante e montanhas encantadoras fazem deste lugar um ref\u00fagio de tranquilidade e beleza.","robots":{"index":"index","follow":"follow","max-snippet":"max-snippet:-1","max-image-preview":"max-image-preview:large","max-video-preview":"max-video-preview:-1"},"canonical":"https:\/\/www.em.com.br\/emfoco\/2025\/04\/27\/conheca-a-cidade-azul-um-destino-alternativo-que-vai-te-surpreender\/","og_locale":"pt_BR","og_type":"article","og_title":"Conhe\u00e7a a \"cidade azul\", um destino alternativo que vai te surpreender - Estado de Minas - Em foco","og_description":"Ruas azuis, cultura vibrante e montanhas encantadoras fazem deste lugar um ref\u00fagio de tranquilidade e beleza.","og_url":"https:\/\/www.em.com.br\/emfoco\/2025\/04\/27\/conheca-a-cidade-azul-um-destino-alternativo-que-vai-te-surpreender\/","og_site_name":"Estado de Minas - Em foco","article_published_time":"2025-04-27T14:40:00+00:00","article_modified_time":"2025-04-23T19:17:07+00:00","og_image":[{"width":1280,"height":720,"url":"https:\/\/www.em.com.br\/emfoco\/wp-content\/uploads\/2025\/04\/Morocco-Chefchaouen_1745412252100.jpg","type":"image\/jpeg"}],"author":"Gabriel Martins","twitter_card":"summary_large_image","twitter_misc":{"Escrito por":"Gabriel Martins","Est. tempo de leitura":"4 minutos"},"schema":{"@context":"https:\/\/schema.org","@graph":[{"@type":"WebPage","@id":"https:\/\/www.em.com.br\/emfoco\/2025\/04\/27\/conheca-a-cidade-azul-um-destino-alternativo-que-vai-te-surpreender\/","url":"https:\/\/www.em.com.br\/emfoco\/2025\/04\/27\/conheca-a-cidade-azul-um-destino-alternativo-que-vai-te-surpreender\/","name":"Conhe\u00e7a a \"cidade azul\", um destino alternativo que vai te surpreender - Estado de Minas - Em foco","isPartOf":{"@id":"https:\/\/www.em.com.br\/emfoco\/#website"},"primaryImageOfPage":{"@id":"https:\/\/www.em.com.br\/emfoco\/2025\/04\/27\/conheca-a-cidade-azul-um-destino-alternativo-que-vai-te-surpreender\/#primaryimage"},"image":{"@id":"https:\/\/www.em.com.br\/emfoco\/2025\/04\/27\/conheca-a-cidade-azul-um-destino-alternativo-que-vai-te-surpreender\/#primaryimage"},"thumbnailUrl":"https:\/\/www.em.com.br\/emfoco\/wp-content\/uploads\/2025\/04\/Morocco-Chefchaouen_1745412252100.jpg","datePublished":"2025-04-27T14:40:00+00:00","dateModified":"2025-04-23T19:17:07+00:00","author":{"@id":"https:\/\/www.em.com.br\/emfoco\/#\/schema\/person\/1c9ddeab18b98abeffef834667bcf08a"},"description":"Ruas azuis, cultura vibrante e montanhas encantadoras fazem deste lugar um ref\u00fagio de tranquilidade e beleza.","breadcrumb":{"@id":"https:\/\/www.em.com.br\/emfoco\/2025\/04\/27\/conheca-a-cidade-azul-um-destino-alternativo-que-vai-te-surpreender\/#breadcrumb"},"inLanguage":"pt-BR","potentialAction":[{"@type":"ReadAction","target":["https:\/\/www.em.com.br\/emfoco\/2025\/04\/27\/conheca-a-cidade-azul-um-destino-alternativo-que-vai-te-surpreender\/"]}]},{"@type":"ImageObject","inLanguage":"pt-BR","@id":"https:\/\/www.em.com.br\/emfoco\/2025\/04\/27\/conheca-a-cidade-azul-um-destino-alternativo-que-vai-te-surpreender\/#primaryimage","url":"https:\/\/www.em.com.br\/emfoco\/wp-content\/uploads\/2025\/04\/Morocco-Chefchaouen_1745412252100.jpg","contentUrl":"https:\/\/www.em.com.br\/emfoco\/wp-content\/uploads\/2025\/04\/Morocco-Chefchaouen_1745412252100.jpg","width":1280,"height":720,"caption":"Chefchaouen, Marrocos - Cr\u00e9ditos: depositphotos.com \/ Irina-skr"},{"@type":"BreadcrumbList","@id":"https:\/\/www.em.com.br\/emfoco\/2025\/04\/27\/conheca-a-cidade-azul-um-destino-alternativo-que-vai-te-surpreender\/#breadcrumb","itemListElement":[{"@type":"ListItem","position":1,"name":"In\u00edcio","item":"https:\/\/www.em.com.br\/emfoco\/"},{"@type":"ListItem","position":2,"name":"Conhe\u00e7a a &#8220;cidade azul&#8221;, um destino alternativo que vai te surpreender"}]},{"@type":"WebSite","@id":"https:\/\/www.em.com.br\/emfoco\/#website","url":"https:\/\/www.em.com.br\/emfoco\/","name":"Estado de Minas - Em foco","description":"Acompanhe as \u00faltimas not\u00edcias e fique bem informado sobre tudo o que acontece em Minas Gerais, Brasil e no mundo.","potentialAction":[{"@type":"SearchAction","target":{"@type":"EntryPoint","urlTemplate":"https:\/\/www.em.com.br\/emfoco\/?s={search_term_string}"},"query-input":{"@type":"PropertyValueSpecification","valueRequired":true,"valueName":"search_term_string"}}],"inLanguage":"pt-BR"},{"@type":"Person","@id":"https:\/\/www.em.com.br\/emfoco\/#\/schema\/person\/1c9ddeab18b98abeffef834667bcf08a","name":"Gabriel Martins","image":{"@type":"ImageObject","inLanguage":"pt-BR","@id":"https:\/\/www.em.com.br\/emfoco\/#\/schema\/person\/image\/","url":"https:\/\/secure.gravatar.com\/avatar\/f0f1e2efdfd88f1ad2cb08c5c2731e50?s=96&d=mm&r=g","contentUrl":"https:\/\/secure.gravatar.com\/avatar\/f0f1e2efdfd88f1ad2cb08c5c2731e50?s=96&d=mm&r=g","caption":"Gabriel Martins"},"sameAs":["https:\/\/www.em.com.br\/emfoco\/"],"url":"https:\/\/www.em.com.br\/emfoco\/author\/gabrielmartinsmyth\/"}]}},"_links":{"self":[{"href":"https:\/\/www.em.com.br\/emfoco\/wp-json\/wp\/v2\/posts\/40729","targetHints":{"allow":["GET"]}}],"collection":[{"href":"https:\/\/www.em.com.br\/emfoco\/wp-json\/wp\/v2\/posts"}],"about":[{"href":"https:\/\/www.em.com.br\/emfoco\/wp-json\/wp\/v2\/types\/post"}],"author":[{"embeddable":true,"href":"https:\/\/www.em.com.br\/emfoco\/wp-json\/wp\/v2\/users\/13"}],"replies":[{"embeddable":true,"href":"https:\/\/www.em.com.br\/emfoco\/wp-json\/wp\/v2\/comments?post=40729"}],"version-history":[{"count":2,"href":"https:\/\/www.em.com.br\/emfoco\/wp-json\/wp\/v2\/posts\/40729\/revisions"}],"predecessor-version":[{"id":40744,"href":"https:\/\/www.em.com.br\/emfoco\/wp-json\/wp\/v2\/posts\/40729\/revisions\/40744"}],"wp:featuredmedia":[{"embeddable":true,"href":"https:\/\/www.em.com.br\/emfoco\/wp-json\/wp\/v2\/media\/40741"}],"wp:attachment":[{"href":"https:\/\/www.em.com.br\/emfoco\/wp-json\/wp\/v2\/media?parent=40729"}],"wp:term":[{"taxonomy":"category","embeddable":true,"href":"https:\/\/www.em.com.br\/emfoco\/wp-json\/wp\/v2\/categories?post=40729"},{"taxonomy":"post_tag","embeddable":true,"href":"https:\/\/www.em.com.br\/emfoco\/wp-json\/wp\/v2\/tags?post=40729"}],"curies":[{"name":"wp","href":"https:\/\/api.w.org\/{rel}","templated":true}]}}