{"id":40681,"date":"2025-04-22T21:30:00","date_gmt":"2025-04-23T00:30:00","guid":{"rendered":"https:\/\/www.em.com.br\/emfoco\/?p=40681"},"modified":"2025-04-22T18:43:28","modified_gmt":"2025-04-22T21:43:28","slug":"esse-pao-caseiro-viralizou-por-ser-facil-e-delicioso-demais","status":"publish","type":"post","link":"https:\/\/www.em.com.br\/emfoco\/2025\/04\/22\/esse-pao-caseiro-viralizou-por-ser-facil-e-delicioso-demais\/","title":{"rendered":"Esse p\u00e3o caseiro viralizou por ser f\u00e1cil e delicioso demais"},"content":{"rendered":"\n<p>O p\u00e3o caseiro de liquidificador \u00e9 uma alternativa pr\u00e1tica para quem deseja um p\u00e3o saboroso sem o trabalho de sovar a massa. Essa receita se destaca pela simplicidade e rapidez, permitindo que qualquer pessoa prepare um p\u00e3o fresco e macio em casa. Com ingredientes b\u00e1sicos e um liquidificador, \u00e9 poss\u00edvel criar uma massa homog\u00eanea e aerada, pronta para ser assada.<\/p>\n\n\n\n<p>Com o avan\u00e7o dos eletrodom\u00e9sticos, a ideia de misturar os ingredientes no liquidificador se popularizou, tornando-se uma solu\u00e7\u00e3o eficiente para quem busca praticidade na cozinha. Este m\u00e9todo n\u00e3o s\u00f3 economiza tempo, mas tamb\u00e9m garante um p\u00e3o caseiro delicioso, ideal para qualquer ocasi\u00e3o, segundo o site <a href=\"https:\/\/receitasdepesos.com.br\/pao-caseiro-rapido-bata-tudo-no-liquidificador-e-pronto.html\/\" target=\"_blank\" rel=\"noreferrer noopener\">Receitas de Peso.<\/a><\/p>\n\n\n\n<h2 class=\"wp-block-heading\">O que \u00e9 necess\u00e1rio para preparar o p\u00e3o caseiro de liquidificador?<\/h2>\n\n\n\n<p>Para fazer o p\u00e3o caseiro de liquidificador, s\u00e3o necess\u00e1rios alguns ingredientes simples e um pouco de paci\u00eancia para o tempo de crescimento da massa. A seguir, o passo a passo detalhado para preparar essa receita pr\u00e1tica e deliciosa.<\/p>\n\n\n\n<ol class=\"wp-block-list\">\n<li>No liquidificador, adicione 1 x\u00edcara de leite morno, 1\/4 de x\u00edcara de \u00f3leo, 1 ovo, 1 colher de sopa de a\u00e7\u00facar, 1 colher de ch\u00e1 de sal e 1 sach\u00ea de fermento biol\u00f3gico seco. Bata por cerca de 2 minutos at\u00e9 obter uma mistura homog\u00eanea.<\/li>\n\n\n\n<li>Despeje a mistura em uma tigela grande e acrescente 2 x\u00edcaras de farinha de trigo aos poucos, misturando com uma esp\u00e1tula at\u00e9 formar uma massa uniforme.<\/li>\n\n\n\n<li>Unte uma forma de p\u00e3o com \u00f3leo, despeje a massa e cubra com um pano de prato limpo. Deixe crescer por 40 minutos em um local morno, at\u00e9 dobrar de volume.<\/li>\n\n\n\n<li>Preaque\u00e7a o forno a 180\u00b0C e asse o p\u00e3o por 30 minutos, ou at\u00e9 que esteja dourado. Para verificar se est\u00e1 pronto, espete um palito no centro; se sair seco, o p\u00e3o est\u00e1 pronto.<\/li>\n<\/ol>\n\n\n\n<h2 class=\"wp-block-heading\">Quais s\u00e3o as varia\u00e7\u00f5es e dicas para o p\u00e3o de liquidificador?<\/h2>\n\n\n\n<p>O p\u00e3o caseiro de liquidificador \u00e9 vers\u00e1til e pode ser adaptado de v\u00e1rias maneiras para atender a diferentes prefer\u00eancias e necessidades alimentares. Aqui est\u00e3o algumas dicas e varia\u00e7\u00f5es para aprimorar a <a href=\"https:\/\/www.em.com.br\/emfoco\/2025\/04\/21\/sabor-de-infancia-e-aconchego-em-cada-fatia-desse-bolo-amanteigado\/\" target=\"_blank\" rel=\"noreferrer noopener\">receita<\/a>:<\/p>\n\n\n\n<ul class=\"wp-block-list\">\n<li><strong>Farinha Integral:<\/strong> Substitua parte ou toda a farinha de trigo por farinha integral para um p\u00e3o mais nutritivo.<\/li>\n\n\n\n<li><strong>Sem Lactose:<\/strong> Use \u00e1gua morna no lugar do leite para uma vers\u00e3o sem lactose.<\/li>\n\n\n\n<li><strong>Adi\u00e7\u00f5es de Sabor:<\/strong> Experimente adicionar queijo ralado ou ervas secas \u00e0 massa para um toque especial.<\/li>\n\n\n\n<li><strong>Casca Crocante:<\/strong> Borrife \u00e1gua no forno antes de assar ou pincele a superf\u00edcie do p\u00e3o com gema de ovo.<\/li>\n<\/ul>\n\n\n<div class=\"wp-block-image\">\n<figure class=\"aligncenter size-large\"><img loading=\"lazy\" decoding=\"async\" width=\"1024\" height=\"576\" src=\"https:\/\/www.em.com.br\/emfoco\/wp-content\/uploads\/2025\/04\/bread_1745358019881-1024x576.jpg\" alt=\"Esse p\u00e3o caseiro viralizou por ser f\u00e1cil e delicioso demais\" class=\"wp-image-40683\" srcset=\"https:\/\/www.em.com.br\/emfoco\/wp-content\/uploads\/2025\/04\/bread_1745358019881-1024x576.jpg 1024w, https:\/\/www.em.com.br\/emfoco\/wp-content\/uploads\/2025\/04\/bread_1745358019881-300x169.jpg 300w, https:\/\/www.em.com.br\/emfoco\/wp-content\/uploads\/2025\/04\/bread_1745358019881-768x432.jpg 768w, https:\/\/www.em.com.br\/emfoco\/wp-content\/uploads\/2025\/04\/bread_1745358019881-750x422.jpg 750w, https:\/\/www.em.com.br\/emfoco\/wp-content\/uploads\/2025\/04\/bread_1745358019881-1140x641.jpg 1140w, https:\/\/www.em.com.br\/emfoco\/wp-content\/uploads\/2025\/04\/bread_1745358019881.jpg 1280w\" sizes=\"auto, (max-width: 1024px) 100vw, 1024px\" \/><figcaption class=\"wp-element-caption\">P\u00e3es (Cr\u00e9ditos: depositphotos.com \/ zmaris)<\/figcaption><\/figure><\/div>\n\n\n<h2 class=\"wp-block-heading\">Como armazenar e conservar o p\u00e3o caseiro corretamente?<\/h2>\n\n\n\n<p>Para manter o p\u00e3o caseiro fresco e macio, \u00e9 importante armazen\u00e1-lo corretamente. Ap\u00f3s esfriar, coloque-o em um saco pl\u00e1stico bem fechado ou em um pote herm\u00e9tico. Ele pode ser mantido em temperatura ambiente por at\u00e9 3 dias ou na geladeira por at\u00e9 7 dias. Para congelar, corte em fatias e armazene em sacos individuais no freezer por at\u00e9 3 meses. Para reaquecer, basta levar ao forno ou \u00e0 torradeira.<\/p>\n\n\n\n<h2 class=\"wp-block-heading\">Quais s\u00e3o as perguntas frequentes sobre o p\u00e3o de liquidificador?<\/h2>\n\n\n\n<p>\u00c9 comum surgirem d\u00favidas ao preparar o p\u00e3o caseiro de liquidificador. Aqui est\u00e3o algumas perguntas frequentes e suas respostas:<\/p>\n\n\n\n<ul class=\"wp-block-list\">\n<li><strong>Posso substituir a farinha de trigo por integral?<\/strong> Sim, a substitui\u00e7\u00e3o \u00e9 poss\u00edvel, mas o p\u00e3o ficar\u00e1 mais denso.<\/li>\n\n\n\n<li><strong>O que fazer se a massa n\u00e3o crescer?<\/strong> Verifique a validade do fermento e a temperatura do leite, que deve estar morno.<\/li>\n\n\n\n<li><strong>Posso usar fermento qu\u00edmico?<\/strong> N\u00e3o, o fermento biol\u00f3gico \u00e9 necess\u00e1rio para o crescimento adequado do p\u00e3o.<\/li>\n\n\n\n<li><strong>\u00c9 poss\u00edvel fazer a receita sem ovos?<\/strong> Sim, substitua o ovo por linha\u00e7a hidratada ou pur\u00ea de banana.<\/li>\n<\/ul>\n","protected":false},"excerpt":{"rendered":"<p>O p\u00e3o caseiro de liquidificador \u00e9 uma alternativa pr\u00e1tica para quem deseja um p\u00e3o saboroso sem o trabalho de sovar a massa. Essa receita se destaca pela simplicidade e rapidez, permitindo que qualquer pessoa prepare um p\u00e3o fresco e macio em casa. Com ingredientes b\u00e1sicos e um liquidificador, \u00e9 poss\u00edvel criar uma massa homog\u00eanea e [&hellip;]<\/p>\n","protected":false},"author":10,"featured_media":40682,"comment_status":"open","ping_status":"open","sticky":false,"template":"","format":"standard","meta":{"jnews-multi-image_gallery":[],"jnews_single_post":{"format":"standard"},"jnews_primary_category":[],"jnews_social_meta":[],"jnews_override_counter":[],"footnotes":""},"categories":[29,1],"tags":[248,4769,3440],"class_list":["post-40681","post","type-post","status-publish","format-standard","has-post-thumbnail","hentry","category-entretenimento","category-noticias","tag-culinaria","tag-pao-caseiro","tag-receita"],"yoast_head":"<!-- This site is optimized with the Yoast SEO plugin v23.8 - https:\/\/yoast.com\/wordpress\/plugins\/seo\/ -->\n<title>Esse p\u00e3o caseiro viralizou por ser f\u00e1cil e delicioso demais - Estado de Minas - Em foco<\/title>\n<meta name=\"robots\" content=\"index, follow, max-snippet:-1, max-image-preview:large, max-video-preview:-1\" \/>\n<link rel=\"canonical\" href=\"https:\/\/www.em.com.br\/emfoco\/2025\/04\/22\/esse-pao-caseiro-viralizou-por-ser-facil-e-delicioso-demais\/\" \/>\n<meta property=\"og:locale\" content=\"pt_BR\" \/>\n<meta property=\"og:type\" content=\"article\" \/>\n<meta property=\"og:title\" content=\"Esse p\u00e3o caseiro viralizou por ser f\u00e1cil e delicioso demais - Estado de Minas - Em foco\" \/>\n<meta property=\"og:description\" content=\"O p\u00e3o caseiro de liquidificador \u00e9 uma alternativa pr\u00e1tica para quem deseja um p\u00e3o saboroso sem o trabalho de sovar a massa. Essa receita se destaca pela simplicidade e rapidez, permitindo que qualquer pessoa prepare um p\u00e3o fresco e macio em casa. Com ingredientes b\u00e1sicos e um liquidificador, \u00e9 poss\u00edvel criar uma massa homog\u00eanea e [&hellip;]\" \/>\n<meta property=\"og:url\" content=\"https:\/\/www.em.com.br\/emfoco\/2025\/04\/22\/esse-pao-caseiro-viralizou-por-ser-facil-e-delicioso-demais\/\" \/>\n<meta property=\"og:site_name\" content=\"Estado de Minas - Em foco\" \/>\n<meta property=\"article:published_time\" content=\"2025-04-23T00:30:00+00:00\" \/>\n<meta property=\"article:modified_time\" content=\"2025-04-22T21:43:28+00:00\" \/>\n<meta property=\"og:image\" content=\"https:\/\/www.em.com.br\/emfoco\/wp-content\/uploads\/2025\/04\/bread_1745357970846.jpg\" \/>\n\t<meta property=\"og:image:width\" content=\"1280\" \/>\n\t<meta property=\"og:image:height\" content=\"720\" \/>\n\t<meta property=\"og:image:type\" content=\"image\/jpeg\" \/>\n<meta name=\"author\" content=\"Patryck Reinehr\" \/>\n<meta name=\"twitter:card\" content=\"summary_large_image\" \/>\n<meta name=\"twitter:label1\" content=\"Escrito por\" \/>\n\t<meta name=\"twitter:data1\" content=\"Patryck Reinehr\" \/>\n\t<meta name=\"twitter:label2\" content=\"Est. tempo de leitura\" \/>\n\t<meta name=\"twitter:data2\" content=\"4 minutos\" \/>\n<!-- \/ Yoast SEO plugin. -->","yoast_head_json":{"title":"Esse p\u00e3o caseiro viralizou por ser f\u00e1cil e delicioso demais - Estado de Minas - Em foco","robots":{"index":"index","follow":"follow","max-snippet":"max-snippet:-1","max-image-preview":"max-image-preview:large","max-video-preview":"max-video-preview:-1"},"canonical":"https:\/\/www.em.com.br\/emfoco\/2025\/04\/22\/esse-pao-caseiro-viralizou-por-ser-facil-e-delicioso-demais\/","og_locale":"pt_BR","og_type":"article","og_title":"Esse p\u00e3o caseiro viralizou por ser f\u00e1cil e delicioso demais - Estado de Minas - Em foco","og_description":"O p\u00e3o caseiro de liquidificador \u00e9 uma alternativa pr\u00e1tica para quem deseja um p\u00e3o saboroso sem o trabalho de sovar a massa. Essa receita se destaca pela simplicidade e rapidez, permitindo que qualquer pessoa prepare um p\u00e3o fresco e macio em casa. Com ingredientes b\u00e1sicos e um liquidificador, \u00e9 poss\u00edvel criar uma massa homog\u00eanea e [&hellip;]","og_url":"https:\/\/www.em.com.br\/emfoco\/2025\/04\/22\/esse-pao-caseiro-viralizou-por-ser-facil-e-delicioso-demais\/","og_site_name":"Estado de Minas - Em foco","article_published_time":"2025-04-23T00:30:00+00:00","article_modified_time":"2025-04-22T21:43:28+00:00","og_image":[{"width":1280,"height":720,"url":"https:\/\/www.em.com.br\/emfoco\/wp-content\/uploads\/2025\/04\/bread_1745357970846.jpg","type":"image\/jpeg"}],"author":"Patryck Reinehr","twitter_card":"summary_large_image","twitter_misc":{"Escrito por":"Patryck Reinehr","Est. tempo de leitura":"4 minutos"},"schema":{"@context":"https:\/\/schema.org","@graph":[{"@type":"WebPage","@id":"https:\/\/www.em.com.br\/emfoco\/2025\/04\/22\/esse-pao-caseiro-viralizou-por-ser-facil-e-delicioso-demais\/","url":"https:\/\/www.em.com.br\/emfoco\/2025\/04\/22\/esse-pao-caseiro-viralizou-por-ser-facil-e-delicioso-demais\/","name":"Esse p\u00e3o caseiro viralizou por ser f\u00e1cil e delicioso demais - Estado de Minas - Em foco","isPartOf":{"@id":"https:\/\/www.em.com.br\/emfoco\/#website"},"primaryImageOfPage":{"@id":"https:\/\/www.em.com.br\/emfoco\/2025\/04\/22\/esse-pao-caseiro-viralizou-por-ser-facil-e-delicioso-demais\/#primaryimage"},"image":{"@id":"https:\/\/www.em.com.br\/emfoco\/2025\/04\/22\/esse-pao-caseiro-viralizou-por-ser-facil-e-delicioso-demais\/#primaryimage"},"thumbnailUrl":"https:\/\/www.em.com.br\/emfoco\/wp-content\/uploads\/2025\/04\/bread_1745357970846.jpg","datePublished":"2025-04-23T00:30:00+00:00","dateModified":"2025-04-22T21:43:28+00:00","author":{"@id":"https:\/\/www.em.com.br\/emfoco\/#\/schema\/person\/43407752bebcbbb4d0ec79deedc0d7ce"},"breadcrumb":{"@id":"https:\/\/www.em.com.br\/emfoco\/2025\/04\/22\/esse-pao-caseiro-viralizou-por-ser-facil-e-delicioso-demais\/#breadcrumb"},"inLanguage":"pt-BR","potentialAction":[{"@type":"ReadAction","target":["https:\/\/www.em.com.br\/emfoco\/2025\/04\/22\/esse-pao-caseiro-viralizou-por-ser-facil-e-delicioso-demais\/"]}]},{"@type":"ImageObject","inLanguage":"pt-BR","@id":"https:\/\/www.em.com.br\/emfoco\/2025\/04\/22\/esse-pao-caseiro-viralizou-por-ser-facil-e-delicioso-demais\/#primaryimage","url":"https:\/\/www.em.com.br\/emfoco\/wp-content\/uploads\/2025\/04\/bread_1745357970846.jpg","contentUrl":"https:\/\/www.em.com.br\/emfoco\/wp-content\/uploads\/2025\/04\/bread_1745357970846.jpg","width":1280,"height":720,"caption":"P\u00e3o (Cr\u00e9ditos: depositphotos.com \/ beats1)"},{"@type":"BreadcrumbList","@id":"https:\/\/www.em.com.br\/emfoco\/2025\/04\/22\/esse-pao-caseiro-viralizou-por-ser-facil-e-delicioso-demais\/#breadcrumb","itemListElement":[{"@type":"ListItem","position":1,"name":"In\u00edcio","item":"https:\/\/www.em.com.br\/emfoco\/"},{"@type":"ListItem","position":2,"name":"Esse p\u00e3o caseiro viralizou por ser f\u00e1cil e delicioso demais"}]},{"@type":"WebSite","@id":"https:\/\/www.em.com.br\/emfoco\/#website","url":"https:\/\/www.em.com.br\/emfoco\/","name":"Estado de Minas - Em foco","description":"Acompanhe as \u00faltimas not\u00edcias e fique bem informado sobre tudo o que acontece em Minas Gerais, Brasil e no mundo.","potentialAction":[{"@type":"SearchAction","target":{"@type":"EntryPoint","urlTemplate":"https:\/\/www.em.com.br\/emfoco\/?s={search_term_string}"},"query-input":{"@type":"PropertyValueSpecification","valueRequired":true,"valueName":"search_term_string"}}],"inLanguage":"pt-BR"},{"@type":"Person","@id":"https:\/\/www.em.com.br\/emfoco\/#\/schema\/person\/43407752bebcbbb4d0ec79deedc0d7ce","name":"Patryck Reinehr","image":{"@type":"ImageObject","inLanguage":"pt-BR","@id":"https:\/\/www.em.com.br\/emfoco\/#\/schema\/person\/image\/","url":"https:\/\/secure.gravatar.com\/avatar\/570c7fb2898c0e2df0823196891bea88?s=96&d=mm&r=g","contentUrl":"https:\/\/secure.gravatar.com\/avatar\/570c7fb2898c0e2df0823196891bea88?s=96&d=mm&r=g","caption":"Patryck Reinehr"},"url":"https:\/\/www.em.com.br\/emfoco\/author\/patryckmyth\/"}]}},"_links":{"self":[{"href":"https:\/\/www.em.com.br\/emfoco\/wp-json\/wp\/v2\/posts\/40681","targetHints":{"allow":["GET"]}}],"collection":[{"href":"https:\/\/www.em.com.br\/emfoco\/wp-json\/wp\/v2\/posts"}],"about":[{"href":"https:\/\/www.em.com.br\/emfoco\/wp-json\/wp\/v2\/types\/post"}],"author":[{"embeddable":true,"href":"https:\/\/www.em.com.br\/emfoco\/wp-json\/wp\/v2\/users\/10"}],"replies":[{"embeddable":true,"href":"https:\/\/www.em.com.br\/emfoco\/wp-json\/wp\/v2\/comments?post=40681"}],"version-history":[{"count":1,"href":"https:\/\/www.em.com.br\/emfoco\/wp-json\/wp\/v2\/posts\/40681\/revisions"}],"predecessor-version":[{"id":40684,"href":"https:\/\/www.em.com.br\/emfoco\/wp-json\/wp\/v2\/posts\/40681\/revisions\/40684"}],"wp:featuredmedia":[{"embeddable":true,"href":"https:\/\/www.em.com.br\/emfoco\/wp-json\/wp\/v2\/media\/40682"}],"wp:attachment":[{"href":"https:\/\/www.em.com.br\/emfoco\/wp-json\/wp\/v2\/media?parent=40681"}],"wp:term":[{"taxonomy":"category","embeddable":true,"href":"https:\/\/www.em.com.br\/emfoco\/wp-json\/wp\/v2\/categories?post=40681"},{"taxonomy":"post_tag","embeddable":true,"href":"https:\/\/www.em.com.br\/emfoco\/wp-json\/wp\/v2\/tags?post=40681"}],"curies":[{"name":"wp","href":"https:\/\/api.w.org\/{rel}","templated":true}]}}