{"id":40674,"date":"2025-04-24T15:20:00","date_gmt":"2025-04-24T18:20:00","guid":{"rendered":"https:\/\/www.em.com.br\/emfoco\/?p=40674"},"modified":"2025-06-30T21:16:56","modified_gmt":"2025-07-01T00:16:56","slug":"voce-precisa-assistir-esses-lancamentos-da-netflix-antes-de-abril-acabar","status":"publish","type":"post","link":"https:\/\/www.em.com.br\/emfoco\/2025\/04\/24\/voce-precisa-assistir-esses-lancamentos-da-netflix-antes-de-abril-acabar\/","title":{"rendered":"Voc\u00ea precisa assistir esses lan\u00e7amentos da Netflix antes de abril acabar"},"content":{"rendered":"\n<p>Abril de 2025 chegou com tudo na <strong>Netflix<\/strong>, trazendo uma leva de novidades que prometem conquistar todos os tipos de p\u00fablico. De s\u00e9ries que misturam emo\u00e7\u00e3o e suspense a filmes que marcaram \u00e9poca, o cat\u00e1logo est\u00e1 recheado de op\u00e7\u00f5es para maratonar. Segundo dados recentes, a plataforma atingiu mais de 280 milh\u00f5es de assinantes globais em 2024, e esse crescimento mostra o quanto as produ\u00e7\u00f5es originais e cl\u00e1ssicos continuam atraindo f\u00e3s. \u00c9 hora de mergulhar nessas estreias e planejar suas pr\u00f3ximas sess\u00f5es de sof\u00e1!<\/p>\n\n\n\n<p>Seja voc\u00ea f\u00e3 de dramas intensos, anima\u00e7\u00f5es cheias de a\u00e7\u00e3o ou <a href=\"https:\/\/www.tecmundo.com.br\/minha-serie\/601034-10-filmes-e-series-de-peso-para-ver-na-netflix-em-abril-de-2025.htm?ab=true&amp;\" target=\"_blank\" rel=\"noreferrer noopener\">hist\u00f3rias <\/a>que cruzam fronteiras, abril tem algo especial guardado. Abaixo, listamos os principais lan\u00e7amentos do m\u00eas, com s\u00e9ries e filmes que v\u00e3o desde adapta\u00e7\u00f5es de jogos at\u00e9 cl\u00e1ssicos dos anos 90. Prepare-se para atualizar sua lista e curtir o melhor do entretenimento.<\/p>\n\n\n\n<h2 class=\"wp-block-heading\">Quais s\u00e3o os destaques das s\u00e9ries em abril?<\/h2>\n\n\n\n<figure class=\"wp-block-embed is-type-video is-provider-youtube wp-block-embed-youtube wp-embed-aspect-16-9 wp-has-aspect-ratio\"><div class=\"wp-block-embed__wrapper\">\n<div class=\"jeg_video_container jeg_video_content\"><iframe loading=\"lazy\" title=\"Pulso | Trailer oficial | Netflix\" width=\"500\" height=\"281\" src=\"https:\/\/www.youtube.com\/embed\/1thG78bh-rY?feature=oembed\" frameborder=\"0\" allow=\"accelerometer; autoplay; clipboard-write; encrypted-media; gyroscope; picture-in-picture; web-share\" referrerpolicy=\"strict-origin-when-cross-origin\" allowfullscreen><\/iframe><\/div>\n<\/div><\/figure>\n\n\n\n<p>Entre as s\u00e9ries que chegam \u00e0 Netflix em abril, destacam-se algumas produ\u00e7\u00f5es muito aguardadas. A s\u00e9rie m\u00e9dica Pulso, que estreio no dia 3 de abril, promete cativar o p\u00fablico com suas tramas emocionantes envolvendo residentes de um pronto-socorro em <strong>Miami<\/strong>. No mesmo dia, a anima\u00e7\u00e3o <strong>Devil May Cry<\/strong> chega \u00e0 plataforma, trazendo uma adapta\u00e7\u00e3o do famoso jogo eletr\u00f4nico, cheia de a\u00e7\u00e3o e aventura.<\/p>\n\n\n\n<figure class=\"wp-block-embed is-type-video is-provider-youtube wp-block-embed-youtube wp-embed-aspect-16-9 wp-has-aspect-ratio\"><div class=\"wp-block-embed__wrapper\">\n<div class=\"jeg_video_container jeg_video_content\"><iframe loading=\"lazy\" title=\"Black Mirror: Season 7 | Official Trailer | Netflix\" width=\"500\" height=\"281\" src=\"https:\/\/www.youtube.com\/embed\/1iqra1ojEvM?feature=oembed\" frameborder=\"0\" allow=\"accelerometer; autoplay; clipboard-write; encrypted-media; gyroscope; picture-in-picture; web-share\" referrerpolicy=\"strict-origin-when-cross-origin\" allowfullscreen><\/iframe><\/div>\n<\/div><\/figure>\n\n\n\n<p>Outro destaque \u00e9 a ic\u00f4nica s\u00e9rie Black Mirror, que retornou com sua s\u00e9tima temporada no dia 10 de abril. Conhecida por explorar os limites da tecnologia e da natureza humana, a s\u00e9rie promete novos epis\u00f3dios provocantes. J\u00e1 no dia 24 de abril, a s\u00e9rie Voc\u00ea estreio e \u00faltima temporada, prometendo um desfecho para a saga de <strong>Joe Goldberg.<\/strong><\/p>\n\n\n\n<h2 class=\"wp-block-heading\">Quais filmes cl\u00e1ssicos est\u00e3o de volta?<\/h2>\n\n\n\n<figure class=\"wp-block-embed is-type-video is-provider-youtube wp-block-embed-youtube wp-embed-aspect-16-9 wp-has-aspect-ratio\"><div class=\"wp-block-embed__wrapper\">\n<div class=\"jeg_video_container jeg_video_content\"><iframe loading=\"lazy\" title=\"As Patricinhas de Beverly Hills 1995 Trailer Oficial Legendado\" width=\"500\" height=\"281\" src=\"https:\/\/www.youtube.com\/embed\/9eJOE_s1ZaE?feature=oembed\" frameborder=\"0\" allow=\"accelerometer; autoplay; clipboard-write; encrypted-media; gyroscope; picture-in-picture; web-share\" referrerpolicy=\"strict-origin-when-cross-origin\" allowfullscreen><\/iframe><\/div>\n<\/div><\/figure>\n\n\n\n<p>Para os f\u00e3s de filmes cl\u00e1ssicos, abril tamb\u00e9m traz boas not\u00edcias. No dia 5 de abril, o filme As Patricinhas de Beverly Hills retornou ao cat\u00e1logo, oferecendo uma dose de com\u00e9dia e romance. Este cl\u00e1ssico teen segue a vida de Cher, uma estudante de <strong>Beverly Hills,<\/strong> enquanto ela navega pelos desafios da adolesc\u00eancia.<\/p>\n\n\n\n<figure class=\"wp-block-embed is-type-video is-provider-youtube wp-block-embed-youtube wp-embed-aspect-16-9 wp-has-aspect-ratio\"><div class=\"wp-block-embed__wrapper\">\n<div class=\"jeg_video_container jeg_video_content\"><iframe loading=\"lazy\" title=\"Guerra Civil | Tr\u00e1iler Oficial | Max\" width=\"500\" height=\"281\" src=\"https:\/\/www.youtube.com\/embed\/8AnI8auAaAc?feature=oembed\" frameborder=\"0\" allow=\"accelerometer; autoplay; clipboard-write; encrypted-media; gyroscope; picture-in-picture; web-share\" referrerpolicy=\"strict-origin-when-cross-origin\" allowfullscreen><\/iframe><\/div>\n<\/div><\/figure>\n\n\n\n<p>Outro destaque \u00e9 o filme Guerra Civil, que chegou \u00e0 Netflix no dia 18 de abril. Este drama de a\u00e7\u00e3o, ambientado em um futuro dist\u00f3pico, acompanha jornalistas em uma jornada perigosa pelos <strong>Estados Unidos<\/strong> durante um conflito nacional. A trama promete prender a aten\u00e7\u00e3o do p\u00fablico do in\u00edcio ao fim.<\/p>\n\n\n\n<h2 class=\"wp-block-heading\">Quais s\u00e3o as novidades em produ\u00e7\u00f5es internacionais?<\/h2>\n\n\n\n<figure class=\"wp-block-embed is-type-video is-provider-youtube wp-block-embed-youtube wp-embed-aspect-16-9 wp-has-aspect-ratio\"><div class=\"wp-block-embed__wrapper\">\n<div class=\"jeg_video_container jeg_video_content\"><iframe loading=\"lazy\" title=\"O Eternauta | Trailer oficial | Netflix\" width=\"500\" height=\"281\" src=\"https:\/\/www.youtube.com\/embed\/95V9sqY80K8?feature=oembed\" frameborder=\"0\" allow=\"accelerometer; autoplay; clipboard-write; encrypted-media; gyroscope; picture-in-picture; web-share\" referrerpolicy=\"strict-origin-when-cross-origin\" allowfullscreen><\/iframe><\/div>\n<\/div><\/figure>\n\n\n\n<p>A Netflix tamb\u00e9m traz novidades internacionais em abril. A s\u00e9rie argentina O Eternauta, que estreia no dia 30 de abril, \u00e9 uma produ\u00e7\u00e3o de fic\u00e7\u00e3o cient\u00edfica que promete surpreender. Estrelada por <strong>Ricardo Dar\u00edn<\/strong>, a trama gira em torno de uma tempestade de neve t\u00f3xica que amea\u00e7a a sobreviv\u00eancia de um grupo em<strong> Buenos Aires.<\/strong><\/p>\n\n\n\n<figure class=\"wp-block-embed is-type-video is-provider-youtube wp-block-embed-youtube wp-embed-aspect-16-9 wp-has-aspect-ratio\"><div class=\"wp-block-embed__wrapper\">\n<div class=\"jeg_video_container jeg_video_content\"><iframe loading=\"lazy\" title=\"Ransom Canyon | Official Trailer | Netflix\" width=\"500\" height=\"281\" src=\"https:\/\/www.youtube.com\/embed\/xbRmjVSrSpY?feature=oembed\" frameborder=\"0\" allow=\"accelerometer; autoplay; clipboard-write; encrypted-media; gyroscope; picture-in-picture; web-share\" referrerpolicy=\"strict-origin-when-cross-origin\" allowfullscreen><\/iframe><\/div>\n<\/div><\/figure>\n\n\n\n<p>Al\u00e9m disso, o seriado <strong>Ransom Canyon<\/strong>, que estreio no dia 17 de abril, \u00e9 uma op\u00e7\u00e3o interessante para os f\u00e3s de westerns. Ambientado no Texas, a s\u00e9rie explora a vida de tr\u00eas dinastias de fazendeiros e suas lutas por terras e legados, trazendo cenas dram\u00e1ticas e emocionantes.<\/p>\n\n\n\n<h2 class=\"wp-block-heading\">Por que voc\u00ea n\u00e3o pode perder os lan\u00e7amentos de maio?<\/h2>\n\n\n\n<p>As estreias de maio na <a href=\"https:\/\/www.em.com.br\/emfoco\/2025\/04\/20\/10-melhores-filmes-da-netflix-em-abril-para-ver-sem-arrependimento\/\" target=\"_blank\" rel=\"noreferrer noopener\"><strong>Netflix<\/strong> <\/a>s\u00e3o um convite para viajar por hist\u00f3rias que v\u00e3o do caos futurista ao charme dos anos 90. Com produ\u00e7\u00f5es que misturam culturas, g\u00eaneros e emo\u00e7\u00f5es, a plataforma entrega um cat\u00e1logo que reflete o melhor do entretenimento atual. \u00c9 a chance de se divertir com <strong>Cher<\/strong>, se emocionar com <strong>Joe Goldberg<\/strong> ou se aventurar com <strong>O Eternauta<\/strong>.<\/p>\n\n\n\n<p>Ent\u00e3o, reserve um tempinho, prepare a pipoca e mergulhe nessas novidades. Com op\u00e7\u00f5es que v\u00e3o de cl\u00e1ssicos a s\u00e9ries internacionais, maio \u00e9 perfeito para descobrir hist\u00f3rias que v\u00e3o marcar sua mem\u00f3ria. Escolha sua favorita e boa maratona!<\/p>\n","protected":false},"excerpt":{"rendered":"<p>Abril de 2025 chegou com tudo na Netflix, trazendo uma leva de novidades que prometem conquistar todos os tipos de p\u00fablico. De s\u00e9ries que misturam emo\u00e7\u00e3o e suspense a filmes que marcaram \u00e9poca, o cat\u00e1logo est\u00e1 recheado de op\u00e7\u00f5es para maratonar. Segundo dados recentes, a plataforma atingiu mais de 280 milh\u00f5es de assinantes globais em [&hellip;]<\/p>\n","protected":false},"author":12,"featured_media":40687,"comment_status":"open","ping_status":"open","sticky":false,"template":"","format":"standard","meta":{"jnews-multi-image_gallery":[],"jnews_single_post":{"format":"standard"},"jnews_primary_category":[],"jnews_social_meta":[],"jnews_override_counter":[],"footnotes":""},"categories":[136],"tags":[7809,727,231,607],"class_list":["post-40674","post","type-post","status-publish","format-standard","has-post-thumbnail","hentry","category-series","tag-estreias","tag-filmes","tag-netflix","tag-series"],"yoast_head":"<!-- This site is optimized with the Yoast SEO plugin v23.8 - https:\/\/yoast.com\/wordpress\/plugins\/seo\/ -->\n<title>Voc\u00ea precisa assistir esses lan\u00e7amentos da Netflix antes de abril acabar - Estado de Minas - Em foco<\/title>\n<meta name=\"description\" content=\"Atualize sua lista! Veja os melhores lan\u00e7amentos da Netflix em abril de 2025, com s\u00e9ries, filmes e document\u00e1rios para todos os gostos.\" \/>\n<meta name=\"robots\" content=\"index, follow, max-snippet:-1, max-image-preview:large, max-video-preview:-1\" \/>\n<link rel=\"canonical\" href=\"https:\/\/www.em.com.br\/emfoco\/2025\/04\/24\/voce-precisa-assistir-esses-lancamentos-da-netflix-antes-de-abril-acabar\/\" \/>\n<meta property=\"og:locale\" content=\"pt_BR\" \/>\n<meta property=\"og:type\" content=\"article\" \/>\n<meta property=\"og:title\" content=\"Voc\u00ea precisa assistir esses lan\u00e7amentos da Netflix antes de abril acabar - Estado de Minas - Em foco\" \/>\n<meta property=\"og:description\" content=\"Atualize sua lista! Veja os melhores lan\u00e7amentos da Netflix em abril de 2025, com s\u00e9ries, filmes e document\u00e1rios para todos os gostos.\" \/>\n<meta property=\"og:url\" content=\"https:\/\/www.em.com.br\/emfoco\/2025\/04\/24\/voce-precisa-assistir-esses-lancamentos-da-netflix-antes-de-abril-acabar\/\" \/>\n<meta property=\"og:site_name\" content=\"Estado de Minas - Em foco\" \/>\n<meta property=\"article:published_time\" content=\"2025-04-24T18:20:00+00:00\" \/>\n<meta property=\"article:modified_time\" content=\"2025-07-01T00:16:56+00:00\" \/>\n<meta property=\"og:image\" content=\"https:\/\/www.em.com.br\/emfoco\/wp-content\/uploads\/2025\/04\/Netflix_1745359111723.jpg\" \/>\n\t<meta property=\"og:image:width\" content=\"1280\" \/>\n\t<meta property=\"og:image:height\" content=\"720\" \/>\n\t<meta property=\"og:image:type\" content=\"image\/jpeg\" \/>\n<meta name=\"author\" content=\"Keren Ester\" \/>\n<meta name=\"twitter:card\" content=\"summary_large_image\" \/>\n<meta name=\"twitter:label1\" content=\"Escrito por\" \/>\n\t<meta name=\"twitter:data1\" content=\"Keren Ester\" \/>\n\t<meta name=\"twitter:label2\" content=\"Est. tempo de leitura\" \/>\n\t<meta name=\"twitter:data2\" content=\"4 minutos\" \/>\n<!-- \/ Yoast SEO plugin. -->","yoast_head_json":{"title":"Voc\u00ea precisa assistir esses lan\u00e7amentos da Netflix antes de abril acabar - Estado de Minas - Em foco","description":"Atualize sua lista! Veja os melhores lan\u00e7amentos da Netflix em abril de 2025, com s\u00e9ries, filmes e document\u00e1rios para todos os gostos.","robots":{"index":"index","follow":"follow","max-snippet":"max-snippet:-1","max-image-preview":"max-image-preview:large","max-video-preview":"max-video-preview:-1"},"canonical":"https:\/\/www.em.com.br\/emfoco\/2025\/04\/24\/voce-precisa-assistir-esses-lancamentos-da-netflix-antes-de-abril-acabar\/","og_locale":"pt_BR","og_type":"article","og_title":"Voc\u00ea precisa assistir esses lan\u00e7amentos da Netflix antes de abril acabar - Estado de Minas - Em foco","og_description":"Atualize sua lista! Veja os melhores lan\u00e7amentos da Netflix em abril de 2025, com s\u00e9ries, filmes e document\u00e1rios para todos os gostos.","og_url":"https:\/\/www.em.com.br\/emfoco\/2025\/04\/24\/voce-precisa-assistir-esses-lancamentos-da-netflix-antes-de-abril-acabar\/","og_site_name":"Estado de Minas - Em foco","article_published_time":"2025-04-24T18:20:00+00:00","article_modified_time":"2025-07-01T00:16:56+00:00","og_image":[{"width":1280,"height":720,"url":"https:\/\/www.em.com.br\/emfoco\/wp-content\/uploads\/2025\/04\/Netflix_1745359111723.jpg","type":"image\/jpeg"}],"author":"Keren Ester","twitter_card":"summary_large_image","twitter_misc":{"Escrito por":"Keren Ester","Est. tempo de leitura":"4 minutos"},"schema":{"@context":"https:\/\/schema.org","@graph":[{"@type":"WebPage","@id":"https:\/\/www.em.com.br\/emfoco\/2025\/04\/24\/voce-precisa-assistir-esses-lancamentos-da-netflix-antes-de-abril-acabar\/","url":"https:\/\/www.em.com.br\/emfoco\/2025\/04\/24\/voce-precisa-assistir-esses-lancamentos-da-netflix-antes-de-abril-acabar\/","name":"Voc\u00ea precisa assistir esses lan\u00e7amentos da Netflix antes de abril acabar - Estado de Minas - Em foco","isPartOf":{"@id":"https:\/\/www.em.com.br\/emfoco\/#website"},"primaryImageOfPage":{"@id":"https:\/\/www.em.com.br\/emfoco\/2025\/04\/24\/voce-precisa-assistir-esses-lancamentos-da-netflix-antes-de-abril-acabar\/#primaryimage"},"image":{"@id":"https:\/\/www.em.com.br\/emfoco\/2025\/04\/24\/voce-precisa-assistir-esses-lancamentos-da-netflix-antes-de-abril-acabar\/#primaryimage"},"thumbnailUrl":"https:\/\/www.em.com.br\/emfoco\/wp-content\/uploads\/2025\/04\/Netflix_1745359111723.jpg","datePublished":"2025-04-24T18:20:00+00:00","dateModified":"2025-07-01T00:16:56+00:00","author":{"@id":"https:\/\/www.em.com.br\/emfoco\/#\/schema\/person\/2e06e19826e476d778787245c8ef334d"},"description":"Atualize sua lista! Veja os melhores lan\u00e7amentos da Netflix em abril de 2025, com s\u00e9ries, filmes e document\u00e1rios para todos os gostos.","breadcrumb":{"@id":"https:\/\/www.em.com.br\/emfoco\/2025\/04\/24\/voce-precisa-assistir-esses-lancamentos-da-netflix-antes-de-abril-acabar\/#breadcrumb"},"inLanguage":"pt-BR","potentialAction":[{"@type":"ReadAction","target":["https:\/\/www.em.com.br\/emfoco\/2025\/04\/24\/voce-precisa-assistir-esses-lancamentos-da-netflix-antes-de-abril-acabar\/"]}]},{"@type":"ImageObject","inLanguage":"pt-BR","@id":"https:\/\/www.em.com.br\/emfoco\/2025\/04\/24\/voce-precisa-assistir-esses-lancamentos-da-netflix-antes-de-abril-acabar\/#primaryimage","url":"https:\/\/www.em.com.br\/emfoco\/wp-content\/uploads\/2025\/04\/Netflix_1745359111723.jpg","contentUrl":"https:\/\/www.em.com.br\/emfoco\/wp-content\/uploads\/2025\/04\/Netflix_1745359111723.jpg","width":1280,"height":720,"caption":"Tela televis\u00e3o ligada na Netflix-Cr\u00e9ditos: depositphotos.com \/ Info@vantagedrones.co.uk"},{"@type":"BreadcrumbList","@id":"https:\/\/www.em.com.br\/emfoco\/2025\/04\/24\/voce-precisa-assistir-esses-lancamentos-da-netflix-antes-de-abril-acabar\/#breadcrumb","itemListElement":[{"@type":"ListItem","position":1,"name":"In\u00edcio","item":"https:\/\/www.em.com.br\/emfoco\/"},{"@type":"ListItem","position":2,"name":"Voc\u00ea precisa assistir esses lan\u00e7amentos da Netflix antes de abril acabar"}]},{"@type":"WebSite","@id":"https:\/\/www.em.com.br\/emfoco\/#website","url":"https:\/\/www.em.com.br\/emfoco\/","name":"Estado de Minas - Em foco","description":"Acompanhe as \u00faltimas not\u00edcias e fique bem informado sobre tudo o que acontece em Minas Gerais, Brasil e no mundo.","potentialAction":[{"@type":"SearchAction","target":{"@type":"EntryPoint","urlTemplate":"https:\/\/www.em.com.br\/emfoco\/?s={search_term_string}"},"query-input":{"@type":"PropertyValueSpecification","valueRequired":true,"valueName":"search_term_string"}}],"inLanguage":"pt-BR"},{"@type":"Person","@id":"https:\/\/www.em.com.br\/emfoco\/#\/schema\/person\/2e06e19826e476d778787245c8ef334d","name":"Keren Ester","image":{"@type":"ImageObject","inLanguage":"pt-BR","@id":"https:\/\/www.em.com.br\/emfoco\/#\/schema\/person\/image\/","url":"https:\/\/secure.gravatar.com\/avatar\/b3d0f2b934f7fab59c611ea63b5cf4b1?s=96&d=mm&r=g","contentUrl":"https:\/\/secure.gravatar.com\/avatar\/b3d0f2b934f7fab59c611ea63b5cf4b1?s=96&d=mm&r=g","caption":"Keren Ester"},"url":"https:\/\/www.em.com.br\/emfoco\/author\/kerenmyth\/"}]}},"_links":{"self":[{"href":"https:\/\/www.em.com.br\/emfoco\/wp-json\/wp\/v2\/posts\/40674","targetHints":{"allow":["GET"]}}],"collection":[{"href":"https:\/\/www.em.com.br\/emfoco\/wp-json\/wp\/v2\/posts"}],"about":[{"href":"https:\/\/www.em.com.br\/emfoco\/wp-json\/wp\/v2\/types\/post"}],"author":[{"embeddable":true,"href":"https:\/\/www.em.com.br\/emfoco\/wp-json\/wp\/v2\/users\/12"}],"replies":[{"embeddable":true,"href":"https:\/\/www.em.com.br\/emfoco\/wp-json\/wp\/v2\/comments?post=40674"}],"version-history":[{"count":4,"href":"https:\/\/www.em.com.br\/emfoco\/wp-json\/wp\/v2\/posts\/40674\/revisions"}],"predecessor-version":[{"id":69413,"href":"https:\/\/www.em.com.br\/emfoco\/wp-json\/wp\/v2\/posts\/40674\/revisions\/69413"}],"wp:featuredmedia":[{"embeddable":true,"href":"https:\/\/www.em.com.br\/emfoco\/wp-json\/wp\/v2\/media\/40687"}],"wp:attachment":[{"href":"https:\/\/www.em.com.br\/emfoco\/wp-json\/wp\/v2\/media?parent=40674"}],"wp:term":[{"taxonomy":"category","embeddable":true,"href":"https:\/\/www.em.com.br\/emfoco\/wp-json\/wp\/v2\/categories?post=40674"},{"taxonomy":"post_tag","embeddable":true,"href":"https:\/\/www.em.com.br\/emfoco\/wp-json\/wp\/v2\/tags?post=40674"}],"curies":[{"name":"wp","href":"https:\/\/api.w.org\/{rel}","templated":true}]}}