{"id":40645,"date":"2025-04-25T12:20:00","date_gmt":"2025-04-25T15:20:00","guid":{"rendered":"https:\/\/www.em.com.br\/emfoco\/?p=40645"},"modified":"2025-04-24T14:46:26","modified_gmt":"2025-04-24T17:46:26","slug":"caixa-libera-saque-de-r-3-mil-para-trabalhadores-com-carteira-assinada","status":"publish","type":"post","link":"https:\/\/www.em.com.br\/emfoco\/2025\/04\/25\/caixa-libera-saque-de-r-3-mil-para-trabalhadores-com-carteira-assinada\/","title":{"rendered":"Caixa libera saque de R$ 3 mil para trabalhadores com carteira assinada"},"content":{"rendered":"\n<p>Em 2025, a <strong>Caixa Econ\u00f4mica Federal<\/strong> lan\u00e7ou uma nova linha de cr\u00e9dito destinada a trabalhadores com carteira assinada no <strong>Brasil<\/strong>. Denominada <strong>Cr\u00e9dito do Trabalhador<\/strong>, essa iniciativa visa proporcionar uma alternativa financeira acess\u00edvel para empregados sob o regime CLT, mesmo para aqueles que enfrentam restri\u00e7\u00f5es de cr\u00e9dito. Este programa surge em um momento em que muitos brasileiros buscam solu\u00e7\u00f5es para suas dificuldades financeiras.<\/p>\n\n\n\n<p>O Cr\u00e9dito do Trabalhador oferece empr\u00e9stimos de at\u00e9 R$ 3 mil, com taxas de juros competitivas e um processo de contrata\u00e7\u00e3o totalmente digital. Essa abordagem busca facilitar o acesso ao cr\u00e9dito para milh\u00f5es de trabalhadores formais, incluindo aqueles que anteriormente n\u00e3o tinham acesso a op\u00e7\u00f5es de cr\u00e9dito consignado.<\/p>\n\n\n\n<h2 class=\"wp-block-heading\">Funcionamento do cr\u00e9dito do trabalhador<\/h2>\n\n\n\n<p><strong>O processo de obten\u00e7\u00e3o do Cr\u00e9dito do Trabalhador \u00e9 realizado de forma digital, atrav\u00e9s do aplicativo da Carteira de Trabalho Digital<\/strong>. Dispon\u00edvel para dispositivos m\u00f3veis, o aplicativo permite que os trabalhadores simulem propostas de cr\u00e9dito e compartilhem seus dados com institui\u00e7\u00f5es financeiras. As ofertas s\u00e3o apresentadas rapidamente, permitindo que o trabalhador escolha e contrate a melhor op\u00e7\u00e3o diretamente pelo aplicativo ou via canais digitais como o WhatsApp.<\/p>\n\n\n\n<p>As parcelas do empr\u00e9stimo s\u00e3o descontadas diretamente da folha de pagamento do trabalhador, o que reduz o risco para as institui\u00e7\u00f5es financeiras e possibilita a oferta de taxas de juros mais baixas, variando entre 1,6% e 3,17% ao m\u00eas. Isso torna o cr\u00e9dito mais acess\u00edvel em compara\u00e7\u00e3o com outras formas de financiamento, como cart\u00f5es de cr\u00e9dito.<\/p>\n\n\n\n<figure class=\"wp-block-image size-large\"><img loading=\"lazy\" decoding=\"async\" width=\"1024\" height=\"576\" src=\"https:\/\/www.em.com.br\/emfoco\/wp-content\/uploads\/2025\/02\/PIS_PASEP_1738843592803-1024x576.jpg\" alt=\"\" class=\"wp-image-17181\" srcset=\"https:\/\/www.em.com.br\/emfoco\/wp-content\/uploads\/2025\/02\/PIS_PASEP_1738843592803-1024x576.jpg 1024w, https:\/\/www.em.com.br\/emfoco\/wp-content\/uploads\/2025\/02\/PIS_PASEP_1738843592803-300x169.jpg 300w, https:\/\/www.em.com.br\/emfoco\/wp-content\/uploads\/2025\/02\/PIS_PASEP_1738843592803-768x432.jpg 768w, https:\/\/www.em.com.br\/emfoco\/wp-content\/uploads\/2025\/02\/PIS_PASEP_1738843592803-750x422.jpg 750w, https:\/\/www.em.com.br\/emfoco\/wp-content\/uploads\/2025\/02\/PIS_PASEP_1738843592803-1140x641.jpg 1140w, https:\/\/www.em.com.br\/emfoco\/wp-content\/uploads\/2025\/02\/PIS_PASEP_1738843592803.jpg 1280w\" sizes=\"auto, (max-width: 1024px) 100vw, 1024px\" \/><figcaption class=\"wp-element-caption\">Caixa &#8211; Cr\u00e9ditos: depositphotos.com \/ joasouza<\/figcaption><\/figure>\n\n\n\n<h2 class=\"wp-block-heading\">Condi\u00e7\u00f5es e garantias do programa<\/h2>\n\n\n\n<p><strong>O Cr\u00e9dito do Trabalhador utiliza parte do saldo do FGTS e a multa rescis\u00f3ria como garantias, facilitando a aprova\u00e7\u00e3o do cr\u00e9dito<\/strong>. O valor m\u00e1ximo dispon\u00edvel para empr\u00e9stimo \u00e9 de R$ 3 mil, com a possibilidade de comprometer at\u00e9 35% da renda mensal do trabalhador. Essa linha de cr\u00e9dito est\u00e1 dispon\u00edvel para cerca de 47 milh\u00f5es de trabalhadores formais, incluindo grupos que anteriormente n\u00e3o tinham acesso a esse tipo de financiamento.<\/p>\n\n\n\n<p>Essa inclus\u00e3o \u00e9 significativa, pois abrange empregados dom\u00e9sticos, rurais e microempreendedores individuais (MEIs), ampliando o acesso ao cr\u00e9dito consignado para um p\u00fablico mais amplo.<\/p>\n\n\n\n<h2 class=\"wp-block-heading\">Implementa\u00e7\u00e3o e expectativas do programa<\/h2>\n\n\n\n<p>A implementa\u00e7\u00e3o do Cr\u00e9dito do Trabalhador come\u00e7ou em mar\u00e7o de 2025, com a assinatura de uma medida provis\u00f3ria que estabeleceu as bases para o programa. As opera\u00e7\u00f5es foram iniciadas atrav\u00e9s do aplicativo Carteira de Trabalho Digital, e posteriormente, a contrata\u00e7\u00e3o foi expandida para incluir plataformas digitais dos bancos.<\/p>\n\n\n\n<p>Espera-se que, nos pr\u00f3ximos anos, milh\u00f5es de trabalhadores optem por essa linha de cr\u00e9dito, movimentando bilh\u00f5es em empr\u00e9stimos. A regulamenta\u00e7\u00e3o do uso do FGTS como garantia e a possibilidade de portabilidade entre institui\u00e7\u00f5es financeiras s\u00e3o etapas previstas para serem conclu\u00eddas em breve.<\/p>\n\n\n\n<p>O Cr\u00e9dito do Trabalhador tem o potencial de oferecer uma solu\u00e7\u00e3o financeira mais acess\u00edvel para muitos brasileiros, contribuindo para a redu\u00e7\u00e3o do superendividamento. No entanto, \u00e9 crucial que os trabalhadores considerem cuidadosamente as condi\u00e7\u00f5es do empr\u00e9stimo, especialmente em rela\u00e7\u00e3o ao uso do FGTS como garantia, que pode limitar o acesso a esses fundos para outras finalidades.<\/p>\n\n\n\n<p>A educa\u00e7\u00e3o financeira desempenhar\u00e1 um papel crucial no sucesso deste programa, ajudando os trabalhadores a tomar decis\u00f5es informadas sobre suas finan\u00e7as pessoais. Com uma abordagem cuidadosa, o Cr\u00e9dito do Trabalhador pode se tornar uma ferramenta valiosa para melhorar a estabilidade financeira de milh\u00f5es de brasileiros.<\/p>\n","protected":false},"excerpt":{"rendered":"<p>Em 2025, a Caixa Econ\u00f4mica Federal lan\u00e7ou uma nova linha de cr\u00e9dito destinada a trabalhadores com carteira assinada no Brasil. Denominada Cr\u00e9dito do Trabalhador, essa iniciativa visa proporcionar uma alternativa financeira acess\u00edvel para empregados sob o regime CLT, mesmo para aqueles que enfrentam restri\u00e7\u00f5es de cr\u00e9dito. Este programa surge em um momento em que muitos [&hellip;]<\/p>\n","protected":false},"author":5,"featured_media":14751,"comment_status":"open","ping_status":"open","sticky":false,"template":"","format":"standard","meta":{"jnews-multi-image_gallery":[],"jnews_single_post":{"format":"standard"},"jnews_primary_category":[],"jnews_social_meta":[],"jnews_override_counter":[],"footnotes":""},"categories":[28,1],"tags":[862,1037,1036,641],"class_list":["post-40645","post","type-post","status-publish","format-standard","has-post-thumbnail","hentry","category-economia","category-noticias","tag-credito","tag-emprestimo","tag-fgts","tag-trabalhador"],"yoast_head":"<!-- This site is optimized with the Yoast SEO plugin v23.8 - https:\/\/yoast.com\/wordpress\/plugins\/seo\/ -->\n<title>Caixa libera saque de R$ 3 mil para trabalhadores com carteira assinada - Estado de Minas - Em foco<\/title>\n<meta name=\"description\" content=\"Empr\u00e9stimo da Caixa usa FGTS como garantia e est\u00e1 dispon\u00edvel mesmo para quem tem restri\u00e7\u00e3o no nome. Veja como solicitar.\" \/>\n<meta name=\"robots\" content=\"index, follow, max-snippet:-1, max-image-preview:large, max-video-preview:-1\" \/>\n<link rel=\"canonical\" href=\"https:\/\/www.em.com.br\/emfoco\/2025\/04\/25\/caixa-libera-saque-de-r-3-mil-para-trabalhadores-com-carteira-assinada\/\" \/>\n<meta property=\"og:locale\" content=\"pt_BR\" \/>\n<meta property=\"og:type\" content=\"article\" \/>\n<meta property=\"og:title\" content=\"Caixa libera saque de R$ 3 mil para trabalhadores com carteira assinada - Estado de Minas - Em foco\" \/>\n<meta property=\"og:description\" content=\"Empr\u00e9stimo da Caixa usa FGTS como garantia e est\u00e1 dispon\u00edvel mesmo para quem tem restri\u00e7\u00e3o no nome. Veja como solicitar.\" \/>\n<meta property=\"og:url\" content=\"https:\/\/www.em.com.br\/emfoco\/2025\/04\/25\/caixa-libera-saque-de-r-3-mil-para-trabalhadores-com-carteira-assinada\/\" \/>\n<meta property=\"og:site_name\" content=\"Estado de Minas - Em foco\" \/>\n<meta property=\"article:published_time\" content=\"2025-04-25T15:20:00+00:00\" \/>\n<meta property=\"article:modified_time\" content=\"2025-04-24T17:46:26+00:00\" \/>\n<meta property=\"og:image\" content=\"https:\/\/www.em.com.br\/emfoco\/wp-content\/uploads\/2025\/01\/dinheiro-brasil_1738187229576.jpg\" \/>\n\t<meta property=\"og:image:width\" content=\"1280\" \/>\n\t<meta property=\"og:image:height\" content=\"720\" \/>\n\t<meta property=\"og:image:type\" content=\"image\/jpeg\" \/>\n<meta name=\"author\" content=\"N\u00fabia Rangel\" \/>\n<meta name=\"twitter:card\" content=\"summary_large_image\" \/>\n<meta name=\"twitter:label1\" content=\"Escrito por\" \/>\n\t<meta name=\"twitter:data1\" content=\"N\u00fabia Rangel\" \/>\n\t<meta name=\"twitter:label2\" content=\"Est. tempo de leitura\" \/>\n\t<meta name=\"twitter:data2\" content=\"4 minutos\" \/>\n<!-- \/ Yoast SEO plugin. -->","yoast_head_json":{"title":"Caixa libera saque de R$ 3 mil para trabalhadores com carteira assinada - Estado de Minas - Em foco","description":"Empr\u00e9stimo da Caixa usa FGTS como garantia e est\u00e1 dispon\u00edvel mesmo para quem tem restri\u00e7\u00e3o no nome. Veja como solicitar.","robots":{"index":"index","follow":"follow","max-snippet":"max-snippet:-1","max-image-preview":"max-image-preview:large","max-video-preview":"max-video-preview:-1"},"canonical":"https:\/\/www.em.com.br\/emfoco\/2025\/04\/25\/caixa-libera-saque-de-r-3-mil-para-trabalhadores-com-carteira-assinada\/","og_locale":"pt_BR","og_type":"article","og_title":"Caixa libera saque de R$ 3 mil para trabalhadores com carteira assinada - Estado de Minas - Em foco","og_description":"Empr\u00e9stimo da Caixa usa FGTS como garantia e est\u00e1 dispon\u00edvel mesmo para quem tem restri\u00e7\u00e3o no nome. Veja como solicitar.","og_url":"https:\/\/www.em.com.br\/emfoco\/2025\/04\/25\/caixa-libera-saque-de-r-3-mil-para-trabalhadores-com-carteira-assinada\/","og_site_name":"Estado de Minas - Em foco","article_published_time":"2025-04-25T15:20:00+00:00","article_modified_time":"2025-04-24T17:46:26+00:00","og_image":[{"width":1280,"height":720,"url":"https:\/\/www.em.com.br\/emfoco\/wp-content\/uploads\/2025\/01\/dinheiro-brasil_1738187229576.jpg","type":"image\/jpeg"}],"author":"N\u00fabia Rangel","twitter_card":"summary_large_image","twitter_misc":{"Escrito por":"N\u00fabia Rangel","Est. tempo de leitura":"4 minutos"},"schema":{"@context":"https:\/\/schema.org","@graph":[{"@type":"WebPage","@id":"https:\/\/www.em.com.br\/emfoco\/2025\/04\/25\/caixa-libera-saque-de-r-3-mil-para-trabalhadores-com-carteira-assinada\/","url":"https:\/\/www.em.com.br\/emfoco\/2025\/04\/25\/caixa-libera-saque-de-r-3-mil-para-trabalhadores-com-carteira-assinada\/","name":"Caixa libera saque de R$ 3 mil para trabalhadores com carteira assinada - Estado de Minas - Em foco","isPartOf":{"@id":"https:\/\/www.em.com.br\/emfoco\/#website"},"primaryImageOfPage":{"@id":"https:\/\/www.em.com.br\/emfoco\/2025\/04\/25\/caixa-libera-saque-de-r-3-mil-para-trabalhadores-com-carteira-assinada\/#primaryimage"},"image":{"@id":"https:\/\/www.em.com.br\/emfoco\/2025\/04\/25\/caixa-libera-saque-de-r-3-mil-para-trabalhadores-com-carteira-assinada\/#primaryimage"},"thumbnailUrl":"https:\/\/www.em.com.br\/emfoco\/wp-content\/uploads\/2025\/01\/dinheiro-brasil_1738187229576.jpg","datePublished":"2025-04-25T15:20:00+00:00","dateModified":"2025-04-24T17:46:26+00:00","author":{"@id":"https:\/\/www.em.com.br\/emfoco\/#\/schema\/person\/524437ef54f8a5d32591b143307f2e20"},"description":"Empr\u00e9stimo da Caixa usa FGTS como garantia e est\u00e1 dispon\u00edvel mesmo para quem tem restri\u00e7\u00e3o no nome. Veja como solicitar.","breadcrumb":{"@id":"https:\/\/www.em.com.br\/emfoco\/2025\/04\/25\/caixa-libera-saque-de-r-3-mil-para-trabalhadores-com-carteira-assinada\/#breadcrumb"},"inLanguage":"pt-BR","potentialAction":[{"@type":"ReadAction","target":["https:\/\/www.em.com.br\/emfoco\/2025\/04\/25\/caixa-libera-saque-de-r-3-mil-para-trabalhadores-com-carteira-assinada\/"]}]},{"@type":"ImageObject","inLanguage":"pt-BR","@id":"https:\/\/www.em.com.br\/emfoco\/2025\/04\/25\/caixa-libera-saque-de-r-3-mil-para-trabalhadores-com-carteira-assinada\/#primaryimage","url":"https:\/\/www.em.com.br\/emfoco\/wp-content\/uploads\/2025\/01\/dinheiro-brasil_1738187229576.jpg","contentUrl":"https:\/\/www.em.com.br\/emfoco\/wp-content\/uploads\/2025\/01\/dinheiro-brasil_1738187229576.jpg","width":1280,"height":720,"caption":"Imagem Ilustrativa de Dinheiro - Cr\u00e9ditos: depositphotos.com \/ verganifotografia"},{"@type":"BreadcrumbList","@id":"https:\/\/www.em.com.br\/emfoco\/2025\/04\/25\/caixa-libera-saque-de-r-3-mil-para-trabalhadores-com-carteira-assinada\/#breadcrumb","itemListElement":[{"@type":"ListItem","position":1,"name":"In\u00edcio","item":"https:\/\/www.em.com.br\/emfoco\/"},{"@type":"ListItem","position":2,"name":"Caixa libera saque de R$ 3 mil para trabalhadores com carteira assinada"}]},{"@type":"WebSite","@id":"https:\/\/www.em.com.br\/emfoco\/#website","url":"https:\/\/www.em.com.br\/emfoco\/","name":"Estado de Minas - Em foco","description":"Acompanhe as \u00faltimas not\u00edcias e fique bem informado sobre tudo o que acontece em Minas Gerais, Brasil e no mundo.","potentialAction":[{"@type":"SearchAction","target":{"@type":"EntryPoint","urlTemplate":"https:\/\/www.em.com.br\/emfoco\/?s={search_term_string}"},"query-input":{"@type":"PropertyValueSpecification","valueRequired":true,"valueName":"search_term_string"}}],"inLanguage":"pt-BR"},{"@type":"Person","@id":"https:\/\/www.em.com.br\/emfoco\/#\/schema\/person\/524437ef54f8a5d32591b143307f2e20","name":"N\u00fabia Rangel","image":{"@type":"ImageObject","inLanguage":"pt-BR","@id":"https:\/\/www.em.com.br\/emfoco\/#\/schema\/person\/image\/","url":"https:\/\/secure.gravatar.com\/avatar\/47cff2827a5ba23c37e8068c86817ea4?s=96&d=mm&r=g","contentUrl":"https:\/\/secure.gravatar.com\/avatar\/47cff2827a5ba23c37e8068c86817ea4?s=96&d=mm&r=g","caption":"N\u00fabia Rangel"},"sameAs":["https:\/\/www.em.com.br\/emfoco\/"],"url":"https:\/\/www.em.com.br\/emfoco\/author\/nubiamyth\/"}]}},"_links":{"self":[{"href":"https:\/\/www.em.com.br\/emfoco\/wp-json\/wp\/v2\/posts\/40645","targetHints":{"allow":["GET"]}}],"collection":[{"href":"https:\/\/www.em.com.br\/emfoco\/wp-json\/wp\/v2\/posts"}],"about":[{"href":"https:\/\/www.em.com.br\/emfoco\/wp-json\/wp\/v2\/types\/post"}],"author":[{"embeddable":true,"href":"https:\/\/www.em.com.br\/emfoco\/wp-json\/wp\/v2\/users\/5"}],"replies":[{"embeddable":true,"href":"https:\/\/www.em.com.br\/emfoco\/wp-json\/wp\/v2\/comments?post=40645"}],"version-history":[{"count":3,"href":"https:\/\/www.em.com.br\/emfoco\/wp-json\/wp\/v2\/posts\/40645\/revisions"}],"predecessor-version":[{"id":41386,"href":"https:\/\/www.em.com.br\/emfoco\/wp-json\/wp\/v2\/posts\/40645\/revisions\/41386"}],"wp:featuredmedia":[{"embeddable":true,"href":"https:\/\/www.em.com.br\/emfoco\/wp-json\/wp\/v2\/media\/14751"}],"wp:attachment":[{"href":"https:\/\/www.em.com.br\/emfoco\/wp-json\/wp\/v2\/media?parent=40645"}],"wp:term":[{"taxonomy":"category","embeddable":true,"href":"https:\/\/www.em.com.br\/emfoco\/wp-json\/wp\/v2\/categories?post=40645"},{"taxonomy":"post_tag","embeddable":true,"href":"https:\/\/www.em.com.br\/emfoco\/wp-json\/wp\/v2\/tags?post=40645"}],"curies":[{"name":"wp","href":"https:\/\/api.w.org\/{rel}","templated":true}]}}