{"id":40591,"date":"2025-04-28T09:00:00","date_gmt":"2025-04-28T12:00:00","guid":{"rendered":"https:\/\/www.em.com.br\/emfoco\/?p=40591"},"modified":"2025-04-22T15:40:46","modified_gmt":"2025-04-22T18:40:46","slug":"aprenda-a-cultivar-cravos-de-forma-facil-e-sem-experiencia","status":"publish","type":"post","link":"https:\/\/www.em.com.br\/emfoco\/2025\/04\/28\/aprenda-a-cultivar-cravos-de-forma-facil-e-sem-experiencia\/","title":{"rendered":"Aprenda a cultivar cravos de forma f\u00e1cil e sem experi\u00eancia"},"content":{"rendered":"\n<p>O cravo, conhecido cientificamente como <em><strong>Dianthus caryophyllus<\/strong><\/em>, \u00e9 uma planta ornamental popular devido \u00e0s suas flores vibrantes e aroma agrad\u00e1vel. Origin\u00e1rio da regi\u00e3o mediterr\u00e2nea, o cravo \u00e9 amplamente cultivado em jardins e utilizado em arranjos florais. O cultivo de cravos pode ser uma atividade recompensadora, proporcionando beleza e fragr\u00e2ncia ao ambiente.<\/p>\n\n\n\n<p>Plantar cravos n\u00e3o \u00e9 uma tarefa complexa, mas requer aten\u00e7\u00e3o a alguns detalhes espec\u00edficos para garantir o sucesso do cultivo. Este artigo aborda as etapas essenciais para plantar cravos, desde a escolha do local at\u00e9 os cuidados di\u00e1rios necess\u00e1rios para o desenvolvimento saud\u00e1vel das plantas.<\/p>\n\n\n\n<h2 class=\"wp-block-heading\">Como escolher o local ideal para plantar cravos?<\/h2>\n\n\n\n<p>O primeiro passo para cultivar cravos com sucesso \u00e9 selecionar o local adequado. <strong>Os cravos prosperam em \u00e1reas que recebem luz solar direta por pelo menos seis horas di\u00e1rias<\/strong>. Portanto, \u00e9 importante escolher um local que ofere\u00e7a essa condi\u00e7\u00e3o. Al\u00e9m disso, o solo deve ser bem drenado para evitar o ac\u00famulo de \u00e1gua, que pode prejudicar as ra\u00edzes.<\/p>\n\n\n\n<p>Antes de plantar, <strong>\u00e9 recomend\u00e1vel preparar o solo, removendo pedras e detritos e incorporando mat\u00e9ria org\u00e2nica, como composto ou esterco bem curtido.<\/strong> Isso melhora a fertilidade do solo e proporciona um ambiente prop\u00edcio para o crescimento das plantas.<\/p>\n\n\n\n<figure class=\"wp-block-image size-large\"><img loading=\"lazy\" decoding=\"async\" width=\"1024\" height=\"576\" src=\"https:\/\/www.em.com.br\/emfoco\/wp-content\/uploads\/2025\/04\/Clove_1745346597447-1024x576.jpg\" alt=\"Aprenda a cultivar cravos de forma f\u00e1cil e sem experi\u00eancia\" class=\"wp-image-40606\" srcset=\"https:\/\/www.em.com.br\/emfoco\/wp-content\/uploads\/2025\/04\/Clove_1745346597447-1024x576.jpg 1024w, https:\/\/www.em.com.br\/emfoco\/wp-content\/uploads\/2025\/04\/Clove_1745346597447-300x169.jpg 300w, https:\/\/www.em.com.br\/emfoco\/wp-content\/uploads\/2025\/04\/Clove_1745346597447-768x432.jpg 768w, https:\/\/www.em.com.br\/emfoco\/wp-content\/uploads\/2025\/04\/Clove_1745346597447-750x422.jpg 750w, https:\/\/www.em.com.br\/emfoco\/wp-content\/uploads\/2025\/04\/Clove_1745346597447-1140x641.jpg 1140w, https:\/\/www.em.com.br\/emfoco\/wp-content\/uploads\/2025\/04\/Clove_1745346597447.jpg 1280w\" sizes=\"auto, (max-width: 1024px) 100vw, 1024px\" \/><figcaption class=\"wp-element-caption\">Cravos &#8211; Cr\u00e9ditos: depositphotos.com \/ gresey<\/figcaption><\/figure>\n\n\n\n<h2 class=\"wp-block-heading\">Quais s\u00e3o os passos para plantar cravos?<\/h2>\n\n\n\n<p>Plantar cravos envolve algumas etapas simples, mas essenciais, que devem ser seguidas para garantir o sucesso do cultivo. Abaixo est\u00e3o os passos detalhados:<\/p>\n\n\n\n<ol class=\"wp-block-list\">\n<li><strong>Escolha das sementes ou mudas:<\/strong> opte por sementes de qualidade ou mudas saud\u00e1veis de um fornecedor confi\u00e1vel.<\/li>\n\n\n\n<li><strong>Prepara\u00e7\u00e3o do solo:<\/strong> certifique-se de que o solo esteja bem preparado, conforme mencionado anteriormente, para proporcionar um ambiente nutritivo.<\/li>\n\n\n\n<li><strong>Plantio:<\/strong> se estiver usando sementes, plante-as a uma profundidade de cerca de 0,5 cm e mantenha uma dist\u00e2ncia de 20 a 30 cm entre cada planta. Para mudas, fa\u00e7a um buraco suficiente para acomodar as ra\u00edzes e plante-as na mesma profundidade em que estavam no recipiente original.<\/li>\n\n\n\n<li><strong>Rega:<\/strong> ap\u00f3s o plantio, regue bem as plantas para assentar o solo ao redor das ra\u00edzes. Mantenha o solo \u00famido, mas evite encharc\u00e1-lo.<\/li>\n\n\n\n<li><strong>Cuidados cont\u00ednuos:<\/strong> remova ervas daninhas regularmente e adube as plantas a cada seis semanas com um fertilizante balanceado para promover o crescimento saud\u00e1vel.<\/li>\n<\/ol>\n\n\n\n<h2 class=\"wp-block-heading\">Quais cuidados s\u00e3o necess\u00e1rios para manter os cravos saud\u00e1veis?<\/h2>\n\n\n\n<p>Manter os cravos saud\u00e1veis requer aten\u00e7\u00e3o a alguns cuidados di\u00e1rios.<strong> A irriga\u00e7\u00e3o deve ser feita de forma moderada, evitando tanto o ressecamento quanto o excesso de \u00e1gua<\/strong>. Al\u00e9m disso, \u00e9 importante monitorar a presen\u00e7a de pragas e doen\u00e7as, como <strong><a href=\"https:\/\/blog.aegro.com.br\/pulgao\/\" target=\"_blank\" rel=\"noreferrer noopener\">pulg\u00f5es <\/a><\/strong>e fungos, que podem afetar o desenvolvimento das plantas.<\/p>\n\n\n\n<p>A poda regular das flores murchas tamb\u00e9m \u00e9 essencial para estimular a produ\u00e7\u00e3o de novas flores e manter a planta vigorosa. <strong>Al\u00e9m disso, a aplica\u00e7\u00e3o de um fertilizante l\u00edquido durante a esta\u00e7\u00e3o de crescimento pode ajudar a fornecer os nutrientes necess\u00e1rios para um florescimento abundante.<\/strong><\/p>\n\n\n\n<p>O cultivo de cravos pode ser uma atividade gratificante, proporcionando beleza e aroma ao ambiente. Com a escolha adequada do local, prepara\u00e7\u00e3o do solo e cuidados cont\u00ednuos, \u00e9 poss\u00edvel desfrutar de cravos saud\u00e1veis e floridos. Seguindo as etapas e dicas apresentadas, qualquer pessoa pode cultivar cravos com sucesso, transformando seu <strong><a href=\"https:\/\/www.em.com.br\/emfoco\/2025\/04\/22\/aprenda-a-cultivar-plantas-que-espantam-formigas-do-jardim\/\" target=\"_blank\" rel=\"noreferrer noopener\">jardim <\/a><\/strong>em um espa\u00e7o encantador e perfumado.<\/p>\n","protected":false},"excerpt":{"rendered":"<p>O cravo, conhecido cientificamente como Dianthus caryophyllus, \u00e9 uma planta ornamental popular devido \u00e0s suas flores vibrantes e aroma agrad\u00e1vel. Origin\u00e1rio da regi\u00e3o mediterr\u00e2nea, o cravo \u00e9 amplamente cultivado em jardins e utilizado em arranjos florais. O cultivo de cravos pode ser uma atividade recompensadora, proporcionando beleza e fragr\u00e2ncia ao ambiente. Plantar cravos n\u00e3o \u00e9 [&hellip;]<\/p>\n","protected":false},"author":13,"featured_media":40605,"comment_status":"open","ping_status":"open","sticky":false,"template":"","format":"standard","meta":{"jnews-multi-image_gallery":[],"jnews_single_post":{"format":"standard"},"jnews_primary_category":[],"jnews_social_meta":[],"jnews_override_counter":[],"footnotes":""},"categories":[29],"tags":[5423,3139,3357,3358],"class_list":["post-40591","post","type-post","status-publish","format-standard","has-post-thumbnail","hentry","category-entretenimento","tag-cravo","tag-cultivo","tag-flores","tag-jardinagem"],"yoast_head":"<!-- This site is optimized with the Yoast SEO plugin v23.8 - https:\/\/yoast.com\/wordpress\/plugins\/seo\/ -->\n<title>Aprenda a cultivar cravos de forma f\u00e1cil e sem experi\u00eancia - Estado de Minas - Em foco<\/title>\n<meta name=\"description\" content=\"Veja como cultivar cravos em casa com um passo a passo simples e descubra os segredos para mant\u00ea-los saud\u00e1veis e floridos.\" \/>\n<meta name=\"robots\" content=\"index, follow, max-snippet:-1, max-image-preview:large, max-video-preview:-1\" \/>\n<link rel=\"canonical\" href=\"https:\/\/www.em.com.br\/emfoco\/2025\/04\/28\/aprenda-a-cultivar-cravos-de-forma-facil-e-sem-experiencia\/\" \/>\n<meta property=\"og:locale\" content=\"pt_BR\" \/>\n<meta property=\"og:type\" content=\"article\" \/>\n<meta property=\"og:title\" content=\"Aprenda a cultivar cravos de forma f\u00e1cil e sem experi\u00eancia - Estado de Minas - Em foco\" \/>\n<meta property=\"og:description\" content=\"Veja como cultivar cravos em casa com um passo a passo simples e descubra os segredos para mant\u00ea-los saud\u00e1veis e floridos.\" \/>\n<meta property=\"og:url\" content=\"https:\/\/www.em.com.br\/emfoco\/2025\/04\/28\/aprenda-a-cultivar-cravos-de-forma-facil-e-sem-experiencia\/\" \/>\n<meta property=\"og:site_name\" content=\"Estado de Minas - Em foco\" \/>\n<meta property=\"article:published_time\" content=\"2025-04-28T12:00:00+00:00\" \/>\n<meta property=\"article:modified_time\" content=\"2025-04-22T18:40:46+00:00\" \/>\n<meta property=\"og:image\" content=\"https:\/\/www.em.com.br\/emfoco\/wp-content\/uploads\/2025\/04\/Clove_1745346573402.jpg\" \/>\n\t<meta property=\"og:image:width\" content=\"1280\" \/>\n\t<meta property=\"og:image:height\" content=\"720\" \/>\n\t<meta property=\"og:image:type\" content=\"image\/jpeg\" \/>\n<meta name=\"author\" content=\"Gabriel Martins\" \/>\n<meta name=\"twitter:card\" content=\"summary_large_image\" \/>\n<meta name=\"twitter:label1\" content=\"Escrito por\" \/>\n\t<meta name=\"twitter:data1\" content=\"Gabriel Martins\" \/>\n\t<meta name=\"twitter:label2\" content=\"Est. tempo de leitura\" \/>\n\t<meta name=\"twitter:data2\" content=\"4 minutos\" \/>\n<!-- \/ Yoast SEO plugin. -->","yoast_head_json":{"title":"Aprenda a cultivar cravos de forma f\u00e1cil e sem experi\u00eancia - Estado de Minas - Em foco","description":"Veja como cultivar cravos em casa com um passo a passo simples e descubra os segredos para mant\u00ea-los saud\u00e1veis e floridos.","robots":{"index":"index","follow":"follow","max-snippet":"max-snippet:-1","max-image-preview":"max-image-preview:large","max-video-preview":"max-video-preview:-1"},"canonical":"https:\/\/www.em.com.br\/emfoco\/2025\/04\/28\/aprenda-a-cultivar-cravos-de-forma-facil-e-sem-experiencia\/","og_locale":"pt_BR","og_type":"article","og_title":"Aprenda a cultivar cravos de forma f\u00e1cil e sem experi\u00eancia - Estado de Minas - Em foco","og_description":"Veja como cultivar cravos em casa com um passo a passo simples e descubra os segredos para mant\u00ea-los saud\u00e1veis e floridos.","og_url":"https:\/\/www.em.com.br\/emfoco\/2025\/04\/28\/aprenda-a-cultivar-cravos-de-forma-facil-e-sem-experiencia\/","og_site_name":"Estado de Minas - Em foco","article_published_time":"2025-04-28T12:00:00+00:00","article_modified_time":"2025-04-22T18:40:46+00:00","og_image":[{"width":1280,"height":720,"url":"https:\/\/www.em.com.br\/emfoco\/wp-content\/uploads\/2025\/04\/Clove_1745346573402.jpg","type":"image\/jpeg"}],"author":"Gabriel Martins","twitter_card":"summary_large_image","twitter_misc":{"Escrito por":"Gabriel Martins","Est. tempo de leitura":"4 minutos"},"schema":{"@context":"https:\/\/schema.org","@graph":[{"@type":"WebPage","@id":"https:\/\/www.em.com.br\/emfoco\/2025\/04\/28\/aprenda-a-cultivar-cravos-de-forma-facil-e-sem-experiencia\/","url":"https:\/\/www.em.com.br\/emfoco\/2025\/04\/28\/aprenda-a-cultivar-cravos-de-forma-facil-e-sem-experiencia\/","name":"Aprenda a cultivar cravos de forma f\u00e1cil e sem experi\u00eancia - Estado de Minas - Em foco","isPartOf":{"@id":"https:\/\/www.em.com.br\/emfoco\/#website"},"primaryImageOfPage":{"@id":"https:\/\/www.em.com.br\/emfoco\/2025\/04\/28\/aprenda-a-cultivar-cravos-de-forma-facil-e-sem-experiencia\/#primaryimage"},"image":{"@id":"https:\/\/www.em.com.br\/emfoco\/2025\/04\/28\/aprenda-a-cultivar-cravos-de-forma-facil-e-sem-experiencia\/#primaryimage"},"thumbnailUrl":"https:\/\/www.em.com.br\/emfoco\/wp-content\/uploads\/2025\/04\/Clove_1745346573402.jpg","datePublished":"2025-04-28T12:00:00+00:00","dateModified":"2025-04-22T18:40:46+00:00","author":{"@id":"https:\/\/www.em.com.br\/emfoco\/#\/schema\/person\/1c9ddeab18b98abeffef834667bcf08a"},"description":"Veja como cultivar cravos em casa com um passo a passo simples e descubra os segredos para mant\u00ea-los saud\u00e1veis e floridos.","breadcrumb":{"@id":"https:\/\/www.em.com.br\/emfoco\/2025\/04\/28\/aprenda-a-cultivar-cravos-de-forma-facil-e-sem-experiencia\/#breadcrumb"},"inLanguage":"pt-BR","potentialAction":[{"@type":"ReadAction","target":["https:\/\/www.em.com.br\/emfoco\/2025\/04\/28\/aprenda-a-cultivar-cravos-de-forma-facil-e-sem-experiencia\/"]}]},{"@type":"ImageObject","inLanguage":"pt-BR","@id":"https:\/\/www.em.com.br\/emfoco\/2025\/04\/28\/aprenda-a-cultivar-cravos-de-forma-facil-e-sem-experiencia\/#primaryimage","url":"https:\/\/www.em.com.br\/emfoco\/wp-content\/uploads\/2025\/04\/Clove_1745346573402.jpg","contentUrl":"https:\/\/www.em.com.br\/emfoco\/wp-content\/uploads\/2025\/04\/Clove_1745346573402.jpg","width":1280,"height":720,"caption":"Cravos - Cr\u00e9ditos: depositphotos.com \/ lenyvavsha"},{"@type":"BreadcrumbList","@id":"https:\/\/www.em.com.br\/emfoco\/2025\/04\/28\/aprenda-a-cultivar-cravos-de-forma-facil-e-sem-experiencia\/#breadcrumb","itemListElement":[{"@type":"ListItem","position":1,"name":"In\u00edcio","item":"https:\/\/www.em.com.br\/emfoco\/"},{"@type":"ListItem","position":2,"name":"Aprenda a cultivar cravos de forma f\u00e1cil e sem experi\u00eancia"}]},{"@type":"WebSite","@id":"https:\/\/www.em.com.br\/emfoco\/#website","url":"https:\/\/www.em.com.br\/emfoco\/","name":"Estado de Minas - Em foco","description":"Acompanhe as \u00faltimas not\u00edcias e fique bem informado sobre tudo o que acontece em Minas Gerais, Brasil e no mundo.","potentialAction":[{"@type":"SearchAction","target":{"@type":"EntryPoint","urlTemplate":"https:\/\/www.em.com.br\/emfoco\/?s={search_term_string}"},"query-input":{"@type":"PropertyValueSpecification","valueRequired":true,"valueName":"search_term_string"}}],"inLanguage":"pt-BR"},{"@type":"Person","@id":"https:\/\/www.em.com.br\/emfoco\/#\/schema\/person\/1c9ddeab18b98abeffef834667bcf08a","name":"Gabriel Martins","image":{"@type":"ImageObject","inLanguage":"pt-BR","@id":"https:\/\/www.em.com.br\/emfoco\/#\/schema\/person\/image\/","url":"https:\/\/secure.gravatar.com\/avatar\/f0f1e2efdfd88f1ad2cb08c5c2731e50?s=96&d=mm&r=g","contentUrl":"https:\/\/secure.gravatar.com\/avatar\/f0f1e2efdfd88f1ad2cb08c5c2731e50?s=96&d=mm&r=g","caption":"Gabriel Martins"},"sameAs":["https:\/\/www.em.com.br\/emfoco\/"],"url":"https:\/\/www.em.com.br\/emfoco\/author\/gabrielmartinsmyth\/"}]}},"_links":{"self":[{"href":"https:\/\/www.em.com.br\/emfoco\/wp-json\/wp\/v2\/posts\/40591","targetHints":{"allow":["GET"]}}],"collection":[{"href":"https:\/\/www.em.com.br\/emfoco\/wp-json\/wp\/v2\/posts"}],"about":[{"href":"https:\/\/www.em.com.br\/emfoco\/wp-json\/wp\/v2\/types\/post"}],"author":[{"embeddable":true,"href":"https:\/\/www.em.com.br\/emfoco\/wp-json\/wp\/v2\/users\/13"}],"replies":[{"embeddable":true,"href":"https:\/\/www.em.com.br\/emfoco\/wp-json\/wp\/v2\/comments?post=40591"}],"version-history":[{"count":2,"href":"https:\/\/www.em.com.br\/emfoco\/wp-json\/wp\/v2\/posts\/40591\/revisions"}],"predecessor-version":[{"id":40608,"href":"https:\/\/www.em.com.br\/emfoco\/wp-json\/wp\/v2\/posts\/40591\/revisions\/40608"}],"wp:featuredmedia":[{"embeddable":true,"href":"https:\/\/www.em.com.br\/emfoco\/wp-json\/wp\/v2\/media\/40605"}],"wp:attachment":[{"href":"https:\/\/www.em.com.br\/emfoco\/wp-json\/wp\/v2\/media?parent=40591"}],"wp:term":[{"taxonomy":"category","embeddable":true,"href":"https:\/\/www.em.com.br\/emfoco\/wp-json\/wp\/v2\/categories?post=40591"},{"taxonomy":"post_tag","embeddable":true,"href":"https:\/\/www.em.com.br\/emfoco\/wp-json\/wp\/v2\/tags?post=40591"}],"curies":[{"name":"wp","href":"https:\/\/api.w.org\/{rel}","templated":true}]}}