{"id":40568,"date":"2025-04-23T20:20:00","date_gmt":"2025-04-23T23:20:00","guid":{"rendered":"https:\/\/www.em.com.br\/emfoco\/?p=40568"},"modified":"2025-04-22T16:11:41","modified_gmt":"2025-04-22T19:11:41","slug":"voce-esta-preparado-cronograma-do-inss-em-abril-pode-surpreender-voce","status":"publish","type":"post","link":"https:\/\/www.em.com.br\/emfoco\/2025\/04\/23\/voce-esta-preparado-cronograma-do-inss-em-abril-pode-surpreender-voce\/","title":{"rendered":"Voc\u00ea est\u00e1 preparado? Cronograma do INSS em abril pode surpreender voc\u00ea"},"content":{"rendered":"\n<p>O <strong><a href=\"https:\/\/www.em.com.br\/emfoco\/2025\/04\/22\/inss-pode-bloquear-sua-aposentadoria-por-motivo-bobo\/\" target=\"_blank\" rel=\"noreferrer noopener\">Instituto Nacional do Seguro Social (INSS)<\/a><\/strong> j\u00e1 disponibilizou o cronograma de pagamentos para o ano de 2025, com destaque para as datas referentes ao m\u00eas de abril. Este planejamento \u00e9 essencial para garantir que aposentados, pensionistas e outros benefici\u00e1rios recebam seus valores de forma organizada e sem contratempos.<\/p>\n\n\n\n<p>Os pagamentos s\u00e3o realizados com base no pen\u00faltimo d\u00edgito d<strong>o N\u00famero de Benef\u00edcio (NB)<\/strong>, o que permite uma distribui\u00e7\u00e3o escalonada e eficiente dos recursos. Essa estrat\u00e9gia visa evitar aglomera\u00e7\u00f5es e facilitar o atendimento aos benefici\u00e1rios em todo o pa\u00eds.<\/p>\n\n\n\n<h2 class=\"wp-block-heading\">Como funciona o escalonamento dos pagamentos?<\/h2>\n\n\n\n<p>O escalonamento dos pagamentos do INSS \u00e9 uma pr\u00e1tica adotada para garantir que os recursos sejam liberados de maneira ordenada. Os benefici\u00e1rios que recebem at\u00e9 um sal\u00e1rio m\u00ednimo ter\u00e3o seus pagamentos iniciados em 24 de abril, com t\u00e9rmino previsto para 8 de maio. Para aqueles que recebem acima do piso nacional, os dep\u00f3sitos ocorrer\u00e3o entre 2 e 8 de maio.<\/p>\n\n\n\n<p>Essa divis\u00e3o \u00e9 crucial para evitar sobrecarga no sistema banc\u00e1rio e assegurar que todos os benefici\u00e1rios tenham acesso aos seus pagamentos sem atrasos. O INSS gerencia mais de 40 milh\u00f5es de pagamentos mensais, sendo 28,2 milh\u00f5es destinados a quem recebe at\u00e9 o m\u00ednimo e 12,3 milh\u00f5es para aqueles que recebem acima desse valor.<\/p>\n\n\n\n<h2 class=\"wp-block-heading\">Calend\u00e1rio de pagamento do INSS &#8211; abril de 2025<\/h2>\n\n\n\n<p>Datas para quem recebe at\u00e9 um sal\u00e1rio m\u00ednimo<\/p>\n\n\n\n<p>NB final 1: 24 de abril<br>NB final 2: 25 de abril<br>NB final 3: 28 de abril<br>NB final 4: 29 de abril<br>NB final 5: 30 de abril<br>NB final 6: 2 de maio<br>NB final 7: 5 de maio<br>NB final 8: 6 de maio<br>NB final 9: 7 de maio<br>NB final 0: 8 de maio<\/p>\n\n\n\n<figure class=\"wp-block-image\"><img decoding=\"async\" src=\"https:\/\/www.em.com.br\/emfoco\/wp-content\/uploads\/2025\/03\/inss_1741449260760-1024x576.jpg\" alt=\"\"\/><figcaption class=\"wp-element-caption\">App INSS &#8211; Cr\u00e9ditos: depositphotos.com \/ rmcarvalhobsb<\/figcaption><\/figure>\n\n\n\n<p>Datas para quem recebe acima de um sal\u00e1rio m\u00ednimo<\/p>\n\n\n\n<p>Finais 1 e 6: 2 de maio<br>Finais 2 e 7: 5 de maio<br>Finais 3 e 8: 6 de maio<br>Finais 4 e 9: 7 de maio<br>Finais 5 e 0: 8 de maio<\/p>\n\n\n\n<h2 class=\"wp-block-heading\">Import\u00e2ncia do planejamento para os benefici\u00e1rios<\/h2>\n\n\n\n<p>O planejamento das datas de pagamento \u00e9 fundamental para que os benefici\u00e1rios possam organizar suas finan\u00e7as pessoais. Saber exatamente quando o pagamento ser\u00e1 realizado permite que aposentados e pensionistas fa\u00e7am planos financeiros com maior seguran\u00e7a e previsibilidade.<\/p>\n\n\n\n<p>Al\u00e9m disso, o escalonamento evita filas e aglomera\u00e7\u00f5es nas ag\u00eancias banc\u00e1rias, proporcionando um atendimento mais \u00e1gil e seguro para todos os envolvidos. O INSS, ao divulgar o cronograma com anteced\u00eancia, cumpre um papel importante na gest\u00e3o eficiente dos recursos p\u00fablicos.<\/p>\n\n\n\n<h2 class=\"wp-block-heading\">Como consultar o n\u00famero de benef\u00edcio?<\/h2>\n\n\n\n<p>Para aqueles que ainda n\u00e3o sabem como consultar o N\u00famero de Benef\u00edcio, o INSS disponibiliza v\u00e1rias formas de acesso a essa informa\u00e7\u00e3o. Os benefici\u00e1rios podem verificar o n\u00famero atrav\u00e9s do site oficial do INSS, pelo aplicativo <strong><a href=\"https:\/\/www.gov.br\/pt-br\/temas\/meu-inss\" target=\"_blank\" rel=\"noreferrer noopener\">Meu INSS<\/a><\/strong> ou diretamente nas ag\u00eancias, mediante agendamento pr\u00e9vio.<\/p>\n\n\n\n<p>Ter o N\u00famero de Benef\u00edcio em m\u00e3os \u00e9 essencial para acompanhar o cronograma de pagamentos e garantir que os valores sejam recebidos nas datas corretas. O INSS continua a trabalhar para melhorar o atendimento e facilitar o acesso \u00e0s informa\u00e7\u00f5es para todos os benefici\u00e1rios.<\/p>\n\n\n\n<p><\/p>\n","protected":false},"excerpt":{"rendered":"<p>O Instituto Nacional do Seguro Social (INSS) j\u00e1 disponibilizou o cronograma de pagamentos para o ano de 2025, com destaque para as datas referentes ao m\u00eas de abril. Este planejamento \u00e9 essencial para garantir que aposentados, pensionistas e outros benefici\u00e1rios recebam seus valores de forma organizada e sem contratempos. Os pagamentos s\u00e3o realizados com base [&hellip;]<\/p>\n","protected":false},"author":11,"featured_media":26988,"comment_status":"open","ping_status":"open","sticky":false,"template":"","format":"standard","meta":{"jnews-multi-image_gallery":[],"jnews_single_post":{"format":"standard"},"jnews_primary_category":[],"jnews_social_meta":[],"jnews_override_counter":[],"footnotes":""},"categories":[28,1],"tags":[174,7323,1390],"class_list":["post-40568","post","type-post","status-publish","format-standard","has-post-thumbnail","hentry","category-economia","category-noticias","tag-inss","tag-inss-2025","tag-pagamentos-inss"],"yoast_head":"<!-- This site is optimized with the Yoast SEO plugin v23.8 - https:\/\/yoast.com\/wordpress\/plugins\/seo\/ -->\n<title>Voc\u00ea est\u00e1 preparado? Cronograma do INSS em abril pode surpreender voc\u00ea - Estado de Minas - Em foco<\/title>\n<meta name=\"description\" content=\"Confira as datas do INSS para abril de 2025. Organize suas finan\u00e7as com essas informa\u00e7\u00f5es essenciais para n\u00e3o perder nenhum pagamento.\" \/>\n<meta name=\"robots\" content=\"index, follow, max-snippet:-1, max-image-preview:large, max-video-preview:-1\" \/>\n<link rel=\"canonical\" href=\"https:\/\/www.em.com.br\/emfoco\/2025\/04\/23\/voce-esta-preparado-cronograma-do-inss-em-abril-pode-surpreender-voce\/\" \/>\n<meta property=\"og:locale\" content=\"pt_BR\" \/>\n<meta property=\"og:type\" content=\"article\" \/>\n<meta property=\"og:title\" content=\"Voc\u00ea est\u00e1 preparado? Cronograma do INSS em abril pode surpreender voc\u00ea - Estado de Minas - Em foco\" \/>\n<meta property=\"og:description\" content=\"Confira as datas do INSS para abril de 2025. Organize suas finan\u00e7as com essas informa\u00e7\u00f5es essenciais para n\u00e3o perder nenhum pagamento.\" \/>\n<meta property=\"og:url\" content=\"https:\/\/www.em.com.br\/emfoco\/2025\/04\/23\/voce-esta-preparado-cronograma-do-inss-em-abril-pode-surpreender-voce\/\" \/>\n<meta property=\"og:site_name\" content=\"Estado de Minas - Em foco\" \/>\n<meta property=\"article:published_time\" content=\"2025-04-23T23:20:00+00:00\" \/>\n<meta property=\"article:modified_time\" content=\"2025-04-22T19:11:41+00:00\" \/>\n<meta property=\"og:image\" content=\"https:\/\/www.em.com.br\/emfoco\/wp-content\/uploads\/2025\/03\/INSS.jpg\" \/>\n\t<meta property=\"og:image:width\" content=\"1280\" \/>\n\t<meta property=\"og:image:height\" content=\"720\" \/>\n\t<meta property=\"og:image:type\" content=\"image\/jpeg\" \/>\n<meta name=\"author\" content=\"Andre\u0301 Rangel\u00a0\" \/>\n<meta name=\"twitter:card\" content=\"summary_large_image\" \/>\n<meta name=\"twitter:label1\" content=\"Escrito por\" \/>\n\t<meta name=\"twitter:data1\" content=\"Andre\u0301 Rangel\u00a0\" \/>\n\t<meta name=\"twitter:label2\" content=\"Est. tempo de leitura\" \/>\n\t<meta name=\"twitter:data2\" content=\"4 minutos\" \/>\n<!-- \/ Yoast SEO plugin. -->","yoast_head_json":{"title":"Voc\u00ea est\u00e1 preparado? Cronograma do INSS em abril pode surpreender voc\u00ea - Estado de Minas - Em foco","description":"Confira as datas do INSS para abril de 2025. Organize suas finan\u00e7as com essas informa\u00e7\u00f5es essenciais para n\u00e3o perder nenhum pagamento.","robots":{"index":"index","follow":"follow","max-snippet":"max-snippet:-1","max-image-preview":"max-image-preview:large","max-video-preview":"max-video-preview:-1"},"canonical":"https:\/\/www.em.com.br\/emfoco\/2025\/04\/23\/voce-esta-preparado-cronograma-do-inss-em-abril-pode-surpreender-voce\/","og_locale":"pt_BR","og_type":"article","og_title":"Voc\u00ea est\u00e1 preparado? Cronograma do INSS em abril pode surpreender voc\u00ea - Estado de Minas - Em foco","og_description":"Confira as datas do INSS para abril de 2025. Organize suas finan\u00e7as com essas informa\u00e7\u00f5es essenciais para n\u00e3o perder nenhum pagamento.","og_url":"https:\/\/www.em.com.br\/emfoco\/2025\/04\/23\/voce-esta-preparado-cronograma-do-inss-em-abril-pode-surpreender-voce\/","og_site_name":"Estado de Minas - Em foco","article_published_time":"2025-04-23T23:20:00+00:00","article_modified_time":"2025-04-22T19:11:41+00:00","og_image":[{"width":1280,"height":720,"url":"https:\/\/www.em.com.br\/emfoco\/wp-content\/uploads\/2025\/03\/INSS.jpg","type":"image\/jpeg"}],"author":"Andre\u0301 Rangel\u00a0","twitter_card":"summary_large_image","twitter_misc":{"Escrito por":"Andre\u0301 Rangel\u00a0","Est. tempo de leitura":"4 minutos"},"schema":{"@context":"https:\/\/schema.org","@graph":[{"@type":"WebPage","@id":"https:\/\/www.em.com.br\/emfoco\/2025\/04\/23\/voce-esta-preparado-cronograma-do-inss-em-abril-pode-surpreender-voce\/","url":"https:\/\/www.em.com.br\/emfoco\/2025\/04\/23\/voce-esta-preparado-cronograma-do-inss-em-abril-pode-surpreender-voce\/","name":"Voc\u00ea est\u00e1 preparado? Cronograma do INSS em abril pode surpreender voc\u00ea - Estado de Minas - Em foco","isPartOf":{"@id":"https:\/\/www.em.com.br\/emfoco\/#website"},"primaryImageOfPage":{"@id":"https:\/\/www.em.com.br\/emfoco\/2025\/04\/23\/voce-esta-preparado-cronograma-do-inss-em-abril-pode-surpreender-voce\/#primaryimage"},"image":{"@id":"https:\/\/www.em.com.br\/emfoco\/2025\/04\/23\/voce-esta-preparado-cronograma-do-inss-em-abril-pode-surpreender-voce\/#primaryimage"},"thumbnailUrl":"https:\/\/www.em.com.br\/emfoco\/wp-content\/uploads\/2025\/03\/INSS.jpg","datePublished":"2025-04-23T23:20:00+00:00","dateModified":"2025-04-22T19:11:41+00:00","author":{"@id":"https:\/\/www.em.com.br\/emfoco\/#\/schema\/person\/60eda09c1fedf0d6891f4cef4b60b8b8"},"description":"Confira as datas do INSS para abril de 2025. Organize suas finan\u00e7as com essas informa\u00e7\u00f5es essenciais para n\u00e3o perder nenhum pagamento.","breadcrumb":{"@id":"https:\/\/www.em.com.br\/emfoco\/2025\/04\/23\/voce-esta-preparado-cronograma-do-inss-em-abril-pode-surpreender-voce\/#breadcrumb"},"inLanguage":"pt-BR","potentialAction":[{"@type":"ReadAction","target":["https:\/\/www.em.com.br\/emfoco\/2025\/04\/23\/voce-esta-preparado-cronograma-do-inss-em-abril-pode-surpreender-voce\/"]}]},{"@type":"ImageObject","inLanguage":"pt-BR","@id":"https:\/\/www.em.com.br\/emfoco\/2025\/04\/23\/voce-esta-preparado-cronograma-do-inss-em-abril-pode-surpreender-voce\/#primaryimage","url":"https:\/\/www.em.com.br\/emfoco\/wp-content\/uploads\/2025\/03\/INSS.jpg","contentUrl":"https:\/\/www.em.com.br\/emfoco\/wp-content\/uploads\/2025\/03\/INSS.jpg","width":1280,"height":720,"caption":"INSS muda regra - Cr\u00e9ditos: Divulga\u00e7\u00e3o \/ Ag\u00eancia Brasil"},{"@type":"BreadcrumbList","@id":"https:\/\/www.em.com.br\/emfoco\/2025\/04\/23\/voce-esta-preparado-cronograma-do-inss-em-abril-pode-surpreender-voce\/#breadcrumb","itemListElement":[{"@type":"ListItem","position":1,"name":"In\u00edcio","item":"https:\/\/www.em.com.br\/emfoco\/"},{"@type":"ListItem","position":2,"name":"Voc\u00ea est\u00e1 preparado? Cronograma do INSS em abril pode surpreender voc\u00ea"}]},{"@type":"WebSite","@id":"https:\/\/www.em.com.br\/emfoco\/#website","url":"https:\/\/www.em.com.br\/emfoco\/","name":"Estado de Minas - Em foco","description":"Acompanhe as \u00faltimas not\u00edcias e fique bem informado sobre tudo o que acontece em Minas Gerais, Brasil e no mundo.","potentialAction":[{"@type":"SearchAction","target":{"@type":"EntryPoint","urlTemplate":"https:\/\/www.em.com.br\/emfoco\/?s={search_term_string}"},"query-input":{"@type":"PropertyValueSpecification","valueRequired":true,"valueName":"search_term_string"}}],"inLanguage":"pt-BR"},{"@type":"Person","@id":"https:\/\/www.em.com.br\/emfoco\/#\/schema\/person\/60eda09c1fedf0d6891f4cef4b60b8b8","name":"Andre\u0301 Rangel\u00a0","image":{"@type":"ImageObject","inLanguage":"pt-BR","@id":"https:\/\/www.em.com.br\/emfoco\/#\/schema\/person\/image\/","url":"https:\/\/secure.gravatar.com\/avatar\/6234dc814c77c8ef6d8bba622c787efc?s=96&d=mm&r=g","contentUrl":"https:\/\/secure.gravatar.com\/avatar\/6234dc814c77c8ef6d8bba622c787efc?s=96&d=mm&r=g","caption":"Andre\u0301 Rangel\u00a0"},"url":"https:\/\/www.em.com.br\/emfoco\/author\/luizmyth\/"}]}},"_links":{"self":[{"href":"https:\/\/www.em.com.br\/emfoco\/wp-json\/wp\/v2\/posts\/40568","targetHints":{"allow":["GET"]}}],"collection":[{"href":"https:\/\/www.em.com.br\/emfoco\/wp-json\/wp\/v2\/posts"}],"about":[{"href":"https:\/\/www.em.com.br\/emfoco\/wp-json\/wp\/v2\/types\/post"}],"author":[{"embeddable":true,"href":"https:\/\/www.em.com.br\/emfoco\/wp-json\/wp\/v2\/users\/11"}],"replies":[{"embeddable":true,"href":"https:\/\/www.em.com.br\/emfoco\/wp-json\/wp\/v2\/comments?post=40568"}],"version-history":[{"count":5,"href":"https:\/\/www.em.com.br\/emfoco\/wp-json\/wp\/v2\/posts\/40568\/revisions"}],"predecessor-version":[{"id":40626,"href":"https:\/\/www.em.com.br\/emfoco\/wp-json\/wp\/v2\/posts\/40568\/revisions\/40626"}],"wp:featuredmedia":[{"embeddable":true,"href":"https:\/\/www.em.com.br\/emfoco\/wp-json\/wp\/v2\/media\/26988"}],"wp:attachment":[{"href":"https:\/\/www.em.com.br\/emfoco\/wp-json\/wp\/v2\/media?parent=40568"}],"wp:term":[{"taxonomy":"category","embeddable":true,"href":"https:\/\/www.em.com.br\/emfoco\/wp-json\/wp\/v2\/categories?post=40568"},{"taxonomy":"post_tag","embeddable":true,"href":"https:\/\/www.em.com.br\/emfoco\/wp-json\/wp\/v2\/tags?post=40568"}],"curies":[{"name":"wp","href":"https:\/\/api.w.org\/{rel}","templated":true}]}}