{"id":40564,"date":"2025-04-23T18:40:00","date_gmt":"2025-04-23T21:40:00","guid":{"rendered":"https:\/\/www.em.com.br\/emfoco\/?p=40564"},"modified":"2025-04-22T16:10:00","modified_gmt":"2025-04-22T19:10:00","slug":"segunda-temporada-de-wandinha-promete-mais-misterio-e-surpresas-confira","status":"publish","type":"post","link":"https:\/\/www.em.com.br\/emfoco\/2025\/04\/23\/segunda-temporada-de-wandinha-promete-mais-misterio-e-surpresas-confira\/","title":{"rendered":"Segunda temporada de Wandinha promete mais mist\u00e9rio e surpresas; confira"},"content":{"rendered":"\n<p>A s\u00e9rie <strong><a href=\"https:\/\/cinebuzz.com.br\/noticias\/series\/quando-sera-divulgado-o-primeiro-teaser-da-2-temporada-de-wandinha.phtml\" target=\"_blank\" rel=\"noreferrer noopener\">Wandinha<\/a><\/strong>, inspirada no universo de <strong>A Fam\u00edlia Addams<\/strong>, est\u00e1 prestes a retornar \u00e0 <strong><a href=\"https:\/\/www.em.com.br\/emfoco\/2025\/04\/20\/10-melhores-filmes-da-netflix-em-abril-para-ver-sem-arrependimento\/\" target=\"_blank\" rel=\"noreferrer noopener\">Netflix <\/a><\/strong>com sua aguardada segunda temporada. Estrelada por <strong>Jenna Ortega<\/strong>, a produ\u00e7\u00e3o conquistou uma legi\u00e3o de f\u00e3s ao combinar elementos de mist\u00e9rio e sobrenatural com uma narrativa envolvente. Com a estreia prevista para este ano, a expectativa \u00e9 que a nova temporada traga ainda mais surpresas e desenvolvimentos intrigantes.<\/p>\n\n\n\n<h2 class=\"wp-block-heading\">A expectativa \u00e9 alta: o impacto da segunda temporada de Wandinha nas redes sociais<\/h2>\n\n\n\n<p>Durante uma recente entrevista, o CEO da Netflix,<strong> Theodore A. Sarandos<\/strong>, destacou o potencial de engajamento que a s\u00e9rie deve gerar. Segundo ele, o retorno de Wandinha promete ser um evento marcante, mobilizando o p\u00fablico nas redes sociais e gerando uma onda de homenagens e intera\u00e7\u00f5es. A s\u00e9rie se tornou um exemplo da estrat\u00e9gia da plataforma para competir com conte\u00fados de v\u00eddeos curtos, mantendo o p\u00fablico jovem engajado com hist\u00f3rias de longa dura\u00e7\u00e3o.<\/p>\n\n\n\n<h2 class=\"wp-block-heading\">Quais novidades a segunda temporada de Wandinha traz?<\/h2>\n\n\n\n<p>A nova temporada de Wandinha promete introduzir uma s\u00e9rie de novos personagens, enriquecendo ainda mais o universo da s\u00e9rie. Entre os nomes confirmados est\u00e3o <strong>Christopher Lloyd, Steve Buscemi, Thandiwe Newton, Joanna Lumley, Haley Joel Osment, Heather Matarazzo e Billie Piper<\/strong>. Esses atores renomados trar\u00e3o novas din\u00e2micas e desafios para a protagonista e seus amigos.<\/p>\n\n\n\n<p>Al\u00e9m disso, a segunda temporada dar\u00e1 mais destaque aos pais de Wandinha, Mort\u00edcia e Gomez, interpretados por <strong>Catherine Zeta-Jones e Luis Guzm\u00e1n<\/strong>, respectivamente. A presen\u00e7a mais constante desses personagens promete aprofundar a hist\u00f3ria familiar e trazer novas camadas ao enredo j\u00e1 complexo da s\u00e9rie.<\/p>\n\n\n\n<h2 class=\"wp-block-heading\">Como a s\u00e9rie conquista o p\u00fablico jovem?<\/h2>\n\n\n\n<p>Wandinha se destaca por sua capacidade de atrair o p\u00fablico jovem, combinando mist\u00e9rio, elementos sobrenaturais e temas relevantes para essa faixa et\u00e1ria. A protagonista, enquanto estudante na Escola Nunca Mais, enfrenta desafios t\u00edpicos da adolesc\u00eancia, como relacionamentos sociais complicados, ao mesmo tempo em que lida com habilidades ps\u00edquicas emergentes e mist\u00e9rios do passado de sua fam\u00edlia.<\/p>\n\n\n\n<p>A narrativa envolvente e os personagens carism\u00e1ticos s\u00e3o fatores chave para o sucesso da s\u00e9rie. Al\u00e9m disso, a produ\u00e7\u00e3o consegue equilibrar momentos de tens\u00e3o e humor, mantendo o p\u00fablico cativado a cada epis\u00f3dio. A expectativa \u00e9 que a nova temporada continue a explorar esses elementos, proporcionando uma experi\u00eancia ainda mais rica e emocionante para os espectadores.<\/p>\n\n\n\n<figure class=\"wp-block-image size-large\"><img loading=\"lazy\" decoding=\"async\" width=\"1024\" height=\"576\" src=\"https:\/\/www.em.com.br\/emfoco\/wp-content\/uploads\/2025\/04\/wandinha-1024x576.jpg\" alt=\"\" class=\"wp-image-40640\" srcset=\"https:\/\/www.em.com.br\/emfoco\/wp-content\/uploads\/2025\/04\/wandinha-1024x576.jpg 1024w, https:\/\/www.em.com.br\/emfoco\/wp-content\/uploads\/2025\/04\/wandinha-300x169.jpg 300w, https:\/\/www.em.com.br\/emfoco\/wp-content\/uploads\/2025\/04\/wandinha-768x432.jpg 768w, https:\/\/www.em.com.br\/emfoco\/wp-content\/uploads\/2025\/04\/wandinha-750x422.jpg 750w, https:\/\/www.em.com.br\/emfoco\/wp-content\/uploads\/2025\/04\/wandinha-1140x641.jpg 1140w, https:\/\/www.em.com.br\/emfoco\/wp-content\/uploads\/2025\/04\/wandinha.jpg 1280w\" sizes=\"auto, (max-width: 1024px) 100vw, 1024px\" \/><figcaption class=\"wp-element-caption\">Wandinha &#8211; Cr\u00e9ditos: Divulga\u00e7\u00e3o\/Netflix<\/figcaption><\/figure>\n\n\n\n<h2 class=\"wp-block-heading\">Por que Wandinha \u00e9 um fen\u00f4meno nas redes sociais?<\/h2>\n\n\n\n<p>O impacto de Wandinha nas redes sociais \u00e9 not\u00e1vel. Desde sua estreia, a s\u00e9rie gerou uma enxurrada de conte\u00fados criados por f\u00e3s, como homenagens, teorias e discuss\u00f5es sobre os epis\u00f3dios. Essa intera\u00e7\u00e3o constante nas plataformas digitais contribui para o aumento da popularidade da s\u00e9rie e para a forma\u00e7\u00e3o de uma comunidade engajada em torno dela.<\/p>\n\n\n\n<p>O apelo visual da s\u00e9rie, aliado a uma trilha sonora marcante e a uma est\u00e9tica \u00fanica, tamb\u00e9m s\u00e3o fatores que impulsionam o compartilhamento de conte\u00fados relacionados. A expectativa \u00e9 que a segunda temporada intensifique ainda mais essa presen\u00e7a online, com novos momentos ic\u00f4nicos que certamente ser\u00e3o amplamente discutidos e celebrados pelos f\u00e3s.<\/p>\n\n\n\n<h2 class=\"wp-block-heading\">O que esperar do futuro de Wandinha?<\/h2>\n\n\n\n<p>Com o sucesso da primeira temporada e as expectativas em torno da segunda, Wandinha tem potencial para se consolidar como uma das s\u00e9ries mais ic\u00f4nicas da Netflix. A introdu\u00e7\u00e3o de novos personagens e o aprofundamento das tramas familiares prometem manter o p\u00fablico intrigado e ansioso por mais desenvolvimentos.<\/p>\n\n\n\n<p>Enquanto a data de estreia exata ainda n\u00e3o foi revelada, a expectativa \u00e9 que a nova temporada chegue em breve, trazendo consigo uma nova onda de mist\u00e9rios e aventuras para a protagonista e seus amigos. Os f\u00e3s podem esperar por uma continua\u00e7\u00e3o que respeita o legado da s\u00e9rie, ao mesmo tempo em que explora novas dire\u00e7\u00f5es e possibilidades narrativas.<\/p>\n","protected":false},"excerpt":{"rendered":"<p>A s\u00e9rie Wandinha, inspirada no universo de A Fam\u00edlia Addams, est\u00e1 prestes a retornar \u00e0 Netflix com sua aguardada segunda temporada. Estrelada por Jenna Ortega, a produ\u00e7\u00e3o conquistou uma legi\u00e3o de f\u00e3s ao combinar elementos de mist\u00e9rio e sobrenatural com uma narrativa envolvente. Com a estreia prevista para este ano, a expectativa \u00e9 que a [&hellip;]<\/p>\n","protected":false},"author":11,"featured_media":40643,"comment_status":"open","ping_status":"open","sticky":false,"template":"","format":"standard","meta":{"jnews-multi-image_gallery":[],"jnews_single_post":{"format":"standard"},"jnews_primary_category":[],"jnews_social_meta":[],"jnews_override_counter":[],"footnotes":""},"categories":[1,136],"tags":[231,607,1598],"class_list":["post-40564","post","type-post","status-publish","format-standard","has-post-thumbnail","hentry","category-noticias","category-series","tag-netflix","tag-series","tag-wandinha"],"yoast_head":"<!-- This site is optimized with the Yoast SEO plugin v23.8 - https:\/\/yoast.com\/wordpress\/plugins\/seo\/ -->\n<title>Segunda temporada de Wandinha promete mais mist\u00e9rio e surpresas; confira - Estado de Minas - Em foco<\/title>\n<meta name=\"description\" content=\"Prepare-se para o retorno de Wandinha! A nova temporada promete ainda mais mist\u00e9rios e surpresas. Saiba tudo!\" \/>\n<meta name=\"robots\" content=\"index, follow, max-snippet:-1, max-image-preview:large, max-video-preview:-1\" \/>\n<link rel=\"canonical\" href=\"https:\/\/www.em.com.br\/emfoco\/2025\/04\/23\/segunda-temporada-de-wandinha-promete-mais-misterio-e-surpresas-confira\/\" \/>\n<meta property=\"og:locale\" content=\"pt_BR\" \/>\n<meta property=\"og:type\" content=\"article\" \/>\n<meta property=\"og:title\" content=\"Segunda temporada de Wandinha promete mais mist\u00e9rio e surpresas; confira - Estado de Minas - Em foco\" \/>\n<meta property=\"og:description\" content=\"Prepare-se para o retorno de Wandinha! A nova temporada promete ainda mais mist\u00e9rios e surpresas. Saiba tudo!\" \/>\n<meta property=\"og:url\" content=\"https:\/\/www.em.com.br\/emfoco\/2025\/04\/23\/segunda-temporada-de-wandinha-promete-mais-misterio-e-surpresas-confira\/\" \/>\n<meta property=\"og:site_name\" content=\"Estado de Minas - Em foco\" \/>\n<meta property=\"article:published_time\" content=\"2025-04-23T21:40:00+00:00\" \/>\n<meta property=\"article:modified_time\" content=\"2025-04-22T19:10:00+00:00\" \/>\n<meta property=\"og:image\" content=\"https:\/\/www.em.com.br\/emfoco\/wp-content\/uploads\/2025\/04\/wandinha-serie-netflix-jenna-ortega-2-temporada-foto-divulgacao.jpg\" \/>\n\t<meta property=\"og:image:width\" content=\"1280\" \/>\n\t<meta property=\"og:image:height\" content=\"720\" \/>\n\t<meta property=\"og:image:type\" content=\"image\/jpeg\" \/>\n<meta name=\"author\" content=\"Andre\u0301 Rangel\u00a0\" \/>\n<meta name=\"twitter:card\" content=\"summary_large_image\" \/>\n<meta name=\"twitter:label1\" content=\"Escrito por\" \/>\n\t<meta name=\"twitter:data1\" content=\"Andre\u0301 Rangel\u00a0\" \/>\n\t<meta name=\"twitter:label2\" content=\"Est. tempo de leitura\" \/>\n\t<meta name=\"twitter:data2\" content=\"4 minutos\" \/>\n<!-- \/ Yoast SEO plugin. -->","yoast_head_json":{"title":"Segunda temporada de Wandinha promete mais mist\u00e9rio e surpresas; confira - Estado de Minas - Em foco","description":"Prepare-se para o retorno de Wandinha! A nova temporada promete ainda mais mist\u00e9rios e surpresas. Saiba tudo!","robots":{"index":"index","follow":"follow","max-snippet":"max-snippet:-1","max-image-preview":"max-image-preview:large","max-video-preview":"max-video-preview:-1"},"canonical":"https:\/\/www.em.com.br\/emfoco\/2025\/04\/23\/segunda-temporada-de-wandinha-promete-mais-misterio-e-surpresas-confira\/","og_locale":"pt_BR","og_type":"article","og_title":"Segunda temporada de Wandinha promete mais mist\u00e9rio e surpresas; confira - Estado de Minas - Em foco","og_description":"Prepare-se para o retorno de Wandinha! A nova temporada promete ainda mais mist\u00e9rios e surpresas. Saiba tudo!","og_url":"https:\/\/www.em.com.br\/emfoco\/2025\/04\/23\/segunda-temporada-de-wandinha-promete-mais-misterio-e-surpresas-confira\/","og_site_name":"Estado de Minas - Em foco","article_published_time":"2025-04-23T21:40:00+00:00","article_modified_time":"2025-04-22T19:10:00+00:00","og_image":[{"width":1280,"height":720,"url":"https:\/\/www.em.com.br\/emfoco\/wp-content\/uploads\/2025\/04\/wandinha-serie-netflix-jenna-ortega-2-temporada-foto-divulgacao.jpg","type":"image\/jpeg"}],"author":"Andre\u0301 Rangel\u00a0","twitter_card":"summary_large_image","twitter_misc":{"Escrito por":"Andre\u0301 Rangel\u00a0","Est. tempo de leitura":"4 minutos"},"schema":{"@context":"https:\/\/schema.org","@graph":[{"@type":"WebPage","@id":"https:\/\/www.em.com.br\/emfoco\/2025\/04\/23\/segunda-temporada-de-wandinha-promete-mais-misterio-e-surpresas-confira\/","url":"https:\/\/www.em.com.br\/emfoco\/2025\/04\/23\/segunda-temporada-de-wandinha-promete-mais-misterio-e-surpresas-confira\/","name":"Segunda temporada de Wandinha promete mais mist\u00e9rio e surpresas; confira - Estado de Minas - Em foco","isPartOf":{"@id":"https:\/\/www.em.com.br\/emfoco\/#website"},"primaryImageOfPage":{"@id":"https:\/\/www.em.com.br\/emfoco\/2025\/04\/23\/segunda-temporada-de-wandinha-promete-mais-misterio-e-surpresas-confira\/#primaryimage"},"image":{"@id":"https:\/\/www.em.com.br\/emfoco\/2025\/04\/23\/segunda-temporada-de-wandinha-promete-mais-misterio-e-surpresas-confira\/#primaryimage"},"thumbnailUrl":"https:\/\/www.em.com.br\/emfoco\/wp-content\/uploads\/2025\/04\/wandinha-serie-netflix-jenna-ortega-2-temporada-foto-divulgacao.jpg","datePublished":"2025-04-23T21:40:00+00:00","dateModified":"2025-04-22T19:10:00+00:00","author":{"@id":"https:\/\/www.em.com.br\/emfoco\/#\/schema\/person\/60eda09c1fedf0d6891f4cef4b60b8b8"},"description":"Prepare-se para o retorno de Wandinha! A nova temporada promete ainda mais mist\u00e9rios e surpresas. Saiba tudo!","breadcrumb":{"@id":"https:\/\/www.em.com.br\/emfoco\/2025\/04\/23\/segunda-temporada-de-wandinha-promete-mais-misterio-e-surpresas-confira\/#breadcrumb"},"inLanguage":"pt-BR","potentialAction":[{"@type":"ReadAction","target":["https:\/\/www.em.com.br\/emfoco\/2025\/04\/23\/segunda-temporada-de-wandinha-promete-mais-misterio-e-surpresas-confira\/"]}]},{"@type":"ImageObject","inLanguage":"pt-BR","@id":"https:\/\/www.em.com.br\/emfoco\/2025\/04\/23\/segunda-temporada-de-wandinha-promete-mais-misterio-e-surpresas-confira\/#primaryimage","url":"https:\/\/www.em.com.br\/emfoco\/wp-content\/uploads\/2025\/04\/wandinha-serie-netflix-jenna-ortega-2-temporada-foto-divulgacao.jpg","contentUrl":"https:\/\/www.em.com.br\/emfoco\/wp-content\/uploads\/2025\/04\/wandinha-serie-netflix-jenna-ortega-2-temporada-foto-divulgacao.jpg","width":1280,"height":720,"caption":"Wandinha - Cr\u00e9ditos: Divulga\u00e7\u00e3o\/Netflix"},{"@type":"BreadcrumbList","@id":"https:\/\/www.em.com.br\/emfoco\/2025\/04\/23\/segunda-temporada-de-wandinha-promete-mais-misterio-e-surpresas-confira\/#breadcrumb","itemListElement":[{"@type":"ListItem","position":1,"name":"In\u00edcio","item":"https:\/\/www.em.com.br\/emfoco\/"},{"@type":"ListItem","position":2,"name":"Segunda temporada de Wandinha promete mais mist\u00e9rio e surpresas; confira"}]},{"@type":"WebSite","@id":"https:\/\/www.em.com.br\/emfoco\/#website","url":"https:\/\/www.em.com.br\/emfoco\/","name":"Estado de Minas - Em foco","description":"Acompanhe as \u00faltimas not\u00edcias e fique bem informado sobre tudo o que acontece em Minas Gerais, Brasil e no mundo.","potentialAction":[{"@type":"SearchAction","target":{"@type":"EntryPoint","urlTemplate":"https:\/\/www.em.com.br\/emfoco\/?s={search_term_string}"},"query-input":{"@type":"PropertyValueSpecification","valueRequired":true,"valueName":"search_term_string"}}],"inLanguage":"pt-BR"},{"@type":"Person","@id":"https:\/\/www.em.com.br\/emfoco\/#\/schema\/person\/60eda09c1fedf0d6891f4cef4b60b8b8","name":"Andre\u0301 Rangel\u00a0","image":{"@type":"ImageObject","inLanguage":"pt-BR","@id":"https:\/\/www.em.com.br\/emfoco\/#\/schema\/person\/image\/","url":"https:\/\/secure.gravatar.com\/avatar\/6234dc814c77c8ef6d8bba622c787efc?s=96&d=mm&r=g","contentUrl":"https:\/\/secure.gravatar.com\/avatar\/6234dc814c77c8ef6d8bba622c787efc?s=96&d=mm&r=g","caption":"Andre\u0301 Rangel\u00a0"},"url":"https:\/\/www.em.com.br\/emfoco\/author\/luizmyth\/"}]}},"_links":{"self":[{"href":"https:\/\/www.em.com.br\/emfoco\/wp-json\/wp\/v2\/posts\/40564","targetHints":{"allow":["GET"]}}],"collection":[{"href":"https:\/\/www.em.com.br\/emfoco\/wp-json\/wp\/v2\/posts"}],"about":[{"href":"https:\/\/www.em.com.br\/emfoco\/wp-json\/wp\/v2\/types\/post"}],"author":[{"embeddable":true,"href":"https:\/\/www.em.com.br\/emfoco\/wp-json\/wp\/v2\/users\/11"}],"replies":[{"embeddable":true,"href":"https:\/\/www.em.com.br\/emfoco\/wp-json\/wp\/v2\/comments?post=40564"}],"version-history":[{"count":4,"href":"https:\/\/www.em.com.br\/emfoco\/wp-json\/wp\/v2\/posts\/40564\/revisions"}],"predecessor-version":[{"id":40644,"href":"https:\/\/www.em.com.br\/emfoco\/wp-json\/wp\/v2\/posts\/40564\/revisions\/40644"}],"wp:featuredmedia":[{"embeddable":true,"href":"https:\/\/www.em.com.br\/emfoco\/wp-json\/wp\/v2\/media\/40643"}],"wp:attachment":[{"href":"https:\/\/www.em.com.br\/emfoco\/wp-json\/wp\/v2\/media?parent=40564"}],"wp:term":[{"taxonomy":"category","embeddable":true,"href":"https:\/\/www.em.com.br\/emfoco\/wp-json\/wp\/v2\/categories?post=40564"},{"taxonomy":"post_tag","embeddable":true,"href":"https:\/\/www.em.com.br\/emfoco\/wp-json\/wp\/v2\/tags?post=40564"}],"curies":[{"name":"wp","href":"https:\/\/api.w.org\/{rel}","templated":true}]}}