{"id":40467,"date":"2025-04-23T11:20:00","date_gmt":"2025-04-23T14:20:00","guid":{"rendered":"https:\/\/www.em.com.br\/emfoco\/?p=40467"},"modified":"2025-04-22T16:08:12","modified_gmt":"2025-04-22T19:08:12","slug":"equipe-economica-planeja-grande-corte-no-bpc-que-pode-afetar-milhoes-em-2026","status":"publish","type":"post","link":"https:\/\/www.em.com.br\/emfoco\/2025\/04\/23\/equipe-economica-planeja-grande-corte-no-bpc-que-pode-afetar-milhoes-em-2026\/","title":{"rendered":"Equipe econ\u00f4mica planeja grande corte no BPC que pode afetar milh\u00f5es em 2026"},"content":{"rendered":"\n<p>O governo brasileiro anunciou um plano de intensifica\u00e7\u00e3o da revis\u00e3o do <strong><a href=\"https:\/\/www.em.com.br\/emfoco\/2025\/04\/20\/voce-sabia-que-e-possivel-receber-o-bpc-sem-contribuir-ao-inss-entenda-como\/\" target=\"_blank\" rel=\"noreferrer noopener\">Benef\u00edcio de Presta\u00e7\u00e3o Continuada (BPC)<\/a> <\/strong>a partir de 2026, com o objetivo de otimizar os gastos p\u00fablicos, especialmente em um ano eleitoral. A medida visa garantir que o aux\u00edlio de um sal\u00e1rio m\u00ednimo, destinado a idosos de baixa renda, seja direcionado apenas aos que realmente atendem aos crit\u00e9rios do programa.<\/p>\n\n\n\n<h2 class=\"wp-block-heading\">A meta de economia com a revis\u00e3o do BPC \u00e9 impressionante<\/h2>\n\n\n\n<p>O governo estima que a revis\u00e3o do BPC resultar\u00e1 em economias de R$ 2,7 bilh\u00f5es em 2025, R$ 2 bilh\u00f5es em 2026 e R$ 4,2 bilh\u00f5es em 2027. Com restri\u00e7\u00f5es or\u00e7ament\u00e1rias em vista, esse corte \u00e9 considerado essencial para a sa\u00fade fiscal do pa\u00eds. A revis\u00e3o do BPC faz parte de um pacote maior de reavalia\u00e7\u00f5es de programas sociais, incluindo o <strong><a href=\"https:\/\/www.gov.br\/mda\/pt-br\/noticias\/2025\/03\/mda-estabelece-novas-regras-para-supervisao-de-peritos-do-proagro-1\" target=\"_blank\" rel=\"noreferrer noopener\">Proagro<\/a> <\/strong>e benef\u00edcios previdenci\u00e1rios, prometendo transformar a gest\u00e3o p\u00fablica.<\/p>\n\n\n\n<h2 class=\"wp-block-heading\">Quem est\u00e1 qualificado para receber o BPC?<\/h2>\n\n\n\n<p>O BPC, um benef\u00edcio mensal de um sal\u00e1rio m\u00ednimo, \u00e9 destinado a idosos com 65 anos ou mais que comprovem baixa renda familiar. Para ser eleg\u00edvel, a renda familiar per capita deve ser inferior a \u00bc do sal\u00e1rio m\u00ednimo, conforme os dados do <strong>Cadastro \u00danico (Cad\u00danico)<\/strong>. Al\u00e9m disso, \u00e9 importante lembrar que o benef\u00edcio n\u00e3o exige contribui\u00e7\u00f5es pr\u00e9vias ao <strong>INSS<\/strong>, mas tamb\u00e9m n\u00e3o inclui o 13\u00ba sal\u00e1rio nem gera pens\u00e3o por morte.<\/p>\n\n\n\n<figure class=\"wp-block-image\"><img decoding=\"async\" src=\"https:\/\/www.em.com.br\/emfoco\/wp-content\/uploads\/2025\/03\/idosos-com-dinheiro_1741098318180-1024x576.jpg\" alt=\"\"\/><figcaption class=\"wp-element-caption\">Imagem idoso fazendo conta &#8211; Cr\u00e9ditos: depositphotos.com \/ AndrewLozovyi<\/figcaption><\/figure>\n\n\n\n<h2 class=\"wp-block-heading\">Como ser\u00e1 feita a revis\u00e3o e quem est\u00e1 sendo afetado?<\/h2>\n\n\n\n<p>O processo de revis\u00e3o ser\u00e1 rigoroso, com uma an\u00e1lise minuciosa dos cadastros dos benefici\u00e1rios. A inten\u00e7\u00e3o \u00e9 eliminar aqueles que n\u00e3o atendem aos crit\u00e9rios estabelecidos, como apontado pelo <strong>Tribunal de Contas da Uni\u00e3o<\/strong>, que j\u00e1 identificou que 6,3% dos benefici\u00e1rios atuais n\u00e3o deveriam receber o benef\u00edcio. Al\u00e9m disso, a revis\u00e3o abranger\u00e1 outros programas sociais e previdenci\u00e1rios, visando uma gest\u00e3o p\u00fablica mais eficiente e justa.<\/p>\n\n\n\n<h2 class=\"wp-block-heading\">Expectativas para o impacto da revis\u00e3o do BPC<\/h2>\n\n\n\n<p>Com a revis\u00e3o em andamento, o governo espera melhorar a efic\u00e1cia do BPC e de outros programas sociais, assegurando que os recursos sejam direcionados adequadamente aos cidad\u00e3os que mais necessitam. Em um ano eleitoral, a medida tamb\u00e9m tem implica\u00e7\u00f5es pol\u00edticas, demonstrando o compromisso do governo com a responsabilidade fiscal e a justi\u00e7a social. A transpar\u00eancia e a efici\u00eancia no processo ser\u00e3o fundamentais para o sucesso da iniciativa.<\/p>\n\n\n\n<h2 class=\"wp-block-heading\">O futuro do BPC e a sustentabilidade dos programas sociais<\/h2>\n\n\n\n<p>A revis\u00e3o do BPC representa n\u00e3o apenas uma mudan\u00e7a na aloca\u00e7\u00e3o de recursos, mas tamb\u00e9m um movimento estrat\u00e9gico em dire\u00e7\u00e3o a uma gest\u00e3o p\u00fablica mais respons\u00e1vel. Caso implementada com sucesso, essa iniciativa pode servir de modelo para uma reestrutura\u00e7\u00e3o mais ampla dos programas sociais no Brasil, criando um sistema mais justo e sustent\u00e1vel.<\/p>\n","protected":false},"excerpt":{"rendered":"<p>O governo brasileiro anunciou um plano de intensifica\u00e7\u00e3o da revis\u00e3o do Benef\u00edcio de Presta\u00e7\u00e3o Continuada (BPC) a partir de 2026, com o objetivo de otimizar os gastos p\u00fablicos, especialmente em um ano eleitoral. A medida visa garantir que o aux\u00edlio de um sal\u00e1rio m\u00ednimo, destinado a idosos de baixa renda, seja direcionado apenas aos que [&hellip;]<\/p>\n","protected":false},"author":11,"featured_media":40556,"comment_status":"open","ping_status":"open","sticky":false,"template":"","format":"standard","meta":{"jnews-multi-image_gallery":[],"jnews_single_post":{"format":"standard"},"jnews_primary_category":[],"jnews_social_meta":[],"jnews_override_counter":[],"footnotes":""},"categories":[28,1],"tags":[257,7392,7086],"class_list":["post-40467","post","type-post","status-publish","format-standard","has-post-thumbnail","hentry","category-economia","category-noticias","tag-bpc","tag-bpc-2025","tag-como-solicitar-bpc"],"yoast_head":"<!-- This site is optimized with the Yoast SEO plugin v23.8 - https:\/\/yoast.com\/wordpress\/plugins\/seo\/ -->\n<title>Equipe econ\u00f4mica planeja grande corte no BPC que pode afetar milh\u00f5es em 2026 - Estado de Minas - Em foco<\/title>\n<meta name=\"description\" content=\"A equipe econ\u00f4mica promete mudan\u00e7as significativas no BPC em 2026 e isso pode afetar milh\u00f5es de brasileiros.\" \/>\n<meta name=\"robots\" content=\"index, follow, max-snippet:-1, max-image-preview:large, max-video-preview:-1\" \/>\n<link rel=\"canonical\" href=\"https:\/\/www.em.com.br\/emfoco\/2025\/04\/23\/equipe-economica-planeja-grande-corte-no-bpc-que-pode-afetar-milhoes-em-2026\/\" \/>\n<meta property=\"og:locale\" content=\"pt_BR\" \/>\n<meta property=\"og:type\" content=\"article\" \/>\n<meta property=\"og:title\" content=\"Equipe econ\u00f4mica planeja grande corte no BPC que pode afetar milh\u00f5es em 2026 - Estado de Minas - Em foco\" \/>\n<meta property=\"og:description\" content=\"A equipe econ\u00f4mica promete mudan\u00e7as significativas no BPC em 2026 e isso pode afetar milh\u00f5es de brasileiros.\" \/>\n<meta property=\"og:url\" content=\"https:\/\/www.em.com.br\/emfoco\/2025\/04\/23\/equipe-economica-planeja-grande-corte-no-bpc-que-pode-afetar-milhoes-em-2026\/\" \/>\n<meta property=\"og:site_name\" content=\"Estado de Minas - Em foco\" \/>\n<meta property=\"article:published_time\" content=\"2025-04-23T14:20:00+00:00\" \/>\n<meta property=\"article:modified_time\" content=\"2025-04-22T19:08:12+00:00\" \/>\n<meta property=\"og:image\" content=\"https:\/\/www.em.com.br\/emfoco\/wp-content\/uploads\/2025\/04\/sem-dinheiro_1745345507306.jpg\" \/>\n\t<meta property=\"og:image:width\" content=\"1280\" \/>\n\t<meta property=\"og:image:height\" content=\"720\" \/>\n\t<meta property=\"og:image:type\" content=\"image\/jpeg\" \/>\n<meta name=\"author\" content=\"Andre\u0301 Rangel\u00a0\" \/>\n<meta name=\"twitter:card\" content=\"summary_large_image\" \/>\n<meta name=\"twitter:label1\" content=\"Escrito por\" \/>\n\t<meta name=\"twitter:data1\" content=\"Andre\u0301 Rangel\u00a0\" \/>\n\t<meta name=\"twitter:label2\" content=\"Est. tempo de leitura\" \/>\n\t<meta name=\"twitter:data2\" content=\"3 minutos\" \/>\n<!-- \/ Yoast SEO plugin. -->","yoast_head_json":{"title":"Equipe econ\u00f4mica planeja grande corte no BPC que pode afetar milh\u00f5es em 2026 - Estado de Minas - Em foco","description":"A equipe econ\u00f4mica promete mudan\u00e7as significativas no BPC em 2026 e isso pode afetar milh\u00f5es de brasileiros.","robots":{"index":"index","follow":"follow","max-snippet":"max-snippet:-1","max-image-preview":"max-image-preview:large","max-video-preview":"max-video-preview:-1"},"canonical":"https:\/\/www.em.com.br\/emfoco\/2025\/04\/23\/equipe-economica-planeja-grande-corte-no-bpc-que-pode-afetar-milhoes-em-2026\/","og_locale":"pt_BR","og_type":"article","og_title":"Equipe econ\u00f4mica planeja grande corte no BPC que pode afetar milh\u00f5es em 2026 - Estado de Minas - Em foco","og_description":"A equipe econ\u00f4mica promete mudan\u00e7as significativas no BPC em 2026 e isso pode afetar milh\u00f5es de brasileiros.","og_url":"https:\/\/www.em.com.br\/emfoco\/2025\/04\/23\/equipe-economica-planeja-grande-corte-no-bpc-que-pode-afetar-milhoes-em-2026\/","og_site_name":"Estado de Minas - Em foco","article_published_time":"2025-04-23T14:20:00+00:00","article_modified_time":"2025-04-22T19:08:12+00:00","og_image":[{"width":1280,"height":720,"url":"https:\/\/www.em.com.br\/emfoco\/wp-content\/uploads\/2025\/04\/sem-dinheiro_1745345507306.jpg","type":"image\/jpeg"}],"author":"Andre\u0301 Rangel\u00a0","twitter_card":"summary_large_image","twitter_misc":{"Escrito por":"Andre\u0301 Rangel\u00a0","Est. tempo de leitura":"3 minutos"},"schema":{"@context":"https:\/\/schema.org","@graph":[{"@type":"WebPage","@id":"https:\/\/www.em.com.br\/emfoco\/2025\/04\/23\/equipe-economica-planeja-grande-corte-no-bpc-que-pode-afetar-milhoes-em-2026\/","url":"https:\/\/www.em.com.br\/emfoco\/2025\/04\/23\/equipe-economica-planeja-grande-corte-no-bpc-que-pode-afetar-milhoes-em-2026\/","name":"Equipe econ\u00f4mica planeja grande corte no BPC que pode afetar milh\u00f5es em 2026 - Estado de Minas - Em foco","isPartOf":{"@id":"https:\/\/www.em.com.br\/emfoco\/#website"},"primaryImageOfPage":{"@id":"https:\/\/www.em.com.br\/emfoco\/2025\/04\/23\/equipe-economica-planeja-grande-corte-no-bpc-que-pode-afetar-milhoes-em-2026\/#primaryimage"},"image":{"@id":"https:\/\/www.em.com.br\/emfoco\/2025\/04\/23\/equipe-economica-planeja-grande-corte-no-bpc-que-pode-afetar-milhoes-em-2026\/#primaryimage"},"thumbnailUrl":"https:\/\/www.em.com.br\/emfoco\/wp-content\/uploads\/2025\/04\/sem-dinheiro_1745345507306.jpg","datePublished":"2025-04-23T14:20:00+00:00","dateModified":"2025-04-22T19:08:12+00:00","author":{"@id":"https:\/\/www.em.com.br\/emfoco\/#\/schema\/person\/60eda09c1fedf0d6891f4cef4b60b8b8"},"description":"A equipe econ\u00f4mica promete mudan\u00e7as significativas no BPC em 2026 e isso pode afetar milh\u00f5es de brasileiros.","breadcrumb":{"@id":"https:\/\/www.em.com.br\/emfoco\/2025\/04\/23\/equipe-economica-planeja-grande-corte-no-bpc-que-pode-afetar-milhoes-em-2026\/#breadcrumb"},"inLanguage":"pt-BR","potentialAction":[{"@type":"ReadAction","target":["https:\/\/www.em.com.br\/emfoco\/2025\/04\/23\/equipe-economica-planeja-grande-corte-no-bpc-que-pode-afetar-milhoes-em-2026\/"]}]},{"@type":"ImageObject","inLanguage":"pt-BR","@id":"https:\/\/www.em.com.br\/emfoco\/2025\/04\/23\/equipe-economica-planeja-grande-corte-no-bpc-que-pode-afetar-milhoes-em-2026\/#primaryimage","url":"https:\/\/www.em.com.br\/emfoco\/wp-content\/uploads\/2025\/04\/sem-dinheiro_1745345507306.jpg","contentUrl":"https:\/\/www.em.com.br\/emfoco\/wp-content\/uploads\/2025\/04\/sem-dinheiro_1745345507306.jpg","width":1280,"height":720,"caption":"Carteira sem dinheiro - Cr\u00e9ditos: depositphotos.com \/ andriano_cz"},{"@type":"BreadcrumbList","@id":"https:\/\/www.em.com.br\/emfoco\/2025\/04\/23\/equipe-economica-planeja-grande-corte-no-bpc-que-pode-afetar-milhoes-em-2026\/#breadcrumb","itemListElement":[{"@type":"ListItem","position":1,"name":"In\u00edcio","item":"https:\/\/www.em.com.br\/emfoco\/"},{"@type":"ListItem","position":2,"name":"Equipe econ\u00f4mica planeja grande corte no BPC que pode afetar milh\u00f5es em 2026"}]},{"@type":"WebSite","@id":"https:\/\/www.em.com.br\/emfoco\/#website","url":"https:\/\/www.em.com.br\/emfoco\/","name":"Estado de Minas - Em foco","description":"Acompanhe as \u00faltimas not\u00edcias e fique bem informado sobre tudo o que acontece em Minas Gerais, Brasil e no mundo.","potentialAction":[{"@type":"SearchAction","target":{"@type":"EntryPoint","urlTemplate":"https:\/\/www.em.com.br\/emfoco\/?s={search_term_string}"},"query-input":{"@type":"PropertyValueSpecification","valueRequired":true,"valueName":"search_term_string"}}],"inLanguage":"pt-BR"},{"@type":"Person","@id":"https:\/\/www.em.com.br\/emfoco\/#\/schema\/person\/60eda09c1fedf0d6891f4cef4b60b8b8","name":"Andre\u0301 Rangel\u00a0","image":{"@type":"ImageObject","inLanguage":"pt-BR","@id":"https:\/\/www.em.com.br\/emfoco\/#\/schema\/person\/image\/","url":"https:\/\/secure.gravatar.com\/avatar\/6234dc814c77c8ef6d8bba622c787efc?s=96&d=mm&r=g","contentUrl":"https:\/\/secure.gravatar.com\/avatar\/6234dc814c77c8ef6d8bba622c787efc?s=96&d=mm&r=g","caption":"Andre\u0301 Rangel\u00a0"},"url":"https:\/\/www.em.com.br\/emfoco\/author\/luizmyth\/"}]}},"_links":{"self":[{"href":"https:\/\/www.em.com.br\/emfoco\/wp-json\/wp\/v2\/posts\/40467","targetHints":{"allow":["GET"]}}],"collection":[{"href":"https:\/\/www.em.com.br\/emfoco\/wp-json\/wp\/v2\/posts"}],"about":[{"href":"https:\/\/www.em.com.br\/emfoco\/wp-json\/wp\/v2\/types\/post"}],"author":[{"embeddable":true,"href":"https:\/\/www.em.com.br\/emfoco\/wp-json\/wp\/v2\/users\/11"}],"replies":[{"embeddable":true,"href":"https:\/\/www.em.com.br\/emfoco\/wp-json\/wp\/v2\/comments?post=40467"}],"version-history":[{"count":4,"href":"https:\/\/www.em.com.br\/emfoco\/wp-json\/wp\/v2\/posts\/40467\/revisions"}],"predecessor-version":[{"id":40557,"href":"https:\/\/www.em.com.br\/emfoco\/wp-json\/wp\/v2\/posts\/40467\/revisions\/40557"}],"wp:featuredmedia":[{"embeddable":true,"href":"https:\/\/www.em.com.br\/emfoco\/wp-json\/wp\/v2\/media\/40556"}],"wp:attachment":[{"href":"https:\/\/www.em.com.br\/emfoco\/wp-json\/wp\/v2\/media?parent=40467"}],"wp:term":[{"taxonomy":"category","embeddable":true,"href":"https:\/\/www.em.com.br\/emfoco\/wp-json\/wp\/v2\/categories?post=40467"},{"taxonomy":"post_tag","embeddable":true,"href":"https:\/\/www.em.com.br\/emfoco\/wp-json\/wp\/v2\/tags?post=40467"}],"curies":[{"name":"wp","href":"https:\/\/api.w.org\/{rel}","templated":true}]}}