{"id":40423,"date":"2025-04-26T22:20:00","date_gmt":"2025-04-27T01:20:00","guid":{"rendered":"https:\/\/www.em.com.br\/emfoco\/?p=40423"},"modified":"2025-04-23T16:08:58","modified_gmt":"2025-04-23T19:08:58","slug":"atualizacao-da-samsung-causa-falhas-graves-e-e-suspenso","status":"publish","type":"post","link":"https:\/\/www.em.com.br\/emfoco\/2025\/04\/26\/atualizacao-da-samsung-causa-falhas-graves-e-e-suspenso\/","title":{"rendered":"Atualiza\u00e7\u00e3o da Samsung causa falhas graves e \u00e9 suspenso"},"content":{"rendered":"\n<p>Recentemente, a <strong>Samsung <\/strong>tomou a decis\u00e3o de suspender a atualiza\u00e7\u00e3o da <strong>One UI 7<\/strong>, ap\u00f3s identificar problemas que poderiam comprometer a experi\u00eancia do usu\u00e1rio. A atualiza\u00e7\u00e3o, que havia come\u00e7ado a ser distribu\u00edda, foi retirada temporariamente para que a empresa pudesse investigar e solucionar as falhas relatadas.<\/p>\n\n\n\n<p>Essa a\u00e7\u00e3o foi comunicada globalmente, com a distribui\u00e7\u00e3o sendo pausada em todos os mercados. A Samsung est\u00e1 focada em assegurar que seus dispositivos funcionem de maneira eficiente e segura, evitando que os usu\u00e1rios enfrentem dificuldades decorrentes dos problemas identificados.<\/p>\n\n\n\n<h2 class=\"wp-block-heading\">Quais s\u00e3o os problemas enfrentados na One UI 7?<\/h2>\n\n\n\n<p>Entre os principais problemas relatados, um dos mais s\u00e9rios envolveu dificuldades no desbloqueio de alguns modelos, como o <strong><a href=\"https:\/\/www.samsung.com\/br\/smartphones\/galaxy-s24\/\" target=\"_blank\" rel=\"noreferrer noopener\">Galaxy S24<\/a><\/strong>. Al\u00e9m disso, houve relatos de falhas em recursos de seguran\u00e7a, onde dados protegidos estavam sendo manipulados de forma inadequada.<\/p>\n\n\n\n<p>Outro problema significativo foi o aumento no consumo de bateria ap\u00f3s a atualiza\u00e7\u00e3o. Muitos usu\u00e1rios perceberam que seus dispositivos estavam consumindo energia de forma excessiva, o que gerou preocupa\u00e7\u00f5es sobre a efici\u00eancia da nova vers\u00e3o do sistema.<\/p>\n\n\n\n<figure class=\"wp-block-image size-large\"><img loading=\"lazy\" decoding=\"async\" width=\"1024\" height=\"576\" src=\"https:\/\/www.em.com.br\/emfoco\/wp-content\/uploads\/2025\/04\/Samsung_1745331185529-1024x576.jpg\" alt=\"Atualiza\u00e7\u00e3o da Samsung causa falhas graves e \u00e9 suspenso\" class=\"wp-image-40428\" srcset=\"https:\/\/www.em.com.br\/emfoco\/wp-content\/uploads\/2025\/04\/Samsung_1745331185529-1024x576.jpg 1024w, https:\/\/www.em.com.br\/emfoco\/wp-content\/uploads\/2025\/04\/Samsung_1745331185529-300x169.jpg 300w, https:\/\/www.em.com.br\/emfoco\/wp-content\/uploads\/2025\/04\/Samsung_1745331185529-768x432.jpg 768w, https:\/\/www.em.com.br\/emfoco\/wp-content\/uploads\/2025\/04\/Samsung_1745331185529-750x422.jpg 750w, https:\/\/www.em.com.br\/emfoco\/wp-content\/uploads\/2025\/04\/Samsung_1745331185529-1140x641.jpg 1140w, https:\/\/www.em.com.br\/emfoco\/wp-content\/uploads\/2025\/04\/Samsung_1745331185529.jpg 1280w\" sizes=\"auto, (max-width: 1024px) 100vw, 1024px\" \/><figcaption class=\"wp-element-caption\">Celular da Samsung &#8211; Cr\u00e9ditos: depositphotos.com \/ javiindy<\/figcaption><\/figure>\n\n\n\n<h2 class=\"wp-block-heading\">Consequ\u00eancias da suspens\u00e3o da atualiza\u00e7\u00e3o<\/h2>\n\n\n\n<p>A suspens\u00e3o da atualiza\u00e7\u00e3o impactou diversos modelos, incluindo o<strong> Galaxy Z Flip 6<\/strong> e o <strong>Galaxy Z Fold 6<\/strong>, em regi\u00f5es como <strong>Europa<\/strong>, <strong><a href=\"https:\/\/www.em.com.br\/emfoco\/2025\/04\/11\/coreia-do-sul-planeja-cidades-flutuantes-para-combater-o-avanco-do-nivel-do-mar\/\" target=\"_blank\" rel=\"noreferrer noopener\">Coreia do Sul<\/a> <\/strong>e <strong>Estados Unidos<\/strong>. No <strong>Brasil<\/strong>, a atualiza\u00e7\u00e3o ainda n\u00e3o havia sido liberada, o que evitou que os usu\u00e1rios locais enfrentassem os problemas relatados.<\/p>\n\n\n\n<p>A Samsung ainda n\u00e3o anunciou uma nova data para a retomada da distribui\u00e7\u00e3o, mas est\u00e1 trabalhando para resolver os problemas identificados. A empresa busca garantir que a experi\u00eancia do usu\u00e1rio n\u00e3o seja comprometida e que a atualiza\u00e7\u00e3o possa ser liberada sem falhas.<\/p>\n\n\n\n<h2 class=\"wp-block-heading\">O que a One UI 7 promete oferecer?<\/h2>\n\n\n\n<p>A One UI 7 foi desenvolvida para trazer melhorias e novos recursos, aproveitando as funcionalidades do <strong>Android 15<\/strong>. Inicialmente, a atualiza\u00e7\u00e3o foi lan\u00e7ada para a linha <strong>Galaxy S25<\/strong> e alguns modelos da linha <strong>Galaxy A<\/strong>, com a expectativa de oferecer uma experi\u00eancia aprimorada para os usu\u00e1rios.<\/p>\n\n\n\n<p>A Samsung continua seus esfor\u00e7os para corrigir os problemas e assegurar que a atualiza\u00e7\u00e3o seja segura e eficiente. A expectativa \u00e9 que a distribui\u00e7\u00e3o seja retomada assim que os bugs forem corrigidos, proporcionando uma experi\u00eancia aprimorada para os usu\u00e1rios.<\/p>\n","protected":false},"excerpt":{"rendered":"<p>Recentemente, a Samsung tomou a decis\u00e3o de suspender a atualiza\u00e7\u00e3o da One UI 7, ap\u00f3s identificar problemas que poderiam comprometer a experi\u00eancia do usu\u00e1rio. A atualiza\u00e7\u00e3o, que havia come\u00e7ado a ser distribu\u00edda, foi retirada temporariamente para que a empresa pudesse investigar e solucionar as falhas relatadas. Essa a\u00e7\u00e3o foi comunicada globalmente, com a distribui\u00e7\u00e3o sendo [&hellip;]<\/p>\n","protected":false},"author":13,"featured_media":40427,"comment_status":"open","ping_status":"open","sticky":false,"template":"","format":"standard","meta":{"jnews-multi-image_gallery":[],"jnews_single_post":{"format":"standard"},"jnews_primary_category":[],"jnews_social_meta":[],"jnews_override_counter":[],"footnotes":""},"categories":[4204],"tags":[618,5897,7792,2598],"class_list":["post-40423","post","type-post","status-publish","format-standard","has-post-thumbnail","hentry","category-tecnologia","tag-atualizacao","tag-one-ui-7","tag-problemas","tag-samsung"],"yoast_head":"<!-- This site is optimized with the Yoast SEO plugin v23.8 - https:\/\/yoast.com\/wordpress\/plugins\/seo\/ -->\n<title>Atualiza\u00e7\u00e3o da Samsung causa falhas graves e \u00e9 suspenso - Estado de Minas - Em foco<\/title>\n<meta name=\"description\" content=\"Falhas no desbloqueio e consumo excessivo de bateria fizeram a Samsung suspender a One UI 7. Saiba quais modelos foram afetados.\" \/>\n<meta name=\"robots\" content=\"index, follow, max-snippet:-1, max-image-preview:large, max-video-preview:-1\" \/>\n<link rel=\"canonical\" href=\"https:\/\/www.em.com.br\/emfoco\/2025\/04\/26\/atualizacao-da-samsung-causa-falhas-graves-e-e-suspenso\/\" \/>\n<meta property=\"og:locale\" content=\"pt_BR\" \/>\n<meta property=\"og:type\" content=\"article\" \/>\n<meta property=\"og:title\" content=\"Atualiza\u00e7\u00e3o da Samsung causa falhas graves e \u00e9 suspenso - Estado de Minas - Em foco\" \/>\n<meta property=\"og:description\" content=\"Falhas no desbloqueio e consumo excessivo de bateria fizeram a Samsung suspender a One UI 7. Saiba quais modelos foram afetados.\" \/>\n<meta property=\"og:url\" content=\"https:\/\/www.em.com.br\/emfoco\/2025\/04\/26\/atualizacao-da-samsung-causa-falhas-graves-e-e-suspenso\/\" \/>\n<meta property=\"og:site_name\" content=\"Estado de Minas - Em foco\" \/>\n<meta property=\"article:published_time\" content=\"2025-04-27T01:20:00+00:00\" \/>\n<meta property=\"article:modified_time\" content=\"2025-04-23T19:08:58+00:00\" \/>\n<meta property=\"og:image\" content=\"https:\/\/www.em.com.br\/emfoco\/wp-content\/uploads\/2025\/04\/Samsung_1745331155674.jpg\" \/>\n\t<meta property=\"og:image:width\" content=\"1280\" \/>\n\t<meta property=\"og:image:height\" content=\"720\" \/>\n\t<meta property=\"og:image:type\" content=\"image\/jpeg\" \/>\n<meta name=\"author\" content=\"Gabriel Martins\" \/>\n<meta name=\"twitter:card\" content=\"summary_large_image\" \/>\n<meta name=\"twitter:label1\" content=\"Escrito por\" \/>\n\t<meta name=\"twitter:data1\" content=\"Gabriel Martins\" \/>\n\t<meta name=\"twitter:label2\" content=\"Est. tempo de leitura\" \/>\n\t<meta name=\"twitter:data2\" content=\"3 minutos\" \/>\n<!-- \/ Yoast SEO plugin. -->","yoast_head_json":{"title":"Atualiza\u00e7\u00e3o da Samsung causa falhas graves e \u00e9 suspenso - Estado de Minas - Em foco","description":"Falhas no desbloqueio e consumo excessivo de bateria fizeram a Samsung suspender a One UI 7. Saiba quais modelos foram afetados.","robots":{"index":"index","follow":"follow","max-snippet":"max-snippet:-1","max-image-preview":"max-image-preview:large","max-video-preview":"max-video-preview:-1"},"canonical":"https:\/\/www.em.com.br\/emfoco\/2025\/04\/26\/atualizacao-da-samsung-causa-falhas-graves-e-e-suspenso\/","og_locale":"pt_BR","og_type":"article","og_title":"Atualiza\u00e7\u00e3o da Samsung causa falhas graves e \u00e9 suspenso - Estado de Minas - Em foco","og_description":"Falhas no desbloqueio e consumo excessivo de bateria fizeram a Samsung suspender a One UI 7. Saiba quais modelos foram afetados.","og_url":"https:\/\/www.em.com.br\/emfoco\/2025\/04\/26\/atualizacao-da-samsung-causa-falhas-graves-e-e-suspenso\/","og_site_name":"Estado de Minas - Em foco","article_published_time":"2025-04-27T01:20:00+00:00","article_modified_time":"2025-04-23T19:08:58+00:00","og_image":[{"width":1280,"height":720,"url":"https:\/\/www.em.com.br\/emfoco\/wp-content\/uploads\/2025\/04\/Samsung_1745331155674.jpg","type":"image\/jpeg"}],"author":"Gabriel Martins","twitter_card":"summary_large_image","twitter_misc":{"Escrito por":"Gabriel Martins","Est. tempo de leitura":"3 minutos"},"schema":{"@context":"https:\/\/schema.org","@graph":[{"@type":"WebPage","@id":"https:\/\/www.em.com.br\/emfoco\/2025\/04\/26\/atualizacao-da-samsung-causa-falhas-graves-e-e-suspenso\/","url":"https:\/\/www.em.com.br\/emfoco\/2025\/04\/26\/atualizacao-da-samsung-causa-falhas-graves-e-e-suspenso\/","name":"Atualiza\u00e7\u00e3o da Samsung causa falhas graves e \u00e9 suspenso - Estado de Minas - Em foco","isPartOf":{"@id":"https:\/\/www.em.com.br\/emfoco\/#website"},"primaryImageOfPage":{"@id":"https:\/\/www.em.com.br\/emfoco\/2025\/04\/26\/atualizacao-da-samsung-causa-falhas-graves-e-e-suspenso\/#primaryimage"},"image":{"@id":"https:\/\/www.em.com.br\/emfoco\/2025\/04\/26\/atualizacao-da-samsung-causa-falhas-graves-e-e-suspenso\/#primaryimage"},"thumbnailUrl":"https:\/\/www.em.com.br\/emfoco\/wp-content\/uploads\/2025\/04\/Samsung_1745331155674.jpg","datePublished":"2025-04-27T01:20:00+00:00","dateModified":"2025-04-23T19:08:58+00:00","author":{"@id":"https:\/\/www.em.com.br\/emfoco\/#\/schema\/person\/1c9ddeab18b98abeffef834667bcf08a"},"description":"Falhas no desbloqueio e consumo excessivo de bateria fizeram a Samsung suspender a One UI 7. Saiba quais modelos foram afetados.","breadcrumb":{"@id":"https:\/\/www.em.com.br\/emfoco\/2025\/04\/26\/atualizacao-da-samsung-causa-falhas-graves-e-e-suspenso\/#breadcrumb"},"inLanguage":"pt-BR","potentialAction":[{"@type":"ReadAction","target":["https:\/\/www.em.com.br\/emfoco\/2025\/04\/26\/atualizacao-da-samsung-causa-falhas-graves-e-e-suspenso\/"]}]},{"@type":"ImageObject","inLanguage":"pt-BR","@id":"https:\/\/www.em.com.br\/emfoco\/2025\/04\/26\/atualizacao-da-samsung-causa-falhas-graves-e-e-suspenso\/#primaryimage","url":"https:\/\/www.em.com.br\/emfoco\/wp-content\/uploads\/2025\/04\/Samsung_1745331155674.jpg","contentUrl":"https:\/\/www.em.com.br\/emfoco\/wp-content\/uploads\/2025\/04\/Samsung_1745331155674.jpg","width":1280,"height":720,"caption":"Samsung - Cr\u00e9ditos: depositphotos.com \/ Mykola"},{"@type":"BreadcrumbList","@id":"https:\/\/www.em.com.br\/emfoco\/2025\/04\/26\/atualizacao-da-samsung-causa-falhas-graves-e-e-suspenso\/#breadcrumb","itemListElement":[{"@type":"ListItem","position":1,"name":"In\u00edcio","item":"https:\/\/www.em.com.br\/emfoco\/"},{"@type":"ListItem","position":2,"name":"Atualiza\u00e7\u00e3o da Samsung causa falhas graves e \u00e9 suspenso"}]},{"@type":"WebSite","@id":"https:\/\/www.em.com.br\/emfoco\/#website","url":"https:\/\/www.em.com.br\/emfoco\/","name":"Estado de Minas - Em foco","description":"Acompanhe as \u00faltimas not\u00edcias e fique bem informado sobre tudo o que acontece em Minas Gerais, Brasil e no mundo.","potentialAction":[{"@type":"SearchAction","target":{"@type":"EntryPoint","urlTemplate":"https:\/\/www.em.com.br\/emfoco\/?s={search_term_string}"},"query-input":{"@type":"PropertyValueSpecification","valueRequired":true,"valueName":"search_term_string"}}],"inLanguage":"pt-BR"},{"@type":"Person","@id":"https:\/\/www.em.com.br\/emfoco\/#\/schema\/person\/1c9ddeab18b98abeffef834667bcf08a","name":"Gabriel Martins","image":{"@type":"ImageObject","inLanguage":"pt-BR","@id":"https:\/\/www.em.com.br\/emfoco\/#\/schema\/person\/image\/","url":"https:\/\/secure.gravatar.com\/avatar\/f0f1e2efdfd88f1ad2cb08c5c2731e50?s=96&d=mm&r=g","contentUrl":"https:\/\/secure.gravatar.com\/avatar\/f0f1e2efdfd88f1ad2cb08c5c2731e50?s=96&d=mm&r=g","caption":"Gabriel Martins"},"sameAs":["https:\/\/www.em.com.br\/emfoco\/"],"url":"https:\/\/www.em.com.br\/emfoco\/author\/gabrielmartinsmyth\/"}]}},"_links":{"self":[{"href":"https:\/\/www.em.com.br\/emfoco\/wp-json\/wp\/v2\/posts\/40423","targetHints":{"allow":["GET"]}}],"collection":[{"href":"https:\/\/www.em.com.br\/emfoco\/wp-json\/wp\/v2\/posts"}],"about":[{"href":"https:\/\/www.em.com.br\/emfoco\/wp-json\/wp\/v2\/types\/post"}],"author":[{"embeddable":true,"href":"https:\/\/www.em.com.br\/emfoco\/wp-json\/wp\/v2\/users\/13"}],"replies":[{"embeddable":true,"href":"https:\/\/www.em.com.br\/emfoco\/wp-json\/wp\/v2\/comments?post=40423"}],"version-history":[{"count":2,"href":"https:\/\/www.em.com.br\/emfoco\/wp-json\/wp\/v2\/posts\/40423\/revisions"}],"predecessor-version":[{"id":40429,"href":"https:\/\/www.em.com.br\/emfoco\/wp-json\/wp\/v2\/posts\/40423\/revisions\/40429"}],"wp:featuredmedia":[{"embeddable":true,"href":"https:\/\/www.em.com.br\/emfoco\/wp-json\/wp\/v2\/media\/40427"}],"wp:attachment":[{"href":"https:\/\/www.em.com.br\/emfoco\/wp-json\/wp\/v2\/media?parent=40423"}],"wp:term":[{"taxonomy":"category","embeddable":true,"href":"https:\/\/www.em.com.br\/emfoco\/wp-json\/wp\/v2\/categories?post=40423"},{"taxonomy":"post_tag","embeddable":true,"href":"https:\/\/www.em.com.br\/emfoco\/wp-json\/wp\/v2\/tags?post=40423"}],"curies":[{"name":"wp","href":"https:\/\/api.w.org\/{rel}","templated":true}]}}