{"id":40409,"date":"2025-04-24T10:00:12","date_gmt":"2025-04-24T13:00:12","guid":{"rendered":"https:\/\/www.em.com.br\/emfoco\/?p=40409"},"modified":"2025-04-24T10:00:12","modified_gmt":"2025-04-24T13:00:12","slug":"nova-lei-garante-2-doencas-para-conquistar-aposentadoria-em-2025","status":"publish","type":"post","link":"https:\/\/www.em.com.br\/emfoco\/2025\/04\/24\/nova-lei-garante-2-doencas-para-conquistar-aposentadoria-em-2025\/","title":{"rendered":"Nova lei garante +2 doen\u00e7as para conquistar aposentadoria em 2025"},"content":{"rendered":"\n<p>O ano de 2025 promete ser decisivo para o sistema previdenci\u00e1rio no Brasil, com potenciais mudan\u00e7as legislativas que podem alterar significativamente o acesso a benef\u00edcios sociais. Com novas propostas em discuss\u00e3o, \u00e9 fundamental que os segurados do Instituto Nacional do Seguro Social (INSS) estejam atentos \u00e0s poss\u00edveis altera\u00e7\u00f5es que podem impactar seus direitos.<\/p>\n\n\n\n<p>Entre as propostas em destaque est\u00e1 o <strong><a href=\"https:\/\/www25.senado.leg.br\/web\/atividade\/materias\/-\/materia\/154730\" target=\"_blank\" rel=\"noreferrer noopener\">Projeto de Lei 2.472\/2022<\/a><\/strong>, que visa modificar a lista de doen\u00e7as graves reconhecidas pelo INSS, incluindo condi\u00e7\u00f5es como <strong>l\u00fapus e epilepsia<\/strong>. Essa mudan\u00e7a pode facilitar o acesso a benef\u00edcios para aqueles que enfrentam essas condi\u00e7\u00f5es de sa\u00fade.<\/p>\n\n\n\n<h2 class=\"wp-block-heading\">O que o Projeto de Lei 2.472\/2022 prop\u00f5e?<\/h2>\n\n\n\n<p>O Projeto de Lei 2.472\/2022 <strong>busca dispensar o per\u00edodo de car\u00eancia exigido para a concess\u00e3o de alguns benef\u00edcios do INSS<\/strong>, especificamente para pessoas diagnosticadas com l\u00fapus e epilepsia. Atualmente, para acessar benef\u00edcios como o aux\u00edlio por incapacidade tempor\u00e1ria e a aposentadoria por incapacidade permanente, \u00e9 necess\u00e1rio ter contribu\u00eddo por pelo menos 12 meses. A proposta visa eliminar essa exig\u00eancia para os portadores dessas condi\u00e7\u00f5es.<\/p>\n\n\n\n<p>O objetivo \u00e9 assegurar que o tratamento previdenci\u00e1rio seja justo e equitativo para todas as condi\u00e7\u00f5es graves, semelhante ao tratamento j\u00e1 dispensado a doen\u00e7as como c\u00e2ncer e hansen\u00edase. O senador Paulo Paim, autor do projeto, destaca a import\u00e2ncia de garantir igualdade no acesso aos benef\u00edcios previdenci\u00e1rios.<\/p>\n\n\n\n<figure class=\"wp-block-image size-large\"><img loading=\"lazy\" decoding=\"async\" width=\"1024\" height=\"576\" src=\"https:\/\/www.em.com.br\/emfoco\/wp-content\/uploads\/2025\/01\/INSS_1736772502695-1024x576.jpg\" alt=\"\" class=\"wp-image-10348\" srcset=\"https:\/\/www.em.com.br\/emfoco\/wp-content\/uploads\/2025\/01\/INSS_1736772502695-1024x576.jpg 1024w, https:\/\/www.em.com.br\/emfoco\/wp-content\/uploads\/2025\/01\/INSS_1736772502695-300x169.jpg 300w, https:\/\/www.em.com.br\/emfoco\/wp-content\/uploads\/2025\/01\/INSS_1736772502695-768x432.jpg 768w, https:\/\/www.em.com.br\/emfoco\/wp-content\/uploads\/2025\/01\/INSS_1736772502695-750x422.jpg 750w, https:\/\/www.em.com.br\/emfoco\/wp-content\/uploads\/2025\/01\/INSS_1736772502695-1140x641.jpg 1140w, https:\/\/www.em.com.br\/emfoco\/wp-content\/uploads\/2025\/01\/INSS_1736772502695.jpg 1280w\" sizes=\"auto, (max-width: 1024px) 100vw, 1024px\" \/><figcaption class=\"wp-element-caption\">Imagem Ilustrativa do INSS &#8211; Cr\u00e9ditos: depositphotos.com \/ AngelaMacario<\/figcaption><\/figure>\n\n\n\n<h2 class=\"wp-block-heading\">Qual \u00e9 o status atual do Projeto de Lei 2.472\/2022?<\/h2>\n\n\n\n<p>Ap\u00f3s aprova\u00e7\u00e3o pela Comiss\u00e3o de Assuntos Econ\u00f4micos, o Projeto de Lei 2.472\/2022 foi encaminhado para a Comiss\u00e3o de Assuntos Sociais do Senado, onde <strong>est\u00e1 em an\u00e1lise<\/strong>. Dependendo do parecer, o projeto poder\u00e1 ser votado no plen\u00e1rio do Senado. Se aprovado, seguir\u00e1 para a C\u00e2mara dos Deputados para nova delibera\u00e7\u00e3o. Desde o final de 2024, n\u00e3o houve atualiza\u00e7\u00f5es sobre o andamento do projeto, tornando o acompanhamento legislativo em 2025 essencial.<\/p>\n\n\n\n<h2 class=\"wp-block-heading\">Impactos potenciais para os segurados do INSS<\/h2>\n\n\n\n<p>A aprova\u00e7\u00e3o do Projeto de Lei 2.472\/2022 pode representar um avan\u00e7o significativo para os segurados do INSS que convivem com l\u00fapus e epilepsia. Ao eliminar o per\u00edodo de car\u00eancia, esses indiv\u00edduos teriam acesso mais r\u00e1pido a benef\u00edcios como o aux\u00edlio por incapacidade tempor\u00e1ria e a aposentadoria por incapacidade permanente. Isso promoveria um tratamento mais justo e igualit\u00e1rio em compara\u00e7\u00e3o com outras doen\u00e7as graves j\u00e1 reconhecidas pela legisla\u00e7\u00e3o.<\/p>\n\n\n\n<p>Os segurados do INSS devem permanecer atentos \u00e0s discuss\u00f5es no Congresso Nacional ao longo de 2025, pois a aprova\u00e7\u00e3o desta lei pode trazer mudan\u00e7as concretas no acesso a direitos previdenci\u00e1rios fundamentais.<\/p>\n","protected":false},"excerpt":{"rendered":"<p>O ano de 2025 promete ser decisivo para o sistema previdenci\u00e1rio no Brasil, com potenciais mudan\u00e7as legislativas que podem alterar significativamente o acesso a benef\u00edcios sociais. Com novas propostas em discuss\u00e3o, \u00e9 fundamental que os segurados do Instituto Nacional do Seguro Social (INSS) estejam atentos \u00e0s poss\u00edveis altera\u00e7\u00f5es que podem impactar seus direitos. Entre as [&hellip;]<\/p>\n","protected":false},"author":5,"featured_media":16180,"comment_status":"open","ping_status":"open","sticky":false,"template":"","format":"standard","meta":{"jnews-multi-image_gallery":[],"jnews_single_post":{"format":"standard"},"jnews_primary_category":[],"jnews_social_meta":[],"jnews_override_counter":[],"footnotes":""},"categories":[28,1],"tags":[174,1620,992,1966],"class_list":["post-40409","post","type-post","status-publish","format-standard","has-post-thumbnail","hentry","category-economia","category-noticias","tag-inss","tag-lupus","tag-projeto-de-lei","tag-sistema-previdenciario"],"yoast_head":"<!-- This site is optimized with the Yoast SEO plugin v23.8 - https:\/\/yoast.com\/wordpress\/plugins\/seo\/ -->\n<title>Nova lei garante +2 doen\u00e7as para conquistar aposentadoria em 2025 - Estado de Minas - Em foco<\/title>\n<meta name=\"description\" content=\"Nova proposta do governo Lula inclui mais 2 doen\u00e7as na lista para aposentadoria imediata pelo INSS em 2025.\" \/>\n<meta name=\"robots\" content=\"index, follow, max-snippet:-1, max-image-preview:large, max-video-preview:-1\" \/>\n<link rel=\"canonical\" href=\"https:\/\/www.em.com.br\/emfoco\/2025\/04\/24\/nova-lei-garante-2-doencas-para-conquistar-aposentadoria-em-2025\/\" \/>\n<meta property=\"og:locale\" content=\"pt_BR\" \/>\n<meta property=\"og:type\" content=\"article\" \/>\n<meta property=\"og:title\" content=\"Nova lei garante +2 doen\u00e7as para conquistar aposentadoria em 2025 - Estado de Minas - Em foco\" \/>\n<meta property=\"og:description\" content=\"Nova proposta do governo Lula inclui mais 2 doen\u00e7as na lista para aposentadoria imediata pelo INSS em 2025.\" \/>\n<meta property=\"og:url\" content=\"https:\/\/www.em.com.br\/emfoco\/2025\/04\/24\/nova-lei-garante-2-doencas-para-conquistar-aposentadoria-em-2025\/\" \/>\n<meta property=\"og:site_name\" content=\"Estado de Minas - Em foco\" \/>\n<meta property=\"article:published_time\" content=\"2025-04-24T13:00:12+00:00\" \/>\n<meta property=\"og:image\" content=\"https:\/\/www.em.com.br\/emfoco\/wp-content\/uploads\/2025\/02\/esse-42.jpg\" \/>\n\t<meta property=\"og:image:width\" content=\"1280\" \/>\n\t<meta property=\"og:image:height\" content=\"720\" \/>\n\t<meta property=\"og:image:type\" content=\"image\/jpeg\" \/>\n<meta name=\"author\" content=\"N\u00fabia Rangel\" \/>\n<meta name=\"twitter:card\" content=\"summary_large_image\" \/>\n<meta name=\"twitter:label1\" content=\"Escrito por\" \/>\n\t<meta name=\"twitter:data1\" content=\"N\u00fabia Rangel\" \/>\n\t<meta name=\"twitter:label2\" content=\"Est. tempo de leitura\" \/>\n\t<meta name=\"twitter:data2\" content=\"3 minutos\" \/>\n<!-- \/ Yoast SEO plugin. -->","yoast_head_json":{"title":"Nova lei garante +2 doen\u00e7as para conquistar aposentadoria em 2025 - Estado de Minas - Em foco","description":"Nova proposta do governo Lula inclui mais 2 doen\u00e7as na lista para aposentadoria imediata pelo INSS em 2025.","robots":{"index":"index","follow":"follow","max-snippet":"max-snippet:-1","max-image-preview":"max-image-preview:large","max-video-preview":"max-video-preview:-1"},"canonical":"https:\/\/www.em.com.br\/emfoco\/2025\/04\/24\/nova-lei-garante-2-doencas-para-conquistar-aposentadoria-em-2025\/","og_locale":"pt_BR","og_type":"article","og_title":"Nova lei garante +2 doen\u00e7as para conquistar aposentadoria em 2025 - Estado de Minas - Em foco","og_description":"Nova proposta do governo Lula inclui mais 2 doen\u00e7as na lista para aposentadoria imediata pelo INSS em 2025.","og_url":"https:\/\/www.em.com.br\/emfoco\/2025\/04\/24\/nova-lei-garante-2-doencas-para-conquistar-aposentadoria-em-2025\/","og_site_name":"Estado de Minas - Em foco","article_published_time":"2025-04-24T13:00:12+00:00","og_image":[{"width":1280,"height":720,"url":"https:\/\/www.em.com.br\/emfoco\/wp-content\/uploads\/2025\/02\/esse-42.jpg","type":"image\/jpeg"}],"author":"N\u00fabia Rangel","twitter_card":"summary_large_image","twitter_misc":{"Escrito por":"N\u00fabia Rangel","Est. tempo de leitura":"3 minutos"},"schema":{"@context":"https:\/\/schema.org","@graph":[{"@type":"WebPage","@id":"https:\/\/www.em.com.br\/emfoco\/2025\/04\/24\/nova-lei-garante-2-doencas-para-conquistar-aposentadoria-em-2025\/","url":"https:\/\/www.em.com.br\/emfoco\/2025\/04\/24\/nova-lei-garante-2-doencas-para-conquistar-aposentadoria-em-2025\/","name":"Nova lei garante +2 doen\u00e7as para conquistar aposentadoria em 2025 - Estado de Minas - Em foco","isPartOf":{"@id":"https:\/\/www.em.com.br\/emfoco\/#website"},"primaryImageOfPage":{"@id":"https:\/\/www.em.com.br\/emfoco\/2025\/04\/24\/nova-lei-garante-2-doencas-para-conquistar-aposentadoria-em-2025\/#primaryimage"},"image":{"@id":"https:\/\/www.em.com.br\/emfoco\/2025\/04\/24\/nova-lei-garante-2-doencas-para-conquistar-aposentadoria-em-2025\/#primaryimage"},"thumbnailUrl":"https:\/\/www.em.com.br\/emfoco\/wp-content\/uploads\/2025\/02\/esse-42.jpg","datePublished":"2025-04-24T13:00:12+00:00","dateModified":"2025-04-24T13:00:12+00:00","author":{"@id":"https:\/\/www.em.com.br\/emfoco\/#\/schema\/person\/524437ef54f8a5d32591b143307f2e20"},"description":"Nova proposta do governo Lula inclui mais 2 doen\u00e7as na lista para aposentadoria imediata pelo INSS em 2025.","breadcrumb":{"@id":"https:\/\/www.em.com.br\/emfoco\/2025\/04\/24\/nova-lei-garante-2-doencas-para-conquistar-aposentadoria-em-2025\/#breadcrumb"},"inLanguage":"pt-BR","potentialAction":[{"@type":"ReadAction","target":["https:\/\/www.em.com.br\/emfoco\/2025\/04\/24\/nova-lei-garante-2-doencas-para-conquistar-aposentadoria-em-2025\/"]}]},{"@type":"ImageObject","inLanguage":"pt-BR","@id":"https:\/\/www.em.com.br\/emfoco\/2025\/04\/24\/nova-lei-garante-2-doencas-para-conquistar-aposentadoria-em-2025\/#primaryimage","url":"https:\/\/www.em.com.br\/emfoco\/wp-content\/uploads\/2025\/02\/esse-42.jpg","contentUrl":"https:\/\/www.em.com.br\/emfoco\/wp-content\/uploads\/2025\/02\/esse-42.jpg","width":1280,"height":720,"caption":"Presidente Lula - Cr\u00e9ditos: Wikimedia Commons"},{"@type":"BreadcrumbList","@id":"https:\/\/www.em.com.br\/emfoco\/2025\/04\/24\/nova-lei-garante-2-doencas-para-conquistar-aposentadoria-em-2025\/#breadcrumb","itemListElement":[{"@type":"ListItem","position":1,"name":"In\u00edcio","item":"https:\/\/www.em.com.br\/emfoco\/"},{"@type":"ListItem","position":2,"name":"Nova lei garante +2 doen\u00e7as para conquistar aposentadoria em 2025"}]},{"@type":"WebSite","@id":"https:\/\/www.em.com.br\/emfoco\/#website","url":"https:\/\/www.em.com.br\/emfoco\/","name":"Estado de Minas - Em foco","description":"Acompanhe as \u00faltimas not\u00edcias e fique bem informado sobre tudo o que acontece em Minas Gerais, Brasil e no mundo.","potentialAction":[{"@type":"SearchAction","target":{"@type":"EntryPoint","urlTemplate":"https:\/\/www.em.com.br\/emfoco\/?s={search_term_string}"},"query-input":{"@type":"PropertyValueSpecification","valueRequired":true,"valueName":"search_term_string"}}],"inLanguage":"pt-BR"},{"@type":"Person","@id":"https:\/\/www.em.com.br\/emfoco\/#\/schema\/person\/524437ef54f8a5d32591b143307f2e20","name":"N\u00fabia Rangel","image":{"@type":"ImageObject","inLanguage":"pt-BR","@id":"https:\/\/www.em.com.br\/emfoco\/#\/schema\/person\/image\/","url":"https:\/\/secure.gravatar.com\/avatar\/47cff2827a5ba23c37e8068c86817ea4?s=96&d=mm&r=g","contentUrl":"https:\/\/secure.gravatar.com\/avatar\/47cff2827a5ba23c37e8068c86817ea4?s=96&d=mm&r=g","caption":"N\u00fabia Rangel"},"sameAs":["https:\/\/www.em.com.br\/emfoco\/"],"url":"https:\/\/www.em.com.br\/emfoco\/author\/nubiamyth\/"}]}},"_links":{"self":[{"href":"https:\/\/www.em.com.br\/emfoco\/wp-json\/wp\/v2\/posts\/40409","targetHints":{"allow":["GET"]}}],"collection":[{"href":"https:\/\/www.em.com.br\/emfoco\/wp-json\/wp\/v2\/posts"}],"about":[{"href":"https:\/\/www.em.com.br\/emfoco\/wp-json\/wp\/v2\/types\/post"}],"author":[{"embeddable":true,"href":"https:\/\/www.em.com.br\/emfoco\/wp-json\/wp\/v2\/users\/5"}],"replies":[{"embeddable":true,"href":"https:\/\/www.em.com.br\/emfoco\/wp-json\/wp\/v2\/comments?post=40409"}],"version-history":[{"count":3,"href":"https:\/\/www.em.com.br\/emfoco\/wp-json\/wp\/v2\/posts\/40409\/revisions"}],"predecessor-version":[{"id":41131,"href":"https:\/\/www.em.com.br\/emfoco\/wp-json\/wp\/v2\/posts\/40409\/revisions\/41131"}],"wp:featuredmedia":[{"embeddable":true,"href":"https:\/\/www.em.com.br\/emfoco\/wp-json\/wp\/v2\/media\/16180"}],"wp:attachment":[{"href":"https:\/\/www.em.com.br\/emfoco\/wp-json\/wp\/v2\/media?parent=40409"}],"wp:term":[{"taxonomy":"category","embeddable":true,"href":"https:\/\/www.em.com.br\/emfoco\/wp-json\/wp\/v2\/categories?post=40409"},{"taxonomy":"post_tag","embeddable":true,"href":"https:\/\/www.em.com.br\/emfoco\/wp-json\/wp\/v2\/tags?post=40409"}],"curies":[{"name":"wp","href":"https:\/\/api.w.org\/{rel}","templated":true}]}}