{"id":40247,"date":"2025-04-23T13:20:00","date_gmt":"2025-04-23T16:20:00","guid":{"rendered":"https:\/\/www.em.com.br\/emfoco\/?p=40247"},"modified":"2025-06-18T10:04:33","modified_gmt":"2025-06-18T13:04:33","slug":"por-que-a-fiat-strada-pode-ser-sua-melhor-escolha-em-2025","status":"publish","type":"post","link":"https:\/\/www.em.com.br\/emfoco\/2025\/04\/23\/por-que-a-fiat-strada-pode-ser-sua-melhor-escolha-em-2025\/","title":{"rendered":"Por que a Fiat Strada pode ser sua melhor escolha em 2025"},"content":{"rendered":"\n<p><\/p>\n\n\n\n<p>Acredite se quiser: a <strong><a href=\"https:\/\/www.fiat.com.br\/\" target=\"_blank\" rel=\"noreferrer noopener\">Fiat <\/a>Strada<\/strong> \u00e9 o carro mais vendido do <strong>Brasil<\/strong> pelo quarto ano seguido. N\u00e3o \u00e9 SUV, n\u00e3o \u00e9 hatch, \u00e9 uma picape compacta que conquistou o cora\u00e7\u00e3o brasileiro de uma forma que ningu\u00e9m esperava. Em 2024, foram quase 145 mil unidades emplacadas, deixando para tr\u00e1s at\u00e9 mesmo o <strong>Volkswagen Polo<\/strong>. A <strong>Strada<\/strong> n\u00e3o \u00e9 s\u00f3 sucesso comercial, ela virou um fen\u00f4meno cultural que mostra como os brasileiros mudaram sua forma de ver os <a href=\"https:\/\/www.em.com.br\/emfoco\/2024\/11\/20\/carro-popular-de-r-80-mil-faz-sucesso-supera-onix-e-vira-um-dos-0-km-mais-baratos-do-brasil\/\" target=\"_blank\" rel=\"noreferrer noopener\">carros<\/a>.<\/p>\n\n\n\n<p>O que mais impressiona \u00e9 como essa picape quebrou barreiras. Antes, quem comprava <strong>Strada<\/strong> era principalmente quem precisava de um carro para trabalhar. Hoje, ela virou op\u00e7\u00e3o para fam\u00edlias, jovens e at\u00e9 executivos que querem algo pr\u00e1tico e diferente. A <strong>Nova Strada<\/strong>, lan\u00e7ada em 2020, j\u00e1 produziu mais de 700 mil unidades em apenas cinco anos. S\u00e3o n\u00fameros que mostram que a <strong>Fiat<\/strong> acertou em cheio ao apostar nesse modelo como carro principal da marca no pa\u00eds.<\/p>\n\n\n\n<h2 class=\"wp-block-heading\">O que faz a Strada ser t\u00e3o pr\u00e1tica no dia a dia?<\/h2>\n\n\n\n<p>A <strong>Fiat Strada<\/strong> ganhou o brasileiro na quest\u00e3o mais b\u00e1sica: ela resolve problemas do cotidiano. Com capacidade de carga de 844 litros nas vers\u00f5es de cabine dupla e impressionantes 1.354 litros na cabine simples, voc\u00ea consegue carregar praticamente tudo que imaginar. S\u00e3o 720 kg de capacidade de carga na vers\u00e3o <strong>Plus<\/strong> e 650 kg nas vers\u00f5es de cabine dupla. Para quem tem neg\u00f3cio pr\u00f3prio, faz mudan\u00e7as ou simplesmente gosta de ir ao shopping sem se preocupar com espa\u00e7o, a <strong>Strada<\/strong> \u00e9 perfeita.<\/p>\n\n\n\n<p>A altura do solo de 214 mil\u00edmetros tamb\u00e9m faz diferen\u00e7a real nas ruas brasileiras. Com buracos, quebra-molas e ruas mal pavimentadas, ter um carro mais alto significa menos dor de cabe\u00e7a. Os \u00e2ngulos de entrada e sa\u00edda, de 24 e 28 graus respectivamente, permitem que voc\u00ea suba e des\u00e7a guias sem raspar o para-choque. \u00c9 o tipo de coisa que parece besteira, mas no dia a dia faz toda a diferen\u00e7a. Al\u00e9m disso, a suspens\u00e3o refor\u00e7ada aguenta bem tanto o asfalto quanto estradas de terra.<\/p>\n\n\n\n<h2 class=\"wp-block-heading\">Que vers\u00f5es est\u00e3o dispon\u00edveis hoje?<\/h2>\n\n\n\n<p>A <strong>Fiat<\/strong> caprichou na variedade de vers\u00f5es da <strong>Strada<\/strong>. S\u00e3o sete configura\u00e7\u00f5es diferentes, desde a <strong>Endurance<\/strong> de entrada por R$ 105.990 at\u00e9 as vers\u00f5es <strong>Ultra<\/strong> e <strong>Ranch<\/strong> que chegam a R$ 141.990. A <strong>Endurance<\/strong> vem com motor 1.3 aspirado de 107 cavalos e \u00e9 perfeita para quem quer uma picape b\u00e1sica e confi\u00e1vel. As vers\u00f5es intermedi\u00e1rias <strong>Freedom<\/strong> e <strong>Volcano<\/strong> mant\u00eam o mesmo motor, mas adicionam mais conforto e equipamentos.<\/p>\n\n\n\n<p>O grande destaque fica para as vers\u00f5es <strong>Ultra<\/strong> e <strong>Ranch<\/strong>, que trazem o motor 1.0 turbo <strong>T200<\/strong> de 130 cavalos. Esse motor tr\u00eas cilindros \u00e9 o mesmo que equipa o <strong>Fiat Pulse<\/strong> e o <strong>Fastback<\/strong>, e transforma a <strong>Strada<\/strong> numa picape bem esperta. Com 20,4 kgfm de torque dispon\u00edvel desde 1.750 rpm e c\u00e2mbio <strong>CVT<\/strong> autom\u00e1tico, ela acelera de 0 a 100 km\/h em apenas 9,5 segundos com etanol. Para uma picape, \u00e9 um desempenho surpreendente que deixa muito hatch nacional comendo poeira.<\/p>\n\n\n\n<h2 class=\"wp-block-heading\">Como est\u00e1 a tecnologia dentro da Strada?<\/h2>\n\n\n\n<blockquote class=\"instagram-media\" data-instgrm-permalink=\"https:\/\/www.instagram.com\/p\/DChYRkASzag\/?utm_source=ig_embed&amp;utm_campaign=loading\" data-instgrm-version=\"14\" style=\" background:#FFF; border:0; border-radius:3px; box-shadow:0 0 1px 0 rgba(0,0,0,0.5),0 1px 10px 0 rgba(0,0,0,0.15); margin: 1px; max-width:540px; min-width:326px; padding:0; width:99.375%; width:-webkit-calc(100% - 2px); width:calc(100% - 2px);\"><div style=\"padding:16px;\"> <a href=\"https:\/\/www.instagram.com\/p\/DChYRkASzag\/?utm_source=ig_embed&amp;utm_campaign=loading\" style=\" background:#FFFFFF; line-height:0; padding:0 0; text-align:center; text-decoration:none; width:100%;\" target=\"_blank\"> <div style=\" display: flex; flex-direction: row; align-items: center;\"> <div style=\"background-color: #F4F4F4; border-radius: 50%; flex-grow: 0; height: 40px; margin-right: 14px; width: 40px;\"><\/div> <div style=\"display: flex; flex-direction: column; flex-grow: 1; justify-content: center;\"> <div style=\" background-color: #F4F4F4; border-radius: 4px; flex-grow: 0; height: 14px; margin-bottom: 6px; width: 100px;\"><\/div> <div style=\" background-color: #F4F4F4; border-radius: 4px; flex-grow: 0; height: 14px; width: 60px;\"><\/div><\/div><\/div><div style=\"padding: 19% 0;\"><\/div> <div style=\"display:block; height:50px; margin:0 auto 12px; width:50px;\"><svg width=\"50px\" height=\"50px\" viewBox=\"0 0 60 60\" version=\"1.1\" xmlns=\"https:\/\/www.w3.org\/2000\/svg\" xmlns:xlink=\"https:\/\/www.w3.org\/1999\/xlink\"><g stroke=\"none\" stroke-width=\"1\" fill=\"none\" fill-rule=\"evenodd\"><g transform=\"translate(-511.000000, -20.000000)\" fill=\"#000000\"><g><path d=\"M556.869,30.41 C554.814,30.41 553.148,32.076 553.148,34.131 C553.148,36.186 554.814,37.852 556.869,37.852 C558.924,37.852 560.59,36.186 560.59,34.131 C560.59,32.076 558.924,30.41 556.869,30.41 M541,60.657 C535.114,60.657 530.342,55.887 530.342,50 C530.342,44.114 535.114,39.342 541,39.342 C546.887,39.342 551.658,44.114 551.658,50 C551.658,55.887 546.887,60.657 541,60.657 M541,33.886 C532.1,33.886 524.886,41.1 524.886,50 C524.886,58.899 532.1,66.113 541,66.113 C549.9,66.113 557.115,58.899 557.115,50 C557.115,41.1 549.9,33.886 541,33.886 M565.378,62.101 C565.244,65.022 564.756,66.606 564.346,67.663 C563.803,69.06 563.154,70.057 562.106,71.106 C561.058,72.155 560.06,72.803 558.662,73.347 C557.607,73.757 556.021,74.244 553.102,74.378 C549.944,74.521 548.997,74.552 541,74.552 C533.003,74.552 532.056,74.521 528.898,74.378 C525.979,74.244 524.393,73.757 523.338,73.347 C521.94,72.803 520.942,72.155 519.894,71.106 C518.846,70.057 518.197,69.06 517.654,67.663 C517.244,66.606 516.755,65.022 516.623,62.101 C516.479,58.943 516.448,57.996 516.448,50 C516.448,42.003 516.479,41.056 516.623,37.899 C516.755,34.978 517.244,33.391 517.654,32.338 C518.197,30.938 518.846,29.942 519.894,28.894 C520.942,27.846 521.94,27.196 523.338,26.654 C524.393,26.244 525.979,25.756 528.898,25.623 C532.057,25.479 533.004,25.448 541,25.448 C548.997,25.448 549.943,25.479 553.102,25.623 C556.021,25.756 557.607,26.244 558.662,26.654 C560.06,27.196 561.058,27.846 562.106,28.894 C563.154,29.942 563.803,30.938 564.346,32.338 C564.756,33.391 565.244,34.978 565.378,37.899 C565.522,41.056 565.552,42.003 565.552,50 C565.552,57.996 565.522,58.943 565.378,62.101 M570.82,37.631 C570.674,34.438 570.167,32.258 569.425,30.349 C568.659,28.377 567.633,26.702 565.965,25.035 C564.297,23.368 562.623,22.342 560.652,21.575 C558.743,20.834 556.562,20.326 553.369,20.18 C550.169,20.033 549.148,20 541,20 C532.853,20 531.831,20.033 528.631,20.18 C525.438,20.326 523.257,20.834 521.349,21.575 C519.376,22.342 517.703,23.368 516.035,25.035 C514.368,26.702 513.342,28.377 512.574,30.349 C511.834,32.258 511.326,34.438 511.181,37.631 C511.035,40.831 511,41.851 511,50 C511,58.147 511.035,59.17 511.181,62.369 C511.326,65.562 511.834,67.743 512.574,69.651 C513.342,71.625 514.368,73.296 516.035,74.965 C517.703,76.634 519.376,77.658 521.349,78.425 C523.257,79.167 525.438,79.673 528.631,79.82 C531.831,79.965 532.853,80.001 541,80.001 C549.148,80.001 550.169,79.965 553.369,79.82 C556.562,79.673 558.743,79.167 560.652,78.425 C562.623,77.658 564.297,76.634 565.965,74.965 C567.633,73.296 568.659,71.625 569.425,69.651 C570.167,67.743 570.674,65.562 570.82,62.369 C570.966,59.17 571,58.147 571,50 C571,41.851 570.966,40.831 570.82,37.631\"><\/path><\/g><\/g><\/g><\/svg><\/div><div style=\"padding-top: 8px;\"> <div style=\" color:#3897f0; font-family:Arial,sans-serif; font-size:14px; font-style:normal; font-weight:550; line-height:18px;\">Ver essa foto no Instagram<\/div><\/div><div style=\"padding: 12.5% 0;\"><\/div> <div style=\"display: flex; flex-direction: row; margin-bottom: 14px; align-items: center;\"><div> <div style=\"background-color: #F4F4F4; border-radius: 50%; height: 12.5px; width: 12.5px; transform: translateX(0px) translateY(7px);\"><\/div> <div style=\"background-color: #F4F4F4; height: 12.5px; transform: rotate(-45deg) translateX(3px) translateY(1px); width: 12.5px; flex-grow: 0; margin-right: 14px; margin-left: 2px;\"><\/div> <div style=\"background-color: #F4F4F4; border-radius: 50%; height: 12.5px; width: 12.5px; transform: translateX(9px) translateY(-18px);\"><\/div><\/div><div style=\"margin-left: 8px;\"> <div style=\" background-color: #F4F4F4; border-radius: 50%; flex-grow: 0; height: 20px; width: 20px;\"><\/div> <div style=\" width: 0; height: 0; border-top: 2px solid transparent; border-left: 6px solid #f4f4f4; border-bottom: 2px solid transparent; transform: translateX(16px) translateY(-4px) rotate(30deg)\"><\/div><\/div><div style=\"margin-left: auto;\"> <div style=\" width: 0px; border-top: 8px solid #F4F4F4; border-right: 8px solid transparent; transform: translateY(16px);\"><\/div> <div style=\" background-color: #F4F4F4; flex-grow: 0; height: 12px; width: 16px; transform: translateY(-4px);\"><\/div> <div style=\" width: 0; height: 0; border-top: 8px solid #F4F4F4; border-left: 8px solid transparent; transform: translateY(-4px) translateX(8px);\"><\/div><\/div><\/div> <div style=\"display: flex; flex-direction: column; flex-grow: 1; justify-content: center; margin-bottom: 24px;\"> <div style=\" background-color: #F4F4F4; border-radius: 4px; flex-grow: 0; height: 14px; margin-bottom: 6px; width: 224px;\"><\/div> <div style=\" background-color: #F4F4F4; border-radius: 4px; flex-grow: 0; height: 14px; width: 144px;\"><\/div><\/div><\/a><p style=\" color:#c9c8cd; font-family:Arial,sans-serif; font-size:14px; line-height:17px; margin-bottom:0; margin-top:8px; overflow:hidden; padding:8px 0 7px; text-align:center; text-overflow:ellipsis; white-space:nowrap;\"><a href=\"https:\/\/www.instagram.com\/p\/DChYRkASzag\/?utm_source=ig_embed&amp;utm_campaign=loading\" style=\" color:#c9c8cd; font-family:Arial,sans-serif; font-size:14px; font-style:normal; font-weight:normal; line-height:17px; text-decoration:none;\" target=\"_blank\">Uma publica\u00e7\u00e3o compartilhada por Bira Ve\u00edculos Bel\u00e9m (@biraveiculosbelem)<\/a><\/p><\/div><\/blockquote>\n<script async src=\"\/\/www.instagram.com\/embed.js\"><\/script>\n\n\n\n<p>Por dentro, a <strong>Nova Strada<\/strong> deixou de ser aquela picape b\u00e1sica de antigamente. Todas as vers\u00f5es v\u00eam com central multim\u00eddia <strong>UConnect<\/strong> de 7 polegadas com <strong>Android Auto<\/strong> e <strong>Apple CarPlay<\/strong>. Significa que voc\u00ea conecta o celular e tem acesso a <strong>Spotify<\/strong>, <strong>Waze<\/strong> e todos os aplicativos que usa normalmente. O ar-condicionado digital, dire\u00e7\u00e3o el\u00e9trica e vidros el\u00e9tricos s\u00e3o de s\u00e9rie em todas as vers\u00f5es.<\/p>\n\n\n\n<p>As vers\u00f5es mais caras trazem bancos de couro, painel de instrumentos <strong>TFT<\/strong> de 3,5 polegadas que mostra informa\u00e7\u00f5es de desempenho, e at\u00e9 carregador de celular por indu\u00e7\u00e3o. O volante multifuncional permite controlar o som sem tirar as m\u00e3os, aumentando a seguran\u00e7a. Tem ainda controle eletr\u00f4nico de estabilidade, sistema <strong>Hill Holder<\/strong> que segura o carro em ladeiras, e quatro airbags. \u00c9 tecnologia suficiente para competir com SUVs muito mais caros.<\/p>\n\n\n\n<h2 class=\"wp-block-heading\">Por que ela virou l\u00edder de vendas no Brasil?<\/h2>\n\n\n\n<p>O segredo do sucesso da <strong>Fiat Strada<\/strong> est\u00e1 na combina\u00e7\u00e3o perfeita de pre\u00e7o, praticidade e versatilidade que o brasileiro valoriza. Enquanto outros fabricantes focaram em SUVs caros, a <strong>Fiat<\/strong> ofereceu uma alternativa que serve tanto para trabalhar quanto para passear com a fam\u00edlia. A cabine dupla com quatro portas transformou a <strong>Strada<\/strong> numa op\u00e7\u00e3o vi\u00e1vel para quem tem filhos, coisa que as picapes antigas n\u00e3o conseguiam oferecer.<\/p>\n\n\n\n<p>O custo-benef\u00edcio tamb\u00e9m pesa muito na decis\u00e3o de compra. Por R$ 105.990, voc\u00ea leva para casa um carro 0 km com garantia, espa\u00e7o de sobra e confiabilidade comprovada. Compare com SUVs na mesma faixa de pre\u00e7o e vai ver que muitos s\u00e3o menores, t\u00eam menos equipamentos ou custam bem mais caro. A <strong>Strada<\/strong> conseguiu democratizar o acesso a um ve\u00edculo utilit\u00e1rio sem comprometer o or\u00e7amento familiar. Por isso ela n\u00e3o sai da lideran\u00e7a das vendas e promete continuar dominando o mercado brasileiro nos pr\u00f3ximos anos.<\/p>\n","protected":false},"excerpt":{"rendered":"<p>Acredite se quiser: a Fiat Strada \u00e9 o carro mais vendido do Brasil pelo quarto ano seguido. N\u00e3o \u00e9 SUV, n\u00e3o \u00e9 hatch, \u00e9 uma picape compacta que conquistou o cora\u00e7\u00e3o brasileiro de uma forma que ningu\u00e9m esperava. Em 2024, foram quase 145 mil unidades emplacadas, deixando para tr\u00e1s at\u00e9 mesmo o Volkswagen Polo. A [&hellip;]<\/p>\n","protected":false},"author":12,"featured_media":40259,"comment_status":"open","ping_status":"open","sticky":false,"template":"","format":"standard","meta":{"jnews-multi-image_gallery":[],"jnews_single_post":{"format":"standard"},"jnews_primary_category":[],"jnews_social_meta":[],"jnews_override_counter":[],"footnotes":""},"categories":[27],"tags":[2860,1400,2861,7760],"class_list":["post-40247","post","type-post","status-publish","format-standard","has-post-thumbnail","hentry","category-carros","tag-fiat-strada","tag-mercado-automotivo-brasileiro","tag-picapes","tag-veiculos-comerciais"],"yoast_head":"<!-- This site is optimized with the Yoast SEO plugin v23.8 - https:\/\/yoast.com\/wordpress\/plugins\/seo\/ -->\n<title>Por que a Fiat Strada pode ser sua melhor escolha em 2025 - Estado de Minas - Em foco<\/title>\n<meta name=\"description\" content=\"Conhe\u00e7a os pontos fortes, as limita\u00e7\u00f5es e as inova\u00e7\u00f5es da Fiat Strada, l\u00edder entre as picapes compactas em 2025.\" \/>\n<meta name=\"robots\" content=\"index, follow, max-snippet:-1, max-image-preview:large, max-video-preview:-1\" \/>\n<link rel=\"canonical\" href=\"https:\/\/www.em.com.br\/emfoco\/2025\/04\/23\/por-que-a-fiat-strada-pode-ser-sua-melhor-escolha-em-2025\/\" \/>\n<meta property=\"og:locale\" content=\"pt_BR\" \/>\n<meta property=\"og:type\" content=\"article\" \/>\n<meta property=\"og:title\" content=\"Por que a Fiat Strada pode ser sua melhor escolha em 2025 - Estado de Minas - Em foco\" \/>\n<meta property=\"og:description\" content=\"Conhe\u00e7a os pontos fortes, as limita\u00e7\u00f5es e as inova\u00e7\u00f5es da Fiat Strada, l\u00edder entre as picapes compactas em 2025.\" \/>\n<meta property=\"og:url\" content=\"https:\/\/www.em.com.br\/emfoco\/2025\/04\/23\/por-que-a-fiat-strada-pode-ser-sua-melhor-escolha-em-2025\/\" \/>\n<meta property=\"og:site_name\" content=\"Estado de Minas - Em foco\" \/>\n<meta property=\"article:published_time\" content=\"2025-04-23T16:20:00+00:00\" \/>\n<meta property=\"article:modified_time\" content=\"2025-06-18T13:04:33+00:00\" \/>\n<meta property=\"og:image\" content=\"https:\/\/www.em.com.br\/emfoco\/wp-content\/uploads\/2025\/04\/01_11zon-1-31-e1745260695440.webp\" \/>\n\t<meta property=\"og:image:width\" content=\"1280\" \/>\n\t<meta property=\"og:image:height\" content=\"720\" \/>\n\t<meta property=\"og:image:type\" content=\"image\/webp\" \/>\n<meta name=\"author\" content=\"Keren Ester\" \/>\n<meta name=\"twitter:card\" content=\"summary_large_image\" \/>\n<meta name=\"twitter:label1\" content=\"Escrito por\" \/>\n\t<meta name=\"twitter:data1\" content=\"Keren Ester\" \/>\n\t<meta name=\"twitter:label2\" content=\"Est. tempo de leitura\" \/>\n\t<meta name=\"twitter:data2\" content=\"5 minutos\" \/>\n<!-- \/ Yoast SEO plugin. -->","yoast_head_json":{"title":"Por que a Fiat Strada pode ser sua melhor escolha em 2025 - Estado de Minas - Em foco","description":"Conhe\u00e7a os pontos fortes, as limita\u00e7\u00f5es e as inova\u00e7\u00f5es da Fiat Strada, l\u00edder entre as picapes compactas em 2025.","robots":{"index":"index","follow":"follow","max-snippet":"max-snippet:-1","max-image-preview":"max-image-preview:large","max-video-preview":"max-video-preview:-1"},"canonical":"https:\/\/www.em.com.br\/emfoco\/2025\/04\/23\/por-que-a-fiat-strada-pode-ser-sua-melhor-escolha-em-2025\/","og_locale":"pt_BR","og_type":"article","og_title":"Por que a Fiat Strada pode ser sua melhor escolha em 2025 - Estado de Minas - Em foco","og_description":"Conhe\u00e7a os pontos fortes, as limita\u00e7\u00f5es e as inova\u00e7\u00f5es da Fiat Strada, l\u00edder entre as picapes compactas em 2025.","og_url":"https:\/\/www.em.com.br\/emfoco\/2025\/04\/23\/por-que-a-fiat-strada-pode-ser-sua-melhor-escolha-em-2025\/","og_site_name":"Estado de Minas - Em foco","article_published_time":"2025-04-23T16:20:00+00:00","article_modified_time":"2025-06-18T13:04:33+00:00","og_image":[{"width":1280,"height":720,"url":"https:\/\/www.em.com.br\/emfoco\/wp-content\/uploads\/2025\/04\/01_11zon-1-31-e1745260695440.webp","type":"image\/webp"}],"author":"Keren Ester","twitter_card":"summary_large_image","twitter_misc":{"Escrito por":"Keren Ester","Est. tempo de leitura":"5 minutos"},"schema":{"@context":"https:\/\/schema.org","@graph":[{"@type":"WebPage","@id":"https:\/\/www.em.com.br\/emfoco\/2025\/04\/23\/por-que-a-fiat-strada-pode-ser-sua-melhor-escolha-em-2025\/","url":"https:\/\/www.em.com.br\/emfoco\/2025\/04\/23\/por-que-a-fiat-strada-pode-ser-sua-melhor-escolha-em-2025\/","name":"Por que a Fiat Strada pode ser sua melhor escolha em 2025 - Estado de Minas - Em foco","isPartOf":{"@id":"https:\/\/www.em.com.br\/emfoco\/#website"},"primaryImageOfPage":{"@id":"https:\/\/www.em.com.br\/emfoco\/2025\/04\/23\/por-que-a-fiat-strada-pode-ser-sua-melhor-escolha-em-2025\/#primaryimage"},"image":{"@id":"https:\/\/www.em.com.br\/emfoco\/2025\/04\/23\/por-que-a-fiat-strada-pode-ser-sua-melhor-escolha-em-2025\/#primaryimage"},"thumbnailUrl":"https:\/\/www.em.com.br\/emfoco\/wp-content\/uploads\/2025\/04\/01_11zon-1-31-e1745260695440.webp","datePublished":"2025-04-23T16:20:00+00:00","dateModified":"2025-06-18T13:04:33+00:00","author":{"@id":"https:\/\/www.em.com.br\/emfoco\/#\/schema\/person\/2e06e19826e476d778787245c8ef334d"},"description":"Conhe\u00e7a os pontos fortes, as limita\u00e7\u00f5es e as inova\u00e7\u00f5es da Fiat Strada, l\u00edder entre as picapes compactas em 2025.","breadcrumb":{"@id":"https:\/\/www.em.com.br\/emfoco\/2025\/04\/23\/por-que-a-fiat-strada-pode-ser-sua-melhor-escolha-em-2025\/#breadcrumb"},"inLanguage":"pt-BR","potentialAction":[{"@type":"ReadAction","target":["https:\/\/www.em.com.br\/emfoco\/2025\/04\/23\/por-que-a-fiat-strada-pode-ser-sua-melhor-escolha-em-2025\/"]}]},{"@type":"ImageObject","inLanguage":"pt-BR","@id":"https:\/\/www.em.com.br\/emfoco\/2025\/04\/23\/por-que-a-fiat-strada-pode-ser-sua-melhor-escolha-em-2025\/#primaryimage","url":"https:\/\/www.em.com.br\/emfoco\/wp-content\/uploads\/2025\/04\/01_11zon-1-31-e1745260695440.webp","contentUrl":"https:\/\/www.em.com.br\/emfoco\/wp-content\/uploads\/2025\/04\/01_11zon-1-31-e1745260695440.webp","width":1280,"height":720,"caption":"Strada-Cr\u00e9ditos: divulga\u00e7\u00e3o Fiat"},{"@type":"BreadcrumbList","@id":"https:\/\/www.em.com.br\/emfoco\/2025\/04\/23\/por-que-a-fiat-strada-pode-ser-sua-melhor-escolha-em-2025\/#breadcrumb","itemListElement":[{"@type":"ListItem","position":1,"name":"In\u00edcio","item":"https:\/\/www.em.com.br\/emfoco\/"},{"@type":"ListItem","position":2,"name":"Por que a Fiat Strada pode ser sua melhor escolha em 2025"}]},{"@type":"WebSite","@id":"https:\/\/www.em.com.br\/emfoco\/#website","url":"https:\/\/www.em.com.br\/emfoco\/","name":"Estado de Minas - Em foco","description":"Acompanhe as \u00faltimas not\u00edcias e fique bem informado sobre tudo o que acontece em Minas Gerais, Brasil e no mundo.","potentialAction":[{"@type":"SearchAction","target":{"@type":"EntryPoint","urlTemplate":"https:\/\/www.em.com.br\/emfoco\/?s={search_term_string}"},"query-input":{"@type":"PropertyValueSpecification","valueRequired":true,"valueName":"search_term_string"}}],"inLanguage":"pt-BR"},{"@type":"Person","@id":"https:\/\/www.em.com.br\/emfoco\/#\/schema\/person\/2e06e19826e476d778787245c8ef334d","name":"Keren Ester","image":{"@type":"ImageObject","inLanguage":"pt-BR","@id":"https:\/\/www.em.com.br\/emfoco\/#\/schema\/person\/image\/","url":"https:\/\/secure.gravatar.com\/avatar\/b3d0f2b934f7fab59c611ea63b5cf4b1?s=96&d=mm&r=g","contentUrl":"https:\/\/secure.gravatar.com\/avatar\/b3d0f2b934f7fab59c611ea63b5cf4b1?s=96&d=mm&r=g","caption":"Keren Ester"},"url":"https:\/\/www.em.com.br\/emfoco\/author\/kerenmyth\/"}]}},"_links":{"self":[{"href":"https:\/\/www.em.com.br\/emfoco\/wp-json\/wp\/v2\/posts\/40247","targetHints":{"allow":["GET"]}}],"collection":[{"href":"https:\/\/www.em.com.br\/emfoco\/wp-json\/wp\/v2\/posts"}],"about":[{"href":"https:\/\/www.em.com.br\/emfoco\/wp-json\/wp\/v2\/types\/post"}],"author":[{"embeddable":true,"href":"https:\/\/www.em.com.br\/emfoco\/wp-json\/wp\/v2\/users\/12"}],"replies":[{"embeddable":true,"href":"https:\/\/www.em.com.br\/emfoco\/wp-json\/wp\/v2\/comments?post=40247"}],"version-history":[{"count":3,"href":"https:\/\/www.em.com.br\/emfoco\/wp-json\/wp\/v2\/posts\/40247\/revisions"}],"predecessor-version":[{"id":62867,"href":"https:\/\/www.em.com.br\/emfoco\/wp-json\/wp\/v2\/posts\/40247\/revisions\/62867"}],"wp:featuredmedia":[{"embeddable":true,"href":"https:\/\/www.em.com.br\/emfoco\/wp-json\/wp\/v2\/media\/40259"}],"wp:attachment":[{"href":"https:\/\/www.em.com.br\/emfoco\/wp-json\/wp\/v2\/media?parent=40247"}],"wp:term":[{"taxonomy":"category","embeddable":true,"href":"https:\/\/www.em.com.br\/emfoco\/wp-json\/wp\/v2\/categories?post=40247"},{"taxonomy":"post_tag","embeddable":true,"href":"https:\/\/www.em.com.br\/emfoco\/wp-json\/wp\/v2\/tags?post=40247"}],"curies":[{"name":"wp","href":"https:\/\/api.w.org\/{rel}","templated":true}]}}