{"id":40191,"date":"2025-04-22T20:00:00","date_gmt":"2025-04-22T23:00:00","guid":{"rendered":"https:\/\/www.em.com.br\/emfoco\/?p=40191"},"modified":"2025-04-21T20:40:26","modified_gmt":"2025-04-21T23:40:26","slug":"eles-sao-marcantes-e-sombrios-conheca-todos-os-estagios-dos-infectados-em-the-last-of-us","status":"publish","type":"post","link":"https:\/\/www.em.com.br\/emfoco\/2025\/04\/22\/eles-sao-marcantes-e-sombrios-conheca-todos-os-estagios-dos-infectados-em-the-last-of-us\/","title":{"rendered":"Eles s\u00e3o marcantes e sombrios! Conhe\u00e7a todos os est\u00e1gios dos infectados em The Last of Us"},"content":{"rendered":"\n<p><strong><a href=\"https:\/\/www.em.com.br\/emfoco\/2025\/04\/20\/entenda-o-sucesso-de-the-last-of-us-e-sua-adaptacao-para-a-tv\/\" target=\"_blank\" rel=\"noreferrer noopener\">The Last of Us<\/a><\/strong> conquistou o p\u00fablico com sua trama intensa, personagens marcantes e ambienta\u00e7\u00e3o sombria. Mas h\u00e1 um detalhe que realmente arrepia os f\u00e3s: os <strong>infectados<\/strong>. Mais do que simples zumbis, essas criaturas s\u00e3o o resultado da muta\u00e7\u00e3o causada pelo <strong><a href=\"https:\/\/www.cnnbrasil.com.br\/tecnologia\/video-mostra-fungo-que-inspirou-the-last-of-us-colonizando-tarantula-veja\/\" target=\"_blank\" rel=\"noreferrer noopener\">fungo Cordyceps<\/a><\/strong>, que transforma humanos em monstros aterrorizantes.<\/p>\n\n\n\n<p>O que poucos sabem \u00e9 que os infectados evoluem com o tempo \u2014 e cada est\u00e1gio representa um novo tipo de terror. A seguir, conhe\u00e7a as fases da infec\u00e7\u00e3o que tornam o universo da s\u00e9rie <strong>The Last of Us<\/strong> ainda mais imprevis\u00edvel.<\/p>\n\n\n\n<figure class=\"wp-block-embed is-type-video is-provider-youtube wp-block-embed-youtube wp-embed-aspect-16-9 wp-has-aspect-ratio\"><div class=\"wp-block-embed__wrapper\">\n<div class=\"jeg_video_container jeg_video_content\"><iframe loading=\"lazy\" title=\"TODOS OS TIPOS DE INFECTADOS EM THE LAST OF US [Lista COMPLETA]\" width=\"500\" height=\"281\" src=\"https:\/\/www.youtube.com\/embed\/Oq-lnTZaQzg?feature=oembed\" frameborder=\"0\" allow=\"accelerometer; autoplay; clipboard-write; encrypted-media; gyroscope; picture-in-picture; web-share\" referrerpolicy=\"strict-origin-when-cross-origin\" allowfullscreen><\/iframe><\/div>\n<\/div><\/figure>\n\n\n\n<h2 class=\"wp-block-heading\">O primeiro pesadelo: os Corredores<\/h2>\n\n\n\n<p>O ciclo come\u00e7a com os <strong>Corredores<\/strong>, o est\u00e1gio inicial da infec\u00e7\u00e3o. Ainda mant\u00eam tra\u00e7os humanos, mas j\u00e1 apresentam olhos vidrados e comportamento extremamente agressivo. S\u00e3o r\u00e1pidos, imprevis\u00edveis e atacam com f\u00faria. Apesar de ainda enxergarem, sua principal arma \u00e9 a velocidade \u2014 e eles raramente atacam sozinhos.<\/p>\n\n\n\n<h2 class=\"wp-block-heading\">O perigo espreita: os Perseguidores<\/h2>\n\n\n\n<p>Com o tempo, os Corredores evoluem para <strong>Perseguidores<\/strong>. Neste est\u00e1gio, a infec\u00e7\u00e3o come\u00e7a a deformar o corpo com placas de fungo. Eles se tornam mais furtivos e costumam <strong>emboscar suas v\u00edtimas<\/strong>, aproveitando sombras e sil\u00eancio. Enfrent\u00e1-los exige aten\u00e7\u00e3o redobrada \u2014 e uma boa dose de coragem.<\/p>\n\n\n\n<h2 class=\"wp-block-heading\">Estaladores: o som que antecede a morte<\/h2>\n\n\n\n<p><strong>Estaladores<\/strong> s\u00e3o os mais ic\u00f4nicos e assustadores da s\u00e9rie. J\u00e1 cegos, eles navegam pelos ambientes atrav\u00e9s da <strong>ecolocaliza\u00e7\u00e3o<\/strong>, emitindo o sinistro som de estalo que os batiza. Seus corpos s\u00e3o completamente cobertos por crostas f\u00fangicas, e o ataque costuma ser fatal. Um passo em falso, e o estalo se transforma em seu \u00faltimo som.<\/p>\n\n\n\n<figure class=\"wp-block-image size-large\"><img loading=\"lazy\" decoding=\"async\" width=\"1024\" height=\"576\" src=\"https:\/\/www.em.com.br\/emfoco\/wp-content\/uploads\/2025\/04\/i634123-1024x576.jpg\" alt=\"\" class=\"wp-image-40257\" srcset=\"https:\/\/www.em.com.br\/emfoco\/wp-content\/uploads\/2025\/04\/i634123-1024x576.jpg 1024w, https:\/\/www.em.com.br\/emfoco\/wp-content\/uploads\/2025\/04\/i634123-300x169.jpg 300w, https:\/\/www.em.com.br\/emfoco\/wp-content\/uploads\/2025\/04\/i634123-768x432.jpg 768w, https:\/\/www.em.com.br\/emfoco\/wp-content\/uploads\/2025\/04\/i634123-750x422.jpg 750w, https:\/\/www.em.com.br\/emfoco\/wp-content\/uploads\/2025\/04\/i634123-1140x641.jpg 1140w, https:\/\/www.em.com.br\/emfoco\/wp-content\/uploads\/2025\/04\/i634123.jpg 1280w\" sizes=\"auto, (max-width: 1024px) 100vw, 1024px\" \/><figcaption class=\"wp-element-caption\">Infectados The Last of Us &#8211; Cr\u00e9ditos: Divulga\u00e7\u00e3o\/HBO<\/figcaption><\/figure>\n\n\n\n<h2 class=\"wp-block-heading\">Baiacus e Tr\u00f4pegos: monstros gigantes e imprevis\u00edveis<\/h2>\n\n\n\n<p>No est\u00e1gio seguinte, surgem os <strong>Baiacus<\/strong>, criaturas monstruosas e cobertas por bolhas de fungo. S\u00e3o extremamente resistentes e podem lan\u00e7ar esporos t\u00f3xicos, tornando o combate ainda mais perigoso.<\/p>\n\n\n\n<p>J\u00e1 os <strong>Tr\u00f4pegos<\/strong>, uma varia\u00e7\u00e3o rara e ainda mais grotesca dos Baiacus, habitam ambientes \u00famidos e aqu\u00e1ticos. Expelindo \u00e1cido por suas p\u00fastulas, representam uma amea\u00e7a biol\u00f3gica quase impar\u00e1vel.<\/p>\n\n\n\n<h2 class=\"wp-block-heading\">O Rei dos Ratos: o inimigo supremo?<\/h2>\n\n\n\n<p>Poucos enfrentaram \u2014 e sobreviveram \u2014 ao <strong>Rei dos Ratos<\/strong>. Esta criatura colossal parece ser uma <strong>fus\u00e3o de v\u00e1rios infectados<\/strong> unidos em um s\u00f3 corpo, resultado de confinamento extremo em locais contaminados. Ainda que n\u00e3o seja oficialmente o \u00faltimo est\u00e1gio da infec\u00e7\u00e3o, sua for\u00e7a e resist\u00eancia beiram o inumano.<\/p>\n","protected":false},"excerpt":{"rendered":"<p>The Last of Us conquistou o p\u00fablico com sua trama intensa, personagens marcantes e ambienta\u00e7\u00e3o sombria. Mas h\u00e1 um detalhe que realmente arrepia os f\u00e3s: os infectados. Mais do que simples zumbis, essas criaturas s\u00e3o o resultado da muta\u00e7\u00e3o causada pelo fungo Cordyceps, que transforma humanos em monstros aterrorizantes. O que poucos sabem \u00e9 que [&hellip;]<\/p>\n","protected":false},"author":11,"featured_media":40261,"comment_status":"open","ping_status":"open","sticky":false,"template":"","format":"standard","meta":{"jnews-multi-image_gallery":[],"jnews_single_post":{"format":"standard"},"jnews_primary_category":[],"jnews_social_meta":[],"jnews_override_counter":[],"footnotes":""},"categories":[138,1,136],"tags":[3805,607,3804],"class_list":["post-40191","post","type-post","status-publish","format-standard","has-post-thumbnail","hentry","category-mundo","category-noticias","category-series","tag-serie-the-last-of-us","tag-series","tag-the-last-of-us"],"yoast_head":"<!-- This site is optimized with the Yoast SEO plugin v23.8 - https:\/\/yoast.com\/wordpress\/plugins\/seo\/ -->\n<title>Eles s\u00e3o marcantes e sombrios! Conhe\u00e7a todos os est\u00e1gios dos infectados em The Last of Us - Estado de Minas - Em foco<\/title>\n<meta name=\"description\" content=\"Explore todos os est\u00e1gios dos infectados em The Last of Us. Conhe\u00e7a as transforma\u00e7\u00f5es marcantes e sombrias que tornam cada fase.\" \/>\n<meta name=\"robots\" content=\"index, follow, max-snippet:-1, max-image-preview:large, max-video-preview:-1\" \/>\n<link rel=\"canonical\" href=\"https:\/\/www.em.com.br\/emfoco\/2025\/04\/22\/eles-sao-marcantes-e-sombrios-conheca-todos-os-estagios-dos-infectados-em-the-last-of-us\/\" \/>\n<meta property=\"og:locale\" content=\"pt_BR\" \/>\n<meta property=\"og:type\" content=\"article\" \/>\n<meta property=\"og:title\" content=\"Eles s\u00e3o marcantes e sombrios! Conhe\u00e7a todos os est\u00e1gios dos infectados em The Last of Us - Estado de Minas - Em foco\" \/>\n<meta property=\"og:description\" content=\"Explore todos os est\u00e1gios dos infectados em The Last of Us. Conhe\u00e7a as transforma\u00e7\u00f5es marcantes e sombrias que tornam cada fase.\" \/>\n<meta property=\"og:url\" content=\"https:\/\/www.em.com.br\/emfoco\/2025\/04\/22\/eles-sao-marcantes-e-sombrios-conheca-todos-os-estagios-dos-infectados-em-the-last-of-us\/\" \/>\n<meta property=\"og:site_name\" content=\"Estado de Minas - Em foco\" \/>\n<meta property=\"article:published_time\" content=\"2025-04-22T23:00:00+00:00\" \/>\n<meta property=\"article:modified_time\" content=\"2025-04-21T23:40:26+00:00\" \/>\n<meta property=\"og:image\" content=\"https:\/\/www.em.com.br\/emfoco\/wp-content\/uploads\/2025\/04\/videoscreenshot-hbo-thelastofus-t1e3pormuitomuitotempo-937-.jpg\" \/>\n\t<meta property=\"og:image:width\" content=\"1279\" \/>\n\t<meta property=\"og:image:height\" content=\"720\" \/>\n\t<meta property=\"og:image:type\" content=\"image\/jpeg\" \/>\n<meta name=\"author\" content=\"Andre\u0301 Rangel\u00a0\" \/>\n<meta name=\"twitter:card\" content=\"summary_large_image\" \/>\n<meta name=\"twitter:label1\" content=\"Escrito por\" \/>\n\t<meta name=\"twitter:data1\" content=\"Andre\u0301 Rangel\u00a0\" \/>\n\t<meta name=\"twitter:label2\" content=\"Est. tempo de leitura\" \/>\n\t<meta name=\"twitter:data2\" content=\"3 minutos\" \/>\n<!-- \/ Yoast SEO plugin. -->","yoast_head_json":{"title":"Eles s\u00e3o marcantes e sombrios! Conhe\u00e7a todos os est\u00e1gios dos infectados em The Last of Us - Estado de Minas - Em foco","description":"Explore todos os est\u00e1gios dos infectados em The Last of Us. Conhe\u00e7a as transforma\u00e7\u00f5es marcantes e sombrias que tornam cada fase.","robots":{"index":"index","follow":"follow","max-snippet":"max-snippet:-1","max-image-preview":"max-image-preview:large","max-video-preview":"max-video-preview:-1"},"canonical":"https:\/\/www.em.com.br\/emfoco\/2025\/04\/22\/eles-sao-marcantes-e-sombrios-conheca-todos-os-estagios-dos-infectados-em-the-last-of-us\/","og_locale":"pt_BR","og_type":"article","og_title":"Eles s\u00e3o marcantes e sombrios! Conhe\u00e7a todos os est\u00e1gios dos infectados em The Last of Us - Estado de Minas - Em foco","og_description":"Explore todos os est\u00e1gios dos infectados em The Last of Us. Conhe\u00e7a as transforma\u00e7\u00f5es marcantes e sombrias que tornam cada fase.","og_url":"https:\/\/www.em.com.br\/emfoco\/2025\/04\/22\/eles-sao-marcantes-e-sombrios-conheca-todos-os-estagios-dos-infectados-em-the-last-of-us\/","og_site_name":"Estado de Minas - Em foco","article_published_time":"2025-04-22T23:00:00+00:00","article_modified_time":"2025-04-21T23:40:26+00:00","og_image":[{"width":1279,"height":720,"url":"https:\/\/www.em.com.br\/emfoco\/wp-content\/uploads\/2025\/04\/videoscreenshot-hbo-thelastofus-t1e3pormuitomuitotempo-937-.jpg","type":"image\/jpeg"}],"author":"Andre\u0301 Rangel\u00a0","twitter_card":"summary_large_image","twitter_misc":{"Escrito por":"Andre\u0301 Rangel\u00a0","Est. tempo de leitura":"3 minutos"},"schema":{"@context":"https:\/\/schema.org","@graph":[{"@type":"WebPage","@id":"https:\/\/www.em.com.br\/emfoco\/2025\/04\/22\/eles-sao-marcantes-e-sombrios-conheca-todos-os-estagios-dos-infectados-em-the-last-of-us\/","url":"https:\/\/www.em.com.br\/emfoco\/2025\/04\/22\/eles-sao-marcantes-e-sombrios-conheca-todos-os-estagios-dos-infectados-em-the-last-of-us\/","name":"Eles s\u00e3o marcantes e sombrios! Conhe\u00e7a todos os est\u00e1gios dos infectados em The Last of Us - Estado de Minas - Em foco","isPartOf":{"@id":"https:\/\/www.em.com.br\/emfoco\/#website"},"primaryImageOfPage":{"@id":"https:\/\/www.em.com.br\/emfoco\/2025\/04\/22\/eles-sao-marcantes-e-sombrios-conheca-todos-os-estagios-dos-infectados-em-the-last-of-us\/#primaryimage"},"image":{"@id":"https:\/\/www.em.com.br\/emfoco\/2025\/04\/22\/eles-sao-marcantes-e-sombrios-conheca-todos-os-estagios-dos-infectados-em-the-last-of-us\/#primaryimage"},"thumbnailUrl":"https:\/\/www.em.com.br\/emfoco\/wp-content\/uploads\/2025\/04\/videoscreenshot-hbo-thelastofus-t1e3pormuitomuitotempo-937-.jpg","datePublished":"2025-04-22T23:00:00+00:00","dateModified":"2025-04-21T23:40:26+00:00","author":{"@id":"https:\/\/www.em.com.br\/emfoco\/#\/schema\/person\/60eda09c1fedf0d6891f4cef4b60b8b8"},"description":"Explore todos os est\u00e1gios dos infectados em The Last of Us. Conhe\u00e7a as transforma\u00e7\u00f5es marcantes e sombrias que tornam cada fase.","breadcrumb":{"@id":"https:\/\/www.em.com.br\/emfoco\/2025\/04\/22\/eles-sao-marcantes-e-sombrios-conheca-todos-os-estagios-dos-infectados-em-the-last-of-us\/#breadcrumb"},"inLanguage":"pt-BR","potentialAction":[{"@type":"ReadAction","target":["https:\/\/www.em.com.br\/emfoco\/2025\/04\/22\/eles-sao-marcantes-e-sombrios-conheca-todos-os-estagios-dos-infectados-em-the-last-of-us\/"]}]},{"@type":"ImageObject","inLanguage":"pt-BR","@id":"https:\/\/www.em.com.br\/emfoco\/2025\/04\/22\/eles-sao-marcantes-e-sombrios-conheca-todos-os-estagios-dos-infectados-em-the-last-of-us\/#primaryimage","url":"https:\/\/www.em.com.br\/emfoco\/wp-content\/uploads\/2025\/04\/videoscreenshot-hbo-thelastofus-t1e3pormuitomuitotempo-937-.jpg","contentUrl":"https:\/\/www.em.com.br\/emfoco\/wp-content\/uploads\/2025\/04\/videoscreenshot-hbo-thelastofus-t1e3pormuitomuitotempo-937-.jpg","width":1279,"height":720,"caption":"Infectados The Last of Us - Cr\u00e9ditos: Divulga\u00e7\u00e3o\/HBO"},{"@type":"BreadcrumbList","@id":"https:\/\/www.em.com.br\/emfoco\/2025\/04\/22\/eles-sao-marcantes-e-sombrios-conheca-todos-os-estagios-dos-infectados-em-the-last-of-us\/#breadcrumb","itemListElement":[{"@type":"ListItem","position":1,"name":"In\u00edcio","item":"https:\/\/www.em.com.br\/emfoco\/"},{"@type":"ListItem","position":2,"name":"Eles s\u00e3o marcantes e sombrios! Conhe\u00e7a todos os est\u00e1gios dos infectados em The Last of Us"}]},{"@type":"WebSite","@id":"https:\/\/www.em.com.br\/emfoco\/#website","url":"https:\/\/www.em.com.br\/emfoco\/","name":"Estado de Minas - Em foco","description":"Acompanhe as \u00faltimas not\u00edcias e fique bem informado sobre tudo o que acontece em Minas Gerais, Brasil e no mundo.","potentialAction":[{"@type":"SearchAction","target":{"@type":"EntryPoint","urlTemplate":"https:\/\/www.em.com.br\/emfoco\/?s={search_term_string}"},"query-input":{"@type":"PropertyValueSpecification","valueRequired":true,"valueName":"search_term_string"}}],"inLanguage":"pt-BR"},{"@type":"Person","@id":"https:\/\/www.em.com.br\/emfoco\/#\/schema\/person\/60eda09c1fedf0d6891f4cef4b60b8b8","name":"Andre\u0301 Rangel\u00a0","image":{"@type":"ImageObject","inLanguage":"pt-BR","@id":"https:\/\/www.em.com.br\/emfoco\/#\/schema\/person\/image\/","url":"https:\/\/secure.gravatar.com\/avatar\/6234dc814c77c8ef6d8bba622c787efc?s=96&d=mm&r=g","contentUrl":"https:\/\/secure.gravatar.com\/avatar\/6234dc814c77c8ef6d8bba622c787efc?s=96&d=mm&r=g","caption":"Andre\u0301 Rangel\u00a0"},"url":"https:\/\/www.em.com.br\/emfoco\/author\/luizmyth\/"}]}},"_links":{"self":[{"href":"https:\/\/www.em.com.br\/emfoco\/wp-json\/wp\/v2\/posts\/40191","targetHints":{"allow":["GET"]}}],"collection":[{"href":"https:\/\/www.em.com.br\/emfoco\/wp-json\/wp\/v2\/posts"}],"about":[{"href":"https:\/\/www.em.com.br\/emfoco\/wp-json\/wp\/v2\/types\/post"}],"author":[{"embeddable":true,"href":"https:\/\/www.em.com.br\/emfoco\/wp-json\/wp\/v2\/users\/11"}],"replies":[{"embeddable":true,"href":"https:\/\/www.em.com.br\/emfoco\/wp-json\/wp\/v2\/comments?post=40191"}],"version-history":[{"count":2,"href":"https:\/\/www.em.com.br\/emfoco\/wp-json\/wp\/v2\/posts\/40191\/revisions"}],"predecessor-version":[{"id":40262,"href":"https:\/\/www.em.com.br\/emfoco\/wp-json\/wp\/v2\/posts\/40191\/revisions\/40262"}],"wp:featuredmedia":[{"embeddable":true,"href":"https:\/\/www.em.com.br\/emfoco\/wp-json\/wp\/v2\/media\/40261"}],"wp:attachment":[{"href":"https:\/\/www.em.com.br\/emfoco\/wp-json\/wp\/v2\/media?parent=40191"}],"wp:term":[{"taxonomy":"category","embeddable":true,"href":"https:\/\/www.em.com.br\/emfoco\/wp-json\/wp\/v2\/categories?post=40191"},{"taxonomy":"post_tag","embeddable":true,"href":"https:\/\/www.em.com.br\/emfoco\/wp-json\/wp\/v2\/tags?post=40191"}],"curies":[{"name":"wp","href":"https:\/\/api.w.org\/{rel}","templated":true}]}}