{"id":40186,"date":"2025-04-22T17:00:00","date_gmt":"2025-04-22T20:00:00","guid":{"rendered":"https:\/\/www.em.com.br\/emfoco\/?p=40186"},"modified":"2025-04-21T15:54:53","modified_gmt":"2025-04-21T18:54:53","slug":"inss-envia-alerta-sobre-bloqueios-no-bpc-saiba-como-evitar-problemas","status":"publish","type":"post","link":"https:\/\/www.em.com.br\/emfoco\/2025\/04\/22\/inss-envia-alerta-sobre-bloqueios-no-bpc-saiba-como-evitar-problemas\/","title":{"rendered":"INSS envia alerta sobre bloqueios no BPC; saiba como evitar problemas"},"content":{"rendered":"\n<p>O <strong><a href=\"https:\/\/www.em.com.br\/emfoco\/2025\/04\/20\/voce-sabia-que-e-possivel-receber-o-bpc-sem-contribuir-ao-inss-entenda-como\/\" target=\"_blank\" rel=\"noreferrer noopener\">Benef\u00edcio de Presta\u00e7\u00e3o Continuada (BPC)<\/a> <\/strong>\u00e9 um aux\u00edlio fundamental para muitos brasileiros, especialmente para idosos e pessoas com defici\u00eancia. Recentemente, o <strong>Instituto Nacional do Seguro Social (INSS)<\/strong> refor\u00e7ou a necessidade de aten\u00e7\u00e3o aos prazos para saque desse benef\u00edcio. A movimenta\u00e7\u00e3o do dinheiro em conta deve ocorrer em at\u00e9 60 dias ap\u00f3s o dep\u00f3sito, caso contr\u00e1rio, o valor \u00e9 recolhido pelo INSS como medida de seguran\u00e7a.<\/p>\n\n\n\n<p>Essa medida visa prevenir fraudes e pagamentos indevidos, como o saque de benef\u00edcios de segurados falecidos. A institui\u00e7\u00e3o banc\u00e1ria devolve o valor ao INSS, que ent\u00e3o suspende o pagamento at\u00e9 que o benefici\u00e1rio regularize a situa\u00e7\u00e3o. \u00c9 crucial que os benefici\u00e1rios do BPC estejam cientes dessas regras para evitar transtornos.<\/p>\n\n\n\n<h2 class=\"wp-block-heading\">O que fazer em caso de bloqueio do benef\u00edcio?<\/h2>\n\n\n\n<p>Se o benefici\u00e1rio n\u00e3o realizar o saque dentro do prazo estipulado, o benef\u00edcio pode ser bloqueado. Para resolver essa situa\u00e7\u00e3o, \u00e9 poss\u00edvel solicitar o desbloqueio de forma online. O procedimento \u00e9 simples e pode ser feito atrav\u00e9s do portal<strong> <a href=\"https:\/\/www.gov.br\/pt-br\/temas\/meu-inss\" target=\"_blank\" rel=\"noreferrer noopener\">Meu INSS <\/a><\/strong>ou pela<strong> Central de Atendimento<\/strong>.<\/p>\n\n\n\n<p>Para desbloquear o benef\u00edcio, o benefici\u00e1rio deve acessar o Meu INSS, fazer login com a conta Gov.br e procurar pela op\u00e7\u00e3o \u201cSolicitar Emiss\u00e3o de Pagamento n\u00e3o Recebido\u201d. Ap\u00f3s preencher as informa\u00e7\u00f5es solicitadas, o pedido ser\u00e1 processado. Alternativamente, a Central de Atendimento pelo n\u00famero 135 est\u00e1 dispon\u00edvel de segunda a s\u00e1bado, das 7h \u00e0s 22h, para auxiliar nesse processo.<\/p>\n\n\n\n<h2 class=\"wp-block-heading\">Como funciona o calend\u00e1rio de pagamentos do BPC?<\/h2>\n\n\n\n<p>O calend\u00e1rio de pagamentos do BPC \u00e9 organizado de acordo com o n\u00famero final do benef\u00edcio, garantindo que todos os benefici\u00e1rios recebam seus pagamentos de forma ordenada. Por exemplo, no m\u00eas de abril, os pagamentos come\u00e7aram no dia 24 e se estenderam por pelo menos dez dias \u00fateis.<\/p>\n\n\n\n<p>O calend\u00e1rio \u00e9 uma ferramenta importante para que os benefici\u00e1rios possam se planejar e garantir que o saque seja feito dentro do prazo. \u00c9 essencial estar atento \u00e0s datas espec\u00edficas de libera\u00e7\u00e3o do pagamento para evitar o bloqueio do benef\u00edcio.<\/p>\n\n\n\n<figure class=\"wp-block-image\"><img decoding=\"async\" src=\"https:\/\/www.em.com.br\/emfoco\/wp-content\/uploads\/2025\/03\/INSS-1024x576.jpg\" alt=\"\"\/><figcaption class=\"wp-element-caption\">INSS atendimento &#8211; Agencia INSS &#8211; Cr\u00e9ditos: Divulga\u00e7\u00e3o \/ Ag\u00eancia Brasil<\/figcaption><\/figure>\n\n\n\n<h2 class=\"wp-block-heading\">Quais s\u00e3o as consequ\u00eancias do n\u00e3o saque no prazo?<\/h2>\n\n\n\n<p>O n\u00e3o saque do benef\u00edcio dentro do prazo de 60 dias pode resultar no bloqueio do valor, o que gera transtornos para o benefici\u00e1rio. Al\u00e9m disso, o processo de desbloqueio pode levar tempo, o que pode impactar o planejamento financeiro de quem depende desse aux\u00edlio.<\/p>\n\n\n\n<p>Por isso, \u00e9 importante que os benefici\u00e1rios do BPC estejam sempre atentos \u00e0s datas de pagamento e realizem o saque o mais breve poss\u00edvel ap\u00f3s a libera\u00e7\u00e3o do valor. Manter-se informado sobre as regras e prazos do INSS \u00e9 fundamental para evitar problemas futuros.<\/p>\n\n\n\n<h2 class=\"wp-block-heading\">Como garantir o recebimento regular do BPC?<\/h2>\n\n\n\n<p>Para garantir o recebimento regular do BPC, \u00e9 importante que os benefici\u00e1rios mantenham seus dados atualizados junto ao INSS e estejam atentos ao calend\u00e1rio de pagamentos. Al\u00e9m disso, \u00e9 recomend\u00e1vel verificar regularmente a conta banc\u00e1ria para assegurar que o dep\u00f3sito foi realizado.<\/p>\n\n\n\n<p>Em caso de d\u00favidas ou problemas, o benefici\u00e1rio deve entrar em contato com o INSS o mais r\u00e1pido poss\u00edvel para resolver qualquer pend\u00eancia. A proatividade na gest\u00e3o do benef\u00edcio \u00e9 a melhor forma de garantir que o aux\u00edlio continue a ser recebido sem interrup\u00e7\u00f5es.<\/p>\n","protected":false},"excerpt":{"rendered":"<p>O Benef\u00edcio de Presta\u00e7\u00e3o Continuada (BPC) \u00e9 um aux\u00edlio fundamental para muitos brasileiros, especialmente para idosos e pessoas com defici\u00eancia. Recentemente, o Instituto Nacional do Seguro Social (INSS) refor\u00e7ou a necessidade de aten\u00e7\u00e3o aos prazos para saque desse benef\u00edcio. A movimenta\u00e7\u00e3o do dinheiro em conta deve ocorrer em at\u00e9 60 dias ap\u00f3s o dep\u00f3sito, caso [&hellip;]<\/p>\n","protected":false},"author":11,"featured_media":40242,"comment_status":"open","ping_status":"open","sticky":false,"template":"","format":"standard","meta":{"jnews-multi-image_gallery":[],"jnews_single_post":{"format":"standard"},"jnews_primary_category":[],"jnews_social_meta":[],"jnews_override_counter":[],"footnotes":""},"categories":[28,1],"tags":[7261,257,7392],"class_list":["post-40186","post","type-post","status-publish","format-standard","has-post-thumbnail","hentry","category-economia","category-noticias","tag-bloqueio-bpc","tag-bpc","tag-bpc-2025"],"yoast_head":"<!-- This site is optimized with the Yoast SEO plugin v23.8 - https:\/\/yoast.com\/wordpress\/plugins\/seo\/ -->\n<title>INSS envia alerta sobre bloqueios no BPC; saiba como evitar problemas - Estado de Minas - Em foco<\/title>\n<meta name=\"description\" content=\"Brasileiros com BPC ativo foram notificados sobre bloqueios no benef\u00edcio. Saiba o que fazer para evitar transtornos e garantir o pagamento.\" \/>\n<meta name=\"robots\" content=\"index, follow, max-snippet:-1, max-image-preview:large, max-video-preview:-1\" \/>\n<link rel=\"canonical\" href=\"https:\/\/www.em.com.br\/emfoco\/2025\/04\/22\/inss-envia-alerta-sobre-bloqueios-no-bpc-saiba-como-evitar-problemas\/\" \/>\n<meta property=\"og:locale\" content=\"pt_BR\" \/>\n<meta property=\"og:type\" content=\"article\" \/>\n<meta property=\"og:title\" content=\"INSS envia alerta sobre bloqueios no BPC; saiba como evitar problemas - Estado de Minas - Em foco\" \/>\n<meta property=\"og:description\" content=\"Brasileiros com BPC ativo foram notificados sobre bloqueios no benef\u00edcio. Saiba o que fazer para evitar transtornos e garantir o pagamento.\" \/>\n<meta property=\"og:url\" content=\"https:\/\/www.em.com.br\/emfoco\/2025\/04\/22\/inss-envia-alerta-sobre-bloqueios-no-bpc-saiba-como-evitar-problemas\/\" \/>\n<meta property=\"og:site_name\" content=\"Estado de Minas - Em foco\" \/>\n<meta property=\"article:published_time\" content=\"2025-04-22T20:00:00+00:00\" \/>\n<meta property=\"article:modified_time\" content=\"2025-04-21T18:54:53+00:00\" \/>\n<meta property=\"og:image\" content=\"https:\/\/www.em.com.br\/emfoco\/wp-content\/uploads\/2025\/04\/email-alerta-_1745263089584.jpg\" \/>\n\t<meta property=\"og:image:width\" content=\"1280\" \/>\n\t<meta property=\"og:image:height\" content=\"720\" \/>\n\t<meta property=\"og:image:type\" content=\"image\/jpeg\" \/>\n<meta name=\"author\" content=\"Andre\u0301 Rangel\u00a0\" \/>\n<meta name=\"twitter:card\" content=\"summary_large_image\" \/>\n<meta name=\"twitter:label1\" content=\"Escrito por\" \/>\n\t<meta name=\"twitter:data1\" content=\"Andre\u0301 Rangel\u00a0\" \/>\n\t<meta name=\"twitter:label2\" content=\"Est. tempo de leitura\" \/>\n\t<meta name=\"twitter:data2\" content=\"4 minutos\" \/>\n<!-- \/ Yoast SEO plugin. -->","yoast_head_json":{"title":"INSS envia alerta sobre bloqueios no BPC; saiba como evitar problemas - Estado de Minas - Em foco","description":"Brasileiros com BPC ativo foram notificados sobre bloqueios no benef\u00edcio. Saiba o que fazer para evitar transtornos e garantir o pagamento.","robots":{"index":"index","follow":"follow","max-snippet":"max-snippet:-1","max-image-preview":"max-image-preview:large","max-video-preview":"max-video-preview:-1"},"canonical":"https:\/\/www.em.com.br\/emfoco\/2025\/04\/22\/inss-envia-alerta-sobre-bloqueios-no-bpc-saiba-como-evitar-problemas\/","og_locale":"pt_BR","og_type":"article","og_title":"INSS envia alerta sobre bloqueios no BPC; saiba como evitar problemas - Estado de Minas - Em foco","og_description":"Brasileiros com BPC ativo foram notificados sobre bloqueios no benef\u00edcio. Saiba o que fazer para evitar transtornos e garantir o pagamento.","og_url":"https:\/\/www.em.com.br\/emfoco\/2025\/04\/22\/inss-envia-alerta-sobre-bloqueios-no-bpc-saiba-como-evitar-problemas\/","og_site_name":"Estado de Minas - Em foco","article_published_time":"2025-04-22T20:00:00+00:00","article_modified_time":"2025-04-21T18:54:53+00:00","og_image":[{"width":1280,"height":720,"url":"https:\/\/www.em.com.br\/emfoco\/wp-content\/uploads\/2025\/04\/email-alerta-_1745263089584.jpg","type":"image\/jpeg"}],"author":"Andre\u0301 Rangel\u00a0","twitter_card":"summary_large_image","twitter_misc":{"Escrito por":"Andre\u0301 Rangel\u00a0","Est. tempo de leitura":"4 minutos"},"schema":{"@context":"https:\/\/schema.org","@graph":[{"@type":"WebPage","@id":"https:\/\/www.em.com.br\/emfoco\/2025\/04\/22\/inss-envia-alerta-sobre-bloqueios-no-bpc-saiba-como-evitar-problemas\/","url":"https:\/\/www.em.com.br\/emfoco\/2025\/04\/22\/inss-envia-alerta-sobre-bloqueios-no-bpc-saiba-como-evitar-problemas\/","name":"INSS envia alerta sobre bloqueios no BPC; saiba como evitar problemas - Estado de Minas - Em foco","isPartOf":{"@id":"https:\/\/www.em.com.br\/emfoco\/#website"},"primaryImageOfPage":{"@id":"https:\/\/www.em.com.br\/emfoco\/2025\/04\/22\/inss-envia-alerta-sobre-bloqueios-no-bpc-saiba-como-evitar-problemas\/#primaryimage"},"image":{"@id":"https:\/\/www.em.com.br\/emfoco\/2025\/04\/22\/inss-envia-alerta-sobre-bloqueios-no-bpc-saiba-como-evitar-problemas\/#primaryimage"},"thumbnailUrl":"https:\/\/www.em.com.br\/emfoco\/wp-content\/uploads\/2025\/04\/email-alerta-_1745263089584.jpg","datePublished":"2025-04-22T20:00:00+00:00","dateModified":"2025-04-21T18:54:53+00:00","author":{"@id":"https:\/\/www.em.com.br\/emfoco\/#\/schema\/person\/60eda09c1fedf0d6891f4cef4b60b8b8"},"description":"Brasileiros com BPC ativo foram notificados sobre bloqueios no benef\u00edcio. Saiba o que fazer para evitar transtornos e garantir o pagamento.","breadcrumb":{"@id":"https:\/\/www.em.com.br\/emfoco\/2025\/04\/22\/inss-envia-alerta-sobre-bloqueios-no-bpc-saiba-como-evitar-problemas\/#breadcrumb"},"inLanguage":"pt-BR","potentialAction":[{"@type":"ReadAction","target":["https:\/\/www.em.com.br\/emfoco\/2025\/04\/22\/inss-envia-alerta-sobre-bloqueios-no-bpc-saiba-como-evitar-problemas\/"]}]},{"@type":"ImageObject","inLanguage":"pt-BR","@id":"https:\/\/www.em.com.br\/emfoco\/2025\/04\/22\/inss-envia-alerta-sobre-bloqueios-no-bpc-saiba-como-evitar-problemas\/#primaryimage","url":"https:\/\/www.em.com.br\/emfoco\/wp-content\/uploads\/2025\/04\/email-alerta-_1745263089584.jpg","contentUrl":"https:\/\/www.em.com.br\/emfoco\/wp-content\/uploads\/2025\/04\/email-alerta-_1745263089584.jpg","width":1280,"height":720,"caption":"Email alerta - Cr\u00e9ditos: depositphotos.com \/ thx4stock@hotmail.com"},{"@type":"BreadcrumbList","@id":"https:\/\/www.em.com.br\/emfoco\/2025\/04\/22\/inss-envia-alerta-sobre-bloqueios-no-bpc-saiba-como-evitar-problemas\/#breadcrumb","itemListElement":[{"@type":"ListItem","position":1,"name":"In\u00edcio","item":"https:\/\/www.em.com.br\/emfoco\/"},{"@type":"ListItem","position":2,"name":"INSS envia alerta sobre bloqueios no BPC; saiba como evitar problemas"}]},{"@type":"WebSite","@id":"https:\/\/www.em.com.br\/emfoco\/#website","url":"https:\/\/www.em.com.br\/emfoco\/","name":"Estado de Minas - Em foco","description":"Acompanhe as \u00faltimas not\u00edcias e fique bem informado sobre tudo o que acontece em Minas Gerais, Brasil e no mundo.","potentialAction":[{"@type":"SearchAction","target":{"@type":"EntryPoint","urlTemplate":"https:\/\/www.em.com.br\/emfoco\/?s={search_term_string}"},"query-input":{"@type":"PropertyValueSpecification","valueRequired":true,"valueName":"search_term_string"}}],"inLanguage":"pt-BR"},{"@type":"Person","@id":"https:\/\/www.em.com.br\/emfoco\/#\/schema\/person\/60eda09c1fedf0d6891f4cef4b60b8b8","name":"Andre\u0301 Rangel\u00a0","image":{"@type":"ImageObject","inLanguage":"pt-BR","@id":"https:\/\/www.em.com.br\/emfoco\/#\/schema\/person\/image\/","url":"https:\/\/secure.gravatar.com\/avatar\/6234dc814c77c8ef6d8bba622c787efc?s=96&d=mm&r=g","contentUrl":"https:\/\/secure.gravatar.com\/avatar\/6234dc814c77c8ef6d8bba622c787efc?s=96&d=mm&r=g","caption":"Andre\u0301 Rangel\u00a0"},"url":"https:\/\/www.em.com.br\/emfoco\/author\/luizmyth\/"}]}},"_links":{"self":[{"href":"https:\/\/www.em.com.br\/emfoco\/wp-json\/wp\/v2\/posts\/40186","targetHints":{"allow":["GET"]}}],"collection":[{"href":"https:\/\/www.em.com.br\/emfoco\/wp-json\/wp\/v2\/posts"}],"about":[{"href":"https:\/\/www.em.com.br\/emfoco\/wp-json\/wp\/v2\/types\/post"}],"author":[{"embeddable":true,"href":"https:\/\/www.em.com.br\/emfoco\/wp-json\/wp\/v2\/users\/11"}],"replies":[{"embeddable":true,"href":"https:\/\/www.em.com.br\/emfoco\/wp-json\/wp\/v2\/comments?post=40186"}],"version-history":[{"count":4,"href":"https:\/\/www.em.com.br\/emfoco\/wp-json\/wp\/v2\/posts\/40186\/revisions"}],"predecessor-version":[{"id":40243,"href":"https:\/\/www.em.com.br\/emfoco\/wp-json\/wp\/v2\/posts\/40186\/revisions\/40243"}],"wp:featuredmedia":[{"embeddable":true,"href":"https:\/\/www.em.com.br\/emfoco\/wp-json\/wp\/v2\/media\/40242"}],"wp:attachment":[{"href":"https:\/\/www.em.com.br\/emfoco\/wp-json\/wp\/v2\/media?parent=40186"}],"wp:term":[{"taxonomy":"category","embeddable":true,"href":"https:\/\/www.em.com.br\/emfoco\/wp-json\/wp\/v2\/categories?post=40186"},{"taxonomy":"post_tag","embeddable":true,"href":"https:\/\/www.em.com.br\/emfoco\/wp-json\/wp\/v2\/tags?post=40186"}],"curies":[{"name":"wp","href":"https:\/\/api.w.org\/{rel}","templated":true}]}}