{"id":39887,"date":"2025-04-20T17:00:00","date_gmt":"2025-04-20T20:00:00","guid":{"rendered":"https:\/\/www.em.com.br\/emfoco\/?p=39887"},"modified":"2025-04-19T16:25:09","modified_gmt":"2025-04-19T19:25:09","slug":"voce-sabia-que-e-possivel-receber-o-bpc-sem-contribuir-ao-inss-entenda-como","status":"publish","type":"post","link":"https:\/\/www.em.com.br\/emfoco\/2025\/04\/20\/voce-sabia-que-e-possivel-receber-o-bpc-sem-contribuir-ao-inss-entenda-como\/","title":{"rendered":"Voc\u00ea sabia que \u00e9 poss\u00edvel receber o BPC sem contribuir ao INSS? Entenda como"},"content":{"rendered":"\n<p>O <strong><a href=\"https:\/\/www.em.com.br\/emfoco\/2025\/04\/19\/governo-anuncia-nova-revisao-do-beneficio-de-prestacao-continuada-bpc-em-2026\/\" target=\"_blank\" rel=\"noreferrer noopener\">Benef\u00edcio de Presta\u00e7\u00e3o Continuada (BPC\/LOAS)<\/a> <\/strong>\u00e9 um aux\u00edlio financeiro destinado a idosos e pessoas com defici\u00eancia que comprovem n\u00e3o ter meios de se sustentar. Ao contr\u00e1rio da aposentadoria do <strong><a href=\"https:\/\/www.gov.br\/inss\/pt-br\" target=\"_blank\" rel=\"noreferrer noopener\">INSS<\/a><\/strong>, o BPC n\u00e3o exige contribui\u00e7\u00e3o pr\u00e9via, oferecendo uma forma de apoio a quem vive em situa\u00e7\u00e3o de vulnerabilidade. Este benef\u00edcio \u00e9 garantido pela Lei Org\u00e2nica da Assist\u00eancia Social (LOAS) e \u00e9 um dos pilares da prote\u00e7\u00e3o social no Brasil.<\/p>\n\n\n\n<h2 class=\"wp-block-heading\">O que \u00e9 o BPC e quem pode receb\u00ea-lo?<\/h2>\n\n\n\n<p>O BPC \u00e9 concedido a pessoas com 65 anos ou mais e a pessoas com defici\u00eancia, independentemente de sua idade, desde que a renda familiar per capita seja inferior a um quarto do sal\u00e1rio m\u00ednimo. Para solicitar, \u00e9 necess\u00e1rio realizar uma avalia\u00e7\u00e3o social e m\u00e9dica que comprove a situa\u00e7\u00e3o de vulnerabilidade. \u00c9 importante destacar que o BPC n\u00e3o inclui o d\u00e9cimo terceiro sal\u00e1rio ou pens\u00e3o por morte.<\/p>\n\n\n\n<h2 class=\"wp-block-heading\">Como funciona a aposentadoria do INSS?<\/h2>\n\n\n\n<p>J\u00e1 a aposentadoria do INSS \u00e9 voltada para trabalhadores que contribu\u00edram para a Previd\u00eancia Social ao longo da vida laboral. Existem v\u00e1rias modalidades, como aposentadoria por idade e por tempo de contribui\u00e7\u00e3o. O valor do benef\u00edcio \u00e9 baseado no hist\u00f3rico de contribui\u00e7\u00f5es e pode ser superior ao sal\u00e1rio m\u00ednimo. Al\u00e9m disso, o INSS oferece o<strong> d\u00e9cimo terceiro sal\u00e1rio<\/strong> e pens\u00e3o por morte em caso de falecimento do benefici\u00e1rio.<\/p>\n\n\n\n<figure class=\"wp-block-image\"><img decoding=\"async\" src=\"https:\/\/www.em.com.br\/emfoco\/wp-content\/uploads\/2025\/03\/idosos-com-dinheiro_1741098318180-1024x576.jpg\" alt=\"\"\/><figcaption class=\"wp-element-caption\">Imagem idoso fazendo conta &#8211; Cr\u00e9ditos: depositphotos.com \/ AndrewLozovyi<\/figcaption><\/figure>\n\n\n\n<h2 class=\"wp-block-heading\">BPC x aposentadoria: qual escolher?<\/h2>\n\n\n\n<p>A escolha entre o BPC e a aposentadoria depende da situa\u00e7\u00e3o do solicitante. O BPC \u00e9 ideal para aqueles que nunca contribu\u00edram para o INSS e enfrentam dificuldades financeiras. Por outro lado, a aposentadoria do INSS \u00e9 indicada para quem possui hist\u00f3rico de contribui\u00e7\u00e3o, oferecendo mais benef\u00edcios e direitos adicionais, como o d\u00e9cimo terceiro.<\/p>\n\n\n\n<h2 class=\"wp-block-heading\">A import\u00e2ncia dos benef\u00edcios para a seguran\u00e7a financeira<\/h2>\n\n\n\n<p>Entender a diferen\u00e7a entre o BPC e a aposentadoria do INSS \u00e9 essencial para garantir que voc\u00ea receba o apoio adequado. Ambos os benef\u00edcios t\u00eam um papel crucial na prote\u00e7\u00e3o social, mas atendem a p\u00fablicos e necessidades diferentes. Avaliar suas condi\u00e7\u00f5es financeiras e requisitos de cada benef\u00edcio \u00e9 fundamental para fazer a escolha certa e garantir seguran\u00e7a financeira na velhice.<\/p>\n","protected":false},"excerpt":{"rendered":"<p>O Benef\u00edcio de Presta\u00e7\u00e3o Continuada (BPC\/LOAS) \u00e9 um aux\u00edlio financeiro destinado a idosos e pessoas com defici\u00eancia que comprovem n\u00e3o ter meios de se sustentar. Ao contr\u00e1rio da aposentadoria do INSS, o BPC n\u00e3o exige contribui\u00e7\u00e3o pr\u00e9via, oferecendo uma forma de apoio a quem vive em situa\u00e7\u00e3o de vulnerabilidade. Este benef\u00edcio \u00e9 garantido pela Lei [&hellip;]<\/p>\n","protected":false},"author":11,"featured_media":32638,"comment_status":"open","ping_status":"open","sticky":false,"template":"","format":"standard","meta":{"jnews-multi-image_gallery":[],"jnews_single_post":{"format":"standard"},"jnews_primary_category":[],"jnews_social_meta":[],"jnews_override_counter":[],"footnotes":""},"categories":[28,1],"tags":[2492,7392,174],"class_list":["post-39887","post","type-post","status-publish","format-standard","has-post-thumbnail","hentry","category-economia","category-noticias","tag-beneficios-do-inss","tag-bpc-2025","tag-inss"],"yoast_head":"<!-- This site is optimized with the Yoast SEO plugin v23.8 - https:\/\/yoast.com\/wordpress\/plugins\/seo\/ -->\n<title>Voc\u00ea sabia que \u00e9 poss\u00edvel receber o BPC sem contribuir ao INSS? Entenda como - Estado de Minas - Em foco<\/title>\n<meta name=\"description\" content=\"Entenda como \u00e9 poss\u00edvel receber o BPC sem nunca ter contribu\u00eddo ao INSS. Conhe\u00e7a os requisitos e quem pode se beneficiar.\" \/>\n<meta name=\"robots\" content=\"index, follow, max-snippet:-1, max-image-preview:large, max-video-preview:-1\" \/>\n<link rel=\"canonical\" href=\"https:\/\/www.em.com.br\/emfoco\/2025\/04\/20\/voce-sabia-que-e-possivel-receber-o-bpc-sem-contribuir-ao-inss-entenda-como\/\" \/>\n<meta property=\"og:locale\" content=\"pt_BR\" \/>\n<meta property=\"og:type\" content=\"article\" \/>\n<meta property=\"og:title\" content=\"Voc\u00ea sabia que \u00e9 poss\u00edvel receber o BPC sem contribuir ao INSS? Entenda como - Estado de Minas - Em foco\" \/>\n<meta property=\"og:description\" content=\"Entenda como \u00e9 poss\u00edvel receber o BPC sem nunca ter contribu\u00eddo ao INSS. Conhe\u00e7a os requisitos e quem pode se beneficiar.\" \/>\n<meta property=\"og:url\" content=\"https:\/\/www.em.com.br\/emfoco\/2025\/04\/20\/voce-sabia-que-e-possivel-receber-o-bpc-sem-contribuir-ao-inss-entenda-como\/\" \/>\n<meta property=\"og:site_name\" content=\"Estado de Minas - Em foco\" \/>\n<meta property=\"article:published_time\" content=\"2025-04-20T20:00:00+00:00\" \/>\n<meta property=\"article:modified_time\" content=\"2025-04-19T19:25:09+00:00\" \/>\n<meta property=\"og:image\" content=\"https:\/\/www.em.com.br\/emfoco\/wp-content\/uploads\/2025\/03\/bpc-carrossel.jpg\" \/>\n\t<meta property=\"og:image:width\" content=\"1280\" \/>\n\t<meta property=\"og:image:height\" content=\"720\" \/>\n\t<meta property=\"og:image:type\" content=\"image\/jpeg\" \/>\n<meta name=\"author\" content=\"Andre\u0301 Rangel\u00a0\" \/>\n<meta name=\"twitter:card\" content=\"summary_large_image\" \/>\n<meta name=\"twitter:label1\" content=\"Escrito por\" \/>\n\t<meta name=\"twitter:data1\" content=\"Andre\u0301 Rangel\u00a0\" \/>\n\t<meta name=\"twitter:label2\" content=\"Est. tempo de leitura\" \/>\n\t<meta name=\"twitter:data2\" content=\"3 minutos\" \/>\n<!-- \/ Yoast SEO plugin. -->","yoast_head_json":{"title":"Voc\u00ea sabia que \u00e9 poss\u00edvel receber o BPC sem contribuir ao INSS? Entenda como - Estado de Minas - Em foco","description":"Entenda como \u00e9 poss\u00edvel receber o BPC sem nunca ter contribu\u00eddo ao INSS. Conhe\u00e7a os requisitos e quem pode se beneficiar.","robots":{"index":"index","follow":"follow","max-snippet":"max-snippet:-1","max-image-preview":"max-image-preview:large","max-video-preview":"max-video-preview:-1"},"canonical":"https:\/\/www.em.com.br\/emfoco\/2025\/04\/20\/voce-sabia-que-e-possivel-receber-o-bpc-sem-contribuir-ao-inss-entenda-como\/","og_locale":"pt_BR","og_type":"article","og_title":"Voc\u00ea sabia que \u00e9 poss\u00edvel receber o BPC sem contribuir ao INSS? Entenda como - Estado de Minas - Em foco","og_description":"Entenda como \u00e9 poss\u00edvel receber o BPC sem nunca ter contribu\u00eddo ao INSS. Conhe\u00e7a os requisitos e quem pode se beneficiar.","og_url":"https:\/\/www.em.com.br\/emfoco\/2025\/04\/20\/voce-sabia-que-e-possivel-receber-o-bpc-sem-contribuir-ao-inss-entenda-como\/","og_site_name":"Estado de Minas - Em foco","article_published_time":"2025-04-20T20:00:00+00:00","article_modified_time":"2025-04-19T19:25:09+00:00","og_image":[{"width":1280,"height":720,"url":"https:\/\/www.em.com.br\/emfoco\/wp-content\/uploads\/2025\/03\/bpc-carrossel.jpg","type":"image\/jpeg"}],"author":"Andre\u0301 Rangel\u00a0","twitter_card":"summary_large_image","twitter_misc":{"Escrito por":"Andre\u0301 Rangel\u00a0","Est. tempo de leitura":"3 minutos"},"schema":{"@context":"https:\/\/schema.org","@graph":[{"@type":"WebPage","@id":"https:\/\/www.em.com.br\/emfoco\/2025\/04\/20\/voce-sabia-que-e-possivel-receber-o-bpc-sem-contribuir-ao-inss-entenda-como\/","url":"https:\/\/www.em.com.br\/emfoco\/2025\/04\/20\/voce-sabia-que-e-possivel-receber-o-bpc-sem-contribuir-ao-inss-entenda-como\/","name":"Voc\u00ea sabia que \u00e9 poss\u00edvel receber o BPC sem contribuir ao INSS? Entenda como - Estado de Minas - Em foco","isPartOf":{"@id":"https:\/\/www.em.com.br\/emfoco\/#website"},"primaryImageOfPage":{"@id":"https:\/\/www.em.com.br\/emfoco\/2025\/04\/20\/voce-sabia-que-e-possivel-receber-o-bpc-sem-contribuir-ao-inss-entenda-como\/#primaryimage"},"image":{"@id":"https:\/\/www.em.com.br\/emfoco\/2025\/04\/20\/voce-sabia-que-e-possivel-receber-o-bpc-sem-contribuir-ao-inss-entenda-como\/#primaryimage"},"thumbnailUrl":"https:\/\/www.em.com.br\/emfoco\/wp-content\/uploads\/2025\/03\/bpc-carrossel.jpg","datePublished":"2025-04-20T20:00:00+00:00","dateModified":"2025-04-19T19:25:09+00:00","author":{"@id":"https:\/\/www.em.com.br\/emfoco\/#\/schema\/person\/60eda09c1fedf0d6891f4cef4b60b8b8"},"description":"Entenda como \u00e9 poss\u00edvel receber o BPC sem nunca ter contribu\u00eddo ao INSS. Conhe\u00e7a os requisitos e quem pode se beneficiar.","breadcrumb":{"@id":"https:\/\/www.em.com.br\/emfoco\/2025\/04\/20\/voce-sabia-que-e-possivel-receber-o-bpc-sem-contribuir-ao-inss-entenda-como\/#breadcrumb"},"inLanguage":"pt-BR","potentialAction":[{"@type":"ReadAction","target":["https:\/\/www.em.com.br\/emfoco\/2025\/04\/20\/voce-sabia-que-e-possivel-receber-o-bpc-sem-contribuir-ao-inss-entenda-como\/"]}]},{"@type":"ImageObject","inLanguage":"pt-BR","@id":"https:\/\/www.em.com.br\/emfoco\/2025\/04\/20\/voce-sabia-que-e-possivel-receber-o-bpc-sem-contribuir-ao-inss-entenda-como\/#primaryimage","url":"https:\/\/www.em.com.br\/emfoco\/wp-content\/uploads\/2025\/03\/bpc-carrossel.jpg","contentUrl":"https:\/\/www.em.com.br\/emfoco\/wp-content\/uploads\/2025\/03\/bpc-carrossel.jpg","width":1280,"height":720,"caption":"BPC - Cr\u00e9ditos: Divulga\u00e7\u00e3o\/Gov.br"},{"@type":"BreadcrumbList","@id":"https:\/\/www.em.com.br\/emfoco\/2025\/04\/20\/voce-sabia-que-e-possivel-receber-o-bpc-sem-contribuir-ao-inss-entenda-como\/#breadcrumb","itemListElement":[{"@type":"ListItem","position":1,"name":"In\u00edcio","item":"https:\/\/www.em.com.br\/emfoco\/"},{"@type":"ListItem","position":2,"name":"Voc\u00ea sabia que \u00e9 poss\u00edvel receber o BPC sem contribuir ao INSS? Entenda como"}]},{"@type":"WebSite","@id":"https:\/\/www.em.com.br\/emfoco\/#website","url":"https:\/\/www.em.com.br\/emfoco\/","name":"Estado de Minas - Em foco","description":"Acompanhe as \u00faltimas not\u00edcias e fique bem informado sobre tudo o que acontece em Minas Gerais, Brasil e no mundo.","potentialAction":[{"@type":"SearchAction","target":{"@type":"EntryPoint","urlTemplate":"https:\/\/www.em.com.br\/emfoco\/?s={search_term_string}"},"query-input":{"@type":"PropertyValueSpecification","valueRequired":true,"valueName":"search_term_string"}}],"inLanguage":"pt-BR"},{"@type":"Person","@id":"https:\/\/www.em.com.br\/emfoco\/#\/schema\/person\/60eda09c1fedf0d6891f4cef4b60b8b8","name":"Andre\u0301 Rangel\u00a0","image":{"@type":"ImageObject","inLanguage":"pt-BR","@id":"https:\/\/www.em.com.br\/emfoco\/#\/schema\/person\/image\/","url":"https:\/\/secure.gravatar.com\/avatar\/6234dc814c77c8ef6d8bba622c787efc?s=96&d=mm&r=g","contentUrl":"https:\/\/secure.gravatar.com\/avatar\/6234dc814c77c8ef6d8bba622c787efc?s=96&d=mm&r=g","caption":"Andre\u0301 Rangel\u00a0"},"url":"https:\/\/www.em.com.br\/emfoco\/author\/luizmyth\/"}]}},"_links":{"self":[{"href":"https:\/\/www.em.com.br\/emfoco\/wp-json\/wp\/v2\/posts\/39887","targetHints":{"allow":["GET"]}}],"collection":[{"href":"https:\/\/www.em.com.br\/emfoco\/wp-json\/wp\/v2\/posts"}],"about":[{"href":"https:\/\/www.em.com.br\/emfoco\/wp-json\/wp\/v2\/types\/post"}],"author":[{"embeddable":true,"href":"https:\/\/www.em.com.br\/emfoco\/wp-json\/wp\/v2\/users\/11"}],"replies":[{"embeddable":true,"href":"https:\/\/www.em.com.br\/emfoco\/wp-json\/wp\/v2\/comments?post=39887"}],"version-history":[{"count":5,"href":"https:\/\/www.em.com.br\/emfoco\/wp-json\/wp\/v2\/posts\/39887\/revisions"}],"predecessor-version":[{"id":39933,"href":"https:\/\/www.em.com.br\/emfoco\/wp-json\/wp\/v2\/posts\/39887\/revisions\/39933"}],"wp:featuredmedia":[{"embeddable":true,"href":"https:\/\/www.em.com.br\/emfoco\/wp-json\/wp\/v2\/media\/32638"}],"wp:attachment":[{"href":"https:\/\/www.em.com.br\/emfoco\/wp-json\/wp\/v2\/media?parent=39887"}],"wp:term":[{"taxonomy":"category","embeddable":true,"href":"https:\/\/www.em.com.br\/emfoco\/wp-json\/wp\/v2\/categories?post=39887"},{"taxonomy":"post_tag","embeddable":true,"href":"https:\/\/www.em.com.br\/emfoco\/wp-json\/wp\/v2\/tags?post=39887"}],"curies":[{"name":"wp","href":"https:\/\/api.w.org\/{rel}","templated":true}]}}