{"id":39832,"date":"2025-04-20T11:20:00","date_gmt":"2025-04-20T14:20:00","guid":{"rendered":"https:\/\/www.em.com.br\/emfoco\/?p=39832"},"modified":"2025-10-21T17:20:21","modified_gmt":"2025-10-21T20:20:21","slug":"o-beneficio-que-facilita-o-deslocamento-ao-trabalho-mas-que-poucos-conhecem-totalmente","status":"publish","type":"post","link":"https:\/\/www.em.com.br\/emfoco\/2025\/04\/20\/o-beneficio-que-facilita-o-deslocamento-ao-trabalho-mas-que-poucos-conhecem-totalmente\/","title":{"rendered":"O benef\u00edcio que facilita o deslocamento ao trabalho, mas que poucos conhecem totalmente"},"content":{"rendered":"\n<p>O <a href=\"https:\/\/vocesa.abril.com.br\/coluna\/guru\/o-vale-transporte-e-beneficio-ou-obrigacao-da-empresa\/\" target=\"_blank\" rel=\"noreferrer noopener\"><strong>vale-transporte<\/strong> <\/a>\u00e9 um benef\u00edcio essencial para muitos trabalhadores brasileiros, regulamentado pela <strong>Lei n\u00ba 7.418\/1985<\/strong>. Esse benef\u00edcio visa cobrir os custos de deslocamento dos funcion\u00e1rios entre suas resid\u00eancias e locais de trabalho, utilizando transporte p\u00fablico. A seguir, explicamos como ele funciona e as condi\u00e7\u00f5es para seu uso.<\/p>\n\n\n\n<h2 class=\"wp-block-heading\">Entenda como \u00e9 feito o c\u00e1lculo do vale-transporte<\/h2>\n\n\n\n<p>O c\u00e1lculo do vale-transporte leva em considera\u00e7\u00e3o o trajeto completo que o trabalhador realiza em dias \u00fateis. Isso inclui deslocamentos durante finais de semana, caso o funcion\u00e1rio precise trabalhar nesses dias. Vale ressaltar que o vale-transporte n\u00e3o possui natureza salarial, ou seja, n\u00e3o \u00e9 incorporado \u00e0 remunera\u00e7\u00e3o do trabalhador e n\u00e3o \u00e9 tribut\u00e1vel. O valor \u00e9 geralmente pago por meio de um cart\u00e3o espec\u00edfico, como o bilhete \u00fanico.<\/p>\n\n\n\n<p>O empregador tem o direito de descontar at\u00e9<strong> 6% do <a href=\"https:\/\/www.em.com.br\/emfoco\/2025\/04\/11\/mais-dinheiro-o-que-ninguem-te-contou-sobre-o-novo-salario-minimo\/\" target=\"_blank\" rel=\"noreferrer noopener\">sal\u00e1rio <\/a>do trabalhador <\/strong>para custear parte do vale-transporte. Caso o custo do transporte ultrapasse esse percentual, a diferen\u00e7a deve ser coberta pela empresa. O trabalhador tamb\u00e9m pode optar por recusar o benef\u00edcio, especialmente se houver desconto, embora essa situa\u00e7\u00e3o seja menos comum.<\/p>\n\n\n\n<h2 class=\"wp-block-heading\">Quem tem direito ao vale-transporte?<\/h2>\n\n\n\n<p>Al\u00e9m dos trabalhadores formais, estagi\u00e1rios com contratos remunerados e presenciais tamb\u00e9m t\u00eam direito ao vale-transporte. Trabalhadores tempor\u00e1rios, por sua vez, devem receber o benef\u00edcio nas mesmas condi\u00e7\u00f5es que os funcion\u00e1rios permanentes em cargos equivalentes. Isso garante que todos os trabalhadores que necessitam de transporte p\u00fablico para chegar ao trabalho tenham seus custos cobertos.<\/p>\n\n\n\n<figure class=\"wp-block-image size-large\"><img loading=\"lazy\" decoding=\"async\" width=\"1024\" height=\"576\" src=\"https:\/\/www.em.com.br\/emfoco\/wp-content\/uploads\/2025\/04\/53934659289_4453e8cf2d_b-1-1-1024x576.jpg\" alt=\"\" class=\"wp-image-39866\" srcset=\"https:\/\/www.em.com.br\/emfoco\/wp-content\/uploads\/2025\/04\/53934659289_4453e8cf2d_b-1-1-1024x576.jpg 1024w, https:\/\/www.em.com.br\/emfoco\/wp-content\/uploads\/2025\/04\/53934659289_4453e8cf2d_b-1-1-300x169.jpg 300w, https:\/\/www.em.com.br\/emfoco\/wp-content\/uploads\/2025\/04\/53934659289_4453e8cf2d_b-1-1-768x432.jpg 768w, https:\/\/www.em.com.br\/emfoco\/wp-content\/uploads\/2025\/04\/53934659289_4453e8cf2d_b-1-1-750x422.jpg 750w, https:\/\/www.em.com.br\/emfoco\/wp-content\/uploads\/2025\/04\/53934659289_4453e8cf2d_b-1-1-1140x641.jpg 1140w, https:\/\/www.em.com.br\/emfoco\/wp-content\/uploads\/2025\/04\/53934659289_4453e8cf2d_b-1-1.jpg 1280w\" sizes=\"auto, (max-width: 1024px) 100vw, 1024px\" \/><figcaption class=\"wp-element-caption\">Vale-transporte &#8211; Cr\u00e9ditos: Divulga\u00e7\u00e3o\/Flickr <\/figcaption><\/figure>\n\n\n\n<h2 class=\"wp-block-heading\">Quando o vale-transporte n\u00e3o \u00e9 obrigat\u00f3rio?<\/h2>\n\n\n\n<p>Existem algumas situa\u00e7\u00f5es em que o vale-transporte n\u00e3o \u00e9 obrigat\u00f3rio. Durante per\u00edodos de f\u00e9rias ou licen\u00e7as, o benef\u00edcio n\u00e3o precisa ser pago, pois n\u00e3o h\u00e1 deslocamento para o trabalho. Trabalhadores em regime de <strong>home office tamb\u00e9m n\u00e3o t\u00eam direito<\/strong> ao vale-transporte, j\u00e1 que n\u00e3o h\u00e1 necessidade de deslocamento di\u00e1rio.<\/p>\n\n\n\n<p>Para trabalhadores aut\u00f4nomos, que n\u00e3o possuem v\u00ednculo empregat\u00edcio formal com a empresa, o deslocamento \u00e9 de responsabilidade do pr\u00f3prio trabalhador. Essa distin\u00e7\u00e3o \u00e9 importante para evitar mal-entendidos sobre quem \u00e9 eleg\u00edvel para o benef\u00edcio.<\/p>\n\n\n\n<h2 class=\"wp-block-heading\">Vale-transporte: um direito importante que merece aten\u00e7\u00e3o<\/h2>\n\n\n\n<p>O vale-transporte \u00e9 um direito importante para muitos trabalhadores no Brasil, permitindo que possam se deslocar para o trabalho sem custos adicionais significativos. Entender as regras e condi\u00e7\u00f5es desse benef\u00edcio \u00e9 essencial tanto para empregadores quanto para empregados, garantindo que todos os direitos sejam respeitados e que o benef\u00edcio seja utilizado de maneira adequada.<\/p>\n","protected":false},"excerpt":{"rendered":"<p>O vale-transporte \u00e9 um benef\u00edcio essencial para muitos trabalhadores brasileiros, regulamentado pela Lei n\u00ba 7.418\/1985. Esse benef\u00edcio visa cobrir os custos de deslocamento dos funcion\u00e1rios entre suas resid\u00eancias e locais de trabalho, utilizando transporte p\u00fablico. A seguir, explicamos como ele funciona e as condi\u00e7\u00f5es para seu uso. Entenda como \u00e9 feito o c\u00e1lculo do vale-transporte [&hellip;]<\/p>\n","protected":false},"author":11,"featured_media":117872,"comment_status":"open","ping_status":"open","sticky":false,"template":"","format":"standard","meta":{"jnews-multi-image_gallery":[],"jnews_single_post":{"format":"standard"},"jnews_primary_category":[],"jnews_social_meta":[],"jnews_override_counter":[],"footnotes":""},"categories":[28,1],"tags":[259,256,508],"class_list":["post-39832","post","type-post","status-publish","format-standard","has-post-thumbnail","hentry","category-economia","category-noticias","tag-beneficio","tag-beneficios","tag-trabalho"],"yoast_head":"<!-- This site is optimized with the Yoast SEO plugin v23.8 - https:\/\/yoast.com\/wordpress\/plugins\/seo\/ -->\n<title>O benef\u00edcio que facilita o deslocamento ao trabalho, mas que poucos conhecem totalmente - Estado de Minas - Em foco<\/title>\n<meta name=\"description\" content=\"Saiba como funciona e quem tem direito a esse benef\u00edcio. Veja tamb\u00e9m os c\u00e1lculos e exce\u00e7\u00f5es para utiliz\u00e1-lo corretamente.\" \/>\n<meta name=\"robots\" content=\"index, follow, max-snippet:-1, max-image-preview:large, max-video-preview:-1\" \/>\n<link rel=\"canonical\" href=\"https:\/\/www.em.com.br\/emfoco\/2025\/04\/20\/o-beneficio-que-facilita-o-deslocamento-ao-trabalho-mas-que-poucos-conhecem-totalmente\/\" \/>\n<meta property=\"og:locale\" content=\"pt_BR\" \/>\n<meta property=\"og:type\" content=\"article\" \/>\n<meta property=\"og:title\" content=\"O benef\u00edcio que facilita o deslocamento ao trabalho, mas que poucos conhecem totalmente - Estado de Minas - Em foco\" \/>\n<meta property=\"og:description\" content=\"Saiba como funciona e quem tem direito a esse benef\u00edcio. Veja tamb\u00e9m os c\u00e1lculos e exce\u00e7\u00f5es para utiliz\u00e1-lo corretamente.\" \/>\n<meta property=\"og:url\" content=\"https:\/\/www.em.com.br\/emfoco\/2025\/04\/20\/o-beneficio-que-facilita-o-deslocamento-ao-trabalho-mas-que-poucos-conhecem-totalmente\/\" \/>\n<meta property=\"og:site_name\" content=\"Estado de Minas - Em foco\" \/>\n<meta property=\"article:published_time\" content=\"2025-04-20T14:20:00+00:00\" \/>\n<meta property=\"article:modified_time\" content=\"2025-10-21T20:20:21+00:00\" \/>\n<meta property=\"og:image\" content=\"https:\/\/www.em.com.br\/emfoco\/wp-content\/uploads\/2025\/04\/carteira-de-trabalho_1761077818402.jpg\" \/>\n\t<meta property=\"og:image:width\" content=\"1280\" \/>\n\t<meta property=\"og:image:height\" content=\"720\" \/>\n\t<meta property=\"og:image:type\" content=\"image\/jpeg\" \/>\n<meta name=\"author\" content=\"Andre\u0301 Rangel\u00a0\" \/>\n<meta name=\"twitter:card\" content=\"summary_large_image\" \/>\n<meta name=\"twitter:label1\" content=\"Escrito por\" \/>\n\t<meta name=\"twitter:data1\" content=\"Andre\u0301 Rangel\u00a0\" \/>\n\t<meta name=\"twitter:label2\" content=\"Est. tempo de leitura\" \/>\n\t<meta name=\"twitter:data2\" content=\"3 minutos\" \/>\n<!-- \/ Yoast SEO plugin. -->","yoast_head_json":{"title":"O benef\u00edcio que facilita o deslocamento ao trabalho, mas que poucos conhecem totalmente - Estado de Minas - Em foco","description":"Saiba como funciona e quem tem direito a esse benef\u00edcio. Veja tamb\u00e9m os c\u00e1lculos e exce\u00e7\u00f5es para utiliz\u00e1-lo corretamente.","robots":{"index":"index","follow":"follow","max-snippet":"max-snippet:-1","max-image-preview":"max-image-preview:large","max-video-preview":"max-video-preview:-1"},"canonical":"https:\/\/www.em.com.br\/emfoco\/2025\/04\/20\/o-beneficio-que-facilita-o-deslocamento-ao-trabalho-mas-que-poucos-conhecem-totalmente\/","og_locale":"pt_BR","og_type":"article","og_title":"O benef\u00edcio que facilita o deslocamento ao trabalho, mas que poucos conhecem totalmente - Estado de Minas - Em foco","og_description":"Saiba como funciona e quem tem direito a esse benef\u00edcio. Veja tamb\u00e9m os c\u00e1lculos e exce\u00e7\u00f5es para utiliz\u00e1-lo corretamente.","og_url":"https:\/\/www.em.com.br\/emfoco\/2025\/04\/20\/o-beneficio-que-facilita-o-deslocamento-ao-trabalho-mas-que-poucos-conhecem-totalmente\/","og_site_name":"Estado de Minas - Em foco","article_published_time":"2025-04-20T14:20:00+00:00","article_modified_time":"2025-10-21T20:20:21+00:00","og_image":[{"width":1280,"height":720,"url":"https:\/\/www.em.com.br\/emfoco\/wp-content\/uploads\/2025\/04\/carteira-de-trabalho_1761077818402.jpg","type":"image\/jpeg"}],"author":"Andre\u0301 Rangel\u00a0","twitter_card":"summary_large_image","twitter_misc":{"Escrito por":"Andre\u0301 Rangel\u00a0","Est. tempo de leitura":"3 minutos"},"schema":{"@context":"https:\/\/schema.org","@graph":[{"@type":"WebPage","@id":"https:\/\/www.em.com.br\/emfoco\/2025\/04\/20\/o-beneficio-que-facilita-o-deslocamento-ao-trabalho-mas-que-poucos-conhecem-totalmente\/","url":"https:\/\/www.em.com.br\/emfoco\/2025\/04\/20\/o-beneficio-que-facilita-o-deslocamento-ao-trabalho-mas-que-poucos-conhecem-totalmente\/","name":"O benef\u00edcio que facilita o deslocamento ao trabalho, mas que poucos conhecem totalmente - Estado de Minas - Em foco","isPartOf":{"@id":"https:\/\/www.em.com.br\/emfoco\/#website"},"primaryImageOfPage":{"@id":"https:\/\/www.em.com.br\/emfoco\/2025\/04\/20\/o-beneficio-que-facilita-o-deslocamento-ao-trabalho-mas-que-poucos-conhecem-totalmente\/#primaryimage"},"image":{"@id":"https:\/\/www.em.com.br\/emfoco\/2025\/04\/20\/o-beneficio-que-facilita-o-deslocamento-ao-trabalho-mas-que-poucos-conhecem-totalmente\/#primaryimage"},"thumbnailUrl":"https:\/\/www.em.com.br\/emfoco\/wp-content\/uploads\/2025\/04\/carteira-de-trabalho_1761077818402.jpg","datePublished":"2025-04-20T14:20:00+00:00","dateModified":"2025-10-21T20:20:21+00:00","author":{"@id":"https:\/\/www.em.com.br\/emfoco\/#\/schema\/person\/60eda09c1fedf0d6891f4cef4b60b8b8"},"description":"Saiba como funciona e quem tem direito a esse benef\u00edcio. Veja tamb\u00e9m os c\u00e1lculos e exce\u00e7\u00f5es para utiliz\u00e1-lo corretamente.","breadcrumb":{"@id":"https:\/\/www.em.com.br\/emfoco\/2025\/04\/20\/o-beneficio-que-facilita-o-deslocamento-ao-trabalho-mas-que-poucos-conhecem-totalmente\/#breadcrumb"},"inLanguage":"pt-BR","potentialAction":[{"@type":"ReadAction","target":["https:\/\/www.em.com.br\/emfoco\/2025\/04\/20\/o-beneficio-que-facilita-o-deslocamento-ao-trabalho-mas-que-poucos-conhecem-totalmente\/"]}]},{"@type":"ImageObject","inLanguage":"pt-BR","@id":"https:\/\/www.em.com.br\/emfoco\/2025\/04\/20\/o-beneficio-que-facilita-o-deslocamento-ao-trabalho-mas-que-poucos-conhecem-totalmente\/#primaryimage","url":"https:\/\/www.em.com.br\/emfoco\/wp-content\/uploads\/2025\/04\/carteira-de-trabalho_1761077818402.jpg","contentUrl":"https:\/\/www.em.com.br\/emfoco\/wp-content\/uploads\/2025\/04\/carteira-de-trabalho_1761077818402.jpg","width":1280,"height":720,"caption":"Carteira de trabalho - Cr\u00e9ditos: Depositphotos.com \/ Mehaniq"},{"@type":"BreadcrumbList","@id":"https:\/\/www.em.com.br\/emfoco\/2025\/04\/20\/o-beneficio-que-facilita-o-deslocamento-ao-trabalho-mas-que-poucos-conhecem-totalmente\/#breadcrumb","itemListElement":[{"@type":"ListItem","position":1,"name":"In\u00edcio","item":"https:\/\/www.em.com.br\/emfoco\/"},{"@type":"ListItem","position":2,"name":"O benef\u00edcio que facilita o deslocamento ao trabalho, mas que poucos conhecem totalmente"}]},{"@type":"WebSite","@id":"https:\/\/www.em.com.br\/emfoco\/#website","url":"https:\/\/www.em.com.br\/emfoco\/","name":"Estado de Minas - Em foco","description":"Acompanhe as \u00faltimas not\u00edcias e fique bem informado sobre tudo o que acontece em Minas Gerais, Brasil e no mundo.","potentialAction":[{"@type":"SearchAction","target":{"@type":"EntryPoint","urlTemplate":"https:\/\/www.em.com.br\/emfoco\/?s={search_term_string}"},"query-input":{"@type":"PropertyValueSpecification","valueRequired":true,"valueName":"search_term_string"}}],"inLanguage":"pt-BR"},{"@type":"Person","@id":"https:\/\/www.em.com.br\/emfoco\/#\/schema\/person\/60eda09c1fedf0d6891f4cef4b60b8b8","name":"Andre\u0301 Rangel\u00a0","image":{"@type":"ImageObject","inLanguage":"pt-BR","@id":"https:\/\/www.em.com.br\/emfoco\/#\/schema\/person\/image\/","url":"https:\/\/secure.gravatar.com\/avatar\/6234dc814c77c8ef6d8bba622c787efc?s=96&d=mm&r=g","contentUrl":"https:\/\/secure.gravatar.com\/avatar\/6234dc814c77c8ef6d8bba622c787efc?s=96&d=mm&r=g","caption":"Andre\u0301 Rangel\u00a0"},"url":"https:\/\/www.em.com.br\/emfoco\/author\/luizmyth\/"}]}},"_links":{"self":[{"href":"https:\/\/www.em.com.br\/emfoco\/wp-json\/wp\/v2\/posts\/39832","targetHints":{"allow":["GET"]}}],"collection":[{"href":"https:\/\/www.em.com.br\/emfoco\/wp-json\/wp\/v2\/posts"}],"about":[{"href":"https:\/\/www.em.com.br\/emfoco\/wp-json\/wp\/v2\/types\/post"}],"author":[{"embeddable":true,"href":"https:\/\/www.em.com.br\/emfoco\/wp-json\/wp\/v2\/users\/11"}],"replies":[{"embeddable":true,"href":"https:\/\/www.em.com.br\/emfoco\/wp-json\/wp\/v2\/comments?post=39832"}],"version-history":[{"count":4,"href":"https:\/\/www.em.com.br\/emfoco\/wp-json\/wp\/v2\/posts\/39832\/revisions"}],"predecessor-version":[{"id":40003,"href":"https:\/\/www.em.com.br\/emfoco\/wp-json\/wp\/v2\/posts\/39832\/revisions\/40003"}],"wp:featuredmedia":[{"embeddable":true,"href":"https:\/\/www.em.com.br\/emfoco\/wp-json\/wp\/v2\/media\/117872"}],"wp:attachment":[{"href":"https:\/\/www.em.com.br\/emfoco\/wp-json\/wp\/v2\/media?parent=39832"}],"wp:term":[{"taxonomy":"category","embeddable":true,"href":"https:\/\/www.em.com.br\/emfoco\/wp-json\/wp\/v2\/categories?post=39832"},{"taxonomy":"post_tag","embeddable":true,"href":"https:\/\/www.em.com.br\/emfoco\/wp-json\/wp\/v2\/tags?post=39832"}],"curies":[{"name":"wp","href":"https:\/\/api.w.org\/{rel}","templated":true}]}}