{"id":39829,"date":"2025-04-20T09:20:00","date_gmt":"2025-04-20T12:20:00","guid":{"rendered":"https:\/\/www.em.com.br\/emfoco\/?p=39829"},"modified":"2025-04-19T16:22:09","modified_gmt":"2025-04-19T19:22:09","slug":"a-importancia-da-personalizacao-de-beneficios-para-empresas-no-cenario-atual","status":"publish","type":"post","link":"https:\/\/www.em.com.br\/emfoco\/2025\/04\/20\/a-importancia-da-personalizacao-de-beneficios-para-empresas-no-cenario-atual\/","title":{"rendered":"A import\u00e2ncia da personaliza\u00e7\u00e3o de benef\u00edcios para empresas no cen\u00e1rio atual"},"content":{"rendered":"\n<p>No cen\u00e1rio atual de mercado, onde a competi\u00e7\u00e3o por talentos \u00e9 acirrada, os <strong>benef\u00edcios corporativos<\/strong> desempenham um papel crucial. Segundo o relat\u00f3rio Global <strong>Talent Trends do LinkedIn<\/strong>, 60% dos candidatos priorizam a remunera\u00e7\u00e3o e os incentivos adicionais ao escolherem um novo emprego. Dessa forma, as empresas precisam se atentar a essas prefer\u00eancias para se manterem competitivas e atrativas para os profissionais.<\/p>\n\n\n\n<h2 class=\"wp-block-heading\">Desafio de atender diversas gera\u00e7\u00f5es no mercado de trabalho<\/h2>\n\n\n\n<p>Uma das maiores dificuldades das empresas \u00e9 criar uma estrat\u00e9gia de <strong><a href=\"https:\/\/www.em.com.br\/emfoco\/2025\/04\/19\/conheca-os-beneficios-exclusivos-para-idosos-que-voce-precisa-conhecer\/\" target=\"_blank\" rel=\"noreferrer noopener\">benef\u00edcios <\/a><\/strong>que atenda \u00e0s necessidades de diferentes gera\u00e7\u00f5es no mercado de trabalho. Atualmente, convivem no ambiente corporativo as gera\u00e7\u00f5es baby boomers, X, millennials e Z, cada uma com prefer\u00eancias distintas. Enquanto os mais jovens priorizam a flexibilidade e o equil\u00edbrio entre vida pessoal e profissional, as gera\u00e7\u00f5es mais antigas, como os baby boomers e a gera\u00e7\u00e3o X, tendem a valorizar seguran\u00e7a, como planos de sa\u00fade e previd\u00eancia privada.<\/p>\n\n\n\n<p>Essa diversidade exige uma abordagem estrat\u00e9gica para garantir que todos se sintam valorizados e que seus interesses sejam atendidos. A personaliza\u00e7\u00e3o dos benef\u00edcios se torna uma solu\u00e7\u00e3o eficaz para equilibrar essas diferen\u00e7as.<\/p>\n\n\n\n<h2 class=\"wp-block-heading\">Personaliza\u00e7\u00e3o dos benef\u00edcios como uma estrat\u00e9gia eficaz<\/h2>\n\n\n\n<p>Personalizar os benef\u00edcios de acordo com as necessidades espec\u00edficas de cada grupo geracional \u00e9 fundamental. Empresas que buscam ser mais competitivas precisam entender as prefer\u00eancias de seus colaboradores. Um exemplo disso \u00e9 o<a href=\"https:\/\/www.alelo.com.br\/empresas\/cartao-beneficio-flexivel-alelo-tudo\" target=\"_blank\" rel=\"noreferrer noopener\"> <strong>Alelo Tudo<\/strong><\/a>, uma solu\u00e7\u00e3o de benef\u00edcios flex\u00edveis lan\u00e7ada em 2020, que se adapta \u00e0s necessidades de cada empresa e seus funcion\u00e1rios. Esse sistema oferece uma ampla gama de op\u00e7\u00f5es, desde benef\u00edcios cl\u00e1ssicos, como alimenta\u00e7\u00e3o e refei\u00e7\u00e3o, at\u00e9 ajudas de custo com mobilidade, sa\u00fade e aux\u00edlio home office.<\/p>\n\n\n\n<p>A personaliza\u00e7\u00e3o permite que os colaboradores escolham os benef\u00edcios que mais fazem sentido para suas realidades di\u00e1rias, oferecendo uma experi\u00eancia completa e satisfat\u00f3ria.<\/p>\n\n\n\n<figure class=\"wp-block-image size-large\"><img loading=\"lazy\" decoding=\"async\" width=\"1024\" height=\"576\" src=\"https:\/\/www.em.com.br\/emfoco\/wp-content\/uploads\/2025\/04\/beneficios-corporativo_1745084715266-1024x576.jpg\" alt=\"\" class=\"wp-image-39873\" srcset=\"https:\/\/www.em.com.br\/emfoco\/wp-content\/uploads\/2025\/04\/beneficios-corporativo_1745084715266-1024x576.jpg 1024w, https:\/\/www.em.com.br\/emfoco\/wp-content\/uploads\/2025\/04\/beneficios-corporativo_1745084715266-300x169.jpg 300w, https:\/\/www.em.com.br\/emfoco\/wp-content\/uploads\/2025\/04\/beneficios-corporativo_1745084715266-768x432.jpg 768w, https:\/\/www.em.com.br\/emfoco\/wp-content\/uploads\/2025\/04\/beneficios-corporativo_1745084715266-750x422.jpg 750w, https:\/\/www.em.com.br\/emfoco\/wp-content\/uploads\/2025\/04\/beneficios-corporativo_1745084715266-1140x641.jpg 1140w, https:\/\/www.em.com.br\/emfoco\/wp-content\/uploads\/2025\/04\/beneficios-corporativo_1745084715266.jpg 1280w\" sizes=\"auto, (max-width: 1024px) 100vw, 1024px\" \/><figcaption class=\"wp-element-caption\">Benef\u00edcios corporativo &#8211; Cr\u00e9ditos: depositphotos.com \/ SergeyNivens<\/figcaption><\/figure>\n\n\n\n<h2 class=\"wp-block-heading\">A import\u00e2ncia de ouvir os colaboradores<\/h2>\n\n\n\n<p>Uma das melhores maneiras de garantir que os benef\u00edcios atendam \u00e0s expectativas dos funcion\u00e1rios \u00e9 ouvir suas opini\u00f5es. Manter um canal de escuta ativo ajuda as empresas a entenderem o que realmente \u00e9 importante para os colaboradores. Empresas como a <strong>Alelo<\/strong> realizam pesquisas internas regulares para avaliar a efic\u00e1cia dos benef\u00edcios oferecidos e identificar os pontos de melhoria. Esses insights s\u00e3o essenciais para otimizar a gest\u00e3o de benef\u00edcios e garantir que os recursos da empresa sejam investidos de maneira eficiente.<\/p>\n\n\n\n<h2 class=\"wp-block-heading\">Gest\u00e3o inteligente de benef\u00edcios corporativos<\/h2>\n\n\n\n<p>Investir em benef\u00edcios que atendem \u00e0s reais necessidades dos colaboradores n\u00e3o \u00e9 apenas uma quest\u00e3o de atrair e reter talentos, mas tamb\u00e9m de boa gest\u00e3o dos recursos financeiros da empresa. Oferecer benef\u00edcios que n\u00e3o s\u00e3o valorizados pode gerar desperd\u00edcio e impactar negativamente a sustentabilidade financeira da organiza\u00e7\u00e3o.<\/p>\n\n\n\n<p>Ao ouvir os colaboradores e personalizar os benef\u00edcios, as empresas asseguram n\u00e3o apenas maior satisfa\u00e7\u00e3o no ambiente de trabalho, mas tamb\u00e9m uma gest\u00e3o mais eficiente dos recursos. Essa abordagem estrat\u00e9gica n\u00e3o s\u00f3 melhora a reten\u00e7\u00e3o de talentos, mas tamb\u00e9m contribui para o sucesso a longo prazo da organiza\u00e7\u00e3o.<\/p>\n","protected":false},"excerpt":{"rendered":"<p>No cen\u00e1rio atual de mercado, onde a competi\u00e7\u00e3o por talentos \u00e9 acirrada, os benef\u00edcios corporativos desempenham um papel crucial. Segundo o relat\u00f3rio Global Talent Trends do LinkedIn, 60% dos candidatos priorizam a remunera\u00e7\u00e3o e os incentivos adicionais ao escolherem um novo emprego. Dessa forma, as empresas precisam se atentar a essas prefer\u00eancias para se manterem [&hellip;]<\/p>\n","protected":false},"author":11,"featured_media":39874,"comment_status":"open","ping_status":"open","sticky":false,"template":"","format":"standard","meta":{"jnews-multi-image_gallery":[],"jnews_single_post":{"format":"standard"},"jnews_primary_category":[],"jnews_social_meta":[],"jnews_override_counter":[],"footnotes":""},"categories":[28,1],"tags":[256,1693,3135],"class_list":["post-39829","post","type-post","status-publish","format-standard","has-post-thumbnail","hentry","category-economia","category-noticias","tag-beneficios","tag-beneficios-a-empregados","tag-beneficios-financeiros"],"yoast_head":"<!-- This site is optimized with the Yoast SEO plugin v23.8 - https:\/\/yoast.com\/wordpress\/plugins\/seo\/ -->\n<title>A import\u00e2ncia da personaliza\u00e7\u00e3o de benef\u00edcios para empresas no cen\u00e1rio atual - Estado de Minas - Em foco<\/title>\n<meta name=\"description\" content=\"Com a competi\u00e7\u00e3o por talentos cada vez mais forte, saiba como personalizar os benef\u00edcios pode atrair e reter colaboradores.\" \/>\n<meta name=\"robots\" content=\"index, follow, max-snippet:-1, max-image-preview:large, max-video-preview:-1\" \/>\n<link rel=\"canonical\" href=\"https:\/\/www.em.com.br\/emfoco\/2025\/04\/20\/a-importancia-da-personalizacao-de-beneficios-para-empresas-no-cenario-atual\/\" \/>\n<meta property=\"og:locale\" content=\"pt_BR\" \/>\n<meta property=\"og:type\" content=\"article\" \/>\n<meta property=\"og:title\" content=\"A import\u00e2ncia da personaliza\u00e7\u00e3o de benef\u00edcios para empresas no cen\u00e1rio atual - Estado de Minas - Em foco\" \/>\n<meta property=\"og:description\" content=\"Com a competi\u00e7\u00e3o por talentos cada vez mais forte, saiba como personalizar os benef\u00edcios pode atrair e reter colaboradores.\" \/>\n<meta property=\"og:url\" content=\"https:\/\/www.em.com.br\/emfoco\/2025\/04\/20\/a-importancia-da-personalizacao-de-beneficios-para-empresas-no-cenario-atual\/\" \/>\n<meta property=\"og:site_name\" content=\"Estado de Minas - Em foco\" \/>\n<meta property=\"article:published_time\" content=\"2025-04-20T12:20:00+00:00\" \/>\n<meta property=\"article:modified_time\" content=\"2025-04-19T19:22:09+00:00\" \/>\n<meta property=\"og:image\" content=\"https:\/\/www.em.com.br\/emfoco\/wp-content\/uploads\/2025\/04\/beneficios-brasil_1745084833254.jpg\" \/>\n\t<meta property=\"og:image:width\" content=\"1280\" \/>\n\t<meta property=\"og:image:height\" content=\"720\" \/>\n\t<meta property=\"og:image:type\" content=\"image\/jpeg\" \/>\n<meta name=\"author\" content=\"Andre\u0301 Rangel\u00a0\" \/>\n<meta name=\"twitter:card\" content=\"summary_large_image\" \/>\n<meta name=\"twitter:label1\" content=\"Escrito por\" \/>\n\t<meta name=\"twitter:data1\" content=\"Andre\u0301 Rangel\u00a0\" \/>\n\t<meta name=\"twitter:label2\" content=\"Est. tempo de leitura\" \/>\n\t<meta name=\"twitter:data2\" content=\"4 minutos\" \/>\n<!-- \/ Yoast SEO plugin. -->","yoast_head_json":{"title":"A import\u00e2ncia da personaliza\u00e7\u00e3o de benef\u00edcios para empresas no cen\u00e1rio atual - Estado de Minas - Em foco","description":"Com a competi\u00e7\u00e3o por talentos cada vez mais forte, saiba como personalizar os benef\u00edcios pode atrair e reter colaboradores.","robots":{"index":"index","follow":"follow","max-snippet":"max-snippet:-1","max-image-preview":"max-image-preview:large","max-video-preview":"max-video-preview:-1"},"canonical":"https:\/\/www.em.com.br\/emfoco\/2025\/04\/20\/a-importancia-da-personalizacao-de-beneficios-para-empresas-no-cenario-atual\/","og_locale":"pt_BR","og_type":"article","og_title":"A import\u00e2ncia da personaliza\u00e7\u00e3o de benef\u00edcios para empresas no cen\u00e1rio atual - Estado de Minas - Em foco","og_description":"Com a competi\u00e7\u00e3o por talentos cada vez mais forte, saiba como personalizar os benef\u00edcios pode atrair e reter colaboradores.","og_url":"https:\/\/www.em.com.br\/emfoco\/2025\/04\/20\/a-importancia-da-personalizacao-de-beneficios-para-empresas-no-cenario-atual\/","og_site_name":"Estado de Minas - Em foco","article_published_time":"2025-04-20T12:20:00+00:00","article_modified_time":"2025-04-19T19:22:09+00:00","og_image":[{"width":1280,"height":720,"url":"https:\/\/www.em.com.br\/emfoco\/wp-content\/uploads\/2025\/04\/beneficios-brasil_1745084833254.jpg","type":"image\/jpeg"}],"author":"Andre\u0301 Rangel\u00a0","twitter_card":"summary_large_image","twitter_misc":{"Escrito por":"Andre\u0301 Rangel\u00a0","Est. tempo de leitura":"4 minutos"},"schema":{"@context":"https:\/\/schema.org","@graph":[{"@type":"WebPage","@id":"https:\/\/www.em.com.br\/emfoco\/2025\/04\/20\/a-importancia-da-personalizacao-de-beneficios-para-empresas-no-cenario-atual\/","url":"https:\/\/www.em.com.br\/emfoco\/2025\/04\/20\/a-importancia-da-personalizacao-de-beneficios-para-empresas-no-cenario-atual\/","name":"A import\u00e2ncia da personaliza\u00e7\u00e3o de benef\u00edcios para empresas no cen\u00e1rio atual - Estado de Minas - Em foco","isPartOf":{"@id":"https:\/\/www.em.com.br\/emfoco\/#website"},"primaryImageOfPage":{"@id":"https:\/\/www.em.com.br\/emfoco\/2025\/04\/20\/a-importancia-da-personalizacao-de-beneficios-para-empresas-no-cenario-atual\/#primaryimage"},"image":{"@id":"https:\/\/www.em.com.br\/emfoco\/2025\/04\/20\/a-importancia-da-personalizacao-de-beneficios-para-empresas-no-cenario-atual\/#primaryimage"},"thumbnailUrl":"https:\/\/www.em.com.br\/emfoco\/wp-content\/uploads\/2025\/04\/beneficios-brasil_1745084833254.jpg","datePublished":"2025-04-20T12:20:00+00:00","dateModified":"2025-04-19T19:22:09+00:00","author":{"@id":"https:\/\/www.em.com.br\/emfoco\/#\/schema\/person\/60eda09c1fedf0d6891f4cef4b60b8b8"},"description":"Com a competi\u00e7\u00e3o por talentos cada vez mais forte, saiba como personalizar os benef\u00edcios pode atrair e reter colaboradores.","breadcrumb":{"@id":"https:\/\/www.em.com.br\/emfoco\/2025\/04\/20\/a-importancia-da-personalizacao-de-beneficios-para-empresas-no-cenario-atual\/#breadcrumb"},"inLanguage":"pt-BR","potentialAction":[{"@type":"ReadAction","target":["https:\/\/www.em.com.br\/emfoco\/2025\/04\/20\/a-importancia-da-personalizacao-de-beneficios-para-empresas-no-cenario-atual\/"]}]},{"@type":"ImageObject","inLanguage":"pt-BR","@id":"https:\/\/www.em.com.br\/emfoco\/2025\/04\/20\/a-importancia-da-personalizacao-de-beneficios-para-empresas-no-cenario-atual\/#primaryimage","url":"https:\/\/www.em.com.br\/emfoco\/wp-content\/uploads\/2025\/04\/beneficios-brasil_1745084833254.jpg","contentUrl":"https:\/\/www.em.com.br\/emfoco\/wp-content\/uploads\/2025\/04\/beneficios-brasil_1745084833254.jpg","width":1280,"height":720,"caption":"CLT - Cr\u00e9ditos: depositphotos.com \/ wesleyyaya"},{"@type":"BreadcrumbList","@id":"https:\/\/www.em.com.br\/emfoco\/2025\/04\/20\/a-importancia-da-personalizacao-de-beneficios-para-empresas-no-cenario-atual\/#breadcrumb","itemListElement":[{"@type":"ListItem","position":1,"name":"In\u00edcio","item":"https:\/\/www.em.com.br\/emfoco\/"},{"@type":"ListItem","position":2,"name":"A import\u00e2ncia da personaliza\u00e7\u00e3o de benef\u00edcios para empresas no cen\u00e1rio atual"}]},{"@type":"WebSite","@id":"https:\/\/www.em.com.br\/emfoco\/#website","url":"https:\/\/www.em.com.br\/emfoco\/","name":"Estado de Minas - Em foco","description":"Acompanhe as \u00faltimas not\u00edcias e fique bem informado sobre tudo o que acontece em Minas Gerais, Brasil e no mundo.","potentialAction":[{"@type":"SearchAction","target":{"@type":"EntryPoint","urlTemplate":"https:\/\/www.em.com.br\/emfoco\/?s={search_term_string}"},"query-input":{"@type":"PropertyValueSpecification","valueRequired":true,"valueName":"search_term_string"}}],"inLanguage":"pt-BR"},{"@type":"Person","@id":"https:\/\/www.em.com.br\/emfoco\/#\/schema\/person\/60eda09c1fedf0d6891f4cef4b60b8b8","name":"Andre\u0301 Rangel\u00a0","image":{"@type":"ImageObject","inLanguage":"pt-BR","@id":"https:\/\/www.em.com.br\/emfoco\/#\/schema\/person\/image\/","url":"https:\/\/secure.gravatar.com\/avatar\/6234dc814c77c8ef6d8bba622c787efc?s=96&d=mm&r=g","contentUrl":"https:\/\/secure.gravatar.com\/avatar\/6234dc814c77c8ef6d8bba622c787efc?s=96&d=mm&r=g","caption":"Andre\u0301 Rangel\u00a0"},"url":"https:\/\/www.em.com.br\/emfoco\/author\/luizmyth\/"}]}},"_links":{"self":[{"href":"https:\/\/www.em.com.br\/emfoco\/wp-json\/wp\/v2\/posts\/39829","targetHints":{"allow":["GET"]}}],"collection":[{"href":"https:\/\/www.em.com.br\/emfoco\/wp-json\/wp\/v2\/posts"}],"about":[{"href":"https:\/\/www.em.com.br\/emfoco\/wp-json\/wp\/v2\/types\/post"}],"author":[{"embeddable":true,"href":"https:\/\/www.em.com.br\/emfoco\/wp-json\/wp\/v2\/users\/11"}],"replies":[{"embeddable":true,"href":"https:\/\/www.em.com.br\/emfoco\/wp-json\/wp\/v2\/comments?post=39829"}],"version-history":[{"count":5,"href":"https:\/\/www.em.com.br\/emfoco\/wp-json\/wp\/v2\/posts\/39829\/revisions"}],"predecessor-version":[{"id":39875,"href":"https:\/\/www.em.com.br\/emfoco\/wp-json\/wp\/v2\/posts\/39829\/revisions\/39875"}],"wp:featuredmedia":[{"embeddable":true,"href":"https:\/\/www.em.com.br\/emfoco\/wp-json\/wp\/v2\/media\/39874"}],"wp:attachment":[{"href":"https:\/\/www.em.com.br\/emfoco\/wp-json\/wp\/v2\/media?parent=39829"}],"wp:term":[{"taxonomy":"category","embeddable":true,"href":"https:\/\/www.em.com.br\/emfoco\/wp-json\/wp\/v2\/categories?post=39829"},{"taxonomy":"post_tag","embeddable":true,"href":"https:\/\/www.em.com.br\/emfoco\/wp-json\/wp\/v2\/tags?post=39829"}],"curies":[{"name":"wp","href":"https:\/\/api.w.org\/{rel}","templated":true}]}}