{"id":39802,"date":"2025-04-22T06:40:00","date_gmt":"2025-04-22T09:40:00","guid":{"rendered":"https:\/\/www.em.com.br\/emfoco\/?p=39802"},"modified":"2025-04-22T06:10:16","modified_gmt":"2025-04-22T09:10:16","slug":"as-plantas-que-podem-melhorar-sua-saude-de-forma-natural","status":"publish","type":"post","link":"https:\/\/www.em.com.br\/emfoco\/2025\/04\/22\/as-plantas-que-podem-melhorar-sua-saude-de-forma-natural\/","title":{"rendered":"As plantas que podem melhorar sua sa\u00fade de forma natural"},"content":{"rendered":"\n<p>As <a href=\"https:\/\/www.em.com.br\/emfoco\/2025\/03\/19\/as-plantas-que-nao-podem-faltar-para-manter-sua-saude-em-dia\/\" target=\"_blank\" rel=\"noreferrer noopener\">plantas<\/a> medicinais t\u00eam sido fundamentais na promo\u00e7\u00e3o da sa\u00fade ao longo da hist\u00f3ria. Culturas ao redor do mundo utilizam essas plantas para tratar uma variedade de condi\u00e7\u00f5es, aproveitando seus compostos naturais. A fitoterapia, pr\u00e1tica que envolve o uso de plantas para fins terap\u00eauticos, continua a ser relevante, especialmente com o crescente interesse por abordagens de sa\u00fade mais naturais.<\/p>\n\n\n\n<p>Essas plantas s\u00e3o conhecidas por seus compostos bioativos, que podem ter efeitos ben\u00e9ficos no organismo. Elas s\u00e3o usadas tanto para aliviar sintomas de doen\u00e7as comuns quanto para complementar tratamentos m\u00e9dicos convencionais, oferecendo uma alternativa mais natural para a promo\u00e7\u00e3o do bem-estar.<\/p>\n\n\n\n<h2 class=\"wp-block-heading\">Como as plantas medicinais beneficiam a sa\u00fade?<\/h2>\n\n\n\n<p>Os benef\u00edcios das plantas medicinais est\u00e3o relacionados aos seus componentes qu\u00edmicos naturais, como alcaloides, flavonoides e terpenos. Esses compostos s\u00e3o respons\u00e1veis por uma variedade de efeitos terap\u00eauticos, incluindo propriedades anti-inflamat\u00f3rias e antioxidantes.<\/p>\n\n\n\n<ul class=\"wp-block-list\">\n<li>Al\u00edvio de inflama\u00e7\u00f5es: Ervas como o gengibre e a c\u00farcuma s\u00e3o amplamente utilizadas por suas propriedades anti-inflamat\u00f3rias, auxiliando em condi\u00e7\u00f5es como a artrite.<\/li>\n\n\n\n<li>Melhora na digest\u00e3o: Plantas como a hortel\u00e3-pimenta e a camomila s\u00e3o eficazes no al\u00edvio de desconfortos digestivos.<\/li>\n\n\n\n<li>Fortalecimento do sistema imunol\u00f3gico: O alho e a equin\u00e1cea s\u00e3o conhecidos por suas capacidades de refor\u00e7ar as defesas do corpo.<\/li>\n\n\n\n<li>Redu\u00e7\u00e3o do estresse: A lavanda e a valeriana s\u00e3o populares por seus efeitos calmantes, ajudando a aliviar o estresse e a ansiedade.<\/li>\n<\/ul>\n\n\n\n<h2 class=\"wp-block-heading\">M\u00e9todos de uso das plantas medicinais<\/h2>\n\n\n\n<p>As plantas medicinais podem ser incorporadas \u00e0 rotina de v\u00e1rias maneiras, dependendo do tipo de planta e do efeito desejado. Os m\u00e9todos mais comuns incluem ch\u00e1s, tinturas, c\u00e1psulas e \u00f3leos essenciais.<\/p>\n\n\n\n<p>Ch\u00e1s s\u00e3o preparados ao se mergulhar partes da planta em \u00e1gua quente, extraindo seus compostos ben\u00e9ficos. Tinturas s\u00e3o solu\u00e7\u00f5es concentradas que utilizam \u00e1lcool para extrair os princ\u00edpios ativos das plantas. C\u00e1psulas oferecem uma forma pr\u00e1tica de consumo, especialmente para aqueles que preferem evitar o sabor das ervas.<\/p>\n\n\n\n<h2 class=\"wp-block-heading\">Cuidados ao utilizar plantas medicinais<\/h2>\n\n\n\n<figure class=\"wp-block-image size-large\"><img loading=\"lazy\" decoding=\"async\" width=\"1024\" height=\"576\" src=\"https:\/\/www.em.com.br\/emfoco\/wp-content\/uploads\/2025\/04\/PLANTAS-MEDICINAIS_1745066576011-1024x576.jpg\" alt=\"\" class=\"wp-image-39805\" srcset=\"https:\/\/www.em.com.br\/emfoco\/wp-content\/uploads\/2025\/04\/PLANTAS-MEDICINAIS_1745066576011-1024x576.jpg 1024w, https:\/\/www.em.com.br\/emfoco\/wp-content\/uploads\/2025\/04\/PLANTAS-MEDICINAIS_1745066576011-300x169.jpg 300w, https:\/\/www.em.com.br\/emfoco\/wp-content\/uploads\/2025\/04\/PLANTAS-MEDICINAIS_1745066576011-768x432.jpg 768w, https:\/\/www.em.com.br\/emfoco\/wp-content\/uploads\/2025\/04\/PLANTAS-MEDICINAIS_1745066576011-750x422.jpg 750w, https:\/\/www.em.com.br\/emfoco\/wp-content\/uploads\/2025\/04\/PLANTAS-MEDICINAIS_1745066576011-1140x641.jpg 1140w, https:\/\/www.em.com.br\/emfoco\/wp-content\/uploads\/2025\/04\/PLANTAS-MEDICINAIS_1745066576011.jpg 1280w\" sizes=\"auto, (max-width: 1024px) 100vw, 1024px\" \/><figcaption class=\"wp-element-caption\">Plantas medicinais-Cr\u00e9ditos: depositphotos.com \/ Botamochy<\/figcaption><\/figure>\n\n\n\n<p>Embora as <a href=\"https:\/\/jornaldia.com.br\/plantas-medicinais-saude-natural-e-bem-estar\/\" target=\"_blank\" rel=\"noreferrer noopener\">plantas medicinais<\/a> sejam geralmente seguras, \u00e9 importante utiliz\u00e1-las com precau\u00e7\u00e3o. Algumas plantas podem interagir com medicamentos ou causar efeitos adversos. Portanto, \u00e9 essencial consultar um profissional de sa\u00fade antes de iniciar qualquer tratamento \u00e0 base de plantas, especialmente para indiv\u00edduos com condi\u00e7\u00f5es de sa\u00fade espec\u00edficas ou que estejam gr\u00e1vidas.<\/p>\n\n\n\n<p>A qualidade dos produtos \u00e9 igualmente importante. Optar por fornecedores confi\u00e1veis e seguir as instru\u00e7\u00f5es de uso pode garantir a seguran\u00e7a e a efic\u00e1cia do tratamento.<\/p>\n\n\n\n<h2 class=\"wp-block-heading\">O futuro das plantas medicinais na medicina moderna<\/h2>\n\n\n\n<p>Com o avan\u00e7o da pesquisa cient\u00edfica, o estudo das plantas medicinais continua a revelar novos benef\u00edcios e aplica\u00e7\u00f5es. A busca por alternativas aos medicamentos sint\u00e9ticos tem impulsionado essa \u00e1rea, e espera-se que a fitoterapia se torne cada vez mais integrada \u00e0 medicina moderna.<\/p>\n\n\n\n<p>\u00c0 medida que o conhecimento sobre as propriedades das plantas se expande, novas oportunidades surgem para melhorar a sa\u00fade de maneira natural e sustent\u00e1vel, beneficiando a sociedade como um todo.<\/p>\n\n\n\n<h2 class=\"wp-block-heading\">O papel da educa\u00e7\u00e3o no uso de plantas medicinais<\/h2>\n\n\n\n<p>A educa\u00e7\u00e3o \u00e9 crucial para o uso seguro e eficaz das plantas medicinais. Programas educacionais e workshops podem fornecer informa\u00e7\u00f5es valiosas sobre como identificar, cultivar e utilizar ervas de maneira correta. Essas iniciativas tamb\u00e9m promovem a conscientiza\u00e7\u00e3o sobre as poss\u00edveis intera\u00e7\u00f5es medicamentosas e os riscos associados ao uso inadequado das plantas.<\/p>\n\n\n\n<p>Especialistas ressaltam a import\u00e2ncia de integrar o conhecimento tradicional com a pesquisa cient\u00edfica moderna. Isso n\u00e3o apenas preserva o patrim\u00f4nio cultural associado \u00e0s plantas medicinais, mas tamb\u00e9m refor\u00e7a a confian\u00e7a no seu uso, promovendo uma sa\u00fade mais hol\u00edstica que considera tanto a ci\u00eancia quanto a tradi\u00e7\u00e3o.<\/p>\n\n\n\n<p><\/p>\n","protected":false},"excerpt":{"rendered":"<p>As plantas medicinais t\u00eam sido fundamentais na promo\u00e7\u00e3o da sa\u00fade ao longo da hist\u00f3ria. Culturas ao redor do mundo utilizam essas plantas para tratar uma variedade de condi\u00e7\u00f5es, aproveitando seus compostos naturais. A fitoterapia, pr\u00e1tica que envolve o uso de plantas para fins terap\u00eauticos, continua a ser relevante, especialmente com o crescente interesse por abordagens [&hellip;]<\/p>\n","protected":false},"author":12,"featured_media":39804,"comment_status":"open","ping_status":"open","sticky":false,"template":"","format":"standard","meta":{"jnews-multi-image_gallery":[],"jnews_single_post":{"format":"standard"},"jnews_primary_category":[],"jnews_social_meta":[],"jnews_override_counter":[],"footnotes":""},"categories":[29],"tags":[6096,7721,5508,415],"class_list":["post-39802","post","type-post","status-publish","format-standard","has-post-thumbnail","hentry","category-entretenimento","tag-fitoterapia","tag-medicamentos-naturais","tag-plantas-medicinais","tag-saude"],"yoast_head":"<!-- This site is optimized with the Yoast SEO plugin v23.8 - https:\/\/yoast.com\/wordpress\/plugins\/seo\/ -->\n<title>As plantas que podem melhorar sua sa\u00fade de forma natural - Estado de Minas - Em foco<\/title>\n<meta name=\"description\" content=\"Plantas medicinais oferecem al\u00edvio natural para diversos sintomas. Veja como usar com seguran\u00e7a e o papel da educa\u00e7\u00e3o no processo.\" \/>\n<meta name=\"robots\" content=\"index, follow, max-snippet:-1, max-image-preview:large, max-video-preview:-1\" \/>\n<link rel=\"canonical\" href=\"https:\/\/www.em.com.br\/emfoco\/2025\/04\/22\/as-plantas-que-podem-melhorar-sua-saude-de-forma-natural\/\" \/>\n<meta property=\"og:locale\" content=\"pt_BR\" \/>\n<meta property=\"og:type\" content=\"article\" \/>\n<meta property=\"og:title\" content=\"As plantas que podem melhorar sua sa\u00fade de forma natural - Estado de Minas - Em foco\" \/>\n<meta property=\"og:description\" content=\"Plantas medicinais oferecem al\u00edvio natural para diversos sintomas. Veja como usar com seguran\u00e7a e o papel da educa\u00e7\u00e3o no processo.\" \/>\n<meta property=\"og:url\" content=\"https:\/\/www.em.com.br\/emfoco\/2025\/04\/22\/as-plantas-que-podem-melhorar-sua-saude-de-forma-natural\/\" \/>\n<meta property=\"og:site_name\" content=\"Estado de Minas - Em foco\" \/>\n<meta property=\"article:published_time\" content=\"2025-04-22T09:40:00+00:00\" \/>\n<meta property=\"article:modified_time\" content=\"2025-04-22T09:10:16+00:00\" \/>\n<meta property=\"og:image\" content=\"https:\/\/www.em.com.br\/emfoco\/wp-content\/uploads\/2025\/04\/PLANTAS-MEDICINAIS_1745066096181.jpg\" \/>\n\t<meta property=\"og:image:width\" content=\"1280\" \/>\n\t<meta property=\"og:image:height\" content=\"720\" \/>\n\t<meta property=\"og:image:type\" content=\"image\/jpeg\" \/>\n<meta name=\"author\" content=\"Keren Ester\" \/>\n<meta name=\"twitter:card\" content=\"summary_large_image\" \/>\n<meta name=\"twitter:label1\" content=\"Escrito por\" \/>\n\t<meta name=\"twitter:data1\" content=\"Keren Ester\" \/>\n\t<meta name=\"twitter:label2\" content=\"Est. tempo de leitura\" \/>\n\t<meta name=\"twitter:data2\" content=\"4 minutos\" \/>\n<!-- \/ Yoast SEO plugin. -->","yoast_head_json":{"title":"As plantas que podem melhorar sua sa\u00fade de forma natural - Estado de Minas - Em foco","description":"Plantas medicinais oferecem al\u00edvio natural para diversos sintomas. Veja como usar com seguran\u00e7a e o papel da educa\u00e7\u00e3o no processo.","robots":{"index":"index","follow":"follow","max-snippet":"max-snippet:-1","max-image-preview":"max-image-preview:large","max-video-preview":"max-video-preview:-1"},"canonical":"https:\/\/www.em.com.br\/emfoco\/2025\/04\/22\/as-plantas-que-podem-melhorar-sua-saude-de-forma-natural\/","og_locale":"pt_BR","og_type":"article","og_title":"As plantas que podem melhorar sua sa\u00fade de forma natural - Estado de Minas - Em foco","og_description":"Plantas medicinais oferecem al\u00edvio natural para diversos sintomas. Veja como usar com seguran\u00e7a e o papel da educa\u00e7\u00e3o no processo.","og_url":"https:\/\/www.em.com.br\/emfoco\/2025\/04\/22\/as-plantas-que-podem-melhorar-sua-saude-de-forma-natural\/","og_site_name":"Estado de Minas - Em foco","article_published_time":"2025-04-22T09:40:00+00:00","article_modified_time":"2025-04-22T09:10:16+00:00","og_image":[{"width":1280,"height":720,"url":"https:\/\/www.em.com.br\/emfoco\/wp-content\/uploads\/2025\/04\/PLANTAS-MEDICINAIS_1745066096181.jpg","type":"image\/jpeg"}],"author":"Keren Ester","twitter_card":"summary_large_image","twitter_misc":{"Escrito por":"Keren Ester","Est. tempo de leitura":"4 minutos"},"schema":{"@context":"https:\/\/schema.org","@graph":[{"@type":"WebPage","@id":"https:\/\/www.em.com.br\/emfoco\/2025\/04\/22\/as-plantas-que-podem-melhorar-sua-saude-de-forma-natural\/","url":"https:\/\/www.em.com.br\/emfoco\/2025\/04\/22\/as-plantas-que-podem-melhorar-sua-saude-de-forma-natural\/","name":"As plantas que podem melhorar sua sa\u00fade de forma natural - Estado de Minas - Em foco","isPartOf":{"@id":"https:\/\/www.em.com.br\/emfoco\/#website"},"primaryImageOfPage":{"@id":"https:\/\/www.em.com.br\/emfoco\/2025\/04\/22\/as-plantas-que-podem-melhorar-sua-saude-de-forma-natural\/#primaryimage"},"image":{"@id":"https:\/\/www.em.com.br\/emfoco\/2025\/04\/22\/as-plantas-que-podem-melhorar-sua-saude-de-forma-natural\/#primaryimage"},"thumbnailUrl":"https:\/\/www.em.com.br\/emfoco\/wp-content\/uploads\/2025\/04\/PLANTAS-MEDICINAIS_1745066096181.jpg","datePublished":"2025-04-22T09:40:00+00:00","dateModified":"2025-04-22T09:10:16+00:00","author":{"@id":"https:\/\/www.em.com.br\/emfoco\/#\/schema\/person\/2e06e19826e476d778787245c8ef334d"},"description":"Plantas medicinais oferecem al\u00edvio natural para diversos sintomas. Veja como usar com seguran\u00e7a e o papel da educa\u00e7\u00e3o no processo.","breadcrumb":{"@id":"https:\/\/www.em.com.br\/emfoco\/2025\/04\/22\/as-plantas-que-podem-melhorar-sua-saude-de-forma-natural\/#breadcrumb"},"inLanguage":"pt-BR","potentialAction":[{"@type":"ReadAction","target":["https:\/\/www.em.com.br\/emfoco\/2025\/04\/22\/as-plantas-que-podem-melhorar-sua-saude-de-forma-natural\/"]}]},{"@type":"ImageObject","inLanguage":"pt-BR","@id":"https:\/\/www.em.com.br\/emfoco\/2025\/04\/22\/as-plantas-que-podem-melhorar-sua-saude-de-forma-natural\/#primaryimage","url":"https:\/\/www.em.com.br\/emfoco\/wp-content\/uploads\/2025\/04\/PLANTAS-MEDICINAIS_1745066096181.jpg","contentUrl":"https:\/\/www.em.com.br\/emfoco\/wp-content\/uploads\/2025\/04\/PLANTAS-MEDICINAIS_1745066096181.jpg","width":1280,"height":720,"caption":"vista superior de ervas, folhas verdes-Cr\u00e9ditos: depositphotos.com \/ VitalikRadko"},{"@type":"BreadcrumbList","@id":"https:\/\/www.em.com.br\/emfoco\/2025\/04\/22\/as-plantas-que-podem-melhorar-sua-saude-de-forma-natural\/#breadcrumb","itemListElement":[{"@type":"ListItem","position":1,"name":"In\u00edcio","item":"https:\/\/www.em.com.br\/emfoco\/"},{"@type":"ListItem","position":2,"name":"As plantas que podem melhorar sua sa\u00fade de forma natural"}]},{"@type":"WebSite","@id":"https:\/\/www.em.com.br\/emfoco\/#website","url":"https:\/\/www.em.com.br\/emfoco\/","name":"Estado de Minas - Em foco","description":"Acompanhe as \u00faltimas not\u00edcias e fique bem informado sobre tudo o que acontece em Minas Gerais, Brasil e no mundo.","potentialAction":[{"@type":"SearchAction","target":{"@type":"EntryPoint","urlTemplate":"https:\/\/www.em.com.br\/emfoco\/?s={search_term_string}"},"query-input":{"@type":"PropertyValueSpecification","valueRequired":true,"valueName":"search_term_string"}}],"inLanguage":"pt-BR"},{"@type":"Person","@id":"https:\/\/www.em.com.br\/emfoco\/#\/schema\/person\/2e06e19826e476d778787245c8ef334d","name":"Keren Ester","image":{"@type":"ImageObject","inLanguage":"pt-BR","@id":"https:\/\/www.em.com.br\/emfoco\/#\/schema\/person\/image\/","url":"https:\/\/secure.gravatar.com\/avatar\/b3d0f2b934f7fab59c611ea63b5cf4b1?s=96&d=mm&r=g","contentUrl":"https:\/\/secure.gravatar.com\/avatar\/b3d0f2b934f7fab59c611ea63b5cf4b1?s=96&d=mm&r=g","caption":"Keren Ester"},"url":"https:\/\/www.em.com.br\/emfoco\/author\/kerenmyth\/"}]}},"_links":{"self":[{"href":"https:\/\/www.em.com.br\/emfoco\/wp-json\/wp\/v2\/posts\/39802","targetHints":{"allow":["GET"]}}],"collection":[{"href":"https:\/\/www.em.com.br\/emfoco\/wp-json\/wp\/v2\/posts"}],"about":[{"href":"https:\/\/www.em.com.br\/emfoco\/wp-json\/wp\/v2\/types\/post"}],"author":[{"embeddable":true,"href":"https:\/\/www.em.com.br\/emfoco\/wp-json\/wp\/v2\/users\/12"}],"replies":[{"embeddable":true,"href":"https:\/\/www.em.com.br\/emfoco\/wp-json\/wp\/v2\/comments?post=39802"}],"version-history":[{"count":4,"href":"https:\/\/www.em.com.br\/emfoco\/wp-json\/wp\/v2\/posts\/39802\/revisions"}],"predecessor-version":[{"id":40321,"href":"https:\/\/www.em.com.br\/emfoco\/wp-json\/wp\/v2\/posts\/39802\/revisions\/40321"}],"wp:featuredmedia":[{"embeddable":true,"href":"https:\/\/www.em.com.br\/emfoco\/wp-json\/wp\/v2\/media\/39804"}],"wp:attachment":[{"href":"https:\/\/www.em.com.br\/emfoco\/wp-json\/wp\/v2\/media?parent=39802"}],"wp:term":[{"taxonomy":"category","embeddable":true,"href":"https:\/\/www.em.com.br\/emfoco\/wp-json\/wp\/v2\/categories?post=39802"},{"taxonomy":"post_tag","embeddable":true,"href":"https:\/\/www.em.com.br\/emfoco\/wp-json\/wp\/v2\/tags?post=39802"}],"curies":[{"name":"wp","href":"https:\/\/api.w.org\/{rel}","templated":true}]}}