{"id":39776,"date":"2025-04-18T19:30:00","date_gmt":"2025-04-18T22:30:00","guid":{"rendered":"https:\/\/www.em.com.br\/emfoco\/?p=39776"},"modified":"2025-04-18T22:24:50","modified_gmt":"2025-04-19T01:24:50","slug":"5-beneficios-do-abacate-para-deixar-o-cabelo-mais-bonito","status":"publish","type":"post","link":"https:\/\/www.em.com.br\/emfoco\/2025\/04\/18\/5-beneficios-do-abacate-para-deixar-o-cabelo-mais-bonito\/","title":{"rendered":"5 benef\u00edcios do abacate para deixar o cabelo mais bonito"},"content":{"rendered":"\n<p>O abacate \u00e9 uma fruta vers\u00e1til e rica em nutrientes, sendo uma excelente op\u00e7\u00e3o para quem busca melhorar a sa\u00fade dos cabelos de forma natural. Com suas propriedades hidratantes e nutritivas, ele \u00e9 especialmente ben\u00e9fico para cabelos que precisam de umidade extra, como os cacheados e crespos. Este artigo detalha como o abacate pode ser incorporado nos cuidados capilares e os benef\u00edcios que ele oferece, com dicas do site <a href=\"https:\/\/paisefilhos.com.br\/vida-curiosidades\/cabelos-mais-fortes-e-brilhantes-o-poder-do-abacate-na-hidratacao-capilar\/\" target=\"_blank\" rel=\"noreferrer noopener\">Pais&amp;Filhos.<\/a><\/p>\n\n\n\n<p>Cabelos cacheados e crespos t\u00eam uma tend\u00eancia natural ao ressecamento, devido \u00e0 sua estrutura que dificulta a distribui\u00e7\u00e3o dos \u00f3leos naturais ao longo dos fios. O abacate, com suas gorduras saud\u00e1veis e vitaminas, pode ajudar a suprir essa necessidade, proporcionando hidrata\u00e7\u00e3o e brilho aos cabelos.<\/p>\n\n\n\n<h2 class=\"wp-block-heading\">Por que Incorporar o Abacate nos Cuidados Capilares?<\/h2>\n\n\n\n<p>O abacate \u00e9 uma fonte rica de <strong>vitaminas A, D e E<\/strong>, al\u00e9m de conter \u00e1cidos graxos essenciais que ajudam a nutrir profundamente os fios. Esses nutrientes s\u00e3o fundamentais para fortalecer o cabelo, prevenir a quebra e promover o crescimento saud\u00e1vel. Al\u00e9m disso, o abacate possui propriedades antioxidantes que protegem o cabelo dos danos causados por fatores externos, como polui\u00e7\u00e3o e exposi\u00e7\u00e3o ao sol.<\/p>\n\n\n\n<p>Um dos principais benef\u00edcios do abacate \u00e9 sua capacidade de hidratar profundamente os fios. Isso \u00e9 especialmente importante para cabelos cacheados e crespos que tendem a perder umidade mais rapidamente. A aplica\u00e7\u00e3o regular de m\u00e1scaras de abacate pode, assim, ajudar a selar a umidade nos fios, deixando-os mais macios e f\u00e1ceis de manejar.<\/p>\n\n\n\n<h2 class=\"wp-block-heading\">Como Preparar uma M\u00e1scara de Abacate para os Cabelos?<\/h2>\n\n\n\n<p>Fazer uma m\u00e1scara capilar de abacate \u00e9 simples e pode ser feito com ingredientes que voc\u00ea provavelmente j\u00e1 tem em casa. Aqui est\u00e1 um passo a passo para criar uma m\u00e1scara nutritiva e eficaz:<\/p>\n\n\n\n<ol class=\"wp-block-list\">\n<li><strong>Ingredientes:<\/strong> 1 abacate maduro, 2 colheres de sopa de azeite de oliva, 1 colher de sopa de mel.<\/li>\n\n\n\n<li><strong>Preparo:<\/strong> Amasse o abacate em uma tigela at\u00e9 obter uma pasta homog\u00eanea. Em seguida, adicione o azeite de oliva e o mel, misturando bem at\u00e9 que todos os ingredientes estejam incorporados.<\/li>\n\n\n\n<li><strong>Aplica\u00e7\u00e3o:<\/strong> Com os cabelos limpos e \u00famidos, aplique a m\u00e1scara da raiz \u00e0s pontas, garantindo que todos os fios estejam cobertos. Adicionalmente, massageie suavemente o couro cabeludo para estimular a circula\u00e7\u00e3o.<\/li>\n\n\n\n<li><strong>Tempo de A\u00e7\u00e3o:<\/strong> Deixe a m\u00e1scara agir por cerca de 30 minutos. Para potencializar o efeito, cubra os cabelos com uma touca de banho.<\/li>\n\n\n\n<li><strong>Enx\u00e1gue:<\/strong> Ap\u00f3s o tempo de a\u00e7\u00e3o, enx\u00e1gue bem os cabelos com \u00e1gua morna e finalize com seu condicionador <a href=\"https:\/\/www.em.com.br\/emfoco\/2025\/04\/17\/o-verdadeiro-significado-de-camile-vai-te-emocionar\/\" target=\"_blank\" rel=\"noreferrer noopener\">habitual<\/a>.<\/li>\n<\/ol>\n\n\n<div class=\"wp-block-image\">\n<figure class=\"aligncenter size-large\"><img loading=\"lazy\" decoding=\"async\" width=\"1024\" height=\"576\" src=\"https:\/\/www.em.com.br\/emfoco\/wp-content\/uploads\/2025\/04\/abacate_1745025736168-1024x576.jpg\" alt=\"5 benef\u00edcios do abacate para deixar o cabelo mais bonito\" class=\"wp-image-39778\" srcset=\"https:\/\/www.em.com.br\/emfoco\/wp-content\/uploads\/2025\/04\/abacate_1745025736168-1024x576.jpg 1024w, https:\/\/www.em.com.br\/emfoco\/wp-content\/uploads\/2025\/04\/abacate_1745025736168-300x169.jpg 300w, https:\/\/www.em.com.br\/emfoco\/wp-content\/uploads\/2025\/04\/abacate_1745025736168-768x432.jpg 768w, https:\/\/www.em.com.br\/emfoco\/wp-content\/uploads\/2025\/04\/abacate_1745025736168-750x422.jpg 750w, https:\/\/www.em.com.br\/emfoco\/wp-content\/uploads\/2025\/04\/abacate_1745025736168-1140x641.jpg 1140w, https:\/\/www.em.com.br\/emfoco\/wp-content\/uploads\/2025\/04\/abacate_1745025736168.jpg 1280w\" sizes=\"auto, (max-width: 1024px) 100vw, 1024px\" \/><figcaption class=\"wp-element-caption\">Abacate para a pele e cabelo (Cr\u00e9ditos: depositphotos.com \/ IgorVetushko)<\/figcaption><\/figure><\/div>\n\n\n<h2 class=\"wp-block-heading\">Quais Cuidados Adotar ao Usar Abacate nos Cabelos?<\/h2>\n\n\n\n<ul class=\"wp-block-list\">\n<li>Certifique-se de usar um abacate bem maduro para facilitar a aplica\u00e7\u00e3o.<\/li>\n\n\n\n<li>Garanta um enx\u00e1gue completo para evitar res\u00edduos nos fios.<\/li>\n\n\n\n<li>Evite o uso excessivo; uma vez por semana \u00e9 o ideal.<\/li>\n\n\n\n<li>Para cabelos muito oleosos, aplique apenas no comprimento e pontas.<\/li>\n<\/ul>\n\n\n\n<h2 class=\"wp-block-heading\">Como Incorporar o Abacate na Rotina de Cuidados Capilares?<\/h2>\n\n\n\n<p>Incorporar o abacate na rotina de cuidados capilares pode, afinal, trazer resultados surpreendentes. Al\u00e9m da m\u00e1scara, o abacate pode ser combinado com outros ingredientes naturais, como \u00f3leo de coco ou iogurte, para potencializar seus efeitos. Assim, experimente diferentes combina\u00e7\u00f5es e descubra qual funciona melhor para o seu tipo de cabelo.<\/p>\n\n\n\n<p>Com suas propriedades hidratantes e nutritivas, o abacate \u00e9 uma excelente op\u00e7\u00e3o para quem busca cabelos saud\u00e1veis e bonitos de forma natural. Ao adotar o abacate em sua rotina de cuidados, voc\u00ea estar\u00e1, dessa forma, investindo na sa\u00fade dos seus fios de maneira sustent\u00e1vel e eficaz.<\/p>\n","protected":false},"excerpt":{"rendered":"<p>O abacate \u00e9 uma fruta vers\u00e1til e rica em nutrientes, sendo uma excelente op\u00e7\u00e3o para quem busca melhorar a sa\u00fade dos cabelos de forma natural. Com suas propriedades hidratantes e nutritivas, ele \u00e9 especialmente ben\u00e9fico para cabelos que precisam de umidade extra, como os cacheados e crespos. Este artigo detalha como o abacate pode ser [&hellip;]<\/p>\n","protected":false},"author":10,"featured_media":39777,"comment_status":"open","ping_status":"open","sticky":false,"template":"","format":"standard","meta":{"jnews-multi-image_gallery":[],"jnews_single_post":{"format":"standard"},"jnews_primary_category":[],"jnews_social_meta":[],"jnews_override_counter":[],"footnotes":""},"categories":[29,1],"tags":[2868,4905,342,988],"class_list":["post-39776","post","type-post","status-publish","format-standard","has-post-thumbnail","hentry","category-entretenimento","category-noticias","tag-abacate","tag-cabelo","tag-cuidados","tag-pele"],"yoast_head":"<!-- This site is optimized with the Yoast SEO plugin v23.8 - https:\/\/yoast.com\/wordpress\/plugins\/seo\/ -->\n<title>5 benef\u00edcios do abacate para deixar o cabelo mais bonito - Estado de Minas - Em foco<\/title>\n<meta name=\"description\" content=\"Cabelos cacheados e ressecados ganham brilho e maciez com uma simples m\u00e1scara de abacate. Aprenda como usar e veja os resultados!\" \/>\n<meta name=\"robots\" content=\"index, follow, max-snippet:-1, max-image-preview:large, max-video-preview:-1\" \/>\n<link rel=\"canonical\" href=\"https:\/\/www.em.com.br\/emfoco\/2025\/04\/18\/5-beneficios-do-abacate-para-deixar-o-cabelo-mais-bonito\/\" \/>\n<meta property=\"og:locale\" content=\"pt_BR\" \/>\n<meta property=\"og:type\" content=\"article\" \/>\n<meta property=\"og:title\" content=\"5 benef\u00edcios do abacate para deixar o cabelo mais bonito - Estado de Minas - Em foco\" \/>\n<meta property=\"og:description\" content=\"Cabelos cacheados e ressecados ganham brilho e maciez com uma simples m\u00e1scara de abacate. Aprenda como usar e veja os resultados!\" \/>\n<meta property=\"og:url\" content=\"https:\/\/www.em.com.br\/emfoco\/2025\/04\/18\/5-beneficios-do-abacate-para-deixar-o-cabelo-mais-bonito\/\" \/>\n<meta property=\"og:site_name\" content=\"Estado de Minas - Em foco\" \/>\n<meta property=\"article:published_time\" content=\"2025-04-18T22:30:00+00:00\" \/>\n<meta property=\"article:modified_time\" content=\"2025-04-19T01:24:50+00:00\" \/>\n<meta property=\"og:image\" content=\"https:\/\/www.em.com.br\/emfoco\/wp-content\/uploads\/2025\/04\/abacate_1745025670648.jpg\" \/>\n\t<meta property=\"og:image:width\" content=\"1279\" \/>\n\t<meta property=\"og:image:height\" content=\"720\" \/>\n\t<meta property=\"og:image:type\" content=\"image\/jpeg\" \/>\n<meta name=\"author\" content=\"Patryck Reinehr\" \/>\n<meta name=\"twitter:card\" content=\"summary_large_image\" \/>\n<meta name=\"twitter:label1\" content=\"Escrito por\" \/>\n\t<meta name=\"twitter:data1\" content=\"Patryck Reinehr\" \/>\n\t<meta name=\"twitter:label2\" content=\"Est. tempo de leitura\" \/>\n\t<meta name=\"twitter:data2\" content=\"4 minutos\" \/>\n<!-- \/ Yoast SEO plugin. -->","yoast_head_json":{"title":"5 benef\u00edcios do abacate para deixar o cabelo mais bonito - Estado de Minas - Em foco","description":"Cabelos cacheados e ressecados ganham brilho e maciez com uma simples m\u00e1scara de abacate. Aprenda como usar e veja os resultados!","robots":{"index":"index","follow":"follow","max-snippet":"max-snippet:-1","max-image-preview":"max-image-preview:large","max-video-preview":"max-video-preview:-1"},"canonical":"https:\/\/www.em.com.br\/emfoco\/2025\/04\/18\/5-beneficios-do-abacate-para-deixar-o-cabelo-mais-bonito\/","og_locale":"pt_BR","og_type":"article","og_title":"5 benef\u00edcios do abacate para deixar o cabelo mais bonito - Estado de Minas - Em foco","og_description":"Cabelos cacheados e ressecados ganham brilho e maciez com uma simples m\u00e1scara de abacate. Aprenda como usar e veja os resultados!","og_url":"https:\/\/www.em.com.br\/emfoco\/2025\/04\/18\/5-beneficios-do-abacate-para-deixar-o-cabelo-mais-bonito\/","og_site_name":"Estado de Minas - Em foco","article_published_time":"2025-04-18T22:30:00+00:00","article_modified_time":"2025-04-19T01:24:50+00:00","og_image":[{"width":1279,"height":720,"url":"https:\/\/www.em.com.br\/emfoco\/wp-content\/uploads\/2025\/04\/abacate_1745025670648.jpg","type":"image\/jpeg"}],"author":"Patryck Reinehr","twitter_card":"summary_large_image","twitter_misc":{"Escrito por":"Patryck Reinehr","Est. tempo de leitura":"4 minutos"},"schema":{"@context":"https:\/\/schema.org","@graph":[{"@type":"WebPage","@id":"https:\/\/www.em.com.br\/emfoco\/2025\/04\/18\/5-beneficios-do-abacate-para-deixar-o-cabelo-mais-bonito\/","url":"https:\/\/www.em.com.br\/emfoco\/2025\/04\/18\/5-beneficios-do-abacate-para-deixar-o-cabelo-mais-bonito\/","name":"5 benef\u00edcios do abacate para deixar o cabelo mais bonito - Estado de Minas - Em foco","isPartOf":{"@id":"https:\/\/www.em.com.br\/emfoco\/#website"},"primaryImageOfPage":{"@id":"https:\/\/www.em.com.br\/emfoco\/2025\/04\/18\/5-beneficios-do-abacate-para-deixar-o-cabelo-mais-bonito\/#primaryimage"},"image":{"@id":"https:\/\/www.em.com.br\/emfoco\/2025\/04\/18\/5-beneficios-do-abacate-para-deixar-o-cabelo-mais-bonito\/#primaryimage"},"thumbnailUrl":"https:\/\/www.em.com.br\/emfoco\/wp-content\/uploads\/2025\/04\/abacate_1745025670648.jpg","datePublished":"2025-04-18T22:30:00+00:00","dateModified":"2025-04-19T01:24:50+00:00","author":{"@id":"https:\/\/www.em.com.br\/emfoco\/#\/schema\/person\/43407752bebcbbb4d0ec79deedc0d7ce"},"description":"Cabelos cacheados e ressecados ganham brilho e maciez com uma simples m\u00e1scara de abacate. Aprenda como usar e veja os resultados!","breadcrumb":{"@id":"https:\/\/www.em.com.br\/emfoco\/2025\/04\/18\/5-beneficios-do-abacate-para-deixar-o-cabelo-mais-bonito\/#breadcrumb"},"inLanguage":"pt-BR","potentialAction":[{"@type":"ReadAction","target":["https:\/\/www.em.com.br\/emfoco\/2025\/04\/18\/5-beneficios-do-abacate-para-deixar-o-cabelo-mais-bonito\/"]}]},{"@type":"ImageObject","inLanguage":"pt-BR","@id":"https:\/\/www.em.com.br\/emfoco\/2025\/04\/18\/5-beneficios-do-abacate-para-deixar-o-cabelo-mais-bonito\/#primaryimage","url":"https:\/\/www.em.com.br\/emfoco\/wp-content\/uploads\/2025\/04\/abacate_1745025670648.jpg","contentUrl":"https:\/\/www.em.com.br\/emfoco\/wp-content\/uploads\/2025\/04\/abacate_1745025670648.jpg","width":1279,"height":720,"caption":"Abacate (Cr\u00e9ditos: depositphotos.com \/ foto-pixel.web.de)"},{"@type":"BreadcrumbList","@id":"https:\/\/www.em.com.br\/emfoco\/2025\/04\/18\/5-beneficios-do-abacate-para-deixar-o-cabelo-mais-bonito\/#breadcrumb","itemListElement":[{"@type":"ListItem","position":1,"name":"In\u00edcio","item":"https:\/\/www.em.com.br\/emfoco\/"},{"@type":"ListItem","position":2,"name":"5 benef\u00edcios do abacate para deixar o cabelo mais bonito"}]},{"@type":"WebSite","@id":"https:\/\/www.em.com.br\/emfoco\/#website","url":"https:\/\/www.em.com.br\/emfoco\/","name":"Estado de Minas - Em foco","description":"Acompanhe as \u00faltimas not\u00edcias e fique bem informado sobre tudo o que acontece em Minas Gerais, Brasil e no mundo.","potentialAction":[{"@type":"SearchAction","target":{"@type":"EntryPoint","urlTemplate":"https:\/\/www.em.com.br\/emfoco\/?s={search_term_string}"},"query-input":{"@type":"PropertyValueSpecification","valueRequired":true,"valueName":"search_term_string"}}],"inLanguage":"pt-BR"},{"@type":"Person","@id":"https:\/\/www.em.com.br\/emfoco\/#\/schema\/person\/43407752bebcbbb4d0ec79deedc0d7ce","name":"Patryck Reinehr","image":{"@type":"ImageObject","inLanguage":"pt-BR","@id":"https:\/\/www.em.com.br\/emfoco\/#\/schema\/person\/image\/","url":"https:\/\/secure.gravatar.com\/avatar\/570c7fb2898c0e2df0823196891bea88?s=96&d=mm&r=g","contentUrl":"https:\/\/secure.gravatar.com\/avatar\/570c7fb2898c0e2df0823196891bea88?s=96&d=mm&r=g","caption":"Patryck Reinehr"},"url":"https:\/\/www.em.com.br\/emfoco\/author\/patryckmyth\/"}]}},"_links":{"self":[{"href":"https:\/\/www.em.com.br\/emfoco\/wp-json\/wp\/v2\/posts\/39776","targetHints":{"allow":["GET"]}}],"collection":[{"href":"https:\/\/www.em.com.br\/emfoco\/wp-json\/wp\/v2\/posts"}],"about":[{"href":"https:\/\/www.em.com.br\/emfoco\/wp-json\/wp\/v2\/types\/post"}],"author":[{"embeddable":true,"href":"https:\/\/www.em.com.br\/emfoco\/wp-json\/wp\/v2\/users\/10"}],"replies":[{"embeddable":true,"href":"https:\/\/www.em.com.br\/emfoco\/wp-json\/wp\/v2\/comments?post=39776"}],"version-history":[{"count":1,"href":"https:\/\/www.em.com.br\/emfoco\/wp-json\/wp\/v2\/posts\/39776\/revisions"}],"predecessor-version":[{"id":39779,"href":"https:\/\/www.em.com.br\/emfoco\/wp-json\/wp\/v2\/posts\/39776\/revisions\/39779"}],"wp:featuredmedia":[{"embeddable":true,"href":"https:\/\/www.em.com.br\/emfoco\/wp-json\/wp\/v2\/media\/39777"}],"wp:attachment":[{"href":"https:\/\/www.em.com.br\/emfoco\/wp-json\/wp\/v2\/media?parent=39776"}],"wp:term":[{"taxonomy":"category","embeddable":true,"href":"https:\/\/www.em.com.br\/emfoco\/wp-json\/wp\/v2\/categories?post=39776"},{"taxonomy":"post_tag","embeddable":true,"href":"https:\/\/www.em.com.br\/emfoco\/wp-json\/wp\/v2\/tags?post=39776"}],"curies":[{"name":"wp","href":"https:\/\/api.w.org\/{rel}","templated":true}]}}