{"id":39735,"date":"2025-04-20T17:20:00","date_gmt":"2025-04-20T20:20:00","guid":{"rendered":"https:\/\/www.em.com.br\/emfoco\/?p=39735"},"modified":"2025-04-18T23:26:30","modified_gmt":"2025-04-19T02:26:30","slug":"cultive-ervas-calmantes-em-vasos-e-alivie-o-estresse-naturalmente","status":"publish","type":"post","link":"https:\/\/www.em.com.br\/emfoco\/2025\/04\/20\/cultive-ervas-calmantes-em-vasos-e-alivie-o-estresse-naturalmente\/","title":{"rendered":"Cultive ervas calmantes em vasos e alivie o estresse naturalmente"},"content":{"rendered":"\n<p>As <strong>ervas calmantes<\/strong> s\u00e3o aliadas poderosas para reduzir o <strong>estresse<\/strong>, <strong>melhorar o sono e promover bem-estar de forma natural<\/strong>. Cultivar essas plantas em casa \u00e9 simples, pr\u00e1tico e oferece benef\u00edcios tanto para o corpo quanto para a mente. Neste guia completo, voc\u00ea vai aprender como <a href=\"https:\/\/www.em.com.br\/emfoco\/2025\/04\/17\/aprenda-o-jeito-certo-de-plantar-hortela-e-nunca-mais-compre-no-mercado\/\" target=\"_blank\" rel=\"noreferrer noopener\">plantar<\/a>, cuidar e colher ervas calmantes no seu quintal, varanda ou at\u00e9 mesmo em vasos dentro de casa.<\/p>\n\n\n\n<h2 class=\"wp-block-heading\">Quais s\u00e3o as ervas calmantes mais f\u00e1ceis de cultivar?<\/h2>\n\n\n\n<p>Antes de come\u00e7ar, \u00e9 bom saber quais ervas t\u00eam propriedades relaxantes e s\u00e3o ideais para cultivo dom\u00e9stico. As mais populares e f\u00e1ceis de plantar s\u00e3o:<\/p>\n\n\n\n<ul class=\"wp-block-list\">\n<li><strong>Camomila<\/strong><\/li>\n\n\n\n<li><strong>Erva-cidreira (melissa)<\/strong><\/li>\n\n\n\n<li><strong>Lavanda<\/strong><\/li>\n\n\n\n<li><strong>Capim-lim\u00e3o<\/strong><\/li>\n\n\n\n<li><strong>Hortel\u00e3<\/strong><\/li>\n\n\n\n<li><strong>Manjeric\u00e3o (especialmente o manjeric\u00e3o-sagrado ou tulsi)<\/strong><\/li>\n\n\n\n<li><strong>Valeriana<\/strong><\/li>\n<\/ul>\n\n\n\n<p>Essas plantas podem ser cultivadas em vasos ou diretamente no solo e se adaptam bem a diferentes ambientes.<\/p>\n\n\n\n<h2 class=\"wp-block-heading\">Quais os benef\u00edcios de cultivar ervas calmantes em casa?<\/h2>\n\n\n\n<ul class=\"wp-block-list\">\n<li><strong>Redu\u00e7\u00e3o do estresse<\/strong>: muitas dessas ervas ajudam a acalmar o sistema nervoso.<\/li>\n\n\n\n<li><strong>Melhora do sono<\/strong>: infus\u00f5es e \u00f3leos essenciais dessas plantas ajudam a relaxar e dormir melhor.<\/li>\n\n\n\n<li><strong>Economia<\/strong>: ter suas pr\u00f3prias ervas evita a compra constante de ch\u00e1s e produtos industrializados.<\/li>\n\n\n\n<li><strong>Ambiente arom\u00e1tico<\/strong>: elas deixam a casa mais cheirosa e agrad\u00e1vel naturalmente.<\/li>\n\n\n\n<li><strong>Acesso imediato<\/strong>: sempre \u00e0 m\u00e3o para fazer ch\u00e1s, compressas ou banhos relaxantes.<\/li>\n<\/ul>\n\n\n\n<h2 class=\"wp-block-heading\">Onde plantar ervas calmantes?<\/h2>\n\n\n\n<p>Essas plantas gostam de <strong>luz solar<\/strong>, mas tamb\u00e9m s\u00e3o adapt\u00e1veis a ambientes internos com boa ilumina\u00e7\u00e3o. Veja os locais ideais:<\/p>\n\n\n\n<ul class=\"wp-block-list\">\n<li><strong>Varandas e sacadas<\/strong>: vasos ou jardineiras com bastante sol.<\/li>\n\n\n\n<li><strong>Janelas ensolaradas<\/strong>: ideal para apartamentos.<\/li>\n\n\n\n<li><strong>Jardins e canteiros<\/strong>: caso tenha espa\u00e7o externo, aproveite!<\/li>\n\n\n\n<li><strong>Hortas verticais<\/strong>: \u00f3timas para ambientes pequenos.<\/li>\n<\/ul>\n\n\n\n<h2 class=\"wp-block-heading\">Como preparar o solo para as ervas calmantes?<\/h2>\n\n\n\n<ul class=\"wp-block-list\">\n<li><strong>Solo leve e bem drenado<\/strong>: misture terra vegetal com areia ou perlita para facilitar a drenagem.<\/li>\n\n\n\n<li><strong>Mat\u00e9ria org\u00e2nica<\/strong>: adicione h\u00famus de minhoca ou compostos org\u00e2nicos.<\/li>\n\n\n\n<li><strong>pH ideal<\/strong>: levemente \u00e1cido a neutro (entre 6,0 e 7,0).<\/li>\n\n\n\n<li><strong>Fertilidade<\/strong>: as ervas n\u00e3o exigem aduba\u00e7\u00e3o constante, mas uma aplica\u00e7\u00e3o a cada 30 dias ajuda no desenvolvimento.<\/li>\n<\/ul>\n\n\n\n<h2 class=\"wp-block-heading\">Como plantar ervas calmantes passo a passo<\/h2>\n\n\n\n<h3 class=\"wp-block-heading\">1. Escolha como vai iniciar: sementes ou mudas<\/h3>\n\n\n\n<ul class=\"wp-block-list\">\n<li><strong>Sementes<\/strong>: mais barato, mas exige paci\u00eancia e cuidado.<\/li>\n\n\n\n<li><strong>Mudas<\/strong>: mais r\u00e1pido e pr\u00e1tico, ideal para iniciantes.<\/li>\n<\/ul>\n\n\n\n<h3 class=\"wp-block-heading\">2. Prepare o recipiente<\/h3>\n\n\n\n<ul class=\"wp-block-list\">\n<li>Use vasos com furos no fundo.<\/li>\n\n\n\n<li>Coloque uma camada de brita ou argila expandida antes da terra.<\/li>\n<\/ul>\n\n\n<div class=\"wp-block-image\">\n<figure class=\"aligncenter size-large\"><img loading=\"lazy\" decoding=\"async\" width=\"1024\" height=\"576\" src=\"https:\/\/www.em.com.br\/emfoco\/wp-content\/uploads\/2025\/03\/hortela_1742953808540-1024x576.jpg\" alt=\"Aprenda como plantar hortel\u00e3 em casa, cuidar corretamente, evitar pragas e garantir uma colheita fresca o ano todo!\" class=\"wp-image-32362\" srcset=\"https:\/\/www.em.com.br\/emfoco\/wp-content\/uploads\/2025\/03\/hortela_1742953808540-1024x576.jpg 1024w, https:\/\/www.em.com.br\/emfoco\/wp-content\/uploads\/2025\/03\/hortela_1742953808540-300x169.jpg 300w, https:\/\/www.em.com.br\/emfoco\/wp-content\/uploads\/2025\/03\/hortela_1742953808540-768x432.jpg 768w, https:\/\/www.em.com.br\/emfoco\/wp-content\/uploads\/2025\/03\/hortela_1742953808540-750x422.jpg 750w, https:\/\/www.em.com.br\/emfoco\/wp-content\/uploads\/2025\/03\/hortela_1742953808540-1140x641.jpg 1140w, https:\/\/www.em.com.br\/emfoco\/wp-content\/uploads\/2025\/03\/hortela_1742953808540.jpg 1280w\" sizes=\"auto, (max-width: 1024px) 100vw, 1024px\" \/><figcaption class=\"wp-element-caption\">Hortel\u00e3 fresquinha &#8211; Cr\u00e9ditos: depositphotos.com \/ anskuw<\/figcaption><\/figure><\/div>\n\n\n<h3 class=\"wp-block-heading\">3. Plante a erva escolhida<\/h3>\n\n\n\n<ul class=\"wp-block-list\">\n<li>Cubra as sementes levemente com terra.<\/li>\n\n\n\n<li>No caso das mudas, retire com cuidado do recipiente original e plante no novo vaso.<\/li>\n<\/ul>\n\n\n\n<h3 class=\"wp-block-heading\">4. Regue com modera\u00e7\u00e3o<\/h3>\n\n\n\n<ul class=\"wp-block-list\">\n<li>Mantenha o solo \u00famido nos primeiros dias, mas sem encharcar.<\/li>\n\n\n\n<li>Ap\u00f3s o crescimento, regue 2 a 3 vezes por semana, conforme o clima.<\/li>\n<\/ul>\n\n\n\n<h3 class=\"wp-block-heading\">5. Garanta boa ilumina\u00e7\u00e3o<\/h3>\n\n\n\n<ul class=\"wp-block-list\">\n<li>A maioria das ervas calmantes precisa de pelo menos 4 a 6 horas de sol por dia.<\/li>\n<\/ul>\n\n\n\n<h2 class=\"wp-block-heading\">Como cuidar das ervas calmantes?<\/h2>\n\n\n\n<ul class=\"wp-block-list\">\n<li><strong>Rega<\/strong>: evite solo encharcado. Regue sempre que perceber a terra seca na superf\u00edcie.<\/li>\n\n\n\n<li><strong>Poda<\/strong>: corte folhas e galhos secos para estimular novos brotos.<\/li>\n\n\n\n<li><strong>Colheita regular<\/strong>: colher com frequ\u00eancia fortalece a planta. Sempre corte os ramos acima de um n\u00f3 (local onde nasce outro galho).<\/li>\n\n\n\n<li><strong>Aduba\u00e7\u00e3o leve<\/strong>: use<a href=\"https:\/\/agro.estadao.com.br\/summit-agro\/como-fazer-adubo-caseiro-para-deixar-a-horta-mais-saudavel\" target=\"_blank\" rel=\"noreferrer noopener\"> adubo natural<\/a> a cada 30 dias para estimular o crescimento.<\/li>\n\n\n\n<li><strong>Controle de pragas<\/strong>: borrife ch\u00e1 de alho, sab\u00e3o de coco ou \u00f3leo de neem, se necess\u00e1rio.<\/li>\n<\/ul>\n\n\n\n<h2 class=\"wp-block-heading\">Quando colher as ervas calmantes?<\/h2>\n\n\n\n<ul class=\"wp-block-list\">\n<li><strong>Camomila<\/strong>: quando as flores estiverem totalmente abertas.<\/li>\n\n\n\n<li><strong>Erva-cidreira e capim-lim\u00e3o<\/strong>: colha folhas ou hastes maiores, de prefer\u00eancia pela manh\u00e3.<\/li>\n\n\n\n<li><strong>Lavanda<\/strong>: corte os ramos quando as flores come\u00e7arem a abrir.<\/li>\n\n\n\n<li><strong>Hortel\u00e3<\/strong>: pode ser colhida regularmente quando a planta estiver com cerca de 15 cm.<\/li>\n\n\n\n<li><strong>Manjeric\u00e3o<\/strong>: colha antes da flora\u00e7\u00e3o para preservar o sabor.<\/li>\n\n\n\n<li><strong>Valeriana<\/strong>: suas ra\u00edzes s\u00e3o usadas ap\u00f3s cerca de 1 ano de cultivo.<\/li>\n<\/ul>\n\n\n\n<h2 class=\"wp-block-heading\">Como usar as ervas calmantes depois da colheita?<\/h2>\n\n\n\n<ul class=\"wp-block-list\">\n<li><strong>Infus\u00f5es e ch\u00e1s<\/strong>: a forma mais comum. Basta usar folhas ou flores frescas ou secas.<\/li>\n\n\n\n<li><strong>Banhos relaxantes<\/strong>: \u00f3timos com lavanda, erva-cidreira ou capim-lim\u00e3o.<\/li>\n\n\n\n<li><strong>Aromatizadores naturais<\/strong>: deixe secar e use em sach\u00eas ou saquinhos perfumados.<\/li>\n\n\n\n<li><strong>\u00d3leos e extratos<\/strong>: algumas ervas podem ser maceradas para uso terap\u00eautico.<\/li>\n<\/ul>\n\n\n\n<h2 class=\"wp-block-heading\">FAQ <\/h2>\n\n\n\n<p><strong>1. Posso plantar diferentes ervas calmantes no mesmo vaso?<\/strong><br>Sim, desde que tenham necessidades parecidas de sol e \u00e1gua. Ervas como camomila e erva-cidreira convivem bem.<\/p>\n\n\n\n<p><strong>2. As ervas calmantes precisam de muito sol?<\/strong><br>Sim, a maioria precisa de pelo menos 4 a 6 horas de sol direto por dia. Mas tamb\u00e9m crescem bem em janelas ensolaradas.<\/p>\n\n\n\n<p><strong>3. Quanto tempo leva para colher?<\/strong><br>Depende da erva. A camomila floresce em cerca de 2 meses. Hortel\u00e3 e erva-cidreira crescem r\u00e1pido e podem ser colhidas em 30 a 45 dias.<\/p>\n\n\n\n<p><strong>4. Preciso secar as ervas para fazer ch\u00e1?<\/strong><br>N\u00e3o. Voc\u00ea pode usar folhas e flores frescas, mas secar permite armazenar por mais tempo.<\/p>\n\n\n\n<p><strong>5. Ervas calmantes ajudam mesmo a relaxar?<\/strong><br>Sim! Muitas t\u00eam compostos naturais que atuam no sistema nervoso, como o citral (na cidreira) e o linalol (na lavanda), promovendo relaxamento.<\/p>\n","protected":false},"excerpt":{"rendered":"<p>As ervas calmantes s\u00e3o aliadas poderosas para reduzir o estresse, melhorar o sono e promover bem-estar de forma natural. Cultivar essas plantas em casa \u00e9 simples, pr\u00e1tico e oferece benef\u00edcios tanto para o corpo quanto para a mente. Neste guia completo, voc\u00ea vai aprender como plantar, cuidar e colher ervas calmantes no seu quintal, varanda [&hellip;]<\/p>\n","protected":false},"author":9,"featured_media":39741,"comment_status":"open","ping_status":"open","sticky":false,"template":"","format":"standard","meta":{"jnews-multi-image_gallery":[],"jnews_single_post":{"format":"standard"},"jnews_primary_category":[],"jnews_social_meta":[],"jnews_override_counter":[],"footnotes":""},"categories":[29,1],"tags":[1927,7713,2502,7712],"class_list":["post-39735","post","type-post","status-publish","format-standard","has-post-thumbnail","hentry","category-entretenimento","category-noticias","tag-camomila","tag-horta-medicinal","tag-lavanda","tag-plantar-ervas-em-casa"],"yoast_head":"<!-- This site is optimized with the Yoast SEO plugin v23.8 - https:\/\/yoast.com\/wordpress\/plugins\/seo\/ -->\n<title>Cultive ervas calmantes em vasos e alivie o estresse naturalmente<\/title>\n<meta name=\"description\" content=\"Plante ervas calmantes em casa e tenha ch\u00e1s relaxantes sempre \u00e0 m\u00e3o com dicas simples para cuidar e colher.\" \/>\n<meta name=\"robots\" content=\"index, follow, max-snippet:-1, max-image-preview:large, max-video-preview:-1\" \/>\n<link rel=\"canonical\" href=\"https:\/\/www.em.com.br\/emfoco\/2025\/04\/20\/cultive-ervas-calmantes-em-vasos-e-alivie-o-estresse-naturalmente\/\" \/>\n<meta property=\"og:locale\" content=\"pt_BR\" \/>\n<meta property=\"og:type\" content=\"article\" \/>\n<meta property=\"og:title\" content=\"Cultive ervas calmantes em vasos e alivie o estresse naturalmente\" \/>\n<meta property=\"og:description\" content=\"Plante ervas calmantes em casa e tenha ch\u00e1s relaxantes sempre \u00e0 m\u00e3o com dicas simples para cuidar e colher.\" \/>\n<meta property=\"og:url\" content=\"https:\/\/www.em.com.br\/emfoco\/2025\/04\/20\/cultive-ervas-calmantes-em-vasos-e-alivie-o-estresse-naturalmente\/\" \/>\n<meta property=\"og:site_name\" content=\"Estado de Minas - Em foco\" \/>\n<meta property=\"article:published_time\" content=\"2025-04-20T20:20:00+00:00\" \/>\n<meta property=\"article:modified_time\" content=\"2025-04-19T02:26:30+00:00\" \/>\n<meta property=\"og:image\" content=\"https:\/\/www.em.com.br\/emfoco\/wp-content\/uploads\/2025\/04\/Manjericao-_1745018681168.jpg\" \/>\n\t<meta property=\"og:image:width\" content=\"1280\" \/>\n\t<meta property=\"og:image:height\" content=\"720\" \/>\n\t<meta property=\"og:image:type\" content=\"image\/jpeg\" \/>\n<meta name=\"author\" content=\"Daniely Cardoso\" \/>\n<meta name=\"twitter:card\" content=\"summary_large_image\" \/>\n<meta name=\"twitter:label1\" content=\"Escrito por\" \/>\n\t<meta name=\"twitter:data1\" content=\"Daniely Cardoso\" \/>\n\t<meta name=\"twitter:label2\" content=\"Est. tempo de leitura\" \/>\n\t<meta name=\"twitter:data2\" content=\"5 minutos\" \/>\n<!-- \/ Yoast SEO plugin. -->","yoast_head_json":{"title":"Cultive ervas calmantes em vasos e alivie o estresse naturalmente","description":"Plante ervas calmantes em casa e tenha ch\u00e1s relaxantes sempre \u00e0 m\u00e3o com dicas simples para cuidar e colher.","robots":{"index":"index","follow":"follow","max-snippet":"max-snippet:-1","max-image-preview":"max-image-preview:large","max-video-preview":"max-video-preview:-1"},"canonical":"https:\/\/www.em.com.br\/emfoco\/2025\/04\/20\/cultive-ervas-calmantes-em-vasos-e-alivie-o-estresse-naturalmente\/","og_locale":"pt_BR","og_type":"article","og_title":"Cultive ervas calmantes em vasos e alivie o estresse naturalmente","og_description":"Plante ervas calmantes em casa e tenha ch\u00e1s relaxantes sempre \u00e0 m\u00e3o com dicas simples para cuidar e colher.","og_url":"https:\/\/www.em.com.br\/emfoco\/2025\/04\/20\/cultive-ervas-calmantes-em-vasos-e-alivie-o-estresse-naturalmente\/","og_site_name":"Estado de Minas - Em foco","article_published_time":"2025-04-20T20:20:00+00:00","article_modified_time":"2025-04-19T02:26:30+00:00","og_image":[{"width":1280,"height":720,"url":"https:\/\/www.em.com.br\/emfoco\/wp-content\/uploads\/2025\/04\/Manjericao-_1745018681168.jpg","type":"image\/jpeg"}],"author":"Daniely Cardoso","twitter_card":"summary_large_image","twitter_misc":{"Escrito por":"Daniely Cardoso","Est. tempo de leitura":"5 minutos"},"schema":{"@context":"https:\/\/schema.org","@graph":[{"@type":"WebPage","@id":"https:\/\/www.em.com.br\/emfoco\/2025\/04\/20\/cultive-ervas-calmantes-em-vasos-e-alivie-o-estresse-naturalmente\/","url":"https:\/\/www.em.com.br\/emfoco\/2025\/04\/20\/cultive-ervas-calmantes-em-vasos-e-alivie-o-estresse-naturalmente\/","name":"Cultive ervas calmantes em vasos e alivie o estresse naturalmente","isPartOf":{"@id":"https:\/\/www.em.com.br\/emfoco\/#website"},"primaryImageOfPage":{"@id":"https:\/\/www.em.com.br\/emfoco\/2025\/04\/20\/cultive-ervas-calmantes-em-vasos-e-alivie-o-estresse-naturalmente\/#primaryimage"},"image":{"@id":"https:\/\/www.em.com.br\/emfoco\/2025\/04\/20\/cultive-ervas-calmantes-em-vasos-e-alivie-o-estresse-naturalmente\/#primaryimage"},"thumbnailUrl":"https:\/\/www.em.com.br\/emfoco\/wp-content\/uploads\/2025\/04\/Manjericao-_1745018681168.jpg","datePublished":"2025-04-20T20:20:00+00:00","dateModified":"2025-04-19T02:26:30+00:00","author":{"@id":"https:\/\/www.em.com.br\/emfoco\/#\/schema\/person\/0a8186d72f2c3a5c6276d90b41f271a0"},"description":"Plante ervas calmantes em casa e tenha ch\u00e1s relaxantes sempre \u00e0 m\u00e3o com dicas simples para cuidar e colher.","breadcrumb":{"@id":"https:\/\/www.em.com.br\/emfoco\/2025\/04\/20\/cultive-ervas-calmantes-em-vasos-e-alivie-o-estresse-naturalmente\/#breadcrumb"},"inLanguage":"pt-BR","potentialAction":[{"@type":"ReadAction","target":["https:\/\/www.em.com.br\/emfoco\/2025\/04\/20\/cultive-ervas-calmantes-em-vasos-e-alivie-o-estresse-naturalmente\/"]}]},{"@type":"ImageObject","inLanguage":"pt-BR","@id":"https:\/\/www.em.com.br\/emfoco\/2025\/04\/20\/cultive-ervas-calmantes-em-vasos-e-alivie-o-estresse-naturalmente\/#primaryimage","url":"https:\/\/www.em.com.br\/emfoco\/wp-content\/uploads\/2025\/04\/Manjericao-_1745018681168.jpg","contentUrl":"https:\/\/www.em.com.br\/emfoco\/wp-content\/uploads\/2025\/04\/Manjericao-_1745018681168.jpg","width":1280,"height":720,"caption":"Manjeric\u00e3o - Cr\u00e9ditos: depositphotos.com \/ serezniy"},{"@type":"BreadcrumbList","@id":"https:\/\/www.em.com.br\/emfoco\/2025\/04\/20\/cultive-ervas-calmantes-em-vasos-e-alivie-o-estresse-naturalmente\/#breadcrumb","itemListElement":[{"@type":"ListItem","position":1,"name":"In\u00edcio","item":"https:\/\/www.em.com.br\/emfoco\/"},{"@type":"ListItem","position":2,"name":"Cultive ervas calmantes em vasos e alivie o estresse naturalmente"}]},{"@type":"WebSite","@id":"https:\/\/www.em.com.br\/emfoco\/#website","url":"https:\/\/www.em.com.br\/emfoco\/","name":"Estado de Minas - Em foco","description":"Acompanhe as \u00faltimas not\u00edcias e fique bem informado sobre tudo o que acontece em Minas Gerais, Brasil e no mundo.","potentialAction":[{"@type":"SearchAction","target":{"@type":"EntryPoint","urlTemplate":"https:\/\/www.em.com.br\/emfoco\/?s={search_term_string}"},"query-input":{"@type":"PropertyValueSpecification","valueRequired":true,"valueName":"search_term_string"}}],"inLanguage":"pt-BR"},{"@type":"Person","@id":"https:\/\/www.em.com.br\/emfoco\/#\/schema\/person\/0a8186d72f2c3a5c6276d90b41f271a0","name":"Daniely Cardoso","image":{"@type":"ImageObject","inLanguage":"pt-BR","@id":"https:\/\/www.em.com.br\/emfoco\/#\/schema\/person\/image\/","url":"https:\/\/secure.gravatar.com\/avatar\/4b80ddbd124d1f071b626d52d62e5dff?s=96&d=mm&r=g","contentUrl":"https:\/\/secure.gravatar.com\/avatar\/4b80ddbd124d1f071b626d52d62e5dff?s=96&d=mm&r=g","caption":"Daniely Cardoso"},"url":"https:\/\/www.em.com.br\/emfoco\/author\/danielymyth\/"}]}},"_links":{"self":[{"href":"https:\/\/www.em.com.br\/emfoco\/wp-json\/wp\/v2\/posts\/39735","targetHints":{"allow":["GET"]}}],"collection":[{"href":"https:\/\/www.em.com.br\/emfoco\/wp-json\/wp\/v2\/posts"}],"about":[{"href":"https:\/\/www.em.com.br\/emfoco\/wp-json\/wp\/v2\/types\/post"}],"author":[{"embeddable":true,"href":"https:\/\/www.em.com.br\/emfoco\/wp-json\/wp\/v2\/users\/9"}],"replies":[{"embeddable":true,"href":"https:\/\/www.em.com.br\/emfoco\/wp-json\/wp\/v2\/comments?post=39735"}],"version-history":[{"count":2,"href":"https:\/\/www.em.com.br\/emfoco\/wp-json\/wp\/v2\/posts\/39735\/revisions"}],"predecessor-version":[{"id":39742,"href":"https:\/\/www.em.com.br\/emfoco\/wp-json\/wp\/v2\/posts\/39735\/revisions\/39742"}],"wp:featuredmedia":[{"embeddable":true,"href":"https:\/\/www.em.com.br\/emfoco\/wp-json\/wp\/v2\/media\/39741"}],"wp:attachment":[{"href":"https:\/\/www.em.com.br\/emfoco\/wp-json\/wp\/v2\/media?parent=39735"}],"wp:term":[{"taxonomy":"category","embeddable":true,"href":"https:\/\/www.em.com.br\/emfoco\/wp-json\/wp\/v2\/categories?post=39735"},{"taxonomy":"post_tag","embeddable":true,"href":"https:\/\/www.em.com.br\/emfoco\/wp-json\/wp\/v2\/tags?post=39735"}],"curies":[{"name":"wp","href":"https:\/\/api.w.org\/{rel}","templated":true}]}}