{"id":39702,"date":"2025-04-20T11:00:00","date_gmt":"2025-04-20T14:00:00","guid":{"rendered":"https:\/\/www.em.com.br\/emfoco\/?p=39702"},"modified":"2025-04-20T06:30:55","modified_gmt":"2025-04-20T09:30:55","slug":"cultive-hibisco-e-tenha-beleza-e-bem-estar-em-sua-casa","status":"publish","type":"post","link":"https:\/\/www.em.com.br\/emfoco\/2025\/04\/20\/cultive-hibisco-e-tenha-beleza-e-bem-estar-em-sua-casa\/","title":{"rendered":"Cultive hibisco e tenha beleza e bem-estar em sua casa"},"content":{"rendered":"\n<p>O <strong>hibisco<\/strong> \u00e9 uma planta ornamental de <a href=\"https:\/\/www.em.com.br\/emfoco\/2025\/04\/18\/10-flores-perfeitas-para-plantar-em-espacos-pequenos\/\" target=\"_blank\" rel=\"noreferrer noopener\">flores <\/a>exuberantes e cores vibrantes, amplamente cultivada em <strong>jardins tropicais<\/strong>. Al\u00e9m da sua beleza, o <strong>Hibiscus sabdariffa<\/strong> \u00e9 famoso por suas propriedades medicinais, sendo utilizado em ch\u00e1s que auxiliam na digest\u00e3o, ajudam a controlar a press\u00e3o arterial e ainda t\u00eam efeito diur\u00e9tico. Aprender como plantar hibisco \u00e9 ideal para quem deseja unir est\u00e9tica e sa\u00fade no pr\u00f3prio quintal.<\/p>\n\n\n\n<h2 class=\"wp-block-heading\">Qual \u00e9 a esp\u00e9cie de hibisco ideal para cultivo?<\/h2>\n\n\n\n<p>Existem muitas esp\u00e9cies de hibisco, mas as mais conhecidas s\u00e3o o <strong>Hibiscus rosa-sinensis<\/strong>, utilizado para fins ornamentais, e o <strong>Hibiscus sabdariffa<\/strong>, usado na prepara\u00e7\u00e3o de ch\u00e1s e com fins medicinais. Antes de plantar, defina qual ser\u00e1 seu objetivo: flores decorativas ou flores com propriedades terap\u00eauticas.<\/p>\n\n\n\n<p>Ambas as esp\u00e9cies podem ser cultivadas com facilidade em diversas regi\u00f5es do <strong>Brasil<\/strong>, mas \u00e9 essencial escolher mudas ou sementes de qualidade, adquiridas de fornecedores confi\u00e1veis ou viveiros especializados.<\/p>\n\n\n\n<h2 class=\"wp-block-heading\">Qual \u00e9 o clima e solo ideais para plantar hibisco?<\/h2>\n\n\n\n<p>O hibisco \u00e9 uma planta tropical que se adapta melhor em regi\u00f5es de <a href=\"https:\/\/www.todamateria.com.br\/tipos-de-clima\/#:~:text=Clima%20equatorial,-O%20clima%20equatorial&amp;text=%C3%89%20o%20clima%20mais%20quente,entre%20as%20esta%C3%A7%C3%B5es%20do%20ano.\" target=\"_blank\" rel=\"noreferrer noopener\">clima quente e \u00famido<\/a>. Prefere temperaturas entre 20\u202f\u00b0C e 30\u202f\u00b0C e n\u00e3o tolera geadas. No entanto, tamb\u00e9m pode se desenvolver em climas mais amenos, desde que protegido do frio intenso.<\/p>\n\n\n\n<p>Quanto ao solo, o hibisco precisa de um solo f\u00e9rtil, bem drenado e levemente \u00e1cido, com pH entre 5,5 e 6,5. Solos compactos ou mal drenados podem causar apodrecimento das ra\u00edzes. Enriquecer o solo com mat\u00e9ria org\u00e2nica \u00e9 fundamental para o bom desenvolvimento da planta.<\/p>\n\n\n\n<h2 class=\"wp-block-heading\">Como preparar o solo para o plantio de hibisco?<\/h2>\n\n\n\n<p>Escolha um local com boa exposi\u00e7\u00e3o solar \u2013 pelo menos<strong> 6 horas de luz direta por dia<\/strong>. Cave uma cova com cerca de 30 cm de profundidade e 30 cm de largura. Misture a terra retirada com 5 kg de esterco de curral bem curtido e, se poss\u00edvel, um pouco de h\u00famus de minhoca ou compostagem caseira.<\/p>\n\n\n\n<p>Caso opte pelo plantio em vaso, use um recipiente com no m\u00ednimo <strong>30 litros<\/strong> e fa\u00e7a uma camada de drenagem com argila expandida ou pedras no fundo. O substrato ideal \u00e9 leve e enriquecido com mat\u00e9ria org\u00e2nica.<\/p>\n\n\n<div class=\"wp-block-image\">\n<figure class=\"aligncenter size-large\"><img loading=\"lazy\" decoding=\"async\" width=\"1024\" height=\"576\" src=\"https:\/\/www.em.com.br\/emfoco\/wp-content\/uploads\/2025\/04\/Hibisco_1745015902417-1024x576.jpg\" alt=\"\" class=\"wp-image-39713\" srcset=\"https:\/\/www.em.com.br\/emfoco\/wp-content\/uploads\/2025\/04\/Hibisco_1745015902417-1024x576.jpg 1024w, https:\/\/www.em.com.br\/emfoco\/wp-content\/uploads\/2025\/04\/Hibisco_1745015902417-300x169.jpg 300w, https:\/\/www.em.com.br\/emfoco\/wp-content\/uploads\/2025\/04\/Hibisco_1745015902417-768x432.jpg 768w, https:\/\/www.em.com.br\/emfoco\/wp-content\/uploads\/2025\/04\/Hibisco_1745015902417-750x422.jpg 750w, https:\/\/www.em.com.br\/emfoco\/wp-content\/uploads\/2025\/04\/Hibisco_1745015902417-1140x642.jpg 1140w, https:\/\/www.em.com.br\/emfoco\/wp-content\/uploads\/2025\/04\/Hibisco_1745015902417.jpg 1279w\" sizes=\"auto, (max-width: 1024px) 100vw, 1024px\" \/><figcaption class=\"wp-element-caption\">Hibisco &#8211; Cr\u00e9ditos: depositphotos.com \/ jbouzou<\/figcaption><\/figure><\/div>\n\n\n<h2 class=\"wp-block-heading\">Como plantar hibisco por sementes ou mudas?<\/h2>\n\n\n\n<p>Para plantar por sementes, deixe-as de molho em \u00e1gua morna por 12 horas antes da semeadura para acelerar a germina\u00e7\u00e3o. Plante as sementes a cerca de 1 cm de profundidade e mantenha o solo \u00famido at\u00e9 a emerg\u00eancia, que ocorre entre 7 e 20 dias.<\/p>\n\n\n\n<p>Para plantar mudas, fa\u00e7a um buraco proporcional ao torr\u00e3o da planta e acomode-a com cuidado. Cubra com terra adubada e pressione levemente. Regue bem ap\u00f3s o plantio.<\/p>\n\n\n\n<p>O espa\u00e7amento ideal entre plantas, no jardim, \u00e9 de cerca de 1 metro para permitir boa circula\u00e7\u00e3o de ar e crescimento adequado.<\/p>\n\n\n\n<h2 class=\"wp-block-heading\">Como cuidar do hibisco ap\u00f3s o plantio?<\/h2>\n\n\n\n<p>O hibisco precisa de regas regulares, principalmente nos primeiros meses. Mantenha o solo sempre levemente \u00famido, mas evite encharcamento. Em regi\u00f5es muito quentes, as regas podem ser di\u00e1rias.<\/p>\n\n\n\n<p>Adube a cada 60 dias com NPK 10-10-10 ou com fertilizantes org\u00e2nicos, como torta de mamona e farinha de osso. Para intensificar a flora\u00e7\u00e3o, utilize adubos ricos em f\u00f3sforo (P).<\/p>\n\n\n\n<p>Realize podas leves para estimular brota\u00e7\u00f5es laterais e aumentar a quantidade de flores. A poda de manuten\u00e7\u00e3o tamb\u00e9m ajuda a manter a planta compacta e saud\u00e1vel.<\/p>\n\n\n\n<h2 class=\"wp-block-heading\">O hibisco precisa de poda? Quando e como fazer?<\/h2>\n\n\n\n<p>Sim! A poda \u00e9 essencial para manter a planta vigorosa, estimular a ramifica\u00e7\u00e3o e favorecer a flora\u00e7\u00e3o. O melhor per\u00edodo para podar o hibisco \u00e9 no fim do inverno ou in\u00edcio da primavera, antes do in\u00edcio da flora\u00e7\u00e3o.<\/p>\n\n\n\n<p>Utilize tesouras limpas e bem afiadas para cortar galhos secos, doentes ou muito longos. Em plantas mais velhas, a poda de renova\u00e7\u00e3o tamb\u00e9m pode ser feita para rejuvenescer o arbusto.<\/p>\n\n\n\n<h2 class=\"wp-block-heading\">Quais s\u00e3o as principais pragas e doen\u00e7as que afetam o hibisco?<\/h2>\n\n\n\n<p>As pragas mais comuns s\u00e3o pulg\u00f5es, cochonilhas, \u00e1caros e moscas-brancas. Esses insetos atacam folhas e bot\u00f5es florais, causando queda das flores e enfraquecimento da planta. Para combat\u00ea-los, utilize calda de fumo, \u00f3leo de neem ou sab\u00e3o inseticida.<\/p>\n\n\n\n<p>Quanto \u00e0s doen\u00e7as, o hibisco pode sofrer com fungos que causam manchas nas folhas, especialmente em ambientes muito \u00famidos. Mantenha espa\u00e7amento adequado entre plantas e evite molhar as folhas ao regar.<\/p>\n\n\n\n<h2 class=\"wp-block-heading\">Como e quando colher as flores do hibisco medicinal?<\/h2>\n\n\n\n<p>Se voc\u00ea plantou o <strong>Hibiscus sabdariffa<\/strong>, a colheita das flores pode ser feita cerca de 4 a 6 meses ap\u00f3s o plantio, quando os c\u00e1lices florais estiverem bem desenvolvidos e vermelhos. Eles devem ser colhidos manualmente e podem ser usados frescos ou secos.<\/p>\n\n\n\n<p>Para secar, espalhe os c\u00e1lices sobre uma bandeja em local arejado e sem luz direta por 5 a 7 dias. Depois, armazene em potes de vidro bem vedados e mantenha longe da umidade.<\/p>\n\n\n\n<h2 class=\"wp-block-heading\">\u00c9 poss\u00edvel cultivar hibisco em vasos?<\/h2>\n\n\n\n<p>Sim, o hibisco se adapta bem ao cultivo em vasos, desde que sejam grandes o suficiente e tenham boa drenagem. O ideal \u00e9 escolher vasos de no m\u00ednimo 30 a 40 litros. Use um substrato leve, arenoso e rico em mat\u00e9ria org\u00e2nica.<\/p>\n\n\n\n<p>Coloque o vaso em local ensolarado e mantenha uma rotina de regas e aduba\u00e7\u00f5es. Com os cuidados adequados, a planta pode florescer abundantemente mesmo em espa\u00e7os pequenos.<\/p>\n\n\n\n<h2 class=\"wp-block-heading\">FAQ <\/h2>\n\n\n\n<p><strong>1. O hibisco cresce r\u00e1pido?<\/strong><br>Sim, em boas condi\u00e7\u00f5es de luz, \u00e1gua e nutrientes, o hibisco tem crescimento r\u00e1pido e pode atingir at\u00e9 3 metros de altura em pouco tempo.<\/p>\n\n\n\n<p><strong>2. Posso usar o ch\u00e1 de qualquer tipo de hibisco?<\/strong><br>N\u00e3o. O ch\u00e1 medicinal \u00e9 feito a partir do <strong>Hibiscus sabdariffa<\/strong>, e n\u00e3o do hibisco ornamental. Verifique a esp\u00e9cie antes do consumo.<\/p>\n\n\n\n<p><strong>3. \u00c9 poss\u00edvel plantar hibisco por estaca?<\/strong><br>Sim! Basta cortar um galho saud\u00e1vel com cerca de 15 cm, retirar as folhas da base e plantar em substrato \u00famido. Em 30 dias as ra\u00edzes come\u00e7ar\u00e3o a se desenvolver.<\/p>\n\n\n\n<p><strong>4. Qual \u00e9 a melhor \u00e9poca para plantar hibisco?<\/strong><br>A primavera e o ver\u00e3o s\u00e3o as melhores esta\u00e7\u00f5es para plantar hibisco, pois o calor e a umidade favorecem o enraizamento e o crescimento.<\/p>\n\n\n\n<p><strong>5. O hibisco floresce o ano todo?<\/strong><br>Em regi\u00f5es quentes, sim. Em climas mais frios, a flora\u00e7\u00e3o ocorre principalmente entre a primavera e o ver\u00e3o.<\/p>\n","protected":false},"excerpt":{"rendered":"<p>O hibisco \u00e9 uma planta ornamental de flores exuberantes e cores vibrantes, amplamente cultivada em jardins tropicais. Al\u00e9m da sua beleza, o Hibiscus sabdariffa \u00e9 famoso por suas propriedades medicinais, sendo utilizado em ch\u00e1s que auxiliam na digest\u00e3o, ajudam a controlar a press\u00e3o arterial e ainda t\u00eam efeito diur\u00e9tico. Aprender como plantar hibisco \u00e9 ideal [&hellip;]<\/p>\n","protected":false},"author":9,"featured_media":39710,"comment_status":"open","ping_status":"open","sticky":false,"template":"","format":"standard","meta":{"jnews-multi-image_gallery":[],"jnews_single_post":{"format":"standard"},"jnews_primary_category":[],"jnews_social_meta":[],"jnews_override_counter":[],"footnotes":""},"categories":[29,1],"tags":[7701,7702,7472,7638],"class_list":["post-39702","post","type-post","status-publish","format-standard","has-post-thumbnail","hentry","category-entretenimento","category-noticias","tag-como-plantar","tag-cultivo-medicinal","tag-hibisco","tag-plantas-ornamentais"],"yoast_head":"<!-- This site is optimized with the Yoast SEO plugin v23.8 - https:\/\/yoast.com\/wordpress\/plugins\/seo\/ -->\n<title>Cultive hibisco e tenha beleza e bem-estar em sua casa<\/title>\n<meta name=\"description\" content=\"Como plantar hibisco e ter flores lindas no jardim ou vaso com dicas de cultivo, poda, rega e cuidados essenciais\" \/>\n<meta name=\"robots\" content=\"index, follow, max-snippet:-1, max-image-preview:large, max-video-preview:-1\" \/>\n<link rel=\"canonical\" href=\"https:\/\/www.em.com.br\/emfoco\/2025\/04\/20\/cultive-hibisco-e-tenha-beleza-e-bem-estar-em-sua-casa\/\" \/>\n<meta property=\"og:locale\" content=\"pt_BR\" \/>\n<meta property=\"og:type\" content=\"article\" \/>\n<meta property=\"og:title\" content=\"Cultive hibisco e tenha beleza e bem-estar em sua casa\" \/>\n<meta property=\"og:description\" content=\"Como plantar hibisco e ter flores lindas no jardim ou vaso com dicas de cultivo, poda, rega e cuidados essenciais\" \/>\n<meta property=\"og:url\" content=\"https:\/\/www.em.com.br\/emfoco\/2025\/04\/20\/cultive-hibisco-e-tenha-beleza-e-bem-estar-em-sua-casa\/\" \/>\n<meta property=\"og:site_name\" content=\"Estado de Minas - Em foco\" \/>\n<meta property=\"article:published_time\" content=\"2025-04-20T14:00:00+00:00\" \/>\n<meta property=\"article:modified_time\" content=\"2025-04-20T09:30:55+00:00\" \/>\n<meta property=\"og:image\" content=\"https:\/\/www.em.com.br\/emfoco\/wp-content\/uploads\/2025\/04\/Hibisco_1745015772342.jpg\" \/>\n\t<meta property=\"og:image:width\" content=\"1280\" \/>\n\t<meta property=\"og:image:height\" content=\"720\" \/>\n\t<meta property=\"og:image:type\" content=\"image\/jpeg\" \/>\n<meta name=\"author\" content=\"Daniely Cardoso\" \/>\n<meta name=\"twitter:card\" content=\"summary_large_image\" \/>\n<meta name=\"twitter:label1\" content=\"Escrito por\" \/>\n\t<meta name=\"twitter:data1\" content=\"Daniely Cardoso\" \/>\n\t<meta name=\"twitter:label2\" content=\"Est. tempo de leitura\" \/>\n\t<meta name=\"twitter:data2\" content=\"7 minutos\" \/>\n<!-- \/ Yoast SEO plugin. -->","yoast_head_json":{"title":"Cultive hibisco e tenha beleza e bem-estar em sua casa","description":"Como plantar hibisco e ter flores lindas no jardim ou vaso com dicas de cultivo, poda, rega e cuidados essenciais","robots":{"index":"index","follow":"follow","max-snippet":"max-snippet:-1","max-image-preview":"max-image-preview:large","max-video-preview":"max-video-preview:-1"},"canonical":"https:\/\/www.em.com.br\/emfoco\/2025\/04\/20\/cultive-hibisco-e-tenha-beleza-e-bem-estar-em-sua-casa\/","og_locale":"pt_BR","og_type":"article","og_title":"Cultive hibisco e tenha beleza e bem-estar em sua casa","og_description":"Como plantar hibisco e ter flores lindas no jardim ou vaso com dicas de cultivo, poda, rega e cuidados essenciais","og_url":"https:\/\/www.em.com.br\/emfoco\/2025\/04\/20\/cultive-hibisco-e-tenha-beleza-e-bem-estar-em-sua-casa\/","og_site_name":"Estado de Minas - Em foco","article_published_time":"2025-04-20T14:00:00+00:00","article_modified_time":"2025-04-20T09:30:55+00:00","og_image":[{"width":1280,"height":720,"url":"https:\/\/www.em.com.br\/emfoco\/wp-content\/uploads\/2025\/04\/Hibisco_1745015772342.jpg","type":"image\/jpeg"}],"author":"Daniely Cardoso","twitter_card":"summary_large_image","twitter_misc":{"Escrito por":"Daniely Cardoso","Est. tempo de leitura":"7 minutos"},"schema":{"@context":"https:\/\/schema.org","@graph":[{"@type":"WebPage","@id":"https:\/\/www.em.com.br\/emfoco\/2025\/04\/20\/cultive-hibisco-e-tenha-beleza-e-bem-estar-em-sua-casa\/","url":"https:\/\/www.em.com.br\/emfoco\/2025\/04\/20\/cultive-hibisco-e-tenha-beleza-e-bem-estar-em-sua-casa\/","name":"Cultive hibisco e tenha beleza e bem-estar em sua casa","isPartOf":{"@id":"https:\/\/www.em.com.br\/emfoco\/#website"},"primaryImageOfPage":{"@id":"https:\/\/www.em.com.br\/emfoco\/2025\/04\/20\/cultive-hibisco-e-tenha-beleza-e-bem-estar-em-sua-casa\/#primaryimage"},"image":{"@id":"https:\/\/www.em.com.br\/emfoco\/2025\/04\/20\/cultive-hibisco-e-tenha-beleza-e-bem-estar-em-sua-casa\/#primaryimage"},"thumbnailUrl":"https:\/\/www.em.com.br\/emfoco\/wp-content\/uploads\/2025\/04\/Hibisco_1745015772342.jpg","datePublished":"2025-04-20T14:00:00+00:00","dateModified":"2025-04-20T09:30:55+00:00","author":{"@id":"https:\/\/www.em.com.br\/emfoco\/#\/schema\/person\/0a8186d72f2c3a5c6276d90b41f271a0"},"description":"Como plantar hibisco e ter flores lindas no jardim ou vaso com dicas de cultivo, poda, rega e cuidados essenciais","breadcrumb":{"@id":"https:\/\/www.em.com.br\/emfoco\/2025\/04\/20\/cultive-hibisco-e-tenha-beleza-e-bem-estar-em-sua-casa\/#breadcrumb"},"inLanguage":"pt-BR","potentialAction":[{"@type":"ReadAction","target":["https:\/\/www.em.com.br\/emfoco\/2025\/04\/20\/cultive-hibisco-e-tenha-beleza-e-bem-estar-em-sua-casa\/"]}]},{"@type":"ImageObject","inLanguage":"pt-BR","@id":"https:\/\/www.em.com.br\/emfoco\/2025\/04\/20\/cultive-hibisco-e-tenha-beleza-e-bem-estar-em-sua-casa\/#primaryimage","url":"https:\/\/www.em.com.br\/emfoco\/wp-content\/uploads\/2025\/04\/Hibisco_1745015772342.jpg","contentUrl":"https:\/\/www.em.com.br\/emfoco\/wp-content\/uploads\/2025\/04\/Hibisco_1745015772342.jpg","width":1280,"height":720,"caption":"O consumo regular de hibisco pode ajudar a melhorar a sa\u00fade do cora\u00e7\u00e3o -Cr\u00e9ditos: depositphotos.com \/ CatSteel"},{"@type":"BreadcrumbList","@id":"https:\/\/www.em.com.br\/emfoco\/2025\/04\/20\/cultive-hibisco-e-tenha-beleza-e-bem-estar-em-sua-casa\/#breadcrumb","itemListElement":[{"@type":"ListItem","position":1,"name":"In\u00edcio","item":"https:\/\/www.em.com.br\/emfoco\/"},{"@type":"ListItem","position":2,"name":"Cultive hibisco e tenha beleza e bem-estar em sua casa"}]},{"@type":"WebSite","@id":"https:\/\/www.em.com.br\/emfoco\/#website","url":"https:\/\/www.em.com.br\/emfoco\/","name":"Estado de Minas - Em foco","description":"Acompanhe as \u00faltimas not\u00edcias e fique bem informado sobre tudo o que acontece em Minas Gerais, Brasil e no mundo.","potentialAction":[{"@type":"SearchAction","target":{"@type":"EntryPoint","urlTemplate":"https:\/\/www.em.com.br\/emfoco\/?s={search_term_string}"},"query-input":{"@type":"PropertyValueSpecification","valueRequired":true,"valueName":"search_term_string"}}],"inLanguage":"pt-BR"},{"@type":"Person","@id":"https:\/\/www.em.com.br\/emfoco\/#\/schema\/person\/0a8186d72f2c3a5c6276d90b41f271a0","name":"Daniely Cardoso","image":{"@type":"ImageObject","inLanguage":"pt-BR","@id":"https:\/\/www.em.com.br\/emfoco\/#\/schema\/person\/image\/","url":"https:\/\/secure.gravatar.com\/avatar\/4b80ddbd124d1f071b626d52d62e5dff?s=96&d=mm&r=g","contentUrl":"https:\/\/secure.gravatar.com\/avatar\/4b80ddbd124d1f071b626d52d62e5dff?s=96&d=mm&r=g","caption":"Daniely Cardoso"},"url":"https:\/\/www.em.com.br\/emfoco\/author\/danielymyth\/"}]}},"_links":{"self":[{"href":"https:\/\/www.em.com.br\/emfoco\/wp-json\/wp\/v2\/posts\/39702","targetHints":{"allow":["GET"]}}],"collection":[{"href":"https:\/\/www.em.com.br\/emfoco\/wp-json\/wp\/v2\/posts"}],"about":[{"href":"https:\/\/www.em.com.br\/emfoco\/wp-json\/wp\/v2\/types\/post"}],"author":[{"embeddable":true,"href":"https:\/\/www.em.com.br\/emfoco\/wp-json\/wp\/v2\/users\/9"}],"replies":[{"embeddable":true,"href":"https:\/\/www.em.com.br\/emfoco\/wp-json\/wp\/v2\/comments?post=39702"}],"version-history":[{"count":3,"href":"https:\/\/www.em.com.br\/emfoco\/wp-json\/wp\/v2\/posts\/39702\/revisions"}],"predecessor-version":[{"id":40002,"href":"https:\/\/www.em.com.br\/emfoco\/wp-json\/wp\/v2\/posts\/39702\/revisions\/40002"}],"wp:featuredmedia":[{"embeddable":true,"href":"https:\/\/www.em.com.br\/emfoco\/wp-json\/wp\/v2\/media\/39710"}],"wp:attachment":[{"href":"https:\/\/www.em.com.br\/emfoco\/wp-json\/wp\/v2\/media?parent=39702"}],"wp:term":[{"taxonomy":"category","embeddable":true,"href":"https:\/\/www.em.com.br\/emfoco\/wp-json\/wp\/v2\/categories?post=39702"},{"taxonomy":"post_tag","embeddable":true,"href":"https:\/\/www.em.com.br\/emfoco\/wp-json\/wp\/v2\/tags?post=39702"}],"curies":[{"name":"wp","href":"https:\/\/api.w.org\/{rel}","templated":true}]}}