{"id":39639,"date":"2025-04-19T10:40:30","date_gmt":"2025-04-19T13:40:30","guid":{"rendered":"https:\/\/www.em.com.br\/emfoco\/?p=39639"},"modified":"2025-04-18T15:56:03","modified_gmt":"2025-04-18T18:56:03","slug":"cuidados-essenciais-para-uma-pele-firme-e-radiante-depois-dos-40-anos","status":"publish","type":"post","link":"https:\/\/www.em.com.br\/emfoco\/2025\/04\/19\/cuidados-essenciais-para-uma-pele-firme-e-radiante-depois-dos-40-anos\/","title":{"rendered":"Cuidados essenciais para uma pele firme e radiante depois dos 40 anos"},"content":{"rendered":"\n<p>Ao atingir os 40 anos, a <a href=\"https:\/\/www.em.com.br\/emfoco\/2025\/04\/18\/como-combater-os-sinais-de-envelhecimento-com-cuidados-eficazes-para-a-pele\/\" target=\"_blank\" rel=\"noopener\">pele<\/a> humana passa por diversas mudan\u00e7as. A diminui\u00e7\u00e3o na produ\u00e7\u00e3o de col\u00e1geno e elastina resulta em uma pele menos firme e mais propensa ao surgimento de <strong>rugas e linhas de express\u00e3o<\/strong>. Esses fatores tornam necess\u00e1rio um cuidado mais atento e espec\u00edfico para manter a sa\u00fade e a apar\u00eancia da pele.<\/p>\n\n\n\n<p>Especialistas em dermatologia destacam que, al\u00e9m do rosto, \u00e1reas como <strong>pesco\u00e7o<\/strong>, <strong>colo<\/strong> e <strong>m\u00e3os<\/strong> tamb\u00e9m devem ser inclu\u00eddas na rotina de cuidados. Essas regi\u00f5es s\u00e3o igualmente afetadas pelo envelhecimento e merecem aten\u00e7\u00e3o especial para prevenir sinais de desgaste.<\/p>\n\n\n\n<h2 class=\"wp-block-heading\">Quais produtos s\u00e3o recomendados?<\/h2>\n\n\n\n<p>Para combater o <strong>ressecamento<\/strong> e melhorar a elasticidade, \u00e9 essencial utilizar produtos que contenham ingredientes como<a href=\"https:\/\/drauziovarella.uol.com.br\/dermatologia\/acido-hialuronico-saiba-para-que-serve-indicacoes-riscos-e-cuidados\/\" target=\"_blank\" rel=\"noopener\"> \u00e1cido hialur\u00f4nico<\/a> e <strong>ceramidas<\/strong>. Esses componentes ajudam a reter a umidade e a suavizar a <strong>pele<\/strong>. Al\u00e9m disso, o uso di\u00e1rio de protetor solar com alto fator de prote\u00e7\u00e3o \u00e9 crucial para prevenir danos causados pela exposi\u00e7\u00e3o ao sol.<\/p>\n\n\n\n<p>Produtos que cont\u00eam antioxidantes, como<strong> vitamina C<\/strong> e <strong>resveratrol<\/strong>, s\u00e3o ben\u00e9ficos para neutralizar os radicais livres, que aceleram o envelhecimento. A<strong> vitamina C<\/strong>, em particular, \u00e9 conhecida por sua capacidade de estimular a produ\u00e7\u00e3o de col\u00e1geno e melhorar a uniformidade do tom da pele.<\/p>\n\n\n\n<h2 class=\"wp-block-heading\">Como o estilo de vida afeta a sa\u00fade da pele?<\/h2>\n\n\n\n<p>Uma dieta equilibrada e a ingest\u00e3o adequada de \u00e1gua s\u00e3o fundamentais para a sa\u00fade da pele. Alimentos ricos em <strong>antioxidantes<\/strong>, como <strong>frutas<\/strong> e <strong>vegetais<\/strong>, ajudam a proteger a pele dos danos causados por fatores externos. Al\u00e9m disso, um sono de qualidade \u00e9 vital para a regenera\u00e7\u00e3o celular e a manuten\u00e7\u00e3o de uma pele saud\u00e1vel.<\/p>\n\n\n\n<p>Evitar banhos quentes e o uso de <strong>sabonetes<\/strong> agressivos \u00e9 importante para n\u00e3o comprometer a barreira de prote\u00e7\u00e3o natural da pele. Optar por produtos de limpeza suaves ajuda a manter a pele limpa sem causar ressecamento.<\/p>\n\n\n<div class=\"wp-block-image\">\n<figure class=\"aligncenter size-large\"><img loading=\"lazy\" decoding=\"async\" width=\"1024\" height=\"576\" src=\"https:\/\/www.em.com.br\/emfoco\/wp-content\/uploads\/2025\/02\/pele-na-menopausa_1740408772505-1024x576.jpg\" alt=\"Ditadura da beleza! Ser\u00e1 que os padr\u00f5es est\u00e3o chegando ao fim?\" class=\"wp-image-22351\" srcset=\"https:\/\/www.em.com.br\/emfoco\/wp-content\/uploads\/2025\/02\/pele-na-menopausa_1740408772505-1024x576.jpg 1024w, https:\/\/www.em.com.br\/emfoco\/wp-content\/uploads\/2025\/02\/pele-na-menopausa_1740408772505-300x169.jpg 300w, https:\/\/www.em.com.br\/emfoco\/wp-content\/uploads\/2025\/02\/pele-na-menopausa_1740408772505-768x432.jpg 768w, https:\/\/www.em.com.br\/emfoco\/wp-content\/uploads\/2025\/02\/pele-na-menopausa_1740408772505-750x422.jpg 750w, https:\/\/www.em.com.br\/emfoco\/wp-content\/uploads\/2025\/02\/pele-na-menopausa_1740408772505-1140x642.jpg 1140w, https:\/\/www.em.com.br\/emfoco\/wp-content\/uploads\/2025\/02\/pele-na-menopausa_1740408772505.jpg 1279w\" sizes=\"auto, (max-width: 1024px) 100vw, 1024px\" \/><figcaption class=\"wp-element-caption\">Cuidados com a pele  &#8211; Cr\u00e9ditos: depositphotos.com \/ Milkos<\/figcaption><\/figure><\/div>\n\n\n<h2 class=\"wp-block-heading\">Quais procedimentos est\u00e9ticos podem ser \u00fateis?<\/h2>\n\n\n\n<p>Procedimentos est\u00e9ticos podem complementar a rotina de cuidados di\u00e1rios, ajudando a melhorar a firmeza e a textura da pele. No entanto, \u00e9 importante consultar um dermatologista para escolher o tratamento mais adequado para cada tipo de pele.<\/p>\n\n\n\n<p>F\u00f3rmulas com <strong>retinol<\/strong> e <strong>pept\u00eddeos<\/strong> s\u00e3o eficazes na renova\u00e7\u00e3o celular e na melhoria da firmeza da pele. <strong>\u00c1cidos<\/strong> como o <strong>glic\u00f3lico<\/strong> e o l\u00e1tico s\u00e3o recomendados para uma esfolia\u00e7\u00e3o suave, que remove c\u00e9lulas mortas e melhora a absor\u00e7\u00e3o de outros produtos de cuidado.<\/p>\n\n\n\n<h2 class=\"wp-block-heading\">Manter a pele saud\u00e1vel aos 40 anos<\/h2>\n\n\n\n<p>Embora o envelhecimento da pele seja inevit\u00e1vel, \u00e9 poss\u00edvel retardar seus efeitos com uma rotina de cuidados adequada. A combina\u00e7\u00e3o de produtos espec\u00edficos, prote\u00e7\u00e3o solar, alimenta\u00e7\u00e3o saud\u00e1vel e orienta\u00e7\u00e3o profissional \u00e9 essencial para manter a pele madura em boas condi\u00e7\u00f5es. O equil\u00edbrio entre <strong>hidrata\u00e7\u00e3o<\/strong>, <strong>prote\u00e7\u00e3o<\/strong> e <strong>regenera\u00e7\u00e3o<\/strong> \u00e9 a chave para uma pele radiante e saud\u00e1vel aos 40 anos e al\u00e9m.<\/p>\n","protected":false},"excerpt":{"rendered":"<p>Ao atingir os 40 anos, a pele humana passa por diversas mudan\u00e7as. A diminui\u00e7\u00e3o na produ\u00e7\u00e3o de col\u00e1geno e elastina resulta em uma pele menos firme e mais propensa ao surgimento de rugas e linhas de express\u00e3o. Esses fatores tornam necess\u00e1rio um cuidado mais atento e espec\u00edfico para manter a sa\u00fade e a apar\u00eancia da [&hellip;]<\/p>\n","protected":false},"author":9,"featured_media":22352,"comment_status":"open","ping_status":"open","sticky":false,"template":"","format":"standard","meta":{"jnews-multi-image_gallery":[],"jnews_single_post":{"format":"standard"},"jnews_primary_category":[],"jnews_social_meta":[],"jnews_override_counter":[],"footnotes":""},"categories":[29,1],"tags":[2616,4939,627,7073],"class_list":["post-39639","post","type-post","status-publish","format-standard","has-post-thumbnail","hentry","category-entretenimento","category-noticias","tag-beleza","tag-cuidados-com-a-pele","tag-envelhecimento","tag-pele-madura"],"yoast_head":"<!-- This site is optimized with the Yoast SEO plugin v23.8 - https:\/\/yoast.com\/wordpress\/plugins\/seo\/ -->\n<title>Cuidados essenciais para uma pele firme e radiante depois dos 40 anos<\/title>\n<meta name=\"description\" content=\"Veja como manter a pele bonita e protegida aos 40 com h\u00e1bitos saud\u00e1veis e produtos indicados por dermatologistas\" \/>\n<meta name=\"robots\" content=\"index, follow, max-snippet:-1, max-image-preview:large, max-video-preview:-1\" \/>\n<link rel=\"canonical\" href=\"https:\/\/www.em.com.br\/emfoco\/2025\/04\/19\/cuidados-essenciais-para-uma-pele-firme-e-radiante-depois-dos-40-anos\/\" \/>\n<meta property=\"og:locale\" content=\"pt_BR\" \/>\n<meta property=\"og:type\" content=\"article\" \/>\n<meta property=\"og:title\" content=\"Cuidados essenciais para uma pele firme e radiante depois dos 40 anos\" \/>\n<meta property=\"og:description\" content=\"Veja como manter a pele bonita e protegida aos 40 com h\u00e1bitos saud\u00e1veis e produtos indicados por dermatologistas\" \/>\n<meta property=\"og:url\" content=\"https:\/\/www.em.com.br\/emfoco\/2025\/04\/19\/cuidados-essenciais-para-uma-pele-firme-e-radiante-depois-dos-40-anos\/\" \/>\n<meta property=\"og:site_name\" content=\"Estado de Minas - Em foco\" \/>\n<meta property=\"article:published_time\" content=\"2025-04-19T13:40:30+00:00\" \/>\n<meta property=\"article:modified_time\" content=\"2025-04-18T18:56:03+00:00\" \/>\n<meta property=\"og:image\" content=\"https:\/\/www.em.com.br\/emfoco\/wp-content\/uploads\/2025\/02\/pele-na-menopausa_1740409164908.jpg\" \/>\n\t<meta property=\"og:image:width\" content=\"1280\" \/>\n\t<meta property=\"og:image:height\" content=\"720\" \/>\n\t<meta property=\"og:image:type\" content=\"image\/jpeg\" \/>\n<meta name=\"author\" content=\"Daniely Cardoso\" \/>\n<meta name=\"twitter:card\" content=\"summary_large_image\" \/>\n<meta name=\"twitter:label1\" content=\"Escrito por\" \/>\n\t<meta name=\"twitter:data1\" content=\"Daniely Cardoso\" \/>\n\t<meta name=\"twitter:label2\" content=\"Est. tempo de leitura\" \/>\n\t<meta name=\"twitter:data2\" content=\"1 minuto\" \/>\n<!-- \/ Yoast SEO plugin. -->","yoast_head_json":{"title":"Cuidados essenciais para uma pele firme e radiante depois dos 40 anos","description":"Veja como manter a pele bonita e protegida aos 40 com h\u00e1bitos saud\u00e1veis e produtos indicados por dermatologistas","robots":{"index":"index","follow":"follow","max-snippet":"max-snippet:-1","max-image-preview":"max-image-preview:large","max-video-preview":"max-video-preview:-1"},"canonical":"https:\/\/www.em.com.br\/emfoco\/2025\/04\/19\/cuidados-essenciais-para-uma-pele-firme-e-radiante-depois-dos-40-anos\/","og_locale":"pt_BR","og_type":"article","og_title":"Cuidados essenciais para uma pele firme e radiante depois dos 40 anos","og_description":"Veja como manter a pele bonita e protegida aos 40 com h\u00e1bitos saud\u00e1veis e produtos indicados por dermatologistas","og_url":"https:\/\/www.em.com.br\/emfoco\/2025\/04\/19\/cuidados-essenciais-para-uma-pele-firme-e-radiante-depois-dos-40-anos\/","og_site_name":"Estado de Minas - Em foco","article_published_time":"2025-04-19T13:40:30+00:00","article_modified_time":"2025-04-18T18:56:03+00:00","og_image":[{"width":1280,"height":720,"url":"https:\/\/www.em.com.br\/emfoco\/wp-content\/uploads\/2025\/02\/pele-na-menopausa_1740409164908.jpg","type":"image\/jpeg"}],"author":"Daniely Cardoso","twitter_card":"summary_large_image","twitter_misc":{"Escrito por":"Daniely Cardoso","Est. tempo de leitura":"1 minuto"},"schema":{"@context":"https:\/\/schema.org","@graph":[{"@type":"WebPage","@id":"https:\/\/www.em.com.br\/emfoco\/2025\/04\/19\/cuidados-essenciais-para-uma-pele-firme-e-radiante-depois-dos-40-anos\/","url":"https:\/\/www.em.com.br\/emfoco\/2025\/04\/19\/cuidados-essenciais-para-uma-pele-firme-e-radiante-depois-dos-40-anos\/","name":"Cuidados essenciais para uma pele firme e radiante depois dos 40 anos","isPartOf":{"@id":"https:\/\/www.em.com.br\/emfoco\/#website"},"primaryImageOfPage":{"@id":"https:\/\/www.em.com.br\/emfoco\/2025\/04\/19\/cuidados-essenciais-para-uma-pele-firme-e-radiante-depois-dos-40-anos\/#primaryimage"},"image":{"@id":"https:\/\/www.em.com.br\/emfoco\/2025\/04\/19\/cuidados-essenciais-para-uma-pele-firme-e-radiante-depois-dos-40-anos\/#primaryimage"},"thumbnailUrl":"https:\/\/www.em.com.br\/emfoco\/wp-content\/uploads\/2025\/02\/pele-na-menopausa_1740409164908.jpg","datePublished":"2025-04-19T13:40:30+00:00","dateModified":"2025-04-18T18:56:03+00:00","author":{"@id":"https:\/\/www.em.com.br\/emfoco\/#\/schema\/person\/0a8186d72f2c3a5c6276d90b41f271a0"},"description":"Veja como manter a pele bonita e protegida aos 40 com h\u00e1bitos saud\u00e1veis e produtos indicados por dermatologistas","breadcrumb":{"@id":"https:\/\/www.em.com.br\/emfoco\/2025\/04\/19\/cuidados-essenciais-para-uma-pele-firme-e-radiante-depois-dos-40-anos\/#breadcrumb"},"inLanguage":"pt-BR","potentialAction":[{"@type":"ReadAction","target":["https:\/\/www.em.com.br\/emfoco\/2025\/04\/19\/cuidados-essenciais-para-uma-pele-firme-e-radiante-depois-dos-40-anos\/"]}]},{"@type":"ImageObject","inLanguage":"pt-BR","@id":"https:\/\/www.em.com.br\/emfoco\/2025\/04\/19\/cuidados-essenciais-para-uma-pele-firme-e-radiante-depois-dos-40-anos\/#primaryimage","url":"https:\/\/www.em.com.br\/emfoco\/wp-content\/uploads\/2025\/02\/pele-na-menopausa_1740409164908.jpg","contentUrl":"https:\/\/www.em.com.br\/emfoco\/wp-content\/uploads\/2025\/02\/pele-na-menopausa_1740409164908.jpg","width":1280,"height":720,"caption":"Cuidados com a pele - Cr\u00e9ditos: depositphotos.com \/ Milkos"},{"@type":"BreadcrumbList","@id":"https:\/\/www.em.com.br\/emfoco\/2025\/04\/19\/cuidados-essenciais-para-uma-pele-firme-e-radiante-depois-dos-40-anos\/#breadcrumb","itemListElement":[{"@type":"ListItem","position":1,"name":"In\u00edcio","item":"https:\/\/www.em.com.br\/emfoco\/"},{"@type":"ListItem","position":2,"name":"Cuidados essenciais para uma pele firme e radiante depois dos 40 anos"}]},{"@type":"WebSite","@id":"https:\/\/www.em.com.br\/emfoco\/#website","url":"https:\/\/www.em.com.br\/emfoco\/","name":"Estado de Minas - Em foco","description":"Acompanhe as \u00faltimas not\u00edcias e fique bem informado sobre tudo o que acontece em Minas Gerais, Brasil e no mundo.","potentialAction":[{"@type":"SearchAction","target":{"@type":"EntryPoint","urlTemplate":"https:\/\/www.em.com.br\/emfoco\/?s={search_term_string}"},"query-input":{"@type":"PropertyValueSpecification","valueRequired":true,"valueName":"search_term_string"}}],"inLanguage":"pt-BR"},{"@type":"Person","@id":"https:\/\/www.em.com.br\/emfoco\/#\/schema\/person\/0a8186d72f2c3a5c6276d90b41f271a0","name":"Daniely Cardoso","image":{"@type":"ImageObject","inLanguage":"pt-BR","@id":"https:\/\/www.em.com.br\/emfoco\/#\/schema\/person\/image\/","url":"https:\/\/secure.gravatar.com\/avatar\/4b80ddbd124d1f071b626d52d62e5dff?s=96&d=mm&r=g","contentUrl":"https:\/\/secure.gravatar.com\/avatar\/4b80ddbd124d1f071b626d52d62e5dff?s=96&d=mm&r=g","caption":"Daniely Cardoso"},"url":"https:\/\/www.em.com.br\/emfoco\/author\/danielymyth\/"}]}},"_links":{"self":[{"href":"https:\/\/www.em.com.br\/emfoco\/wp-json\/wp\/v2\/posts\/39639","targetHints":{"allow":["GET"]}}],"collection":[{"href":"https:\/\/www.em.com.br\/emfoco\/wp-json\/wp\/v2\/posts"}],"about":[{"href":"https:\/\/www.em.com.br\/emfoco\/wp-json\/wp\/v2\/types\/post"}],"author":[{"embeddable":true,"href":"https:\/\/www.em.com.br\/emfoco\/wp-json\/wp\/v2\/users\/9"}],"replies":[{"embeddable":true,"href":"https:\/\/www.em.com.br\/emfoco\/wp-json\/wp\/v2\/comments?post=39639"}],"version-history":[{"count":2,"href":"https:\/\/www.em.com.br\/emfoco\/wp-json\/wp\/v2\/posts\/39639\/revisions"}],"predecessor-version":[{"id":39645,"href":"https:\/\/www.em.com.br\/emfoco\/wp-json\/wp\/v2\/posts\/39639\/revisions\/39645"}],"wp:featuredmedia":[{"embeddable":true,"href":"https:\/\/www.em.com.br\/emfoco\/wp-json\/wp\/v2\/media\/22352"}],"wp:attachment":[{"href":"https:\/\/www.em.com.br\/emfoco\/wp-json\/wp\/v2\/media?parent=39639"}],"wp:term":[{"taxonomy":"category","embeddable":true,"href":"https:\/\/www.em.com.br\/emfoco\/wp-json\/wp\/v2\/categories?post=39639"},{"taxonomy":"post_tag","embeddable":true,"href":"https:\/\/www.em.com.br\/emfoco\/wp-json\/wp\/v2\/tags?post=39639"}],"curies":[{"name":"wp","href":"https:\/\/api.w.org\/{rel}","templated":true}]}}