{"id":39603,"date":"2025-04-19T15:00:18","date_gmt":"2025-04-19T18:00:18","guid":{"rendered":"https:\/\/www.em.com.br\/emfoco\/?p=39603"},"modified":"2025-04-18T16:02:11","modified_gmt":"2025-04-18T19:02:11","slug":"como-escolher-a-bolsa-perfeita-para-seu-estilo-inspirado-nas-famosas","status":"publish","type":"post","link":"https:\/\/www.em.com.br\/emfoco\/2025\/04\/19\/como-escolher-a-bolsa-perfeita-para-seu-estilo-inspirado-nas-famosas\/","title":{"rendered":"Como escolher a bolsa perfeita para seu estilo inspirado nas famosas"},"content":{"rendered":"\n<p>As bolsas s\u00e3o mais do que simples acess\u00f3rios funcionais; elas desempenham um papel crucial na constru\u00e7\u00e3o do estilo pessoal de muitas celebridades. Este item, escolhido com cuidado, pode refletir a est\u00e9tica desejada, capturar um momento espec\u00edfico da vida ou atualizar o<a href=\"https:\/\/www.em.com.br\/emfoco\/2025\/04\/14\/5-pecas-essenciais-para-um-guarda-roupa-que-viralizou-entre-as-famosas\/\" target=\"_blank\" rel=\"noopener\"> guarda-roupa<\/a> com refer\u00eancias modernas. As escolhas de bolsas feitas por figuras p\u00fablicas como <strong>Sasha Meneghel<\/strong>, <strong>Bella<\/strong> <strong>Hadid<\/strong> e <strong>Bruna<\/strong> <strong>Marquezine<\/strong> revelam muito sobre suas identidades e prefer\u00eancias.<\/p>\n\n\n\n<p>Ao observar as bolsas favoritas dessas celebridades, \u00e9 poss\u00edvel perceber como cada modelo escolhido contribui para a comunica\u00e7\u00e3o de imagem. Desde<strong> tote bags<\/strong> com <strong>design arquitet\u00f4nico<\/strong> at\u00e9 vers\u00f5es de ombro reinterpretadas, cada escolha diz algo sobre a personalidade e o gosto de quem a carrega. A quest\u00e3o que surge \u00e9: o que a bolsa favorita de uma pessoa diz sobre ela?<\/p>\n\n\n\n<h2 class=\"wp-block-heading\">Quais s\u00e3o as bolsas favoritas das celebridades?<\/h2>\n\n\n\n<p>Sasha Meneghel \u00e9 frequentemente vista com a bolsa <strong>Arcadie<\/strong> da <strong>Miu<\/strong> <strong>Miu<\/strong>, um modelo que combina estilo e funcionalidade. <strong>Bella<\/strong> <strong>Hadid<\/strong>, por sua vez, opta pela <strong>Scarlett Tote<\/strong> da <strong>Michael<\/strong> <strong>Kors<\/strong>, uma escolha que reflete sua est\u00e9tica pr\u00e1tica e urbana. <strong>Hailey<\/strong> <strong>Bieber<\/strong> prefere a<strong> Sac de Jour da Saint Laurent<\/strong>, que se destaca por seu design minimalista e constru\u00e7\u00e3o imponente.<\/p>\n\n\n\n<p><strong>Dua<\/strong> <strong>Lipa<\/strong>, conhecida por seu estilo \u00fanico, adota a <a href=\"https:\/\/www.chanel.com\/us\/fashion\/handbags\/chanel-25\/\" target=\"_blank\" rel=\"noopener\">Chanel 25 Handbag<\/a>, um modelo que mistura o cl\u00e1ssico com o contempor\u00e2neo. <strong>Lisa<\/strong>, da famosa banda <strong>de K-pop<\/strong>, escolhe a <strong>Louis Vuitton Biker Bag<\/strong>, que adiciona um toque ousado ao seu guarda-roupa. J\u00e1 <strong>Bruna Marquezine<\/strong> opta pela cl\u00e1ssica <strong>clutch Knot<\/strong> da<strong> Bottega Veneta<\/strong>, perfeita para eventos noturnos.<\/p>\n\n\n\n<h2 class=\"wp-block-heading\">Como as bolsas refletem a identidade das celebridades?<\/h2>\n\n\n\n<p>As escolhas de bolsas feitas por essas celebridades n\u00e3o s\u00e3o aleat\u00f3rias; elas refletem suas personalidades e estilos de vida. Sasha Meneghel, por exemplo, prefere modelos com um toque arquitet\u00f4nico, como a<strong> Puzzle Tote da Loewe<\/strong>, que complementa seu estilo minimalista. <strong>Marina Ruy Barbosa<\/strong>, por outro lado, escolhe a <strong>Tag Bowling da Versace<\/strong>, que combina com sua prefer\u00eancia por tons past\u00e9is e detalhes coloridos.<\/p>\n\n\n\n<p><strong>Camila Queiroz<\/strong> \u00e9 f\u00e3 da bolsa <strong>Cleo da Prada<\/strong>, um modelo que se destaca por seu formato curvo e acabamento escovado, refletindo sua prefer\u00eancia por eleg\u00e2ncia e sofistica\u00e7\u00e3o. <strong>Ayo Edebiri<\/strong>, atriz em ascens\u00e3o, escolhe o<strong> modelo baguette da Thom Browne<\/strong>, destacando sua afinidade com marcas de nicho e designs exclusivos.<\/p>\n\n\n<div class=\"wp-block-image\">\n<figure class=\"aligncenter size-large\"><img loading=\"lazy\" decoding=\"async\" width=\"1024\" height=\"576\" src=\"https:\/\/www.em.com.br\/emfoco\/wp-content\/uploads\/2025\/04\/bolsa-de-ombro_1744992792500-1024x576.jpg\" alt=\"Como escolher a bolsa perfeita para seu estilo inspirado nas famosas\" class=\"wp-image-39631\" srcset=\"https:\/\/www.em.com.br\/emfoco\/wp-content\/uploads\/2025\/04\/bolsa-de-ombro_1744992792500-1024x576.jpg 1024w, https:\/\/www.em.com.br\/emfoco\/wp-content\/uploads\/2025\/04\/bolsa-de-ombro_1744992792500-300x169.jpg 300w, https:\/\/www.em.com.br\/emfoco\/wp-content\/uploads\/2025\/04\/bolsa-de-ombro_1744992792500-768x432.jpg 768w, https:\/\/www.em.com.br\/emfoco\/wp-content\/uploads\/2025\/04\/bolsa-de-ombro_1744992792500-750x422.jpg 750w, https:\/\/www.em.com.br\/emfoco\/wp-content\/uploads\/2025\/04\/bolsa-de-ombro_1744992792500-1140x641.jpg 1140w, https:\/\/www.em.com.br\/emfoco\/wp-content\/uploads\/2025\/04\/bolsa-de-ombro_1744992792500.jpg 1280w\" sizes=\"auto, (max-width: 1024px) 100vw, 1024px\" \/><figcaption class=\"wp-element-caption\">Bolsas &#8211; Cr\u00e9ditos: depositphotos.com \/ photo-lime<\/figcaption><\/figure><\/div>\n\n\n<h2 class=\"wp-block-heading\">Por que as bolsas s\u00e3o t\u00e3o importantes no mundo da moda?<\/h2>\n\n\n\n<p>No mundo da moda, as bolsas s\u00e3o mais do que simples acess\u00f3rios; elas s\u00e3o <strong>s\u00edmbolos<\/strong> de status e estilo. Uma bolsa bem escolhida pode transformar um <strong>look<\/strong>, adicionando um toque de eleg\u00e2ncia ou modernidade. Al\u00e9m disso, as bolsas de grife s\u00e3o frequentemente vistas como investimentos, j\u00e1 que muitos modelos se valorizam com o tempo.<\/p>\n\n\n\n<p>Para as celebridades, as bolsas s\u00e3o uma extens\u00e3o de sua imagem p\u00fablica. Elas ajudam a contar uma hist\u00f3ria sobre quem s\u00e3o e o que representam. Seja atrav\u00e9s de um design cl\u00e1ssico ou de uma pe\u00e7a inovadora, as bolsas s\u00e3o uma forma poderosa de express\u00e3o pessoal no mundo da moda.<\/p>\n\n\n\n<h2 class=\"wp-block-heading\">O que o futuro reserva para as tend\u00eancias de bolsas?<\/h2>\n\n\n\n<p>\u00c0 medida que a moda evolui, as tend\u00eancias de bolsas tamb\u00e9m mudam. Atualmente, h\u00e1 um movimento em dire\u00e7\u00e3o a designs sustent\u00e1veis e <strong>materiais ecol\u00f3gicos<\/strong>, refletindo uma crescente preocupa\u00e7\u00e3o com o meio ambiente. As marcas est\u00e3o explorando novas formas e funcionalidades, buscando atender a um p\u00fablico cada vez mais exigente e consciente.<\/p>\n\n\n\n<p>Com a popularidade das redes sociais, as bolsas continuam a desempenhar um papel central na constru\u00e7\u00e3o de imagem das <strong>celebridades<\/strong>. Elas n\u00e3o apenas complementam o visual, mas tamb\u00e9m servem como uma plataforma para expressar valores e interesses pessoais. O futuro das bolsas na moda promete ser t\u00e3o din\u00e2mico e diversificado quanto as personalidades que as escolhem.<\/p>\n","protected":false},"excerpt":{"rendered":"<p>As bolsas s\u00e3o mais do que simples acess\u00f3rios funcionais; elas desempenham um papel crucial na constru\u00e7\u00e3o do estilo pessoal de muitas celebridades. Este item, escolhido com cuidado, pode refletir a est\u00e9tica desejada, capturar um momento espec\u00edfico da vida ou atualizar o guarda-roupa com refer\u00eancias modernas. As escolhas de bolsas feitas por figuras p\u00fablicas como Sasha [&hellip;]<\/p>\n","protected":false},"author":9,"featured_media":39630,"comment_status":"open","ping_status":"open","sticky":false,"template":"","format":"standard","meta":{"jnews-multi-image_gallery":[],"jnews_single_post":{"format":"standard"},"jnews_primary_category":[],"jnews_social_meta":[],"jnews_override_counter":[],"footnotes":""},"categories":[29,1],"tags":[5330,5459,313,5318],"class_list":["post-39603","post","type-post","status-publish","format-standard","has-post-thumbnail","hentry","category-entretenimento","category-noticias","tag-acessorios","tag-bolsas","tag-celebridades","tag-estilo"],"yoast_head":"<!-- This site is optimized with the Yoast SEO plugin v23.8 - https:\/\/yoast.com\/wordpress\/plugins\/seo\/ -->\n<title>Como escolher a bolsa perfeita para seu estilo inspirado nas famosas<\/title>\n<meta name=\"description\" content=\"Confira as bolsas favoritas das celebridades e descubra como elas refletem o estilo e a personalidade das famosas na moda atual.\" \/>\n<meta name=\"robots\" content=\"index, follow, max-snippet:-1, max-image-preview:large, max-video-preview:-1\" \/>\n<link rel=\"canonical\" href=\"https:\/\/www.em.com.br\/emfoco\/2025\/04\/19\/como-escolher-a-bolsa-perfeita-para-seu-estilo-inspirado-nas-famosas\/\" \/>\n<meta property=\"og:locale\" content=\"pt_BR\" \/>\n<meta property=\"og:type\" content=\"article\" \/>\n<meta property=\"og:title\" content=\"Como escolher a bolsa perfeita para seu estilo inspirado nas famosas\" \/>\n<meta property=\"og:description\" content=\"Confira as bolsas favoritas das celebridades e descubra como elas refletem o estilo e a personalidade das famosas na moda atual.\" \/>\n<meta property=\"og:url\" content=\"https:\/\/www.em.com.br\/emfoco\/2025\/04\/19\/como-escolher-a-bolsa-perfeita-para-seu-estilo-inspirado-nas-famosas\/\" \/>\n<meta property=\"og:site_name\" content=\"Estado de Minas - Em foco\" \/>\n<meta property=\"article:published_time\" content=\"2025-04-19T18:00:18+00:00\" \/>\n<meta property=\"article:modified_time\" content=\"2025-04-18T19:02:11+00:00\" \/>\n<meta property=\"og:image\" content=\"https:\/\/www.em.com.br\/emfoco\/wp-content\/uploads\/2025\/04\/bolsas_1744992710636.jpg\" \/>\n\t<meta property=\"og:image:width\" content=\"1279\" \/>\n\t<meta property=\"og:image:height\" content=\"720\" \/>\n\t<meta property=\"og:image:type\" content=\"image\/jpeg\" \/>\n<meta name=\"author\" content=\"Daniely Cardoso\" \/>\n<meta name=\"twitter:card\" content=\"summary_large_image\" \/>\n<meta name=\"twitter:label1\" content=\"Escrito por\" \/>\n\t<meta name=\"twitter:data1\" content=\"Daniely Cardoso\" \/>\n\t<meta name=\"twitter:label2\" content=\"Est. tempo de leitura\" \/>\n\t<meta name=\"twitter:data2\" content=\"4 minutos\" \/>\n<!-- \/ Yoast SEO plugin. -->","yoast_head_json":{"title":"Como escolher a bolsa perfeita para seu estilo inspirado nas famosas","description":"Confira as bolsas favoritas das celebridades e descubra como elas refletem o estilo e a personalidade das famosas na moda atual.","robots":{"index":"index","follow":"follow","max-snippet":"max-snippet:-1","max-image-preview":"max-image-preview:large","max-video-preview":"max-video-preview:-1"},"canonical":"https:\/\/www.em.com.br\/emfoco\/2025\/04\/19\/como-escolher-a-bolsa-perfeita-para-seu-estilo-inspirado-nas-famosas\/","og_locale":"pt_BR","og_type":"article","og_title":"Como escolher a bolsa perfeita para seu estilo inspirado nas famosas","og_description":"Confira as bolsas favoritas das celebridades e descubra como elas refletem o estilo e a personalidade das famosas na moda atual.","og_url":"https:\/\/www.em.com.br\/emfoco\/2025\/04\/19\/como-escolher-a-bolsa-perfeita-para-seu-estilo-inspirado-nas-famosas\/","og_site_name":"Estado de Minas - Em foco","article_published_time":"2025-04-19T18:00:18+00:00","article_modified_time":"2025-04-18T19:02:11+00:00","og_image":[{"width":1279,"height":720,"url":"https:\/\/www.em.com.br\/emfoco\/wp-content\/uploads\/2025\/04\/bolsas_1744992710636.jpg","type":"image\/jpeg"}],"author":"Daniely Cardoso","twitter_card":"summary_large_image","twitter_misc":{"Escrito por":"Daniely Cardoso","Est. tempo de leitura":"4 minutos"},"schema":{"@context":"https:\/\/schema.org","@graph":[{"@type":"WebPage","@id":"https:\/\/www.em.com.br\/emfoco\/2025\/04\/19\/como-escolher-a-bolsa-perfeita-para-seu-estilo-inspirado-nas-famosas\/","url":"https:\/\/www.em.com.br\/emfoco\/2025\/04\/19\/como-escolher-a-bolsa-perfeita-para-seu-estilo-inspirado-nas-famosas\/","name":"Como escolher a bolsa perfeita para seu estilo inspirado nas famosas","isPartOf":{"@id":"https:\/\/www.em.com.br\/emfoco\/#website"},"primaryImageOfPage":{"@id":"https:\/\/www.em.com.br\/emfoco\/2025\/04\/19\/como-escolher-a-bolsa-perfeita-para-seu-estilo-inspirado-nas-famosas\/#primaryimage"},"image":{"@id":"https:\/\/www.em.com.br\/emfoco\/2025\/04\/19\/como-escolher-a-bolsa-perfeita-para-seu-estilo-inspirado-nas-famosas\/#primaryimage"},"thumbnailUrl":"https:\/\/www.em.com.br\/emfoco\/wp-content\/uploads\/2025\/04\/bolsas_1744992710636.jpg","datePublished":"2025-04-19T18:00:18+00:00","dateModified":"2025-04-18T19:02:11+00:00","author":{"@id":"https:\/\/www.em.com.br\/emfoco\/#\/schema\/person\/0a8186d72f2c3a5c6276d90b41f271a0"},"description":"Confira as bolsas favoritas das celebridades e descubra como elas refletem o estilo e a personalidade das famosas na moda atual.","breadcrumb":{"@id":"https:\/\/www.em.com.br\/emfoco\/2025\/04\/19\/como-escolher-a-bolsa-perfeita-para-seu-estilo-inspirado-nas-famosas\/#breadcrumb"},"inLanguage":"pt-BR","potentialAction":[{"@type":"ReadAction","target":["https:\/\/www.em.com.br\/emfoco\/2025\/04\/19\/como-escolher-a-bolsa-perfeita-para-seu-estilo-inspirado-nas-famosas\/"]}]},{"@type":"ImageObject","inLanguage":"pt-BR","@id":"https:\/\/www.em.com.br\/emfoco\/2025\/04\/19\/como-escolher-a-bolsa-perfeita-para-seu-estilo-inspirado-nas-famosas\/#primaryimage","url":"https:\/\/www.em.com.br\/emfoco\/wp-content\/uploads\/2025\/04\/bolsas_1744992710636.jpg","contentUrl":"https:\/\/www.em.com.br\/emfoco\/wp-content\/uploads\/2025\/04\/bolsas_1744992710636.jpg","width":1279,"height":720,"caption":"Bolsas - Cr\u00e9ditos: depositphotos.com \/ serge.gorenko"},{"@type":"BreadcrumbList","@id":"https:\/\/www.em.com.br\/emfoco\/2025\/04\/19\/como-escolher-a-bolsa-perfeita-para-seu-estilo-inspirado-nas-famosas\/#breadcrumb","itemListElement":[{"@type":"ListItem","position":1,"name":"In\u00edcio","item":"https:\/\/www.em.com.br\/emfoco\/"},{"@type":"ListItem","position":2,"name":"Como escolher a bolsa perfeita para seu estilo inspirado nas famosas"}]},{"@type":"WebSite","@id":"https:\/\/www.em.com.br\/emfoco\/#website","url":"https:\/\/www.em.com.br\/emfoco\/","name":"Estado de Minas - Em foco","description":"Acompanhe as \u00faltimas not\u00edcias e fique bem informado sobre tudo o que acontece em Minas Gerais, Brasil e no mundo.","potentialAction":[{"@type":"SearchAction","target":{"@type":"EntryPoint","urlTemplate":"https:\/\/www.em.com.br\/emfoco\/?s={search_term_string}"},"query-input":{"@type":"PropertyValueSpecification","valueRequired":true,"valueName":"search_term_string"}}],"inLanguage":"pt-BR"},{"@type":"Person","@id":"https:\/\/www.em.com.br\/emfoco\/#\/schema\/person\/0a8186d72f2c3a5c6276d90b41f271a0","name":"Daniely Cardoso","image":{"@type":"ImageObject","inLanguage":"pt-BR","@id":"https:\/\/www.em.com.br\/emfoco\/#\/schema\/person\/image\/","url":"https:\/\/secure.gravatar.com\/avatar\/4b80ddbd124d1f071b626d52d62e5dff?s=96&d=mm&r=g","contentUrl":"https:\/\/secure.gravatar.com\/avatar\/4b80ddbd124d1f071b626d52d62e5dff?s=96&d=mm&r=g","caption":"Daniely Cardoso"},"url":"https:\/\/www.em.com.br\/emfoco\/author\/danielymyth\/"}]}},"_links":{"self":[{"href":"https:\/\/www.em.com.br\/emfoco\/wp-json\/wp\/v2\/posts\/39603","targetHints":{"allow":["GET"]}}],"collection":[{"href":"https:\/\/www.em.com.br\/emfoco\/wp-json\/wp\/v2\/posts"}],"about":[{"href":"https:\/\/www.em.com.br\/emfoco\/wp-json\/wp\/v2\/types\/post"}],"author":[{"embeddable":true,"href":"https:\/\/www.em.com.br\/emfoco\/wp-json\/wp\/v2\/users\/9"}],"replies":[{"embeddable":true,"href":"https:\/\/www.em.com.br\/emfoco\/wp-json\/wp\/v2\/comments?post=39603"}],"version-history":[{"count":3,"href":"https:\/\/www.em.com.br\/emfoco\/wp-json\/wp\/v2\/posts\/39603\/revisions"}],"predecessor-version":[{"id":39633,"href":"https:\/\/www.em.com.br\/emfoco\/wp-json\/wp\/v2\/posts\/39603\/revisions\/39633"}],"wp:featuredmedia":[{"embeddable":true,"href":"https:\/\/www.em.com.br\/emfoco\/wp-json\/wp\/v2\/media\/39630"}],"wp:attachment":[{"href":"https:\/\/www.em.com.br\/emfoco\/wp-json\/wp\/v2\/media?parent=39603"}],"wp:term":[{"taxonomy":"category","embeddable":true,"href":"https:\/\/www.em.com.br\/emfoco\/wp-json\/wp\/v2\/categories?post=39603"},{"taxonomy":"post_tag","embeddable":true,"href":"https:\/\/www.em.com.br\/emfoco\/wp-json\/wp\/v2\/tags?post=39603"}],"curies":[{"name":"wp","href":"https:\/\/api.w.org\/{rel}","templated":true}]}}