{"id":3955,"date":"2024-12-15T12:20:00","date_gmt":"2024-12-15T15:20:00","guid":{"rendered":"https:\/\/www.em.com.br\/emfoco\/?p=3955"},"modified":"2024-12-09T20:18:15","modified_gmt":"2024-12-09T23:18:15","slug":"descubra-o-equilibrio-perfeito-entre-cultura-e-modernidade-no-sul-de-minas","status":"publish","type":"post","link":"https:\/\/www.em.com.br\/emfoco\/2024\/12\/15\/descubra-o-equilibrio-perfeito-entre-cultura-e-modernidade-no-sul-de-minas\/","title":{"rendered":"Descubra o Equil\u00edbrio Perfeito Entre Cultura e Modernidade no Sul de Minas!"},"content":{"rendered":"\n<p>Po\u00e7os de Caldas, uma encantadora cidade localizada no sul de <strong><a href=\"https:\/\/www.em.com.br\/emfoco\/2024\/12\/12\/por-que-minas-gerais-e-o-melhor-destino-do-brasil-descubra-aqui\/\" target=\"_blank\" rel=\"noreferrer noopener\">Minas Gerais<\/a><\/strong>, \u00e9 um destino que combina tradi\u00e7\u00e3o e modernidade. Com aproximadamente 166 mil habitantes, a cidade est\u00e1 situada aos p\u00e9s da Serra de S\u00e3o Domingos e \u00e9 conhecida por suas pra\u00e7as e parques arborizados, ideais para passeios tranquilos em fam\u00edlia ou momentos rom\u00e2nticos.<\/p>\n\n\n\n<p>A cidade \u00e9 famosa por suas \u00e1guas termais e minerais, que atraem turistas em busca de relaxamento e bem-estar. Al\u00e9m disso, sua rica hist\u00f3ria e arquitetura chamam a aten\u00e7\u00e3o de visitantes que querem explorar os tra\u00e7os culturais e naturais que a cidade oferece. Ao longo deste artigo, ser\u00e3o apresentados alguns dos principais pontos tur\u00edsticos de Po\u00e7os de Caldas.<\/p>\n\n\n\n<h2 class=\"wp-block-heading\">Quais s\u00e3o os principais atrativos de Po\u00e7os de Caldas?<\/h2>\n\n\n\n<p>Uma das maiores atra\u00e7\u00f5es de Po\u00e7os de Caldas \u00e9 a Serra de S\u00e3o Domingos, onde se encontra o famoso Cristo Redentor, respons\u00e1vel por oferecer uma vista panor\u00e2mica impressionante da cidade. O acesso pode ser feito a p\u00e9, de bicicleta, de carro ou atrav\u00e9s de um telef\u00e9rico, tornando o passeio acess\u00edvel a diferentes perfis de visitantes.<\/p>\n\n\n\n<p>Outro destaque \u00e9 o Palace Cassino, uma constru\u00e7\u00e3o hist\u00f3rica que testemunhou a era \u00e1urea dos cassinos na regi\u00e3o. Atualmente, o edif\u00edcio abriga hot\u00e9is que proporcionam luxo e conforto, preservando o glamour dos tempos passados. As Thermas Ant\u00f4nio Carlos s\u00e3o tamb\u00e9m um ponto tur\u00edstico popular, onde visitantes podem desfrutar de banhos termais e tratamentos de beleza.<\/p>\n\n\n\n<figure class=\"wp-block-image size-full\"><img loading=\"lazy\" decoding=\"async\" width=\"960\" height=\"541\" src=\"https:\/\/www.em.com.br\/emfoco\/wp-content\/uploads\/2024\/11\/image-57-e1732798684912.png\" alt=\"Por Que Po\u00e7os de Caldas \u00c9 o Destino Ideal para Bem-Estar?\" class=\"wp-image-1886\" srcset=\"https:\/\/www.em.com.br\/emfoco\/wp-content\/uploads\/2024\/11\/image-57-e1732798684912.png 960w, https:\/\/www.em.com.br\/emfoco\/wp-content\/uploads\/2024\/11\/image-57-e1732798684912-300x169.png 300w, https:\/\/www.em.com.br\/emfoco\/wp-content\/uploads\/2024\/11\/image-57-e1732798684912-768x433.png 768w, https:\/\/www.em.com.br\/emfoco\/wp-content\/uploads\/2024\/11\/image-57-e1732798684912-750x423.png 750w\" sizes=\"auto, (max-width: 960px) 100vw, 960px\" \/><figcaption class=\"wp-element-caption\">Cachoeira V\u00e9u das Noivas &#8211; Po\u00e7os de Caldas &#8211; Cr\u00e9ditos: Wikimedia Commons<\/figcaption><\/figure>\n\n\n\n<h2 class=\"wp-block-heading\">Quais op\u00e7\u00f5es de atividades ao ar livre a cidade oferece?<\/h2>\n\n\n\n<p>Para os amantes da natureza, <strong><a href=\"https:\/\/pocosdecaldas.mg.gov.br\/\" target=\"_blank\" rel=\"noreferrer noopener\">Po\u00e7os de Caldas<\/a><\/strong> \u00e9 um prato cheio. A cidade conta com v\u00e1rias trilhas, como as que levam \u00e0 Pedra Bal\u00e3o e \u00e0 Rampa de Voo Livre, onde \u00e9 poss\u00edvel praticar parapente e contemplar o mar de montanhas ao redor. A Fonte dos Amores, com sua est\u00e1tua de Giulio Starace, \u00e9 outro ponto que atrai turistas interessados em hist\u00f3ria e romance.<\/p>\n\n\n\n<p>O Recanto Japon\u00eas \u00e9 um parque que reflete a cultura japonesa atrav\u00e9s de sua arquitetura e paisagismo, oferecendo momentos de tranquilidade e contempla\u00e7\u00e3o. J\u00e1 a cachoeira V\u00e9u das Noivas, a poucos quil\u00f4metros do centro, encanta os visitantes com suas quedas d\u2019\u00e1gua e trilhas acess\u00edveis.<\/p>\n\n\n\n<h2 class=\"wp-block-heading\">Como se deslocar em Po\u00e7os de Caldas?<\/h2>\n\n\n\n<p>A cidade oferece v\u00e1rias op\u00e7\u00f5es de transporte, incluindo aplicativos como Uber e 99, al\u00e9m de t\u00e1xis. No entanto, muitos turistas optam por chegar \u00e0 cidade de carro, aproveitando a flexibilidade que isso proporciona para explorar as atra\u00e7\u00f5es locais. Para aqueles que preferem um meio de transporte mais tradicional, charretes tamb\u00e9m oferecem passeios agrad\u00e1veis a pontos tur\u00edsticos pr\u00f3ximos do centro.<\/p>\n\n\n\n<h2 class=\"wp-block-heading\">Quando visitar Po\u00e7os de Caldas?<\/h2>\n\n\n\n<p>As condi\u00e7\u00f5es clim\u00e1ticas em Po\u00e7os de Caldas variam ao longo do ano, permitindo diferentes tipos de experi\u00eancias tur\u00edsticas. Durante o inverno, as temperaturas mais baixas tornam as \u00e1guas termais ainda mais convidativas. No ver\u00e3o, o clima ameno \u00e9 perfeito para explorar trilhas e outras atividades ao ar livre sem se preocupar com o calor excessivo.<\/p>\n\n\n\n<p>A cidade se destaca pela diversifica\u00e7\u00e3o de seus atrativos, tornando-se um destino ideal para todos os tipos de viajante. Se o planejamento for para um fim de semana ou at\u00e9 uma semana completa, Po\u00e7os de Caldas certamente n\u00e3o ir\u00e1 decepcionar em termos de lazer e cultura.<\/p>\n","protected":false},"excerpt":{"rendered":"<p>Po\u00e7os de Caldas, uma encantadora cidade localizada no sul de Minas Gerais, \u00e9 um destino que combina tradi\u00e7\u00e3o e modernidade. Com aproximadamente 166 mil habitantes, a cidade est\u00e1 situada aos p\u00e9s da Serra de S\u00e3o Domingos e \u00e9 conhecida por suas pra\u00e7as e parques arborizados, ideais para passeios tranquilos em fam\u00edlia ou momentos rom\u00e2nticos. A [&hellip;]<\/p>\n","protected":false},"author":5,"featured_media":1741,"comment_status":"open","ping_status":"open","sticky":false,"template":"","format":"standard","meta":{"jnews-multi-image_gallery":[],"jnews_single_post":{"format":"standard"},"jnews_primary_category":[],"jnews_social_meta":[],"jnews_override_counter":[],"footnotes":""},"categories":[26,1],"tags":[207,1061,157],"class_list":["post-3955","post","type-post","status-publish","format-standard","has-post-thumbnail","hentry","category-cidades","category-noticias","tag-minas-gerais","tag-pocos-de-caldas","tag-turismo"],"yoast_head":"<!-- This site is optimized with the Yoast SEO plugin v23.8 - https:\/\/yoast.com\/wordpress\/plugins\/seo\/ -->\n<title>Descubra o Equil\u00edbrio Perfeito Entre Cultura e Modernidade no Sul de Minas! - Estado de Minas - Em foco<\/title>\n<meta name=\"description\" content=\"Explore montanhas, \u00e1guas termais e cultura em um destino mineiro inesquec\u00edvel, perfeito para relaxar e viver novas experi\u00eancias.\" \/>\n<meta name=\"robots\" content=\"index, follow, max-snippet:-1, max-image-preview:large, max-video-preview:-1\" \/>\n<link rel=\"canonical\" href=\"https:\/\/www.em.com.br\/emfoco\/2024\/12\/15\/descubra-o-equilibrio-perfeito-entre-cultura-e-modernidade-no-sul-de-minas\/\" \/>\n<meta property=\"og:locale\" content=\"pt_BR\" \/>\n<meta property=\"og:type\" content=\"article\" \/>\n<meta property=\"og:title\" content=\"Descubra o Equil\u00edbrio Perfeito Entre Cultura e Modernidade no Sul de Minas! - Estado de Minas - Em foco\" \/>\n<meta property=\"og:description\" content=\"Explore montanhas, \u00e1guas termais e cultura em um destino mineiro inesquec\u00edvel, perfeito para relaxar e viver novas experi\u00eancias.\" \/>\n<meta property=\"og:url\" content=\"https:\/\/www.em.com.br\/emfoco\/2024\/12\/15\/descubra-o-equilibrio-perfeito-entre-cultura-e-modernidade-no-sul-de-minas\/\" \/>\n<meta property=\"og:site_name\" content=\"Estado de Minas - Em foco\" \/>\n<meta property=\"article:published_time\" content=\"2024-12-15T15:20:00+00:00\" \/>\n<meta property=\"article:modified_time\" content=\"2024-12-09T23:18:15+00:00\" \/>\n<meta property=\"og:image\" content=\"https:\/\/www.em.com.br\/emfoco\/wp-content\/uploads\/2024\/11\/image-36-e1732721381736.png\" \/>\n\t<meta property=\"og:image:width\" content=\"800\" \/>\n\t<meta property=\"og:image:height\" content=\"451\" \/>\n\t<meta property=\"og:image:type\" content=\"image\/png\" \/>\n<meta name=\"author\" content=\"N\u00fabia Rangel\" \/>\n<meta name=\"twitter:card\" content=\"summary_large_image\" \/>\n<meta name=\"twitter:label1\" content=\"Escrito por\" \/>\n\t<meta name=\"twitter:data1\" content=\"N\u00fabia Rangel\" \/>\n\t<meta name=\"twitter:label2\" content=\"Est. tempo de leitura\" \/>\n\t<meta name=\"twitter:data2\" content=\"4 minutos\" \/>\n<!-- \/ Yoast SEO plugin. -->","yoast_head_json":{"title":"Descubra o Equil\u00edbrio Perfeito Entre Cultura e Modernidade no Sul de Minas! - Estado de Minas - Em foco","description":"Explore montanhas, \u00e1guas termais e cultura em um destino mineiro inesquec\u00edvel, perfeito para relaxar e viver novas experi\u00eancias.","robots":{"index":"index","follow":"follow","max-snippet":"max-snippet:-1","max-image-preview":"max-image-preview:large","max-video-preview":"max-video-preview:-1"},"canonical":"https:\/\/www.em.com.br\/emfoco\/2024\/12\/15\/descubra-o-equilibrio-perfeito-entre-cultura-e-modernidade-no-sul-de-minas\/","og_locale":"pt_BR","og_type":"article","og_title":"Descubra o Equil\u00edbrio Perfeito Entre Cultura e Modernidade no Sul de Minas! - Estado de Minas - Em foco","og_description":"Explore montanhas, \u00e1guas termais e cultura em um destino mineiro inesquec\u00edvel, perfeito para relaxar e viver novas experi\u00eancias.","og_url":"https:\/\/www.em.com.br\/emfoco\/2024\/12\/15\/descubra-o-equilibrio-perfeito-entre-cultura-e-modernidade-no-sul-de-minas\/","og_site_name":"Estado de Minas - Em foco","article_published_time":"2024-12-15T15:20:00+00:00","article_modified_time":"2024-12-09T23:18:15+00:00","og_image":[{"width":800,"height":451,"url":"https:\/\/www.em.com.br\/emfoco\/wp-content\/uploads\/2024\/11\/image-36-e1732721381736.png","type":"image\/png"}],"author":"N\u00fabia Rangel","twitter_card":"summary_large_image","twitter_misc":{"Escrito por":"N\u00fabia Rangel","Est. tempo de leitura":"4 minutos"},"schema":{"@context":"https:\/\/schema.org","@graph":[{"@type":"WebPage","@id":"https:\/\/www.em.com.br\/emfoco\/2024\/12\/15\/descubra-o-equilibrio-perfeito-entre-cultura-e-modernidade-no-sul-de-minas\/","url":"https:\/\/www.em.com.br\/emfoco\/2024\/12\/15\/descubra-o-equilibrio-perfeito-entre-cultura-e-modernidade-no-sul-de-minas\/","name":"Descubra o Equil\u00edbrio Perfeito Entre Cultura e Modernidade no Sul de Minas! - Estado de Minas - Em foco","isPartOf":{"@id":"https:\/\/www.em.com.br\/emfoco\/#website"},"primaryImageOfPage":{"@id":"https:\/\/www.em.com.br\/emfoco\/2024\/12\/15\/descubra-o-equilibrio-perfeito-entre-cultura-e-modernidade-no-sul-de-minas\/#primaryimage"},"image":{"@id":"https:\/\/www.em.com.br\/emfoco\/2024\/12\/15\/descubra-o-equilibrio-perfeito-entre-cultura-e-modernidade-no-sul-de-minas\/#primaryimage"},"thumbnailUrl":"https:\/\/www.em.com.br\/emfoco\/wp-content\/uploads\/2024\/11\/image-36-e1732721381736.png","datePublished":"2024-12-15T15:20:00+00:00","dateModified":"2024-12-09T23:18:15+00:00","author":{"@id":"https:\/\/www.em.com.br\/emfoco\/#\/schema\/person\/524437ef54f8a5d32591b143307f2e20"},"description":"Explore montanhas, \u00e1guas termais e cultura em um destino mineiro inesquec\u00edvel, perfeito para relaxar e viver novas experi\u00eancias.","breadcrumb":{"@id":"https:\/\/www.em.com.br\/emfoco\/2024\/12\/15\/descubra-o-equilibrio-perfeito-entre-cultura-e-modernidade-no-sul-de-minas\/#breadcrumb"},"inLanguage":"pt-BR","potentialAction":[{"@type":"ReadAction","target":["https:\/\/www.em.com.br\/emfoco\/2024\/12\/15\/descubra-o-equilibrio-perfeito-entre-cultura-e-modernidade-no-sul-de-minas\/"]}]},{"@type":"ImageObject","inLanguage":"pt-BR","@id":"https:\/\/www.em.com.br\/emfoco\/2024\/12\/15\/descubra-o-equilibrio-perfeito-entre-cultura-e-modernidade-no-sul-de-minas\/#primaryimage","url":"https:\/\/www.em.com.br\/emfoco\/wp-content\/uploads\/2024\/11\/image-36-e1732721381736.png","contentUrl":"https:\/\/www.em.com.br\/emfoco\/wp-content\/uploads\/2024\/11\/image-36-e1732721381736.png","width":800,"height":451,"caption":"Po\u00e7os de Caldas - Cr\u00e9ditos: Wikimedia Commons"},{"@type":"BreadcrumbList","@id":"https:\/\/www.em.com.br\/emfoco\/2024\/12\/15\/descubra-o-equilibrio-perfeito-entre-cultura-e-modernidade-no-sul-de-minas\/#breadcrumb","itemListElement":[{"@type":"ListItem","position":1,"name":"In\u00edcio","item":"https:\/\/www.em.com.br\/emfoco\/"},{"@type":"ListItem","position":2,"name":"Descubra o Equil\u00edbrio Perfeito Entre Cultura e Modernidade no Sul de Minas!"}]},{"@type":"WebSite","@id":"https:\/\/www.em.com.br\/emfoco\/#website","url":"https:\/\/www.em.com.br\/emfoco\/","name":"Estado de Minas - Em foco","description":"Acompanhe as \u00faltimas not\u00edcias e fique bem informado sobre tudo o que acontece em Minas Gerais, Brasil e no mundo.","potentialAction":[{"@type":"SearchAction","target":{"@type":"EntryPoint","urlTemplate":"https:\/\/www.em.com.br\/emfoco\/?s={search_term_string}"},"query-input":{"@type":"PropertyValueSpecification","valueRequired":true,"valueName":"search_term_string"}}],"inLanguage":"pt-BR"},{"@type":"Person","@id":"https:\/\/www.em.com.br\/emfoco\/#\/schema\/person\/524437ef54f8a5d32591b143307f2e20","name":"N\u00fabia Rangel","image":{"@type":"ImageObject","inLanguage":"pt-BR","@id":"https:\/\/www.em.com.br\/emfoco\/#\/schema\/person\/image\/","url":"https:\/\/secure.gravatar.com\/avatar\/47cff2827a5ba23c37e8068c86817ea4?s=96&d=mm&r=g","contentUrl":"https:\/\/secure.gravatar.com\/avatar\/47cff2827a5ba23c37e8068c86817ea4?s=96&d=mm&r=g","caption":"N\u00fabia Rangel"},"sameAs":["https:\/\/www.em.com.br\/emfoco\/"],"url":"https:\/\/www.em.com.br\/emfoco\/author\/nubiamyth\/"}]}},"_links":{"self":[{"href":"https:\/\/www.em.com.br\/emfoco\/wp-json\/wp\/v2\/posts\/3955","targetHints":{"allow":["GET"]}}],"collection":[{"href":"https:\/\/www.em.com.br\/emfoco\/wp-json\/wp\/v2\/posts"}],"about":[{"href":"https:\/\/www.em.com.br\/emfoco\/wp-json\/wp\/v2\/types\/post"}],"author":[{"embeddable":true,"href":"https:\/\/www.em.com.br\/emfoco\/wp-json\/wp\/v2\/users\/5"}],"replies":[{"embeddable":true,"href":"https:\/\/www.em.com.br\/emfoco\/wp-json\/wp\/v2\/comments?post=3955"}],"version-history":[{"count":2,"href":"https:\/\/www.em.com.br\/emfoco\/wp-json\/wp\/v2\/posts\/3955\/revisions"}],"predecessor-version":[{"id":3959,"href":"https:\/\/www.em.com.br\/emfoco\/wp-json\/wp\/v2\/posts\/3955\/revisions\/3959"}],"wp:featuredmedia":[{"embeddable":true,"href":"https:\/\/www.em.com.br\/emfoco\/wp-json\/wp\/v2\/media\/1741"}],"wp:attachment":[{"href":"https:\/\/www.em.com.br\/emfoco\/wp-json\/wp\/v2\/media?parent=3955"}],"wp:term":[{"taxonomy":"category","embeddable":true,"href":"https:\/\/www.em.com.br\/emfoco\/wp-json\/wp\/v2\/categories?post=3955"},{"taxonomy":"post_tag","embeddable":true,"href":"https:\/\/www.em.com.br\/emfoco\/wp-json\/wp\/v2\/tags?post=3955"}],"curies":[{"name":"wp","href":"https:\/\/api.w.org\/{rel}","templated":true}]}}