{"id":39524,"date":"2025-04-19T17:20:00","date_gmt":"2025-04-19T20:20:00","guid":{"rendered":"https:\/\/www.em.com.br\/emfoco\/?p=39524"},"modified":"2025-04-18T16:02:13","modified_gmt":"2025-04-18T19:02:13","slug":"passo-a-passo-para-cultivar-a-flor-que-alivia-colicas-menstruais","status":"publish","type":"post","link":"https:\/\/www.em.com.br\/emfoco\/2025\/04\/19\/passo-a-passo-para-cultivar-a-flor-que-alivia-colicas-menstruais\/","title":{"rendered":"Passo a passo para cultivar a flor que alivia c\u00f3licas menstruais"},"content":{"rendered":"\n<p>A <strong>camomila<\/strong> (<em>Matricaria chamomilla<\/em> ou <em>Chamomilla recutita<\/em>) \u00e9 uma planta medicinal e ornamental de origem europeia e asi\u00e1tica, muito apreciada por suas <a href=\"https:\/\/www.em.com.br\/emfoco\/2025\/04\/18\/10-flores-perfeitas-para-plantar-em-espacos-pequenos\/\" target=\"_blank\" rel=\"noreferrer noopener\">flores<\/a> pequenas, delicadas e arom\u00e1ticas, semelhantes a margaridas. Seu uso como rem\u00e9dio natural \u00e9 milenar, sendo especialmente eficaz no <strong>al\u00edvio de c\u00f3licas menstruais<\/strong>, gra\u00e7as \u00e0s suas propriedades <strong>calmantes, anti-inflamat\u00f3rias e antiespasm\u00f3dicas<\/strong>. F\u00e1cil de cultivar, a camomila pode ser plantada em vasos ou hortas e ainda embeleza qualquer espa\u00e7o com suas flores brancas e amarelas.<\/p>\n\n\n\n<h2 class=\"wp-block-heading\">Por que a Camomila \u00e9 eficaz no combate \u00e0s c\u00f3licas menstruais?<\/h2>\n\n\n\n<p>A <strong>camomila<\/strong> cont\u00e9m compostos ativos como <strong>apigenina<\/strong>, <strong>camazuleno<\/strong> e <strong>bisabolol<\/strong>, que atuam no sistema nervoso e muscular. Esses elementos t\u00eam a\u00e7\u00e3o:<\/p>\n\n\n\n<ul class=\"wp-block-list\">\n<li><strong>Antiespasm\u00f3dica<\/strong>: relaxa os m\u00fasculos do \u00fatero, aliviando as contra\u00e7\u00f5es dolorosas;<\/li>\n\n\n\n<li><strong>Anti-inflamat\u00f3ria<\/strong>: reduz a inflama\u00e7\u00e3o e o desconforto abdominal;<\/li>\n\n\n\n<li><strong>Ansiol\u00edtica<\/strong>: acalma a mente, ajudando a lidar com a irritabilidade e tens\u00e3o pr\u00e9-menstrual.<\/li>\n<\/ul>\n\n\n\n<p>O consumo do ch\u00e1 de camomila durante o <a href=\"https:\/\/drauziovarella.uol.com.br\/mulher\/entenda-as-fases-do-ciclo-menstrual\/\" target=\"_blank\" rel=\"noreferrer noopener\">per\u00edodo menstrual<\/a> pode ajudar a <strong>diminuir a intensidade das c\u00f3licas<\/strong>, melhorar o humor e promover o relaxamento geral do corpo.<\/p>\n\n\n\n<h2 class=\"wp-block-heading\">Qual \u00e9 o clima e solo ideais para plantar camomila?<\/h2>\n\n\n\n<p>A <strong>camomila<\/strong> \u00e9 uma planta resistente, que se adapta bem a diferentes tipos de solo e clima, mas prefere:<\/p>\n\n\n\n<ul class=\"wp-block-list\">\n<li><strong>Clima ameno a quente<\/strong>, com temperaturas entre <strong>18\u202f\u00b0C e 28\u202f\u00b0C<\/strong>;<\/li>\n\n\n\n<li>Boa exposi\u00e7\u00e3o solar (m\u00ednimo de 4 horas de sol direto por dia);<\/li>\n\n\n\n<li>Solos <strong>bem drenados, levemente arenosos e ricos em mat\u00e9ria org\u00e2nica<\/strong>;<\/li>\n\n\n\n<li>pH do solo entre <strong>5,5 e 7,0<\/strong>.<\/li>\n<\/ul>\n\n\n\n<p>Ela n\u00e3o tolera solos encharcados. Por isso, a drenagem \u00e9 essencial, especialmente em vasos.<\/p>\n\n\n\n<h2 class=\"wp-block-heading\">Como plantar camomila por sementes?<\/h2>\n\n\n\n<p>O cultivo da <strong>camomila<\/strong> geralmente \u00e9 feito por <strong>sementes<\/strong>, sendo um processo simples e acess\u00edvel. Veja como plantar:<\/p>\n\n\n\n<ol class=\"wp-block-list\">\n<li>Prepare o solo ou substrato com uma mistura de <strong>terra vegetal, areia e composto org\u00e2nico<\/strong>;<\/li>\n\n\n\n<li>Semeie as sementes superficialmente (sem enterr\u00e1-las muito), pois precisam de <strong>luz para germinar<\/strong>;<\/li>\n\n\n\n<li>Mantenha o solo <strong>levemente \u00famido<\/strong> at\u00e9 a germina\u00e7\u00e3o, que ocorre em <strong>7 a 14 dias<\/strong>;<\/li>\n\n\n\n<li>Quando as mudas atingirem cerca de <strong>5 cm<\/strong>, fa\u00e7a o desbaste, mantendo <strong>10 a 20 cm entre plantas<\/strong>.<\/li>\n<\/ol>\n\n\n\n<p>Voc\u00ea pode plantar em <strong>vasos, jardineiras ou diretamente no canteiro<\/strong>, sempre garantindo boa ilumina\u00e7\u00e3o natural.<\/p>\n\n\n\n<h2 class=\"wp-block-heading\">Como cuidar da camomila ap\u00f3s o plantio?<\/h2>\n\n\n\n<p>A <strong>camomila<\/strong> \u00e9 uma planta de <strong>baixa manuten\u00e7\u00e3o<\/strong>, mas alguns cuidados s\u00e3o importantes para garantir boa flora\u00e7\u00e3o e propriedades medicinais:<\/p>\n\n\n\n<ul class=\"wp-block-list\">\n<li><strong>Rega moderada<\/strong>: regue de 2 a 3 vezes por semana. Evite encharcar o solo;<\/li>\n\n\n\n<li><strong>Ilumina\u00e7\u00e3o<\/strong>: mantenha em local bem iluminado, com sol direto parcial;<\/li>\n\n\n\n<li><strong>Aduba\u00e7\u00e3o<\/strong>: adube a cada 30 dias com compostos org\u00e2nicos leves, como h\u00famus de minhoca;<\/li>\n\n\n\n<li><strong>Poda<\/strong>: remova flores secas para estimular novas flora\u00e7\u00f5es;<\/li>\n\n\n\n<li><strong>Prote\u00e7\u00e3o contra pragas<\/strong>: evite o uso de pesticidas. Se necess\u00e1rio, utilize solu\u00e7\u00f5es naturais como ch\u00e1 de alho ou \u00f3leo de neem.<\/li>\n<\/ul>\n\n\n\n<p>A camomila \u00e9 especialmente resistente a doen\u00e7as, sendo uma planta muito agradecida quando cultivada com aten\u00e7\u00e3o b\u00e1sica.<\/p>\n\n\n<div class=\"wp-block-image\">\n<figure class=\"aligncenter size-large\"><img loading=\"lazy\" decoding=\"async\" width=\"1024\" height=\"576\" src=\"https:\/\/www.em.com.br\/emfoco\/wp-content\/uploads\/2025\/04\/camomila_1744990442404-1024x576.jpg\" alt=\"\" class=\"wp-image-39584\" srcset=\"https:\/\/www.em.com.br\/emfoco\/wp-content\/uploads\/2025\/04\/camomila_1744990442404-1024x576.jpg 1024w, https:\/\/www.em.com.br\/emfoco\/wp-content\/uploads\/2025\/04\/camomila_1744990442404-300x169.jpg 300w, https:\/\/www.em.com.br\/emfoco\/wp-content\/uploads\/2025\/04\/camomila_1744990442404-768x432.jpg 768w, https:\/\/www.em.com.br\/emfoco\/wp-content\/uploads\/2025\/04\/camomila_1744990442404-750x422.jpg 750w, https:\/\/www.em.com.br\/emfoco\/wp-content\/uploads\/2025\/04\/camomila_1744990442404-1140x641.jpg 1140w, https:\/\/www.em.com.br\/emfoco\/wp-content\/uploads\/2025\/04\/camomila_1744990442404.jpg 1280w\" sizes=\"auto, (max-width: 1024px) 100vw, 1024px\" \/><figcaption class=\"wp-element-caption\">Camomila &#8211; Cr\u00e9ditos: depositphotos.com \/ scorpp<\/figcaption><\/figure><\/div>\n\n\n<h2 class=\"wp-block-heading\">Quando colher as flores da camomila?<\/h2>\n\n\n\n<p>A <strong>colheita<\/strong> das flores deve ser feita quando elas estiverem totalmente abertas, geralmente <strong>entre 60 a 90 dias ap\u00f3s a semeadura<\/strong>. Prefira colher:<\/p>\n\n\n\n<ul class=\"wp-block-list\">\n<li><strong>No in\u00edcio da manh\u00e3<\/strong>, quando as flores est\u00e3o mais frescas;<\/li>\n\n\n\n<li><strong>Com tempo seco<\/strong>, para evitar contamina\u00e7\u00e3o por fungos;<\/li>\n<\/ul>\n\n\n\n<p>Ap\u00f3s colher, voc\u00ea pode usar as flores <strong>frescas ou desidrat\u00e1-las<\/strong>. Para secar, espalhe as flores em local seco, sombreado e ventilado por cerca de <strong>7 dias<\/strong>, armazenando depois em potes de vidro bem fechados.<\/p>\n\n\n\n<h2 class=\"wp-block-heading\">Como preparar o ch\u00e1 de camomila para aliviar c\u00f3licas menstruais?<\/h2>\n\n\n\n<p>O <strong>ch\u00e1 de camomila<\/strong> \u00e9 o m\u00e9todo mais comum e eficaz para aproveitar seus benef\u00edcios durante o ciclo menstrual. A receita \u00e9 simples:<\/p>\n\n\n\n<p><strong>Ingredientes<\/strong>:<\/p>\n\n\n\n<ul class=\"wp-block-list\">\n<li>1 colher (sopa) de <strong>flores secas de camomila<\/strong> (ou 2 colheres de flores frescas)<\/li>\n\n\n\n<li>1 x\u00edcara de \u00e1gua quente (n\u00e3o fervente)<\/li>\n<\/ul>\n\n\n\n<p><strong>Modo de preparo<\/strong>:<\/p>\n\n\n\n<ol class=\"wp-block-list\">\n<li>Coloque as flores em uma x\u00edcara;<\/li>\n\n\n\n<li>Adicione a \u00e1gua quente;<\/li>\n\n\n\n<li>Tampe e deixe em infus\u00e3o por <strong>5 a 10 minutos<\/strong>;<\/li>\n\n\n\n<li>Coe e tome de <strong>2 a 3 x\u00edcaras por dia<\/strong> durante o per\u00edodo menstrual.<\/li>\n<\/ol>\n\n\n\n<p>Evite tomar em excesso, principalmente se estiver gr\u00e1vida ou fazendo uso de medica\u00e7\u00f5es sedativas.<\/p>\n\n\n\n<h2 class=\"wp-block-heading\">FAQ<\/h2>\n\n\n\n<p><strong>1. Camomila realmente ajuda a aliviar c\u00f3licas menstruais?<\/strong><br>Sim. A camomila cont\u00e9m subst\u00e2ncias que <strong>relaxam os m\u00fasculos do \u00fatero<\/strong>, reduzindo dores e contra\u00e7\u00f5es.<\/p>\n\n\n\n<p><strong>2. Posso tomar ch\u00e1 de camomila todos os dias?<\/strong><br>Pode, mas o ideal \u00e9 tomar <strong>em per\u00edodos espec\u00edficos<\/strong>, como antes de dormir ou durante o ciclo menstrual. Evite consumo excessivo.<\/p>\n\n\n\n<p><strong>3. Existe contraindica\u00e7\u00e3o para o uso da camomila?<\/strong><br>Sim. Pessoas al\u00e9rgicas a plantas da fam\u00edlia das compostas (como margaridas) ou gr\u00e1vidas devem consultar um m\u00e9dico antes de consumir.<\/p>\n\n\n\n<p><strong>4. Quanto tempo a camomila demora para crescer?<\/strong><br>Geralmente, a camomila leva de <strong>60 a 90 dias<\/strong> do plantio at\u00e9 a primeira colheita das flores.<\/p>\n\n\n\n<p><strong>5. A camomila precisa de muito sol?<\/strong><br>Ela precisa de <strong>sol parcial a pleno sol<\/strong>. Pelo menos <strong>4 horas de luz solar direta<\/strong> por dia s\u00e3o recomendadas.<\/p>\n","protected":false},"excerpt":{"rendered":"<p>A camomila (Matricaria chamomilla ou Chamomilla recutita) \u00e9 uma planta medicinal e ornamental de origem europeia e asi\u00e1tica, muito apreciada por suas flores pequenas, delicadas e arom\u00e1ticas, semelhantes a margaridas. Seu uso como rem\u00e9dio natural \u00e9 milenar, sendo especialmente eficaz no al\u00edvio de c\u00f3licas menstruais, gra\u00e7as \u00e0s suas propriedades calmantes, anti-inflamat\u00f3rias e antiespasm\u00f3dicas. F\u00e1cil de [&hellip;]<\/p>\n","protected":false},"author":9,"featured_media":39582,"comment_status":"open","ping_status":"open","sticky":false,"template":"","format":"standard","meta":{"jnews-multi-image_gallery":[],"jnews_single_post":{"format":"standard"},"jnews_primary_category":[],"jnews_social_meta":[],"jnews_override_counter":[],"footnotes":""},"categories":[29,1],"tags":[1927,7690,7689,5508],"class_list":["post-39524","post","type-post","status-publish","format-standard","has-post-thumbnail","hentry","category-entretenimento","category-noticias","tag-camomila","tag-cha-natural","tag-colicas-menstruais","tag-plantas-medicinais"],"yoast_head":"<!-- This site is optimized with the Yoast SEO plugin v23.8 - https:\/\/yoast.com\/wordpress\/plugins\/seo\/ -->\n<title>Passo a passo para cultivar a flor que alivia c\u00f3licas menstruais<\/title>\n<meta name=\"description\" content=\"Cultive essa flor em casa para aliviar c\u00f3licas menstruais. Aprenda a plantar e cuidar dessa planta medicinal.\" \/>\n<meta name=\"robots\" content=\"index, follow, max-snippet:-1, max-image-preview:large, max-video-preview:-1\" \/>\n<link rel=\"canonical\" href=\"https:\/\/www.em.com.br\/emfoco\/2025\/04\/19\/passo-a-passo-para-cultivar-a-flor-que-alivia-colicas-menstruais\/\" \/>\n<meta property=\"og:locale\" content=\"pt_BR\" \/>\n<meta property=\"og:type\" content=\"article\" \/>\n<meta property=\"og:title\" content=\"Passo a passo para cultivar a flor que alivia c\u00f3licas menstruais\" \/>\n<meta property=\"og:description\" content=\"Cultive essa flor em casa para aliviar c\u00f3licas menstruais. Aprenda a plantar e cuidar dessa planta medicinal.\" \/>\n<meta property=\"og:url\" content=\"https:\/\/www.em.com.br\/emfoco\/2025\/04\/19\/passo-a-passo-para-cultivar-a-flor-que-alivia-colicas-menstruais\/\" \/>\n<meta property=\"og:site_name\" content=\"Estado de Minas - Em foco\" \/>\n<meta property=\"article:published_time\" content=\"2025-04-19T20:20:00+00:00\" \/>\n<meta property=\"article:modified_time\" content=\"2025-04-18T19:02:13+00:00\" \/>\n<meta property=\"og:image\" content=\"https:\/\/www.em.com.br\/emfoco\/wp-content\/uploads\/2025\/04\/camomila_1744990342293.jpg\" \/>\n\t<meta property=\"og:image:width\" content=\"1280\" \/>\n\t<meta property=\"og:image:height\" content=\"720\" \/>\n\t<meta property=\"og:image:type\" content=\"image\/jpeg\" \/>\n<meta name=\"author\" content=\"Daniely Cardoso\" \/>\n<meta name=\"twitter:card\" content=\"summary_large_image\" \/>\n<meta name=\"twitter:label1\" content=\"Escrito por\" \/>\n\t<meta name=\"twitter:data1\" content=\"Daniely Cardoso\" \/>\n\t<meta name=\"twitter:label2\" content=\"Est. tempo de leitura\" \/>\n\t<meta name=\"twitter:data2\" content=\"5 minutos\" \/>\n<!-- \/ Yoast SEO plugin. -->","yoast_head_json":{"title":"Passo a passo para cultivar a flor que alivia c\u00f3licas menstruais","description":"Cultive essa flor em casa para aliviar c\u00f3licas menstruais. Aprenda a plantar e cuidar dessa planta medicinal.","robots":{"index":"index","follow":"follow","max-snippet":"max-snippet:-1","max-image-preview":"max-image-preview:large","max-video-preview":"max-video-preview:-1"},"canonical":"https:\/\/www.em.com.br\/emfoco\/2025\/04\/19\/passo-a-passo-para-cultivar-a-flor-que-alivia-colicas-menstruais\/","og_locale":"pt_BR","og_type":"article","og_title":"Passo a passo para cultivar a flor que alivia c\u00f3licas menstruais","og_description":"Cultive essa flor em casa para aliviar c\u00f3licas menstruais. Aprenda a plantar e cuidar dessa planta medicinal.","og_url":"https:\/\/www.em.com.br\/emfoco\/2025\/04\/19\/passo-a-passo-para-cultivar-a-flor-que-alivia-colicas-menstruais\/","og_site_name":"Estado de Minas - Em foco","article_published_time":"2025-04-19T20:20:00+00:00","article_modified_time":"2025-04-18T19:02:13+00:00","og_image":[{"width":1280,"height":720,"url":"https:\/\/www.em.com.br\/emfoco\/wp-content\/uploads\/2025\/04\/camomila_1744990342293.jpg","type":"image\/jpeg"}],"author":"Daniely Cardoso","twitter_card":"summary_large_image","twitter_misc":{"Escrito por":"Daniely Cardoso","Est. tempo de leitura":"5 minutos"},"schema":{"@context":"https:\/\/schema.org","@graph":[{"@type":"WebPage","@id":"https:\/\/www.em.com.br\/emfoco\/2025\/04\/19\/passo-a-passo-para-cultivar-a-flor-que-alivia-colicas-menstruais\/","url":"https:\/\/www.em.com.br\/emfoco\/2025\/04\/19\/passo-a-passo-para-cultivar-a-flor-que-alivia-colicas-menstruais\/","name":"Passo a passo para cultivar a flor que alivia c\u00f3licas menstruais","isPartOf":{"@id":"https:\/\/www.em.com.br\/emfoco\/#website"},"primaryImageOfPage":{"@id":"https:\/\/www.em.com.br\/emfoco\/2025\/04\/19\/passo-a-passo-para-cultivar-a-flor-que-alivia-colicas-menstruais\/#primaryimage"},"image":{"@id":"https:\/\/www.em.com.br\/emfoco\/2025\/04\/19\/passo-a-passo-para-cultivar-a-flor-que-alivia-colicas-menstruais\/#primaryimage"},"thumbnailUrl":"https:\/\/www.em.com.br\/emfoco\/wp-content\/uploads\/2025\/04\/camomila_1744990342293.jpg","datePublished":"2025-04-19T20:20:00+00:00","dateModified":"2025-04-18T19:02:13+00:00","author":{"@id":"https:\/\/www.em.com.br\/emfoco\/#\/schema\/person\/0a8186d72f2c3a5c6276d90b41f271a0"},"description":"Cultive essa flor em casa para aliviar c\u00f3licas menstruais. Aprenda a plantar e cuidar dessa planta medicinal.","breadcrumb":{"@id":"https:\/\/www.em.com.br\/emfoco\/2025\/04\/19\/passo-a-passo-para-cultivar-a-flor-que-alivia-colicas-menstruais\/#breadcrumb"},"inLanguage":"pt-BR","potentialAction":[{"@type":"ReadAction","target":["https:\/\/www.em.com.br\/emfoco\/2025\/04\/19\/passo-a-passo-para-cultivar-a-flor-que-alivia-colicas-menstruais\/"]}]},{"@type":"ImageObject","inLanguage":"pt-BR","@id":"https:\/\/www.em.com.br\/emfoco\/2025\/04\/19\/passo-a-passo-para-cultivar-a-flor-que-alivia-colicas-menstruais\/#primaryimage","url":"https:\/\/www.em.com.br\/emfoco\/wp-content\/uploads\/2025\/04\/camomila_1744990342293.jpg","contentUrl":"https:\/\/www.em.com.br\/emfoco\/wp-content\/uploads\/2025\/04\/camomila_1744990342293.jpg","width":1280,"height":720,"caption":"Camomila - Cr\u00e9ditos: depositphotos.com \/ KateNovikova"},{"@type":"BreadcrumbList","@id":"https:\/\/www.em.com.br\/emfoco\/2025\/04\/19\/passo-a-passo-para-cultivar-a-flor-que-alivia-colicas-menstruais\/#breadcrumb","itemListElement":[{"@type":"ListItem","position":1,"name":"In\u00edcio","item":"https:\/\/www.em.com.br\/emfoco\/"},{"@type":"ListItem","position":2,"name":"Passo a passo para cultivar a flor que alivia c\u00f3licas menstruais"}]},{"@type":"WebSite","@id":"https:\/\/www.em.com.br\/emfoco\/#website","url":"https:\/\/www.em.com.br\/emfoco\/","name":"Estado de Minas - Em foco","description":"Acompanhe as \u00faltimas not\u00edcias e fique bem informado sobre tudo o que acontece em Minas Gerais, Brasil e no mundo.","potentialAction":[{"@type":"SearchAction","target":{"@type":"EntryPoint","urlTemplate":"https:\/\/www.em.com.br\/emfoco\/?s={search_term_string}"},"query-input":{"@type":"PropertyValueSpecification","valueRequired":true,"valueName":"search_term_string"}}],"inLanguage":"pt-BR"},{"@type":"Person","@id":"https:\/\/www.em.com.br\/emfoco\/#\/schema\/person\/0a8186d72f2c3a5c6276d90b41f271a0","name":"Daniely Cardoso","image":{"@type":"ImageObject","inLanguage":"pt-BR","@id":"https:\/\/www.em.com.br\/emfoco\/#\/schema\/person\/image\/","url":"https:\/\/secure.gravatar.com\/avatar\/4b80ddbd124d1f071b626d52d62e5dff?s=96&d=mm&r=g","contentUrl":"https:\/\/secure.gravatar.com\/avatar\/4b80ddbd124d1f071b626d52d62e5dff?s=96&d=mm&r=g","caption":"Daniely Cardoso"},"url":"https:\/\/www.em.com.br\/emfoco\/author\/danielymyth\/"}]}},"_links":{"self":[{"href":"https:\/\/www.em.com.br\/emfoco\/wp-json\/wp\/v2\/posts\/39524","targetHints":{"allow":["GET"]}}],"collection":[{"href":"https:\/\/www.em.com.br\/emfoco\/wp-json\/wp\/v2\/posts"}],"about":[{"href":"https:\/\/www.em.com.br\/emfoco\/wp-json\/wp\/v2\/types\/post"}],"author":[{"embeddable":true,"href":"https:\/\/www.em.com.br\/emfoco\/wp-json\/wp\/v2\/users\/9"}],"replies":[{"embeddable":true,"href":"https:\/\/www.em.com.br\/emfoco\/wp-json\/wp\/v2\/comments?post=39524"}],"version-history":[{"count":4,"href":"https:\/\/www.em.com.br\/emfoco\/wp-json\/wp\/v2\/posts\/39524\/revisions"}],"predecessor-version":[{"id":39593,"href":"https:\/\/www.em.com.br\/emfoco\/wp-json\/wp\/v2\/posts\/39524\/revisions\/39593"}],"wp:featuredmedia":[{"embeddable":true,"href":"https:\/\/www.em.com.br\/emfoco\/wp-json\/wp\/v2\/media\/39582"}],"wp:attachment":[{"href":"https:\/\/www.em.com.br\/emfoco\/wp-json\/wp\/v2\/media?parent=39524"}],"wp:term":[{"taxonomy":"category","embeddable":true,"href":"https:\/\/www.em.com.br\/emfoco\/wp-json\/wp\/v2\/categories?post=39524"},{"taxonomy":"post_tag","embeddable":true,"href":"https:\/\/www.em.com.br\/emfoco\/wp-json\/wp\/v2\/tags?post=39524"}],"curies":[{"name":"wp","href":"https:\/\/api.w.org\/{rel}","templated":true}]}}