{"id":39477,"date":"2025-04-19T16:20:00","date_gmt":"2025-04-19T19:20:00","guid":{"rendered":"https:\/\/www.em.com.br\/emfoco\/?p=39477"},"modified":"2025-04-19T14:57:05","modified_gmt":"2025-04-19T17:57:05","slug":"colocar-o-cpf-na-nota-pode-render-ate-r-1-milhao-para-voce","status":"publish","type":"post","link":"https:\/\/www.em.com.br\/emfoco\/2025\/04\/19\/colocar-o-cpf-na-nota-pode-render-ate-r-1-milhao-para-voce\/","title":{"rendered":"Colocar o CPF na Nota pode render at\u00e9 R$ 1 milh\u00e3o para voc\u00ea"},"content":{"rendered":"\n<p>O Governo de <strong>Minas Gerais<\/strong> lan\u00e7ou um novo programa chamado <strong>Nota Fiscal Mineira <\/strong>(NFM), que visa incentivar os consumidores a solicitarem a nota fiscal em suas compras. O programa oferece pr\u00eamios em dinheiro que variam de R$ 100 a R$ 1 milh\u00e3o, como forma de estimular a cidadania fiscal e combater a sonega\u00e7\u00e3o de impostos. O an\u00fancio foi feito pelo governador Romeu Zema e pelo secret\u00e1rio de Fazenda, Luiz Claudio Gomes, em uma coletiva de imprensa.<\/p>\n\n\n\n<p>Com a implementa\u00e7\u00e3o da Nota Fiscal Mineira, o governo espera n\u00e3o apenas aumentar a arrecada\u00e7\u00e3o tribut\u00e1ria, mas tamb\u00e9m investir em \u00e1reas essenciais como sa\u00fade, educa\u00e7\u00e3o e seguran\u00e7a p\u00fablica. A iniciativa j\u00e1 \u00e9 uma realidade em outros estados e agora chega a <a href=\"https:\/\/www.em.com.br\/emfoco\/2025\/04\/17\/bares-se-transformam-em-vitrines-da-gastronomia-afetiva-em-minas-gerais\/\" target=\"_blank\" rel=\"noreferrer noopener\">Minas Gerais<\/a>, prometendo beneficiar tanto os consumidores quanto as entidades filantr\u00f3picas indicadas por eles.<\/p>\n\n\n\n<h2 class=\"wp-block-heading\">Estrat\u00e9gias adicionais de incentivo \u00e0 participa\u00e7\u00e3o<\/h2>\n\n\n\n<p>Al\u00e9m dos pr\u00eamios em dinheiro, o governo de Minas Gerais est\u00e1 desenvolvendo campanhas de conscientiza\u00e7\u00e3o para enfatizar a import\u00e2ncia da solicita\u00e7\u00e3o da nota fiscal. Essas campanhas ser\u00e3o realizadas em escolas, feiras e eventos comunit\u00e1rios, com palestras e atividades interativas que ajudam a esclarecer como a contribui\u00e7\u00e3o fiscal impacta diretamente no desenvolvimento de servi\u00e7os p\u00fablicos locais.<\/p>\n\n\n\n<p>Outra estrat\u00e9gia adotada \u00e9 a parceria com empresas para oferecer descontos e promo\u00e7\u00f5es especiais para consumidores cadastrados no programa que acumularem mais bilhetes sorte\u00e1veis. Isso n\u00e3o apenas motiva os cidad\u00e3os a participarem, mas tamb\u00e9m fortalece a rela\u00e7\u00e3o entre consumidores e comerciantes locais, criando um ciclo positivo de desenvolvimento econ\u00f4mico e social.<\/p>\n\n\n\n<h2 class=\"wp-block-heading\">Como funciona a nota fiscal mineira?<\/h2>\n\n\n\n<p>Para participar do programa, os consumidores devem baixar o aplicativo Nota Fiscal Mineira e se cadastrar. A cada compra realizada, \u00e9 necess\u00e1rio solicitar a inclus\u00e3o do CPF na nota fiscal. Isso gera automaticamente bilhetes que concorrem aos pr\u00eamios. N\u00e3o h\u00e1 limite de bilhetes por pessoa, mas h\u00e1 restri\u00e7\u00f5es para compras no mesmo estabelecimento, limitadas a tr\u00eas por dia para o mesmo CPF.<\/p>\n\n\n\n<p>Os sorteios s\u00e3o realizados em diferentes n\u00edveis: municipal, regional e estadual, com periodicidade semanal, mensal e anual. Isso garante que todos os 853 munic\u00edpios de Minas Gerais tenham ganhadores. A Secretaria de Estado de Fazenda (SEF) \u00e9 respons\u00e1vel por gerir o programa e divulgar os resultados, utilizando o resultado da loteria federal para gerar os n\u00fameros sorteados.<\/p>\n\n\n\n<h2 class=\"wp-block-heading\">Quais s\u00e3o os benef\u00edcios para os consumidores?<\/h2>\n\n\n\n<figure class=\"wp-block-image size-large\"><img loading=\"lazy\" decoding=\"async\" width=\"1024\" height=\"576\" src=\"https:\/\/www.em.com.br\/emfoco\/wp-content\/uploads\/2025\/04\/cropped_view_of_shocked_man_and_woman_holding_lottery_tickets-1024x576.jpg\" alt=\"\" class=\"wp-image-39480\" srcset=\"https:\/\/www.em.com.br\/emfoco\/wp-content\/uploads\/2025\/04\/cropped_view_of_shocked_man_and_woman_holding_lottery_tickets-1024x576.jpg 1024w, https:\/\/www.em.com.br\/emfoco\/wp-content\/uploads\/2025\/04\/cropped_view_of_shocked_man_and_woman_holding_lottery_tickets-300x169.jpg 300w, https:\/\/www.em.com.br\/emfoco\/wp-content\/uploads\/2025\/04\/cropped_view_of_shocked_man_and_woman_holding_lottery_tickets-768x432.jpg 768w, https:\/\/www.em.com.br\/emfoco\/wp-content\/uploads\/2025\/04\/cropped_view_of_shocked_man_and_woman_holding_lottery_tickets-750x422.jpg 750w, https:\/\/www.em.com.br\/emfoco\/wp-content\/uploads\/2025\/04\/cropped_view_of_shocked_man_and_woman_holding_lottery_tickets-1140x641.jpg 1140w, https:\/\/www.em.com.br\/emfoco\/wp-content\/uploads\/2025\/04\/cropped_view_of_shocked_man_and_woman_holding_lottery_tickets.jpg 1280w\" sizes=\"auto, (max-width: 1024px) 100vw, 1024px\" \/><figcaption class=\"wp-element-caption\">Casal vendo resultado do sorteio-Cr\u00e9ditos: depositphotos.com \/ HayDmitriy<\/figcaption><\/figure>\n\n\n\n<p>Al\u00e9m de concorrer a pr\u00eamios em dinheiro, os consumidores t\u00eam a oportunidade de indicar at\u00e9 tr\u00eas entidades de assist\u00eancia social para receberem valores sempre que o cidad\u00e3o que as indicou for sorteado. Isso fortalece o papel social do programa, promovendo a solidariedade e o apoio a institui\u00e7\u00f5es que necessitam de recursos.<\/p>\n\n\n\n<p>O aplicativo da Nota Fiscal Mineira tamb\u00e9m oferece funcionalidades adicionais, como o controle de gastos e a pesquisa de pre\u00e7os de combust\u00edveis, permitindo que os consumidores gerenciem melhor suas finan\u00e7as pessoais.<\/p>\n\n\n\n<h2 class=\"wp-block-heading\">Impacto esperado na arrecada\u00e7\u00e3o e combate \u00e0 sonega\u00e7\u00e3o<\/h2>\n\n\n\n<p>O programa NFM \u00e9 uma estrat\u00e9gia do governo para coibir a sonega\u00e7\u00e3o de impostos, especialmente o ICMS, e aumentar a arrecada\u00e7\u00e3o sem a necessidade de criar novos tributos. A expectativa \u00e9 de um incremento de R$ 80 milh\u00f5es por ano na receita tribut\u00e1ria, beneficiando tanto o estado quanto os munic\u00edpios.<\/p>\n\n\n\n<p>Ao incentivar a exig\u00eancia da nota fiscal, o governo espera criar um ambiente de concorr\u00eancia mais justo, onde todos pagam seus tributos corretamente. Isso n\u00e3o apenas fortalece a economia local, mas tamb\u00e9m garante que os recursos sejam investidos em melhorias para a popula\u00e7\u00e3o.<\/p>\n\n\n\n<h2 class=\"wp-block-heading\">Como acompanhar e participar dos sorteios?<\/h2>\n\n\n\n<p>Os cidad\u00e3os podem acompanhar os sorteios e resultados diretamente pelo aplicativo da Nota Fiscal Mineira. Os contemplados s\u00e3o notificados pelo pr\u00f3prio aplicativo, garantindo transpar\u00eancia e facilidade de acesso \u00e0s informa\u00e7\u00f5es. Para mais detalhes sobre o programa, os interessados podem visitar o <a href=\"https:\/\/notafiscalmineira.fazenda.mg.gov.br\">Portal da Nota Fiscal Mineira<\/a>.<\/p>\n\n\n\n<p>Com a Nota Fiscal Mineira, Minas Gerais d\u00e1 um passo importante na promo\u00e7\u00e3o da cidadania fiscal, incentivando a participa\u00e7\u00e3o ativa dos consumidores e contribuindo para o desenvolvimento social e econ\u00f4mico do estado.<\/p>\n","protected":false},"excerpt":{"rendered":"<p>O Governo de Minas Gerais lan\u00e7ou um novo programa chamado Nota Fiscal Mineira (NFM), que visa incentivar os consumidores a solicitarem a nota fiscal em suas compras. O programa oferece pr\u00eamios em dinheiro que variam de R$ 100 a R$ 1 milh\u00e3o, como forma de estimular a cidadania fiscal e combater a sonega\u00e7\u00e3o de impostos. [&hellip;]<\/p>\n","protected":false},"author":12,"featured_media":39479,"comment_status":"open","ping_status":"open","sticky":false,"template":"","format":"standard","meta":{"jnews-multi-image_gallery":[],"jnews_single_post":{"format":"standard"},"jnews_primary_category":[],"jnews_social_meta":[],"jnews_override_counter":[],"footnotes":""},"categories":[29,1],"tags":[5003,2876,901,401],"class_list":["post-39477","post","type-post","status-publish","format-standard","has-post-thumbnail","hentry","category-entretenimento","category-noticias","tag-cidadania-fiscal","tag-impostos","tag-nota-fiscal","tag-sorteios"],"yoast_head":"<!-- This site is optimized with the Yoast SEO plugin v23.8 - https:\/\/yoast.com\/wordpress\/plugins\/seo\/ -->\n<title>Colocar o CPF na Nota pode render at\u00e9 R$ 1 milh\u00e3o para voc\u00ea - Estado de Minas - Em foco<\/title>\n<meta name=\"description\" content=\"Novo programa do governo de Minas d\u00e1 pr\u00eamios em dinheiro e incentiva o CPF na nota para fortalecer a cidadania fiscal.\" \/>\n<meta name=\"robots\" content=\"index, follow, max-snippet:-1, max-image-preview:large, max-video-preview:-1\" \/>\n<link rel=\"canonical\" href=\"https:\/\/www.em.com.br\/emfoco\/2025\/04\/19\/colocar-o-cpf-na-nota-pode-render-ate-r-1-milhao-para-voce\/\" \/>\n<meta property=\"og:locale\" content=\"pt_BR\" \/>\n<meta property=\"og:type\" content=\"article\" \/>\n<meta property=\"og:title\" content=\"Colocar o CPF na Nota pode render at\u00e9 R$ 1 milh\u00e3o para voc\u00ea - Estado de Minas - Em foco\" \/>\n<meta property=\"og:description\" content=\"Novo programa do governo de Minas d\u00e1 pr\u00eamios em dinheiro e incentiva o CPF na nota para fortalecer a cidadania fiscal.\" \/>\n<meta property=\"og:url\" content=\"https:\/\/www.em.com.br\/emfoco\/2025\/04\/19\/colocar-o-cpf-na-nota-pode-render-ate-r-1-milhao-para-voce\/\" \/>\n<meta property=\"og:site_name\" content=\"Estado de Minas - Em foco\" \/>\n<meta property=\"article:published_time\" content=\"2025-04-19T19:20:00+00:00\" \/>\n<meta property=\"article:modified_time\" content=\"2025-04-19T17:57:05+00:00\" \/>\n<meta property=\"og:image\" content=\"https:\/\/www.em.com.br\/emfoco\/wp-content\/uploads\/2025\/04\/1724420029-nota-fiscal-mineira-sorteos-brasil.webp\" \/>\n\t<meta property=\"og:image:width\" content=\"1280\" \/>\n\t<meta property=\"og:image:height\" content=\"720\" \/>\n\t<meta property=\"og:image:type\" content=\"image\/webp\" \/>\n<meta name=\"author\" content=\"Keren Ester\" \/>\n<meta name=\"twitter:card\" content=\"summary_large_image\" \/>\n<meta name=\"twitter:label1\" content=\"Escrito por\" \/>\n\t<meta name=\"twitter:data1\" content=\"Keren Ester\" \/>\n\t<meta name=\"twitter:label2\" content=\"Est. tempo de leitura\" \/>\n\t<meta name=\"twitter:data2\" content=\"4 minutos\" \/>\n<!-- \/ Yoast SEO plugin. -->","yoast_head_json":{"title":"Colocar o CPF na Nota pode render at\u00e9 R$ 1 milh\u00e3o para voc\u00ea - Estado de Minas - Em foco","description":"Novo programa do governo de Minas d\u00e1 pr\u00eamios em dinheiro e incentiva o CPF na nota para fortalecer a cidadania fiscal.","robots":{"index":"index","follow":"follow","max-snippet":"max-snippet:-1","max-image-preview":"max-image-preview:large","max-video-preview":"max-video-preview:-1"},"canonical":"https:\/\/www.em.com.br\/emfoco\/2025\/04\/19\/colocar-o-cpf-na-nota-pode-render-ate-r-1-milhao-para-voce\/","og_locale":"pt_BR","og_type":"article","og_title":"Colocar o CPF na Nota pode render at\u00e9 R$ 1 milh\u00e3o para voc\u00ea - Estado de Minas - Em foco","og_description":"Novo programa do governo de Minas d\u00e1 pr\u00eamios em dinheiro e incentiva o CPF na nota para fortalecer a cidadania fiscal.","og_url":"https:\/\/www.em.com.br\/emfoco\/2025\/04\/19\/colocar-o-cpf-na-nota-pode-render-ate-r-1-milhao-para-voce\/","og_site_name":"Estado de Minas - Em foco","article_published_time":"2025-04-19T19:20:00+00:00","article_modified_time":"2025-04-19T17:57:05+00:00","og_image":[{"width":1280,"height":720,"url":"https:\/\/www.em.com.br\/emfoco\/wp-content\/uploads\/2025\/04\/1724420029-nota-fiscal-mineira-sorteos-brasil.webp","type":"image\/webp"}],"author":"Keren Ester","twitter_card":"summary_large_image","twitter_misc":{"Escrito por":"Keren Ester","Est. tempo de leitura":"4 minutos"},"schema":{"@context":"https:\/\/schema.org","@graph":[{"@type":"WebPage","@id":"https:\/\/www.em.com.br\/emfoco\/2025\/04\/19\/colocar-o-cpf-na-nota-pode-render-ate-r-1-milhao-para-voce\/","url":"https:\/\/www.em.com.br\/emfoco\/2025\/04\/19\/colocar-o-cpf-na-nota-pode-render-ate-r-1-milhao-para-voce\/","name":"Colocar o CPF na Nota pode render at\u00e9 R$ 1 milh\u00e3o para voc\u00ea - Estado de Minas - Em foco","isPartOf":{"@id":"https:\/\/www.em.com.br\/emfoco\/#website"},"primaryImageOfPage":{"@id":"https:\/\/www.em.com.br\/emfoco\/2025\/04\/19\/colocar-o-cpf-na-nota-pode-render-ate-r-1-milhao-para-voce\/#primaryimage"},"image":{"@id":"https:\/\/www.em.com.br\/emfoco\/2025\/04\/19\/colocar-o-cpf-na-nota-pode-render-ate-r-1-milhao-para-voce\/#primaryimage"},"thumbnailUrl":"https:\/\/www.em.com.br\/emfoco\/wp-content\/uploads\/2025\/04\/1724420029-nota-fiscal-mineira-sorteos-brasil.webp","datePublished":"2025-04-19T19:20:00+00:00","dateModified":"2025-04-19T17:57:05+00:00","author":{"@id":"https:\/\/www.em.com.br\/emfoco\/#\/schema\/person\/2e06e19826e476d778787245c8ef334d"},"description":"Novo programa do governo de Minas d\u00e1 pr\u00eamios em dinheiro e incentiva o CPF na nota para fortalecer a cidadania fiscal.","breadcrumb":{"@id":"https:\/\/www.em.com.br\/emfoco\/2025\/04\/19\/colocar-o-cpf-na-nota-pode-render-ate-r-1-milhao-para-voce\/#breadcrumb"},"inLanguage":"pt-BR","potentialAction":[{"@type":"ReadAction","target":["https:\/\/www.em.com.br\/emfoco\/2025\/04\/19\/colocar-o-cpf-na-nota-pode-render-ate-r-1-milhao-para-voce\/"]}]},{"@type":"ImageObject","inLanguage":"pt-BR","@id":"https:\/\/www.em.com.br\/emfoco\/2025\/04\/19\/colocar-o-cpf-na-nota-pode-render-ate-r-1-milhao-para-voce\/#primaryimage","url":"https:\/\/www.em.com.br\/emfoco\/wp-content\/uploads\/2025\/04\/1724420029-nota-fiscal-mineira-sorteos-brasil.webp","contentUrl":"https:\/\/www.em.com.br\/emfoco\/wp-content\/uploads\/2025\/04\/1724420029-nota-fiscal-mineira-sorteos-brasil.webp","width":1280,"height":720,"caption":"Aplicativo Nota Fiscal Mineira-cr\u00e9dito: SEF-MG \/ Divulga\u00e7\u00e3o"},{"@type":"BreadcrumbList","@id":"https:\/\/www.em.com.br\/emfoco\/2025\/04\/19\/colocar-o-cpf-na-nota-pode-render-ate-r-1-milhao-para-voce\/#breadcrumb","itemListElement":[{"@type":"ListItem","position":1,"name":"In\u00edcio","item":"https:\/\/www.em.com.br\/emfoco\/"},{"@type":"ListItem","position":2,"name":"Colocar o CPF na Nota pode render at\u00e9 R$ 1 milh\u00e3o para voc\u00ea"}]},{"@type":"WebSite","@id":"https:\/\/www.em.com.br\/emfoco\/#website","url":"https:\/\/www.em.com.br\/emfoco\/","name":"Estado de Minas - Em foco","description":"Acompanhe as \u00faltimas not\u00edcias e fique bem informado sobre tudo o que acontece em Minas Gerais, Brasil e no mundo.","potentialAction":[{"@type":"SearchAction","target":{"@type":"EntryPoint","urlTemplate":"https:\/\/www.em.com.br\/emfoco\/?s={search_term_string}"},"query-input":{"@type":"PropertyValueSpecification","valueRequired":true,"valueName":"search_term_string"}}],"inLanguage":"pt-BR"},{"@type":"Person","@id":"https:\/\/www.em.com.br\/emfoco\/#\/schema\/person\/2e06e19826e476d778787245c8ef334d","name":"Keren Ester","image":{"@type":"ImageObject","inLanguage":"pt-BR","@id":"https:\/\/www.em.com.br\/emfoco\/#\/schema\/person\/image\/","url":"https:\/\/secure.gravatar.com\/avatar\/b3d0f2b934f7fab59c611ea63b5cf4b1?s=96&d=mm&r=g","contentUrl":"https:\/\/secure.gravatar.com\/avatar\/b3d0f2b934f7fab59c611ea63b5cf4b1?s=96&d=mm&r=g","caption":"Keren Ester"},"url":"https:\/\/www.em.com.br\/emfoco\/author\/kerenmyth\/"}]}},"_links":{"self":[{"href":"https:\/\/www.em.com.br\/emfoco\/wp-json\/wp\/v2\/posts\/39477","targetHints":{"allow":["GET"]}}],"collection":[{"href":"https:\/\/www.em.com.br\/emfoco\/wp-json\/wp\/v2\/posts"}],"about":[{"href":"https:\/\/www.em.com.br\/emfoco\/wp-json\/wp\/v2\/types\/post"}],"author":[{"embeddable":true,"href":"https:\/\/www.em.com.br\/emfoco\/wp-json\/wp\/v2\/users\/12"}],"replies":[{"embeddable":true,"href":"https:\/\/www.em.com.br\/emfoco\/wp-json\/wp\/v2\/comments?post=39477"}],"version-history":[{"count":3,"href":"https:\/\/www.em.com.br\/emfoco\/wp-json\/wp\/v2\/posts\/39477\/revisions"}],"predecessor-version":[{"id":39918,"href":"https:\/\/www.em.com.br\/emfoco\/wp-json\/wp\/v2\/posts\/39477\/revisions\/39918"}],"wp:featuredmedia":[{"embeddable":true,"href":"https:\/\/www.em.com.br\/emfoco\/wp-json\/wp\/v2\/media\/39479"}],"wp:attachment":[{"href":"https:\/\/www.em.com.br\/emfoco\/wp-json\/wp\/v2\/media?parent=39477"}],"wp:term":[{"taxonomy":"category","embeddable":true,"href":"https:\/\/www.em.com.br\/emfoco\/wp-json\/wp\/v2\/categories?post=39477"},{"taxonomy":"post_tag","embeddable":true,"href":"https:\/\/www.em.com.br\/emfoco\/wp-json\/wp\/v2\/tags?post=39477"}],"curies":[{"name":"wp","href":"https:\/\/api.w.org\/{rel}","templated":true}]}}