{"id":39447,"date":"2025-04-19T06:40:00","date_gmt":"2025-04-19T09:40:00","guid":{"rendered":"https:\/\/www.em.com.br\/emfoco\/?p=39447"},"modified":"2025-04-18T16:14:56","modified_gmt":"2025-04-18T19:14:56","slug":"voce-conhece-todos-os-beneficios-do-cafe-prepare-se-para-se-surpreender","status":"publish","type":"post","link":"https:\/\/www.em.com.br\/emfoco\/2025\/04\/19\/voce-conhece-todos-os-beneficios-do-cafe-prepare-se-para-se-surpreender\/","title":{"rendered":"Voc\u00ea conhece todos os benef\u00edcios do caf\u00e9? Prepare-se para se surpreender"},"content":{"rendered":"\n<p>Os efeitos da <a href=\"https:\/\/www.em.com.br\/emfoco\/2025\/03\/08\/o-perigo-invisivel-da-cafeina-na-gravidez-que-preocupa-medicos\/\" target=\"_blank\" rel=\"noreferrer noopener\">cafe\u00edna <\/a>podem ser sentidos cerca de 15 minutos ap\u00f3s o consumo e podem durar de duas a seis horas, dependendo da sensibilidade individual e da quantidade ingerida. Durante esse per\u00edodo, a pessoa pode experimentar um aumento na capacidade de concentra\u00e7\u00e3o e uma redu\u00e7\u00e3o na sensa\u00e7\u00e3o de cansa\u00e7o.<\/p>\n\n\n\n<p>Compreender o tempo de perman\u00eancia da cafe\u00edna no organismo ajuda indiv\u00edduos em diferentes regimes de trabalho a planejar suas horas mais produtivas, buscando consumir a bebida nos momentos que realmente necessitam de foco e energia mental. Este planejamento \u00e9 essencial para maximizar os benef\u00edcios e minimizar os per\u00edodos de cansa\u00e7o ao longo do dia.<\/p>\n\n\n\n<h2 class=\"wp-block-heading\">Os riscos do consumo excessivo de caf\u00e9<\/h2>\n\n\n\n<p>Embora o <a href=\"https:\/\/baggiocafe.com.br\/blogs\/espresso-a-dois\/tudo-sobre-cafe?srsltid=AfmBOoqe9z2VmbmODrxHnVZv2UrYrrXUY9dBZOkJDH7U8hN_w_VURCCn\" target=\"_blank\" rel=\"noreferrer noopener\">caf\u00e9 <\/a>ofere\u00e7a v\u00e1rios benef\u00edcios, o consumo excessivo pode levar a efeitos indesejados, como ins\u00f4nia, nervosismo e aumento da frequ\u00eancia card\u00edaca. A ingest\u00e3o de grandes quantidades de cafe\u00edna pode sobrecarregar o sistema nervoso, causando ansiedade e irritabilidade.<\/p>\n\n\n\n<p>Especialistas recomendam que adultos saud\u00e1veis limitem o consumo a cerca de 400 mg de cafe\u00edna por dia, o equivalente a quatro x\u00edcaras de caf\u00e9. Essa quantidade \u00e9 considerada segura para a maioria das pessoas, evitando os efeitos negativos associados ao excesso.<\/p>\n\n\n\n<h2 class=\"wp-block-heading\">Como limitar a ingest\u00e3o de cafe\u00edna?<\/h2>\n\n\n\n<figure class=\"wp-block-image size-large\"><img loading=\"lazy\" decoding=\"async\" width=\"1024\" height=\"576\" src=\"https:\/\/www.em.com.br\/emfoco\/wp-content\/uploads\/2025\/04\/cafe_1744926061360-1024x576.jpg\" alt=\"\" class=\"wp-image-39450\" srcset=\"https:\/\/www.em.com.br\/emfoco\/wp-content\/uploads\/2025\/04\/cafe_1744926061360-1024x576.jpg 1024w, https:\/\/www.em.com.br\/emfoco\/wp-content\/uploads\/2025\/04\/cafe_1744926061360-300x169.jpg 300w, https:\/\/www.em.com.br\/emfoco\/wp-content\/uploads\/2025\/04\/cafe_1744926061360-768x432.jpg 768w, https:\/\/www.em.com.br\/emfoco\/wp-content\/uploads\/2025\/04\/cafe_1744926061360-750x422.jpg 750w, https:\/\/www.em.com.br\/emfoco\/wp-content\/uploads\/2025\/04\/cafe_1744926061360-1140x641.jpg 1140w, https:\/\/www.em.com.br\/emfoco\/wp-content\/uploads\/2025\/04\/cafe_1744926061360.jpg 1280w\" sizes=\"auto, (max-width: 1024px) 100vw, 1024px\" \/><figcaption class=\"wp-element-caption\">Caf\u00e9-Cr\u00e9ditos: depositphotos.com \/ Valentyn_Volkov<\/figcaption><\/figure>\n\n\n\n<p>Para aqueles que desejam reduzir a ingest\u00e3o de cafe\u00edna, \u00e9 importante monitorar o consumo di\u00e1rio de caf\u00e9 e outras fontes de cafe\u00edna, como ch\u00e1s e refrigerantes. Optar por vers\u00f5es descafeinadas ou reduzir gradualmente a quantidade de caf\u00e9 consumida pode ajudar a evitar sintomas de abstin\u00eancia.<\/p>\n\n\n\n<p>O uso de alternativas como ch\u00e1s de ervas, que n\u00e3o t\u00eam cafe\u00edna, pode ser uma solu\u00e7\u00e3o eficaz para aqueles que buscam manter o ritual e o prazer de uma bebida quente sem superestimular o sistema nervoso. Essas op\u00e7\u00f5es oferecem o conforto de um momento de descanso sem os efeitos colaterais do excesso de cafe\u00edna.<\/p>\n\n\n\n<h2 class=\"wp-block-heading\">O caf\u00e9 e a cultura global<\/h2>\n\n\n\n<p>O caf\u00e9 n\u00e3o \u00e9 apenas uma bebida, mas tamb\u00e9m um elemento cultural importante em muitas sociedades. Cafeterias s\u00e3o pontos de encontro onde as pessoas se re\u00fanem para conversar e relaxar. O ato de tomar caf\u00e9 \u00e9 muitas vezes incorporado em encontros sociais, reuni\u00f5es de neg\u00f3cios e como um elo que une diferentes culturas e tradi\u00e7\u00f5es.<\/p>\n\n\n\n<p>Apesar das varia\u00e7\u00f5es culturais, o caf\u00e9 continua a ser uma bebida universal que conecta pessoas ao redor do mundo. Seu papel na promo\u00e7\u00e3o da concentra\u00e7\u00e3o e na redu\u00e7\u00e3o da fadiga garante que ele permane\u00e7a um componente essencial da vida moderna.<\/p>\n","protected":false},"excerpt":{"rendered":"<p>Os efeitos da cafe\u00edna podem ser sentidos cerca de 15 minutos ap\u00f3s o consumo e podem durar de duas a seis horas, dependendo da sensibilidade individual e da quantidade ingerida. Durante esse per\u00edodo, a pessoa pode experimentar um aumento na capacidade de concentra\u00e7\u00e3o e uma redu\u00e7\u00e3o na sensa\u00e7\u00e3o de cansa\u00e7o. Compreender o tempo de perman\u00eancia [&hellip;]<\/p>\n","protected":false},"author":12,"featured_media":39449,"comment_status":"open","ping_status":"open","sticky":false,"template":"","format":"standard","meta":{"jnews-multi-image_gallery":[],"jnews_single_post":{"format":"standard"},"jnews_primary_category":[],"jnews_social_meta":[],"jnews_override_counter":[],"footnotes":""},"categories":[29],"tags":[1579,7665,7666,415],"class_list":["post-39447","post","type-post","status-publish","format-standard","has-post-thumbnail","hentry","category-entretenimento","tag-cafe","tag-concentracao","tag-estimulante","tag-saude"],"yoast_head":"<!-- This site is optimized with the Yoast SEO plugin v23.8 - https:\/\/yoast.com\/wordpress\/plugins\/seo\/ -->\n<title>Voc\u00ea conhece todos os benef\u00edcios do caf\u00e9? Prepare-se para se surpreender - Estado de Minas - Em foco<\/title>\n<meta name=\"description\" content=\"Entenda quanto tempo a cafe\u00edna permanece no organismo, os efeitos do excesso de caf\u00e9 e como manter o equil\u00edbrio no consumo di\u00e1rio.\" \/>\n<meta name=\"robots\" content=\"index, follow, max-snippet:-1, max-image-preview:large, max-video-preview:-1\" \/>\n<link rel=\"canonical\" href=\"https:\/\/www.em.com.br\/emfoco\/2025\/04\/19\/voce-conhece-todos-os-beneficios-do-cafe-prepare-se-para-se-surpreender\/\" \/>\n<meta property=\"og:locale\" content=\"pt_BR\" \/>\n<meta property=\"og:type\" content=\"article\" \/>\n<meta property=\"og:title\" content=\"Voc\u00ea conhece todos os benef\u00edcios do caf\u00e9? Prepare-se para se surpreender - Estado de Minas - Em foco\" \/>\n<meta property=\"og:description\" content=\"Entenda quanto tempo a cafe\u00edna permanece no organismo, os efeitos do excesso de caf\u00e9 e como manter o equil\u00edbrio no consumo di\u00e1rio.\" \/>\n<meta property=\"og:url\" content=\"https:\/\/www.em.com.br\/emfoco\/2025\/04\/19\/voce-conhece-todos-os-beneficios-do-cafe-prepare-se-para-se-surpreender\/\" \/>\n<meta property=\"og:site_name\" content=\"Estado de Minas - Em foco\" \/>\n<meta property=\"article:published_time\" content=\"2025-04-19T09:40:00+00:00\" \/>\n<meta property=\"article:modified_time\" content=\"2025-04-18T19:14:56+00:00\" \/>\n<meta property=\"og:image\" content=\"https:\/\/www.em.com.br\/emfoco\/wp-content\/uploads\/2025\/04\/cafe_1744925450497.jpg\" \/>\n\t<meta property=\"og:image:width\" content=\"1280\" \/>\n\t<meta property=\"og:image:height\" content=\"720\" \/>\n\t<meta property=\"og:image:type\" content=\"image\/jpeg\" \/>\n<meta name=\"author\" content=\"Keren Ester\" \/>\n<meta name=\"twitter:card\" content=\"summary_large_image\" \/>\n<meta name=\"twitter:label1\" content=\"Escrito por\" \/>\n\t<meta name=\"twitter:data1\" content=\"Keren Ester\" \/>\n\t<meta name=\"twitter:label2\" content=\"Est. tempo de leitura\" \/>\n\t<meta name=\"twitter:data2\" content=\"1 minuto\" \/>\n<!-- \/ Yoast SEO plugin. -->","yoast_head_json":{"title":"Voc\u00ea conhece todos os benef\u00edcios do caf\u00e9? Prepare-se para se surpreender - Estado de Minas - Em foco","description":"Entenda quanto tempo a cafe\u00edna permanece no organismo, os efeitos do excesso de caf\u00e9 e como manter o equil\u00edbrio no consumo di\u00e1rio.","robots":{"index":"index","follow":"follow","max-snippet":"max-snippet:-1","max-image-preview":"max-image-preview:large","max-video-preview":"max-video-preview:-1"},"canonical":"https:\/\/www.em.com.br\/emfoco\/2025\/04\/19\/voce-conhece-todos-os-beneficios-do-cafe-prepare-se-para-se-surpreender\/","og_locale":"pt_BR","og_type":"article","og_title":"Voc\u00ea conhece todos os benef\u00edcios do caf\u00e9? Prepare-se para se surpreender - Estado de Minas - Em foco","og_description":"Entenda quanto tempo a cafe\u00edna permanece no organismo, os efeitos do excesso de caf\u00e9 e como manter o equil\u00edbrio no consumo di\u00e1rio.","og_url":"https:\/\/www.em.com.br\/emfoco\/2025\/04\/19\/voce-conhece-todos-os-beneficios-do-cafe-prepare-se-para-se-surpreender\/","og_site_name":"Estado de Minas - Em foco","article_published_time":"2025-04-19T09:40:00+00:00","article_modified_time":"2025-04-18T19:14:56+00:00","og_image":[{"width":1280,"height":720,"url":"https:\/\/www.em.com.br\/emfoco\/wp-content\/uploads\/2025\/04\/cafe_1744925450497.jpg","type":"image\/jpeg"}],"author":"Keren Ester","twitter_card":"summary_large_image","twitter_misc":{"Escrito por":"Keren Ester","Est. tempo de leitura":"1 minuto"},"schema":{"@context":"https:\/\/schema.org","@graph":[{"@type":"WebPage","@id":"https:\/\/www.em.com.br\/emfoco\/2025\/04\/19\/voce-conhece-todos-os-beneficios-do-cafe-prepare-se-para-se-surpreender\/","url":"https:\/\/www.em.com.br\/emfoco\/2025\/04\/19\/voce-conhece-todos-os-beneficios-do-cafe-prepare-se-para-se-surpreender\/","name":"Voc\u00ea conhece todos os benef\u00edcios do caf\u00e9? Prepare-se para se surpreender - Estado de Minas - Em foco","isPartOf":{"@id":"https:\/\/www.em.com.br\/emfoco\/#website"},"primaryImageOfPage":{"@id":"https:\/\/www.em.com.br\/emfoco\/2025\/04\/19\/voce-conhece-todos-os-beneficios-do-cafe-prepare-se-para-se-surpreender\/#primaryimage"},"image":{"@id":"https:\/\/www.em.com.br\/emfoco\/2025\/04\/19\/voce-conhece-todos-os-beneficios-do-cafe-prepare-se-para-se-surpreender\/#primaryimage"},"thumbnailUrl":"https:\/\/www.em.com.br\/emfoco\/wp-content\/uploads\/2025\/04\/cafe_1744925450497.jpg","datePublished":"2025-04-19T09:40:00+00:00","dateModified":"2025-04-18T19:14:56+00:00","author":{"@id":"https:\/\/www.em.com.br\/emfoco\/#\/schema\/person\/2e06e19826e476d778787245c8ef334d"},"description":"Entenda quanto tempo a cafe\u00edna permanece no organismo, os efeitos do excesso de caf\u00e9 e como manter o equil\u00edbrio no consumo di\u00e1rio.","breadcrumb":{"@id":"https:\/\/www.em.com.br\/emfoco\/2025\/04\/19\/voce-conhece-todos-os-beneficios-do-cafe-prepare-se-para-se-surpreender\/#breadcrumb"},"inLanguage":"pt-BR","potentialAction":[{"@type":"ReadAction","target":["https:\/\/www.em.com.br\/emfoco\/2025\/04\/19\/voce-conhece-todos-os-beneficios-do-cafe-prepare-se-para-se-surpreender\/"]}]},{"@type":"ImageObject","inLanguage":"pt-BR","@id":"https:\/\/www.em.com.br\/emfoco\/2025\/04\/19\/voce-conhece-todos-os-beneficios-do-cafe-prepare-se-para-se-surpreender\/#primaryimage","url":"https:\/\/www.em.com.br\/emfoco\/wp-content\/uploads\/2025\/04\/cafe_1744925450497.jpg","contentUrl":"https:\/\/www.em.com.br\/emfoco\/wp-content\/uploads\/2025\/04\/cafe_1744925450497.jpg","width":1280,"height":720,"caption":"Gr\u00e3os de caf\u00e9-Cr\u00e9ditos: depositphotos.com \/ wideonet"},{"@type":"BreadcrumbList","@id":"https:\/\/www.em.com.br\/emfoco\/2025\/04\/19\/voce-conhece-todos-os-beneficios-do-cafe-prepare-se-para-se-surpreender\/#breadcrumb","itemListElement":[{"@type":"ListItem","position":1,"name":"In\u00edcio","item":"https:\/\/www.em.com.br\/emfoco\/"},{"@type":"ListItem","position":2,"name":"Voc\u00ea conhece todos os benef\u00edcios do caf\u00e9? Prepare-se para se surpreender"}]},{"@type":"WebSite","@id":"https:\/\/www.em.com.br\/emfoco\/#website","url":"https:\/\/www.em.com.br\/emfoco\/","name":"Estado de Minas - Em foco","description":"Acompanhe as \u00faltimas not\u00edcias e fique bem informado sobre tudo o que acontece em Minas Gerais, Brasil e no mundo.","potentialAction":[{"@type":"SearchAction","target":{"@type":"EntryPoint","urlTemplate":"https:\/\/www.em.com.br\/emfoco\/?s={search_term_string}"},"query-input":{"@type":"PropertyValueSpecification","valueRequired":true,"valueName":"search_term_string"}}],"inLanguage":"pt-BR"},{"@type":"Person","@id":"https:\/\/www.em.com.br\/emfoco\/#\/schema\/person\/2e06e19826e476d778787245c8ef334d","name":"Keren Ester","image":{"@type":"ImageObject","inLanguage":"pt-BR","@id":"https:\/\/www.em.com.br\/emfoco\/#\/schema\/person\/image\/","url":"https:\/\/secure.gravatar.com\/avatar\/b3d0f2b934f7fab59c611ea63b5cf4b1?s=96&d=mm&r=g","contentUrl":"https:\/\/secure.gravatar.com\/avatar\/b3d0f2b934f7fab59c611ea63b5cf4b1?s=96&d=mm&r=g","caption":"Keren Ester"},"url":"https:\/\/www.em.com.br\/emfoco\/author\/kerenmyth\/"}]}},"_links":{"self":[{"href":"https:\/\/www.em.com.br\/emfoco\/wp-json\/wp\/v2\/posts\/39447","targetHints":{"allow":["GET"]}}],"collection":[{"href":"https:\/\/www.em.com.br\/emfoco\/wp-json\/wp\/v2\/posts"}],"about":[{"href":"https:\/\/www.em.com.br\/emfoco\/wp-json\/wp\/v2\/types\/post"}],"author":[{"embeddable":true,"href":"https:\/\/www.em.com.br\/emfoco\/wp-json\/wp\/v2\/users\/12"}],"replies":[{"embeddable":true,"href":"https:\/\/www.em.com.br\/emfoco\/wp-json\/wp\/v2\/comments?post=39447"}],"version-history":[{"count":2,"href":"https:\/\/www.em.com.br\/emfoco\/wp-json\/wp\/v2\/posts\/39447\/revisions"}],"predecessor-version":[{"id":39452,"href":"https:\/\/www.em.com.br\/emfoco\/wp-json\/wp\/v2\/posts\/39447\/revisions\/39452"}],"wp:featuredmedia":[{"embeddable":true,"href":"https:\/\/www.em.com.br\/emfoco\/wp-json\/wp\/v2\/media\/39449"}],"wp:attachment":[{"href":"https:\/\/www.em.com.br\/emfoco\/wp-json\/wp\/v2\/media?parent=39447"}],"wp:term":[{"taxonomy":"category","embeddable":true,"href":"https:\/\/www.em.com.br\/emfoco\/wp-json\/wp\/v2\/categories?post=39447"},{"taxonomy":"post_tag","embeddable":true,"href":"https:\/\/www.em.com.br\/emfoco\/wp-json\/wp\/v2\/tags?post=39447"}],"curies":[{"name":"wp","href":"https:\/\/api.w.org\/{rel}","templated":true}]}}