{"id":39356,"date":"2025-04-18T20:20:00","date_gmt":"2025-04-18T23:20:00","guid":{"rendered":"https:\/\/www.em.com.br\/emfoco\/?p=39356"},"modified":"2025-04-17T15:12:53","modified_gmt":"2025-04-17T18:12:53","slug":"inss-acelera-concessao-de-beneficios-com-programa-de-bonus-de-produtividade-entenda","status":"publish","type":"post","link":"https:\/\/www.em.com.br\/emfoco\/2025\/04\/18\/inss-acelera-concessao-de-beneficios-com-programa-de-bonus-de-produtividade-entenda\/","title":{"rendered":"INSS acelera concess\u00e3o de benef\u00edcios com programa de b\u00f4nus de produtividade! Entenda"},"content":{"rendered":"\n<p>Em resposta ao aumento nas solicita\u00e7\u00f5es pendentes no <strong><a href=\"https:\/\/www.gov.br\/inss\/pt-br\" target=\"_blank\" rel=\"noreferrer noopener\">Instituto Nacional do Seguro Social (INSS)<\/a><\/strong>, o governo brasileiro introduziu uma medida provis\u00f3ria com o objetivo de acelerar a an\u00e1lise de benef\u00edcios previdenci\u00e1rios e assistenciais. Em 2024, a fila de espera ultrapassou dois milh\u00f5es de pessoas, o que levou \u00e0 cria\u00e7\u00e3o de um programa de b\u00f4nus de produtividade para servidores e peritos m\u00e9dicos federais.<\/p>\n\n\n\n<h2 class=\"wp-block-heading\">B\u00f4nus de produtividade: o que est\u00e1 em jogo?<\/h2>\n\n\n\n<p>O programa, assinado pelo presidente <strong>Luiz In\u00e1cio Lula da Silva<\/strong>, visa acelerar o processo de concess\u00e3o de benef\u00edcios, oferecendo incentivos financeiros para cada processo conclu\u00eddo. Servidores do INSS receber\u00e3o R$ 68 por processo finalizado, enquanto peritos m\u00e9dicos federais ter\u00e3o R$ 75. Com isso, o governo espera n\u00e3o apenas motivar os profissionais, mas tamb\u00e9m melhorar a efici\u00eancia do sistema de atendimento.<\/p>\n\n\n\n<h2 class=\"wp-block-heading\">Crit\u00e9rios e elegibilidade para o programa<\/h2>\n\n\n\n<p>O b\u00f4nus ser\u00e1 concedido a processos que j\u00e1 ultrapassaram 45 dias sem an\u00e1lise inicial ou que n\u00e3o cumpriram prazos judiciais. Tamb\u00e9m se aplica a avalia\u00e7\u00f5es para o <strong><a href=\"https:\/\/www.em.com.br\/emfoco\/2025\/04\/16\/esta-preparado-para-o-pagamento-do-bpc-confira-o-que-vai-mudar-em-abril\/\" target=\"_blank\" rel=\"noreferrer noopener\">Benef\u00edcio de Presta\u00e7\u00e3o Continuada (BPC)<\/a><\/strong>, que atende idosos de baixa renda e pessoas com defici\u00eancia. Para as per\u00edcias, o b\u00f4nus ser\u00e1 destinado a casos em que o servi\u00e7o n\u00e3o \u00e9 oferecido regularmente ou quando o agendamento ultrapassa 30 dias.<\/p>\n\n\n\n<figure class=\"wp-block-image\"><img decoding=\"async\" src=\"https:\/\/www.em.com.br\/emfoco\/wp-content\/uploads\/2025\/03\/inss_1741449260760-1024x576.jpg\" alt=\"\"\/><figcaption class=\"wp-element-caption\">App INSS &#8211; Cr\u00e9ditos: depositphotos.com \/ rmcarvalhobsb<\/figcaption><\/figure>\n\n\n\n<h2 class=\"wp-block-heading\">Regras de exclus\u00e3o e prioridades<\/h2>\n\n\n\n<p>O programa n\u00e3o contempla servidores ou peritos que participem de greves ou estejam compensando horas n\u00e3o trabalhadas. A regulamenta\u00e7\u00e3o das metas e a defini\u00e7\u00e3o de prioridades para an\u00e1lise dos processos ser\u00e1 feita pela<strong> Casa Civil<\/strong> e pelos <strong>Minist\u00e9rios da Previd\u00eancia e de Gest\u00e3o e Inova\u00e7\u00e3o em Servi\u00e7os P\u00fablico<\/strong>s.<\/p>\n\n\n\n<h2 class=\"wp-block-heading\">Expectativas e impacto financeiro<\/h2>\n\n\n\n<p>Embora o governo ainda n\u00e3o tenha divulgado o impacto financeiro detalhado, um programa similar em 2023 gerou um impacto de R$ 129 milh\u00f5es ap\u00f3s se tornar lei. A medida provis\u00f3ria tem dura\u00e7\u00e3o inicial de 12 meses, com possibilidade de prorroga\u00e7\u00e3o por mais um ano, e depende da aprova\u00e7\u00e3o do Congresso dentro de 60 dias.<\/p>\n\n\n\n<p>Com essa a\u00e7\u00e3o, o governo espera n\u00e3o apenas reduzir a fila de espera, mas tamb\u00e9m assegurar que os cidad\u00e3os recebam o suporte necess\u00e1rio de forma mais \u00e1gil.<\/p>\n","protected":false},"excerpt":{"rendered":"<p>Em resposta ao aumento nas solicita\u00e7\u00f5es pendentes no Instituto Nacional do Seguro Social (INSS), o governo brasileiro introduziu uma medida provis\u00f3ria com o objetivo de acelerar a an\u00e1lise de benef\u00edcios previdenci\u00e1rios e assistenciais. Em 2024, a fila de espera ultrapassou dois milh\u00f5es de pessoas, o que levou \u00e0 cria\u00e7\u00e3o de um programa de b\u00f4nus de [&hellip;]<\/p>\n","protected":false},"author":11,"featured_media":26988,"comment_status":"open","ping_status":"open","sticky":false,"template":"","format":"standard","meta":{"jnews-multi-image_gallery":[],"jnews_single_post":{"format":"standard"},"jnews_primary_category":[],"jnews_social_meta":[],"jnews_override_counter":[],"footnotes":""},"categories":[28,1],"tags":[174,7323,1390],"class_list":["post-39356","post","type-post","status-publish","format-standard","has-post-thumbnail","hentry","category-economia","category-noticias","tag-inss","tag-inss-2025","tag-pagamentos-inss"],"yoast_head":"<!-- This site is optimized with the Yoast SEO plugin v23.8 - https:\/\/yoast.com\/wordpress\/plugins\/seo\/ -->\n<title>INSS acelera concess\u00e3o de benef\u00edcios com programa de b\u00f4nus de produtividade! Entenda - Estado de Minas - Em foco<\/title>\n<meta name=\"description\" content=\"Para enfrentar a fila de dois milh\u00f5es de benef\u00edcios, o INSS introduziu um programa de b\u00f4nus para seus servidores e peritos. Veja mais!\" \/>\n<meta name=\"robots\" content=\"index, follow, max-snippet:-1, max-image-preview:large, max-video-preview:-1\" \/>\n<link rel=\"canonical\" href=\"https:\/\/www.em.com.br\/emfoco\/2025\/04\/18\/inss-acelera-concessao-de-beneficios-com-programa-de-bonus-de-produtividade-entenda\/\" \/>\n<meta property=\"og:locale\" content=\"pt_BR\" \/>\n<meta property=\"og:type\" content=\"article\" \/>\n<meta property=\"og:title\" content=\"INSS acelera concess\u00e3o de benef\u00edcios com programa de b\u00f4nus de produtividade! Entenda - Estado de Minas - Em foco\" \/>\n<meta property=\"og:description\" content=\"Para enfrentar a fila de dois milh\u00f5es de benef\u00edcios, o INSS introduziu um programa de b\u00f4nus para seus servidores e peritos. Veja mais!\" \/>\n<meta property=\"og:url\" content=\"https:\/\/www.em.com.br\/emfoco\/2025\/04\/18\/inss-acelera-concessao-de-beneficios-com-programa-de-bonus-de-produtividade-entenda\/\" \/>\n<meta property=\"og:site_name\" content=\"Estado de Minas - Em foco\" \/>\n<meta property=\"article:published_time\" content=\"2025-04-18T23:20:00+00:00\" \/>\n<meta property=\"article:modified_time\" content=\"2025-04-17T18:12:53+00:00\" \/>\n<meta property=\"og:image\" content=\"https:\/\/www.em.com.br\/emfoco\/wp-content\/uploads\/2025\/03\/INSS.jpg\" \/>\n\t<meta property=\"og:image:width\" content=\"1280\" \/>\n\t<meta property=\"og:image:height\" content=\"720\" \/>\n\t<meta property=\"og:image:type\" content=\"image\/jpeg\" \/>\n<meta name=\"author\" content=\"Andre\u0301 Rangel\u00a0\" \/>\n<meta name=\"twitter:card\" content=\"summary_large_image\" \/>\n<meta name=\"twitter:label1\" content=\"Escrito por\" \/>\n\t<meta name=\"twitter:data1\" content=\"Andre\u0301 Rangel\u00a0\" \/>\n\t<meta name=\"twitter:label2\" content=\"Est. tempo de leitura\" \/>\n\t<meta name=\"twitter:data2\" content=\"3 minutos\" \/>\n<!-- \/ Yoast SEO plugin. -->","yoast_head_json":{"title":"INSS acelera concess\u00e3o de benef\u00edcios com programa de b\u00f4nus de produtividade! Entenda - Estado de Minas - Em foco","description":"Para enfrentar a fila de dois milh\u00f5es de benef\u00edcios, o INSS introduziu um programa de b\u00f4nus para seus servidores e peritos. Veja mais!","robots":{"index":"index","follow":"follow","max-snippet":"max-snippet:-1","max-image-preview":"max-image-preview:large","max-video-preview":"max-video-preview:-1"},"canonical":"https:\/\/www.em.com.br\/emfoco\/2025\/04\/18\/inss-acelera-concessao-de-beneficios-com-programa-de-bonus-de-produtividade-entenda\/","og_locale":"pt_BR","og_type":"article","og_title":"INSS acelera concess\u00e3o de benef\u00edcios com programa de b\u00f4nus de produtividade! Entenda - Estado de Minas - Em foco","og_description":"Para enfrentar a fila de dois milh\u00f5es de benef\u00edcios, o INSS introduziu um programa de b\u00f4nus para seus servidores e peritos. Veja mais!","og_url":"https:\/\/www.em.com.br\/emfoco\/2025\/04\/18\/inss-acelera-concessao-de-beneficios-com-programa-de-bonus-de-produtividade-entenda\/","og_site_name":"Estado de Minas - Em foco","article_published_time":"2025-04-18T23:20:00+00:00","article_modified_time":"2025-04-17T18:12:53+00:00","og_image":[{"width":1280,"height":720,"url":"https:\/\/www.em.com.br\/emfoco\/wp-content\/uploads\/2025\/03\/INSS.jpg","type":"image\/jpeg"}],"author":"Andre\u0301 Rangel\u00a0","twitter_card":"summary_large_image","twitter_misc":{"Escrito por":"Andre\u0301 Rangel\u00a0","Est. tempo de leitura":"3 minutos"},"schema":{"@context":"https:\/\/schema.org","@graph":[{"@type":"WebPage","@id":"https:\/\/www.em.com.br\/emfoco\/2025\/04\/18\/inss-acelera-concessao-de-beneficios-com-programa-de-bonus-de-produtividade-entenda\/","url":"https:\/\/www.em.com.br\/emfoco\/2025\/04\/18\/inss-acelera-concessao-de-beneficios-com-programa-de-bonus-de-produtividade-entenda\/","name":"INSS acelera concess\u00e3o de benef\u00edcios com programa de b\u00f4nus de produtividade! Entenda - Estado de Minas - Em foco","isPartOf":{"@id":"https:\/\/www.em.com.br\/emfoco\/#website"},"primaryImageOfPage":{"@id":"https:\/\/www.em.com.br\/emfoco\/2025\/04\/18\/inss-acelera-concessao-de-beneficios-com-programa-de-bonus-de-produtividade-entenda\/#primaryimage"},"image":{"@id":"https:\/\/www.em.com.br\/emfoco\/2025\/04\/18\/inss-acelera-concessao-de-beneficios-com-programa-de-bonus-de-produtividade-entenda\/#primaryimage"},"thumbnailUrl":"https:\/\/www.em.com.br\/emfoco\/wp-content\/uploads\/2025\/03\/INSS.jpg","datePublished":"2025-04-18T23:20:00+00:00","dateModified":"2025-04-17T18:12:53+00:00","author":{"@id":"https:\/\/www.em.com.br\/emfoco\/#\/schema\/person\/60eda09c1fedf0d6891f4cef4b60b8b8"},"description":"Para enfrentar a fila de dois milh\u00f5es de benef\u00edcios, o INSS introduziu um programa de b\u00f4nus para seus servidores e peritos. Veja mais!","breadcrumb":{"@id":"https:\/\/www.em.com.br\/emfoco\/2025\/04\/18\/inss-acelera-concessao-de-beneficios-com-programa-de-bonus-de-produtividade-entenda\/#breadcrumb"},"inLanguage":"pt-BR","potentialAction":[{"@type":"ReadAction","target":["https:\/\/www.em.com.br\/emfoco\/2025\/04\/18\/inss-acelera-concessao-de-beneficios-com-programa-de-bonus-de-produtividade-entenda\/"]}]},{"@type":"ImageObject","inLanguage":"pt-BR","@id":"https:\/\/www.em.com.br\/emfoco\/2025\/04\/18\/inss-acelera-concessao-de-beneficios-com-programa-de-bonus-de-produtividade-entenda\/#primaryimage","url":"https:\/\/www.em.com.br\/emfoco\/wp-content\/uploads\/2025\/03\/INSS.jpg","contentUrl":"https:\/\/www.em.com.br\/emfoco\/wp-content\/uploads\/2025\/03\/INSS.jpg","width":1280,"height":720,"caption":"INSS muda regra - Cr\u00e9ditos: Divulga\u00e7\u00e3o \/ Ag\u00eancia Brasil"},{"@type":"BreadcrumbList","@id":"https:\/\/www.em.com.br\/emfoco\/2025\/04\/18\/inss-acelera-concessao-de-beneficios-com-programa-de-bonus-de-produtividade-entenda\/#breadcrumb","itemListElement":[{"@type":"ListItem","position":1,"name":"In\u00edcio","item":"https:\/\/www.em.com.br\/emfoco\/"},{"@type":"ListItem","position":2,"name":"INSS acelera concess\u00e3o de benef\u00edcios com programa de b\u00f4nus de produtividade! Entenda"}]},{"@type":"WebSite","@id":"https:\/\/www.em.com.br\/emfoco\/#website","url":"https:\/\/www.em.com.br\/emfoco\/","name":"Estado de Minas - Em foco","description":"Acompanhe as \u00faltimas not\u00edcias e fique bem informado sobre tudo o que acontece em Minas Gerais, Brasil e no mundo.","potentialAction":[{"@type":"SearchAction","target":{"@type":"EntryPoint","urlTemplate":"https:\/\/www.em.com.br\/emfoco\/?s={search_term_string}"},"query-input":{"@type":"PropertyValueSpecification","valueRequired":true,"valueName":"search_term_string"}}],"inLanguage":"pt-BR"},{"@type":"Person","@id":"https:\/\/www.em.com.br\/emfoco\/#\/schema\/person\/60eda09c1fedf0d6891f4cef4b60b8b8","name":"Andre\u0301 Rangel\u00a0","image":{"@type":"ImageObject","inLanguage":"pt-BR","@id":"https:\/\/www.em.com.br\/emfoco\/#\/schema\/person\/image\/","url":"https:\/\/secure.gravatar.com\/avatar\/6234dc814c77c8ef6d8bba622c787efc?s=96&d=mm&r=g","contentUrl":"https:\/\/secure.gravatar.com\/avatar\/6234dc814c77c8ef6d8bba622c787efc?s=96&d=mm&r=g","caption":"Andre\u0301 Rangel\u00a0"},"url":"https:\/\/www.em.com.br\/emfoco\/author\/luizmyth\/"}]}},"_links":{"self":[{"href":"https:\/\/www.em.com.br\/emfoco\/wp-json\/wp\/v2\/posts\/39356","targetHints":{"allow":["GET"]}}],"collection":[{"href":"https:\/\/www.em.com.br\/emfoco\/wp-json\/wp\/v2\/posts"}],"about":[{"href":"https:\/\/www.em.com.br\/emfoco\/wp-json\/wp\/v2\/types\/post"}],"author":[{"embeddable":true,"href":"https:\/\/www.em.com.br\/emfoco\/wp-json\/wp\/v2\/users\/11"}],"replies":[{"embeddable":true,"href":"https:\/\/www.em.com.br\/emfoco\/wp-json\/wp\/v2\/comments?post=39356"}],"version-history":[{"count":4,"href":"https:\/\/www.em.com.br\/emfoco\/wp-json\/wp\/v2\/posts\/39356\/revisions"}],"predecessor-version":[{"id":39403,"href":"https:\/\/www.em.com.br\/emfoco\/wp-json\/wp\/v2\/posts\/39356\/revisions\/39403"}],"wp:featuredmedia":[{"embeddable":true,"href":"https:\/\/www.em.com.br\/emfoco\/wp-json\/wp\/v2\/media\/26988"}],"wp:attachment":[{"href":"https:\/\/www.em.com.br\/emfoco\/wp-json\/wp\/v2\/media?parent=39356"}],"wp:term":[{"taxonomy":"category","embeddable":true,"href":"https:\/\/www.em.com.br\/emfoco\/wp-json\/wp\/v2\/categories?post=39356"},{"taxonomy":"post_tag","embeddable":true,"href":"https:\/\/www.em.com.br\/emfoco\/wp-json\/wp\/v2\/tags?post=39356"}],"curies":[{"name":"wp","href":"https:\/\/api.w.org\/{rel}","templated":true}]}}