{"id":39124,"date":"2025-04-16T19:30:00","date_gmt":"2025-04-16T22:30:00","guid":{"rendered":"https:\/\/www.em.com.br\/emfoco\/?p=39124"},"modified":"2025-04-16T15:50:10","modified_gmt":"2025-04-16T18:50:10","slug":"o-melhor-creme-para-pes-ressecados-que-realmente-funciona","status":"publish","type":"post","link":"https:\/\/www.em.com.br\/emfoco\/2025\/04\/16\/o-melhor-creme-para-pes-ressecados-que-realmente-funciona\/","title":{"rendered":"O melhor creme para p\u00e9s ressecados que realmente funciona"},"content":{"rendered":"\n<p>Os p\u00e9s desempenham um papel vital na sustenta\u00e7\u00e3o do corpo e na mobilidade di\u00e1ria, mas frequentemente s\u00e3o deixados de lado nos cuidados pessoais. Com o tempo, a pele dos p\u00e9s pode se tornar seca e \u00e1spera, o que pode resultar em desconforto e rachaduras. Para evitar esses problemas, \u00e9 crucial adotar uma rotina de cuidados que inclua a hidrata\u00e7\u00e3o adequada.<\/p>\n\n\n\n<p>Existem diversos produtos no mercado voltados para a hidrata\u00e7\u00e3o dos p\u00e9s, cada um com propriedades espec\u00edficas. Este artigo tem como objetivo ajudar na escolha do creme mais adequado para manter os p\u00e9s macios e saud\u00e1veis, segundo o site <a href=\"https:\/\/paisefilhos.com.br\/vida-curiosidades\/pes-macios-e-saudaveis-os-segredos-da-hidratacao-perfeita\/\" target=\"_blank\" rel=\"noreferrer noopener\">Pais&amp;Filhos.<\/a><\/p>\n\n\n\n<h2 class=\"wp-block-heading\">Por que a pele dos p\u00e9s resseca?<\/h2>\n\n\n\n<p>A pele dos p\u00e9s tende a ressecar devido \u00e0 baixa quantidade de gl\u00e2ndulas seb\u00e1ceas na regi\u00e3o. Al\u00e9m disso, fatores como o uso de cal\u00e7ados apertados, a exposi\u00e7\u00e3o a ambientes secos e a falta de hidrata\u00e7\u00e3o adequada podem agravar o ressecamento. Quando n\u00e3o tratados, os p\u00e9s secos podem desenvolver rachaduras e at\u00e9 infec\u00e7\u00f5es, tornando o cuidado di\u00e1rio essencial.<\/p>\n\n\n\n<h2 class=\"wp-block-heading\">Ingredientes essenciais em cremes para p\u00e9s<\/h2>\n\n\n\n<p>Ao escolher um creme para p\u00e9s, \u00e9 importante prestar aten\u00e7\u00e3o aos ingredientes que ele cont\u00e9m. Alguns componentes s\u00e3o particularmente eficazes na hidrata\u00e7\u00e3o e renova\u00e7\u00e3o da pele:<\/p>\n\n\n\n<ul class=\"wp-block-list\">\n<li><strong>Ureia:<\/strong>\u00a0Este ingrediente \u00e9 conhecido por sua capacidade de manter a umidade na pele, ajudando a suaviz\u00e1-la.<\/li>\n\n\n\n<li><strong>\u00c1cido salic\u00edlico:<\/strong>\u00a0Facilita a remo\u00e7\u00e3o de c\u00e9lulas mortas, promovendo a renova\u00e7\u00e3o celular.<\/li>\n\n\n\n<li><strong>Manteiga de karit\u00e9:<\/strong>\u00a0Rica em vitaminas, proporciona hidrata\u00e7\u00e3o profunda e nutri\u00e7\u00e3o.<\/li>\n\n\n\n<li><strong>\u00c1cido hialur\u00f4nico:<\/strong>\u00a0Atrai e ret\u00e9m \u00e1gua na pele, garantindo uma hidrata\u00e7\u00e3o prolongada.<\/li>\n<\/ul>\n\n\n<div class=\"wp-block-image\">\n<figure class=\"aligncenter size-large\"><img loading=\"lazy\" decoding=\"async\" width=\"1024\" height=\"576\" src=\"https:\/\/www.em.com.br\/emfoco\/wp-content\/uploads\/2025\/04\/creme-pes_1744828506364-1024x576.jpg\" alt=\"O melhor creme para p\u00e9s ressecados que realmente funciona\" class=\"wp-image-39126\" srcset=\"https:\/\/www.em.com.br\/emfoco\/wp-content\/uploads\/2025\/04\/creme-pes_1744828506364-1024x576.jpg 1024w, https:\/\/www.em.com.br\/emfoco\/wp-content\/uploads\/2025\/04\/creme-pes_1744828506364-300x169.jpg 300w, https:\/\/www.em.com.br\/emfoco\/wp-content\/uploads\/2025\/04\/creme-pes_1744828506364-768x432.jpg 768w, https:\/\/www.em.com.br\/emfoco\/wp-content\/uploads\/2025\/04\/creme-pes_1744828506364-750x422.jpg 750w, https:\/\/www.em.com.br\/emfoco\/wp-content\/uploads\/2025\/04\/creme-pes_1744828506364-1140x641.jpg 1140w, https:\/\/www.em.com.br\/emfoco\/wp-content\/uploads\/2025\/04\/creme-pes_1744828506364.jpg 1280w\" sizes=\"auto, (max-width: 1024px) 100vw, 1024px\" \/><figcaption class=\"wp-element-caption\">Creme (Cr\u00e9ditos: depositphotos.com \/ saphira)<\/figcaption><\/figure><\/div>\n\n\n<h2 class=\"wp-block-heading\">Como aplicar o creme de forma eficaz?<\/h2>\n\n\n\n<p>Para obter os melhores resultados ao usar um creme para p\u00e9s, \u00e9 importante seguir algumas etapas <a href=\"https:\/\/www.em.com.br\/emfoco\/2025\/04\/15\/nomes-biblicos-femininos-ganham-novos-significados-em-2025\/\" target=\"_blank\" rel=\"noreferrer noopener\">simples<\/a>:<\/p>\n\n\n\n<ol class=\"wp-block-list\">\n<li><strong>Limpeza:<\/strong>\u00a0Lave e seque bem os p\u00e9s antes de aplicar o creme para garantir que a pele esteja limpa.<\/li>\n\n\n\n<li><strong>Aplica\u00e7\u00e3o:<\/strong>\u00a0Use uma quantidade generosa de creme e espalhe por toda a \u00e1rea dos p\u00e9s.<\/li>\n\n\n\n<li><strong>Massagem:<\/strong>\u00a0Massageie os p\u00e9s com movimentos circulares para ajudar na absor\u00e7\u00e3o do produto.<\/li>\n\n\n\n<li><strong>Uso de meias:<\/strong>\u00a0Coloque meias de algod\u00e3o ap\u00f3s a aplica\u00e7\u00e3o para intensificar a hidrata\u00e7\u00e3o durante a noite.<\/li>\n<\/ol>\n\n\n\n<h2 class=\"wp-block-heading\">Quando \u00e9 o melhor momento para aplicar o creme?<\/h2>\n\n\n\n<p>O per\u00edodo noturno \u00e9 ideal para aplicar cremes nos p\u00e9s, pois durante o sono a pele tem a oportunidade de se regenerar e absorver melhor os nutrientes. Usar meias ap\u00f3s a aplica\u00e7\u00e3o ajuda a manter a hidrata\u00e7\u00e3o, resultando em p\u00e9s mais macios ao acordar.<\/p>\n\n\n\n<h2 class=\"wp-block-heading\">Cuidados cont\u00ednuos para p\u00e9s saud\u00e1veis<\/h2>\n\n\n\n<p>Manter os p\u00e9s hidratados \u00e9 fundamental para prevenir o ressecamento e as rachaduras. Escolher o creme certo e aplic\u00e1-lo corretamente pode melhorar significativamente a sa\u00fade dos p\u00e9s. Al\u00e9m disso, \u00e9 importante adaptar a rotina de cuidados \u00e0s necessidades espec\u00edficas de cada pessoa, garantindo que os p\u00e9s permane\u00e7am saud\u00e1veis e bem cuidados.<\/p>\n\n\n\n<p><\/p>\n","protected":false},"excerpt":{"rendered":"<p>Os p\u00e9s desempenham um papel vital na sustenta\u00e7\u00e3o do corpo e na mobilidade di\u00e1ria, mas frequentemente s\u00e3o deixados de lado nos cuidados pessoais. Com o tempo, a pele dos p\u00e9s pode se tornar seca e \u00e1spera, o que pode resultar em desconforto e rachaduras. Para evitar esses problemas, \u00e9 crucial adotar uma rotina de cuidados [&hellip;]<\/p>\n","protected":false},"author":10,"featured_media":39125,"comment_status":"open","ping_status":"open","sticky":false,"template":"","format":"standard","meta":{"jnews-multi-image_gallery":[],"jnews_single_post":{"format":"standard"},"jnews_primary_category":[],"jnews_social_meta":[],"jnews_override_counter":[],"footnotes":""},"categories":[29,1],"tags":[7618,4776,7619],"class_list":["post-39124","post","type-post","status-publish","format-standard","has-post-thumbnail","hentry","category-entretenimento","category-noticias","tag-creme","tag-cuidado","tag-pes"],"yoast_head":"<!-- This site is optimized with the Yoast SEO plugin v23.8 - https:\/\/yoast.com\/wordpress\/plugins\/seo\/ -->\n<title>O melhor creme para p\u00e9s ressecados que realmente funciona - Estado de Minas - Em foco<\/title>\n<meta name=\"description\" content=\"Pele seca e rachada nos p\u00e9s? Descubra como uma rotina simples com o creme certo pode transformar sua pele durante a noite.\" \/>\n<meta name=\"robots\" content=\"index, follow, max-snippet:-1, max-image-preview:large, max-video-preview:-1\" \/>\n<link rel=\"canonical\" href=\"https:\/\/www.em.com.br\/emfoco\/2025\/04\/16\/o-melhor-creme-para-pes-ressecados-que-realmente-funciona\/\" \/>\n<meta property=\"og:locale\" content=\"pt_BR\" \/>\n<meta property=\"og:type\" content=\"article\" \/>\n<meta property=\"og:title\" content=\"O melhor creme para p\u00e9s ressecados que realmente funciona - Estado de Minas - Em foco\" \/>\n<meta property=\"og:description\" content=\"Pele seca e rachada nos p\u00e9s? Descubra como uma rotina simples com o creme certo pode transformar sua pele durante a noite.\" \/>\n<meta property=\"og:url\" content=\"https:\/\/www.em.com.br\/emfoco\/2025\/04\/16\/o-melhor-creme-para-pes-ressecados-que-realmente-funciona\/\" \/>\n<meta property=\"og:site_name\" content=\"Estado de Minas - Em foco\" \/>\n<meta property=\"article:published_time\" content=\"2025-04-16T22:30:00+00:00\" \/>\n<meta property=\"article:modified_time\" content=\"2025-04-16T18:50:10+00:00\" \/>\n<meta property=\"og:image\" content=\"https:\/\/www.em.com.br\/emfoco\/wp-content\/uploads\/2025\/04\/creme-pes_1744828477865.jpg\" \/>\n\t<meta property=\"og:image:width\" content=\"1280\" \/>\n\t<meta property=\"og:image:height\" content=\"720\" \/>\n\t<meta property=\"og:image:type\" content=\"image\/jpeg\" \/>\n<meta name=\"author\" content=\"Patryck Reinehr\" \/>\n<meta name=\"twitter:card\" content=\"summary_large_image\" \/>\n<meta name=\"twitter:label1\" content=\"Escrito por\" \/>\n\t<meta name=\"twitter:data1\" content=\"Patryck Reinehr\" \/>\n\t<meta name=\"twitter:label2\" content=\"Est. tempo de leitura\" \/>\n\t<meta name=\"twitter:data2\" content=\"3 minutos\" \/>\n<!-- \/ Yoast SEO plugin. -->","yoast_head_json":{"title":"O melhor creme para p\u00e9s ressecados que realmente funciona - Estado de Minas - Em foco","description":"Pele seca e rachada nos p\u00e9s? Descubra como uma rotina simples com o creme certo pode transformar sua pele durante a noite.","robots":{"index":"index","follow":"follow","max-snippet":"max-snippet:-1","max-image-preview":"max-image-preview:large","max-video-preview":"max-video-preview:-1"},"canonical":"https:\/\/www.em.com.br\/emfoco\/2025\/04\/16\/o-melhor-creme-para-pes-ressecados-que-realmente-funciona\/","og_locale":"pt_BR","og_type":"article","og_title":"O melhor creme para p\u00e9s ressecados que realmente funciona - Estado de Minas - Em foco","og_description":"Pele seca e rachada nos p\u00e9s? Descubra como uma rotina simples com o creme certo pode transformar sua pele durante a noite.","og_url":"https:\/\/www.em.com.br\/emfoco\/2025\/04\/16\/o-melhor-creme-para-pes-ressecados-que-realmente-funciona\/","og_site_name":"Estado de Minas - Em foco","article_published_time":"2025-04-16T22:30:00+00:00","article_modified_time":"2025-04-16T18:50:10+00:00","og_image":[{"width":1280,"height":720,"url":"https:\/\/www.em.com.br\/emfoco\/wp-content\/uploads\/2025\/04\/creme-pes_1744828477865.jpg","type":"image\/jpeg"}],"author":"Patryck Reinehr","twitter_card":"summary_large_image","twitter_misc":{"Escrito por":"Patryck Reinehr","Est. tempo de leitura":"3 minutos"},"schema":{"@context":"https:\/\/schema.org","@graph":[{"@type":"WebPage","@id":"https:\/\/www.em.com.br\/emfoco\/2025\/04\/16\/o-melhor-creme-para-pes-ressecados-que-realmente-funciona\/","url":"https:\/\/www.em.com.br\/emfoco\/2025\/04\/16\/o-melhor-creme-para-pes-ressecados-que-realmente-funciona\/","name":"O melhor creme para p\u00e9s ressecados que realmente funciona - Estado de Minas - Em foco","isPartOf":{"@id":"https:\/\/www.em.com.br\/emfoco\/#website"},"primaryImageOfPage":{"@id":"https:\/\/www.em.com.br\/emfoco\/2025\/04\/16\/o-melhor-creme-para-pes-ressecados-que-realmente-funciona\/#primaryimage"},"image":{"@id":"https:\/\/www.em.com.br\/emfoco\/2025\/04\/16\/o-melhor-creme-para-pes-ressecados-que-realmente-funciona\/#primaryimage"},"thumbnailUrl":"https:\/\/www.em.com.br\/emfoco\/wp-content\/uploads\/2025\/04\/creme-pes_1744828477865.jpg","datePublished":"2025-04-16T22:30:00+00:00","dateModified":"2025-04-16T18:50:10+00:00","author":{"@id":"https:\/\/www.em.com.br\/emfoco\/#\/schema\/person\/43407752bebcbbb4d0ec79deedc0d7ce"},"description":"Pele seca e rachada nos p\u00e9s? Descubra como uma rotina simples com o creme certo pode transformar sua pele durante a noite.","breadcrumb":{"@id":"https:\/\/www.em.com.br\/emfoco\/2025\/04\/16\/o-melhor-creme-para-pes-ressecados-que-realmente-funciona\/#breadcrumb"},"inLanguage":"pt-BR","potentialAction":[{"@type":"ReadAction","target":["https:\/\/www.em.com.br\/emfoco\/2025\/04\/16\/o-melhor-creme-para-pes-ressecados-que-realmente-funciona\/"]}]},{"@type":"ImageObject","inLanguage":"pt-BR","@id":"https:\/\/www.em.com.br\/emfoco\/2025\/04\/16\/o-melhor-creme-para-pes-ressecados-que-realmente-funciona\/#primaryimage","url":"https:\/\/www.em.com.br\/emfoco\/wp-content\/uploads\/2025\/04\/creme-pes_1744828477865.jpg","contentUrl":"https:\/\/www.em.com.br\/emfoco\/wp-content\/uploads\/2025\/04\/creme-pes_1744828477865.jpg","width":1280,"height":720,"caption":"Creme para p\u00e9s (Cr\u00e9ditos: depositphotos.com \/ Sofia_Zhuravets)"},{"@type":"BreadcrumbList","@id":"https:\/\/www.em.com.br\/emfoco\/2025\/04\/16\/o-melhor-creme-para-pes-ressecados-que-realmente-funciona\/#breadcrumb","itemListElement":[{"@type":"ListItem","position":1,"name":"In\u00edcio","item":"https:\/\/www.em.com.br\/emfoco\/"},{"@type":"ListItem","position":2,"name":"O melhor creme para p\u00e9s ressecados que realmente funciona"}]},{"@type":"WebSite","@id":"https:\/\/www.em.com.br\/emfoco\/#website","url":"https:\/\/www.em.com.br\/emfoco\/","name":"Estado de Minas - Em foco","description":"Acompanhe as \u00faltimas not\u00edcias e fique bem informado sobre tudo o que acontece em Minas Gerais, Brasil e no mundo.","potentialAction":[{"@type":"SearchAction","target":{"@type":"EntryPoint","urlTemplate":"https:\/\/www.em.com.br\/emfoco\/?s={search_term_string}"},"query-input":{"@type":"PropertyValueSpecification","valueRequired":true,"valueName":"search_term_string"}}],"inLanguage":"pt-BR"},{"@type":"Person","@id":"https:\/\/www.em.com.br\/emfoco\/#\/schema\/person\/43407752bebcbbb4d0ec79deedc0d7ce","name":"Patryck Reinehr","image":{"@type":"ImageObject","inLanguage":"pt-BR","@id":"https:\/\/www.em.com.br\/emfoco\/#\/schema\/person\/image\/","url":"https:\/\/secure.gravatar.com\/avatar\/570c7fb2898c0e2df0823196891bea88?s=96&d=mm&r=g","contentUrl":"https:\/\/secure.gravatar.com\/avatar\/570c7fb2898c0e2df0823196891bea88?s=96&d=mm&r=g","caption":"Patryck Reinehr"},"url":"https:\/\/www.em.com.br\/emfoco\/author\/patryckmyth\/"}]}},"_links":{"self":[{"href":"https:\/\/www.em.com.br\/emfoco\/wp-json\/wp\/v2\/posts\/39124","targetHints":{"allow":["GET"]}}],"collection":[{"href":"https:\/\/www.em.com.br\/emfoco\/wp-json\/wp\/v2\/posts"}],"about":[{"href":"https:\/\/www.em.com.br\/emfoco\/wp-json\/wp\/v2\/types\/post"}],"author":[{"embeddable":true,"href":"https:\/\/www.em.com.br\/emfoco\/wp-json\/wp\/v2\/users\/10"}],"replies":[{"embeddable":true,"href":"https:\/\/www.em.com.br\/emfoco\/wp-json\/wp\/v2\/comments?post=39124"}],"version-history":[{"count":1,"href":"https:\/\/www.em.com.br\/emfoco\/wp-json\/wp\/v2\/posts\/39124\/revisions"}],"predecessor-version":[{"id":39127,"href":"https:\/\/www.em.com.br\/emfoco\/wp-json\/wp\/v2\/posts\/39124\/revisions\/39127"}],"wp:featuredmedia":[{"embeddable":true,"href":"https:\/\/www.em.com.br\/emfoco\/wp-json\/wp\/v2\/media\/39125"}],"wp:attachment":[{"href":"https:\/\/www.em.com.br\/emfoco\/wp-json\/wp\/v2\/media?parent=39124"}],"wp:term":[{"taxonomy":"category","embeddable":true,"href":"https:\/\/www.em.com.br\/emfoco\/wp-json\/wp\/v2\/categories?post=39124"},{"taxonomy":"post_tag","embeddable":true,"href":"https:\/\/www.em.com.br\/emfoco\/wp-json\/wp\/v2\/tags?post=39124"}],"curies":[{"name":"wp","href":"https:\/\/api.w.org\/{rel}","templated":true}]}}