{"id":39038,"date":"2025-04-23T21:20:00","date_gmt":"2025-04-24T00:20:00","guid":{"rendered":"https:\/\/www.em.com.br\/emfoco\/?p=39038"},"modified":"2025-04-22T16:42:59","modified_gmt":"2025-04-22T19:42:59","slug":"conheca-a-cidade-no-coracao-da-italia-que-e-considerada-a-capital-da-elegancia","status":"publish","type":"post","link":"https:\/\/www.em.com.br\/emfoco\/2025\/04\/23\/conheca-a-cidade-no-coracao-da-italia-que-e-considerada-a-capital-da-elegancia\/","title":{"rendered":"Conhe\u00e7a a cidade no cora\u00e7\u00e3o da It\u00e1lia que \u00e9 considerada a capital da eleg\u00e2ncia"},"content":{"rendered":"\n<p><strong>Mil\u00e3o<\/strong>, localizada no norte da <strong>It\u00e1lia<\/strong>, \u00e9 uma cidade que combina tradi\u00e7\u00e3o e modernidade de maneira \u00fanica. Conhecida mundialmente como um dos centros da moda, a cidade tamb\u00e9m se destaca por sua rica heran\u00e7a cultural e hist\u00f3rica. Al\u00e9m disso, Mil\u00e3o \u00e9 um importante polo econ\u00f4mico, atraindo neg\u00f3cios e turistas de todo o mundo.<\/p>\n\n\n\n<p>Com uma popula\u00e7\u00e3o diversificada e um ambiente cosmopolita, Mil\u00e3o oferece uma qualidade de vida elevada, com servi\u00e7os p\u00fablicos eficientes e uma infraestrutura bem desenvolvida. A cidade \u00e9 um exemplo de como tradi\u00e7\u00e3o e inova\u00e7\u00e3o podem coexistir harmoniosamente.<\/p>\n\n\n\n<h2 class=\"wp-block-heading\">Qualidade de vida em Mil\u00e3o<\/h2>\n\n\n\n<p>Mil\u00e3o \u00e9 frequentemente elogiada por sua <strong>alta qualidade de vida<\/strong>. A cidade oferece uma ampla gama de servi\u00e7os p\u00fablicos, incluindo transporte eficiente, sa\u00fade de qualidade e seguran\u00e7a. O sistema de transporte p\u00fablico \u00e9 um dos melhores da <strong><a href=\"https:\/\/www.em.com.br\/emfoco\/2025\/03\/22\/a-capital-que-parece-um-pedaco-da-europa-na-america-do-sul\/\" target=\"_blank\" rel=\"noreferrer noopener\">Europa<\/a><\/strong>, facilitando a mobilidade dos residentes e visitantes.<\/p>\n\n\n\n<figure class=\"wp-block-image size-large\"><img loading=\"lazy\" decoding=\"async\" width=\"1024\" height=\"576\" src=\"https:\/\/www.em.com.br\/emfoco\/wp-content\/uploads\/2025\/04\/Milan_1744822101803-1024x576.jpg\" alt=\"Conhe\u00e7a a cidade no cora\u00e7\u00e3o da It\u00e1lia que \u00e9 considerada a capital da eleg\u00e2ncia\" class=\"wp-image-39049\" srcset=\"https:\/\/www.em.com.br\/emfoco\/wp-content\/uploads\/2025\/04\/Milan_1744822101803-1024x576.jpg 1024w, https:\/\/www.em.com.br\/emfoco\/wp-content\/uploads\/2025\/04\/Milan_1744822101803-300x169.jpg 300w, https:\/\/www.em.com.br\/emfoco\/wp-content\/uploads\/2025\/04\/Milan_1744822101803-768x432.jpg 768w, https:\/\/www.em.com.br\/emfoco\/wp-content\/uploads\/2025\/04\/Milan_1744822101803-750x422.jpg 750w, https:\/\/www.em.com.br\/emfoco\/wp-content\/uploads\/2025\/04\/Milan_1744822101803-1140x641.jpg 1140w, https:\/\/www.em.com.br\/emfoco\/wp-content\/uploads\/2025\/04\/Milan_1744822101803.jpg 1280w\" sizes=\"auto, (max-width: 1024px) 100vw, 1024px\" \/><figcaption class=\"wp-element-caption\">Floresta vertical em Mil\u00e3o, It\u00e1lia &#8211; Cr\u00e9ditos: depositphotos.com \/ Audriusvenclova<\/figcaption><\/figure>\n\n\n\n<h2 class=\"wp-block-heading\">Educa\u00e7\u00e3o em Mil\u00e3o<\/h2>\n\n\n\n<p>A educa\u00e7\u00e3o em Mil\u00e3o \u00e9 um dos pilares que sustentam sua reputa\u00e7\u00e3o internacional. A cidade abriga algumas das institui\u00e7\u00f5es de ensino mais prestigiadas da <strong>It\u00e1lia<\/strong>, como a <strong><a href=\"https:\/\/www.masterstudies.com.br\/institutions\/la-statale\" target=\"_blank\" rel=\"noreferrer noopener\">Universidade de Mil\u00e3o<\/a><\/strong> e o <strong>Polit\u00e9cnico de Mil\u00e3o<\/strong>. Estas institui\u00e7\u00f5es atraem estudantes de todo o mundo, contribuindo para um ambiente acad\u00eamico vibrante e diversificado.<\/p>\n\n\n\n<h2 class=\"wp-block-heading\">Turismo em Mil\u00e3o: o que ver e fazer?<\/h2>\n\n\n\n<p>Mil\u00e3o \u00e9 um destino tur\u00edstico imperd\u00edvel, oferecendo uma variedade de atra\u00e7\u00f5es para todos os gostos. Desde a ic\u00f4nica <strong>Catedral de Mil\u00e3o<\/strong> at\u00e9 o famoso <strong>Teatro alla Scala<\/strong>, a cidade \u00e9 um tesouro de experi\u00eancias culturais. Os visitantes tamb\u00e9m podem explorar o bairro de <strong>Brera<\/strong>, conhecido por suas galerias de arte e caf\u00e9s charmosos.<\/p>\n\n\n\n<h2 class=\"wp-block-heading\">Moda e design: o cora\u00e7\u00e3o de Mil\u00e3o<\/h2>\n\n\n\n<p>Considerada a capital mundial da moda, Mil\u00e3o \u00e9 o lar de algumas das marcas mais renomadas do setor. A cidade sedia eventos de moda de prest\u00edgio, como a <strong>Semana de Moda de Mil\u00e3o<\/strong>, que atrai designers, modelos e entusiastas da moda de todo o mundo. Al\u00e9m disso, o distrito de design de Mil\u00e3o \u00e9 um ponto de encontro para criativos e inovadores.<\/p>\n\n\n\n<h2 class=\"wp-block-heading\">Gastronomia Milanesa: sabores \u00fanicos<\/h2>\n\n\n\n<p>A culin\u00e1ria de Mil\u00e3o \u00e9 uma atra\u00e7\u00e3o \u00e0 parte, oferecendo pratos tradicionais que refletem a rica heran\u00e7a cultural da regi\u00e3o. Pratos como o risotto alla milanese e a cotoletta alla milanese s\u00e3o imperd\u00edveis para quem visita a cidade. Al\u00e9m disso, Mil\u00e3o possui uma cena gastron\u00f4mica diversificada, com restaurantes que v\u00e3o desde o tradicional at\u00e9 o contempor\u00e2neo.<\/p>\n\n\n\n<h2 class=\"wp-block-heading\">Como Mil\u00e3o se destaca na economia italiana?<\/h2>\n\n\n\n<p>Mil\u00e3o \u00e9 o motor econ\u00f4mico da It\u00e1lia, abrigando a bolsa de valores do pa\u00eds e sendo sede de v\u00e1rias empresas multinacionais. A cidade \u00e9 um centro de inova\u00e7\u00e3o e empreendedorismo, atraindo investimentos e talentos de todo o mundo. Este dinamismo econ\u00f4mico contribui para o desenvolvimento cont\u00ednuo de Mil\u00e3o e sua posi\u00e7\u00e3o de destaque na economia global.<\/p>\n\n\n\n<h2 class=\"wp-block-heading\">Eventos e festivais em Mil\u00e3o<\/h2>\n\n\n\n<p>Mil\u00e3o \u00e9 uma cidade que nunca dorme, com uma agenda repleta de eventos e festivais ao longo do ano. Desde exposi\u00e7\u00f5es de arte at\u00e9 festivais de m\u00fasica, h\u00e1 sempre algo acontecendo na cidade. Esses eventos n\u00e3o s\u00f3 atraem turistas, mas tamb\u00e9m fortalecem a identidade cultural de Mil\u00e3o.<\/p>\n\n\n\n<h2 class=\"wp-block-heading\">Explorando os parques e \u00e1reas verdes de Mil\u00e3o<\/h2>\n\n\n\n<p>Apesar de ser uma metr\u00f3pole movimentada, Mil\u00e3o oferece v\u00e1rias \u00e1reas verdes para relaxamento e lazer. Parques como o<strong> Parco Sempione<\/strong> e os <strong>Jardins P\u00fablicos Indro Montanelli<\/strong> s\u00e3o locais ideais para caminhadas, piqueniques e atividades ao ar livre. Esses espa\u00e7os verdes s\u00e3o essenciais para a qualidade de vida dos moradores e visitantes.<\/p>\n","protected":false},"excerpt":{"rendered":"<p>Mil\u00e3o, localizada no norte da It\u00e1lia, \u00e9 uma cidade que combina tradi\u00e7\u00e3o e modernidade de maneira \u00fanica. Conhecida mundialmente como um dos centros da moda, a cidade tamb\u00e9m se destaca por sua rica heran\u00e7a cultural e hist\u00f3rica. Al\u00e9m disso, Mil\u00e3o \u00e9 um importante polo econ\u00f4mico, atraindo neg\u00f3cios e turistas de todo o mundo. Com uma [&hellip;]<\/p>\n","protected":false},"author":13,"featured_media":39048,"comment_status":"open","ping_status":"open","sticky":false,"template":"","format":"standard","meta":{"jnews-multi-image_gallery":[],"jnews_single_post":{"format":"standard"},"jnews_primary_category":[],"jnews_social_meta":[],"jnews_override_counter":[],"footnotes":""},"categories":[26],"tags":[159,7615,4977,157],"class_list":["post-39038","post","type-post","status-publish","format-standard","has-post-thumbnail","hentry","category-cidades","tag-cultura","tag-milao","tag-moda","tag-turismo"],"yoast_head":"<!-- This site is optimized with the Yoast SEO plugin v23.8 - https:\/\/yoast.com\/wordpress\/plugins\/seo\/ -->\n<title>Conhe\u00e7a a cidade no cora\u00e7\u00e3o da It\u00e1lia que \u00e9 considerada a capital da eleg\u00e2ncia - Estado de Minas - Em foco<\/title>\n<meta name=\"description\" content=\"Mil\u00e3o une moda de ponta, hist\u00f3ria milenar e uma cena gastron\u00f4mica irresist\u00edvel. Conhe\u00e7a por que ela encanta todos os visitantes.\" \/>\n<meta name=\"robots\" content=\"index, follow, max-snippet:-1, max-image-preview:large, max-video-preview:-1\" \/>\n<link rel=\"canonical\" href=\"https:\/\/www.em.com.br\/emfoco\/2025\/04\/23\/conheca-a-cidade-no-coracao-da-italia-que-e-considerada-a-capital-da-elegancia\/\" \/>\n<meta property=\"og:locale\" content=\"pt_BR\" \/>\n<meta property=\"og:type\" content=\"article\" \/>\n<meta property=\"og:title\" content=\"Conhe\u00e7a a cidade no cora\u00e7\u00e3o da It\u00e1lia que \u00e9 considerada a capital da eleg\u00e2ncia - Estado de Minas - Em foco\" \/>\n<meta property=\"og:description\" content=\"Mil\u00e3o une moda de ponta, hist\u00f3ria milenar e uma cena gastron\u00f4mica irresist\u00edvel. Conhe\u00e7a por que ela encanta todos os visitantes.\" \/>\n<meta property=\"og:url\" content=\"https:\/\/www.em.com.br\/emfoco\/2025\/04\/23\/conheca-a-cidade-no-coracao-da-italia-que-e-considerada-a-capital-da-elegancia\/\" \/>\n<meta property=\"og:site_name\" content=\"Estado de Minas - Em foco\" \/>\n<meta property=\"article:published_time\" content=\"2025-04-24T00:20:00+00:00\" \/>\n<meta property=\"article:modified_time\" content=\"2025-04-22T19:42:59+00:00\" \/>\n<meta property=\"og:image\" content=\"https:\/\/www.em.com.br\/emfoco\/wp-content\/uploads\/2025\/04\/Milan_1744822057530.jpg\" \/>\n\t<meta property=\"og:image:width\" content=\"1280\" \/>\n\t<meta property=\"og:image:height\" content=\"720\" \/>\n\t<meta property=\"og:image:type\" content=\"image\/jpeg\" \/>\n<meta name=\"author\" content=\"Gabriel Martins\" \/>\n<meta name=\"twitter:card\" content=\"summary_large_image\" \/>\n<meta name=\"twitter:label1\" content=\"Escrito por\" \/>\n\t<meta name=\"twitter:data1\" content=\"Gabriel Martins\" \/>\n\t<meta name=\"twitter:label2\" content=\"Est. tempo de leitura\" \/>\n\t<meta name=\"twitter:data2\" content=\"4 minutos\" \/>\n<!-- \/ Yoast SEO plugin. -->","yoast_head_json":{"title":"Conhe\u00e7a a cidade no cora\u00e7\u00e3o da It\u00e1lia que \u00e9 considerada a capital da eleg\u00e2ncia - Estado de Minas - Em foco","description":"Mil\u00e3o une moda de ponta, hist\u00f3ria milenar e uma cena gastron\u00f4mica irresist\u00edvel. Conhe\u00e7a por que ela encanta todos os visitantes.","robots":{"index":"index","follow":"follow","max-snippet":"max-snippet:-1","max-image-preview":"max-image-preview:large","max-video-preview":"max-video-preview:-1"},"canonical":"https:\/\/www.em.com.br\/emfoco\/2025\/04\/23\/conheca-a-cidade-no-coracao-da-italia-que-e-considerada-a-capital-da-elegancia\/","og_locale":"pt_BR","og_type":"article","og_title":"Conhe\u00e7a a cidade no cora\u00e7\u00e3o da It\u00e1lia que \u00e9 considerada a capital da eleg\u00e2ncia - Estado de Minas - Em foco","og_description":"Mil\u00e3o une moda de ponta, hist\u00f3ria milenar e uma cena gastron\u00f4mica irresist\u00edvel. Conhe\u00e7a por que ela encanta todos os visitantes.","og_url":"https:\/\/www.em.com.br\/emfoco\/2025\/04\/23\/conheca-a-cidade-no-coracao-da-italia-que-e-considerada-a-capital-da-elegancia\/","og_site_name":"Estado de Minas - Em foco","article_published_time":"2025-04-24T00:20:00+00:00","article_modified_time":"2025-04-22T19:42:59+00:00","og_image":[{"width":1280,"height":720,"url":"https:\/\/www.em.com.br\/emfoco\/wp-content\/uploads\/2025\/04\/Milan_1744822057530.jpg","type":"image\/jpeg"}],"author":"Gabriel Martins","twitter_card":"summary_large_image","twitter_misc":{"Escrito por":"Gabriel Martins","Est. tempo de leitura":"4 minutos"},"schema":{"@context":"https:\/\/schema.org","@graph":[{"@type":"WebPage","@id":"https:\/\/www.em.com.br\/emfoco\/2025\/04\/23\/conheca-a-cidade-no-coracao-da-italia-que-e-considerada-a-capital-da-elegancia\/","url":"https:\/\/www.em.com.br\/emfoco\/2025\/04\/23\/conheca-a-cidade-no-coracao-da-italia-que-e-considerada-a-capital-da-elegancia\/","name":"Conhe\u00e7a a cidade no cora\u00e7\u00e3o da It\u00e1lia que \u00e9 considerada a capital da eleg\u00e2ncia - Estado de Minas - Em foco","isPartOf":{"@id":"https:\/\/www.em.com.br\/emfoco\/#website"},"primaryImageOfPage":{"@id":"https:\/\/www.em.com.br\/emfoco\/2025\/04\/23\/conheca-a-cidade-no-coracao-da-italia-que-e-considerada-a-capital-da-elegancia\/#primaryimage"},"image":{"@id":"https:\/\/www.em.com.br\/emfoco\/2025\/04\/23\/conheca-a-cidade-no-coracao-da-italia-que-e-considerada-a-capital-da-elegancia\/#primaryimage"},"thumbnailUrl":"https:\/\/www.em.com.br\/emfoco\/wp-content\/uploads\/2025\/04\/Milan_1744822057530.jpg","datePublished":"2025-04-24T00:20:00+00:00","dateModified":"2025-04-22T19:42:59+00:00","author":{"@id":"https:\/\/www.em.com.br\/emfoco\/#\/schema\/person\/1c9ddeab18b98abeffef834667bcf08a"},"description":"Mil\u00e3o une moda de ponta, hist\u00f3ria milenar e uma cena gastron\u00f4mica irresist\u00edvel. Conhe\u00e7a por que ela encanta todos os visitantes.","breadcrumb":{"@id":"https:\/\/www.em.com.br\/emfoco\/2025\/04\/23\/conheca-a-cidade-no-coracao-da-italia-que-e-considerada-a-capital-da-elegancia\/#breadcrumb"},"inLanguage":"pt-BR","potentialAction":[{"@type":"ReadAction","target":["https:\/\/www.em.com.br\/emfoco\/2025\/04\/23\/conheca-a-cidade-no-coracao-da-italia-que-e-considerada-a-capital-da-elegancia\/"]}]},{"@type":"ImageObject","inLanguage":"pt-BR","@id":"https:\/\/www.em.com.br\/emfoco\/2025\/04\/23\/conheca-a-cidade-no-coracao-da-italia-que-e-considerada-a-capital-da-elegancia\/#primaryimage","url":"https:\/\/www.em.com.br\/emfoco\/wp-content\/uploads\/2025\/04\/Milan_1744822057530.jpg","contentUrl":"https:\/\/www.em.com.br\/emfoco\/wp-content\/uploads\/2025\/04\/Milan_1744822057530.jpg","width":1280,"height":720,"caption":"Mil\u00e3o, It\u00e1lia - Cr\u00e9ditos: depositphotos.com \/ juliachan"},{"@type":"BreadcrumbList","@id":"https:\/\/www.em.com.br\/emfoco\/2025\/04\/23\/conheca-a-cidade-no-coracao-da-italia-que-e-considerada-a-capital-da-elegancia\/#breadcrumb","itemListElement":[{"@type":"ListItem","position":1,"name":"In\u00edcio","item":"https:\/\/www.em.com.br\/emfoco\/"},{"@type":"ListItem","position":2,"name":"Conhe\u00e7a a cidade no cora\u00e7\u00e3o da It\u00e1lia que \u00e9 considerada a capital da eleg\u00e2ncia"}]},{"@type":"WebSite","@id":"https:\/\/www.em.com.br\/emfoco\/#website","url":"https:\/\/www.em.com.br\/emfoco\/","name":"Estado de Minas - Em foco","description":"Acompanhe as \u00faltimas not\u00edcias e fique bem informado sobre tudo o que acontece em Minas Gerais, Brasil e no mundo.","potentialAction":[{"@type":"SearchAction","target":{"@type":"EntryPoint","urlTemplate":"https:\/\/www.em.com.br\/emfoco\/?s={search_term_string}"},"query-input":{"@type":"PropertyValueSpecification","valueRequired":true,"valueName":"search_term_string"}}],"inLanguage":"pt-BR"},{"@type":"Person","@id":"https:\/\/www.em.com.br\/emfoco\/#\/schema\/person\/1c9ddeab18b98abeffef834667bcf08a","name":"Gabriel Martins","image":{"@type":"ImageObject","inLanguage":"pt-BR","@id":"https:\/\/www.em.com.br\/emfoco\/#\/schema\/person\/image\/","url":"https:\/\/secure.gravatar.com\/avatar\/f0f1e2efdfd88f1ad2cb08c5c2731e50?s=96&d=mm&r=g","contentUrl":"https:\/\/secure.gravatar.com\/avatar\/f0f1e2efdfd88f1ad2cb08c5c2731e50?s=96&d=mm&r=g","caption":"Gabriel Martins"},"sameAs":["https:\/\/www.em.com.br\/emfoco\/"],"url":"https:\/\/www.em.com.br\/emfoco\/author\/gabrielmartinsmyth\/"}]}},"_links":{"self":[{"href":"https:\/\/www.em.com.br\/emfoco\/wp-json\/wp\/v2\/posts\/39038","targetHints":{"allow":["GET"]}}],"collection":[{"href":"https:\/\/www.em.com.br\/emfoco\/wp-json\/wp\/v2\/posts"}],"about":[{"href":"https:\/\/www.em.com.br\/emfoco\/wp-json\/wp\/v2\/types\/post"}],"author":[{"embeddable":true,"href":"https:\/\/www.em.com.br\/emfoco\/wp-json\/wp\/v2\/users\/13"}],"replies":[{"embeddable":true,"href":"https:\/\/www.em.com.br\/emfoco\/wp-json\/wp\/v2\/comments?post=39038"}],"version-history":[{"count":2,"href":"https:\/\/www.em.com.br\/emfoco\/wp-json\/wp\/v2\/posts\/39038\/revisions"}],"predecessor-version":[{"id":39050,"href":"https:\/\/www.em.com.br\/emfoco\/wp-json\/wp\/v2\/posts\/39038\/revisions\/39050"}],"wp:featuredmedia":[{"embeddable":true,"href":"https:\/\/www.em.com.br\/emfoco\/wp-json\/wp\/v2\/media\/39048"}],"wp:attachment":[{"href":"https:\/\/www.em.com.br\/emfoco\/wp-json\/wp\/v2\/media?parent=39038"}],"wp:term":[{"taxonomy":"category","embeddable":true,"href":"https:\/\/www.em.com.br\/emfoco\/wp-json\/wp\/v2\/categories?post=39038"},{"taxonomy":"post_tag","embeddable":true,"href":"https:\/\/www.em.com.br\/emfoco\/wp-json\/wp\/v2\/tags?post=39038"}],"curies":[{"name":"wp","href":"https:\/\/api.w.org\/{rel}","templated":true}]}}