{"id":39001,"date":"2025-04-17T20:00:00","date_gmt":"2025-04-17T23:00:00","guid":{"rendered":"https:\/\/www.em.com.br\/emfoco\/?p=39001"},"modified":"2025-04-16T15:36:49","modified_gmt":"2025-04-16T18:36:49","slug":"openai-revela-gpt-4-1-com-salto-de-inteligencia-e-custo-menor-confira","status":"publish","type":"post","link":"https:\/\/www.em.com.br\/emfoco\/2025\/04\/17\/openai-revela-gpt-4-1-com-salto-de-inteligencia-e-custo-menor-confira\/","title":{"rendered":"OpenAI revela GPT-4.1 com salto de intelig\u00eancia e custo menor; confira"},"content":{"rendered":"\n<p>A <strong><a href=\"https:\/\/www.em.com.br\/emfoco\/2025\/02\/11\/openai-aposta-na-criacao-de-chips-proprios-para-revolucionar-a-ia\/\" target=\"_blank\" rel=\"noreferrer noopener\">OpenAI<\/a><\/strong> anunciou oficialmente o lan\u00e7amento do <strong><a href=\"https:\/\/tecnoblog-net.webpkgcache.com\/doc\/-\/s\/tecnoblog.net\/noticias\/openai-lanca-gpt-4-1-novo-modelo-de-ia-com-foco-em-programacao\/\" target=\"_blank\" rel=\"noreferrer noopener\">GPT-4.1<\/a><\/strong>, acompanhado de suas vers\u00f5es menores, <strong>GPT-4.1 mini<\/strong> e <strong>GPT-4.1 nano<\/strong>. Os novos modelos prometem um salto tecnol\u00f3gico significativo, com melhorias not\u00e1veis na codifica\u00e7\u00e3o, compreens\u00e3o de instru\u00e7\u00f5es e reten\u00e7\u00e3o de contexto. Dispon\u00edveis exclusivamente por meio da API da empresa, eles substituem gradualmente o <strong>GPT-4 <\/strong>e o<strong> GPT-4.5<\/strong>.<\/p>\n\n\n\n<h2 class=\"wp-block-heading\">Modelo entende at\u00e9 1 milh\u00e3o de tokens com dados at\u00e9 junho de 2024<\/h2>\n\n\n\n<p>Uma das grandes inova\u00e7\u00f5es do GPT-4.1 \u00e9 sua capacidade de compreender contextos com at\u00e9 1 milh\u00e3o de tokens, o que amplia a precis\u00e3o em tarefas longas e complexas. Al\u00e9m disso, o modelo chega com conhecimento atualizado at\u00e9 junho de 2024, o que garante maior confiabilidade para aplica\u00e7\u00f5es em tempo real.<\/p>\n\n\n\n<h2 class=\"wp-block-heading\">Codifica\u00e7\u00e3o 27% mais eficaz e custos reduzidos<\/h2>\n\n\n\n<p>Segundo a OpenAI, o GPT-4.1 \u00e9 21% mais eficiente que o GPT-4 na resolu\u00e7\u00e3o de problemas de codifica\u00e7\u00e3o e 27% melhor que o GPT-4.5, consolidando seu desempenho superior. Outro ponto de destaque \u00e9 o custo reduzido de opera\u00e7\u00e3o, tornando a intelig\u00eancia artificial mais acess\u00edvel para startups, empresas e desenvolvedores.<\/p>\n\n\n\n<figure class=\"wp-block-image\"><img decoding=\"async\" src=\"https:\/\/www.em.com.br\/emfoco\/wp-content\/uploads\/2025\/04\/pessoa-chateada_1744046486029-1024x576.jpg\" alt=\"\"\/><figcaption class=\"wp-element-caption\">pessoa chateada &#8211; Cr\u00e9ditos: depositphotos.com \/ DenisDenisenko<\/figcaption><\/figure>\n\n\n\n<h2 class=\"wp-block-heading\">Mais precis\u00e3o na pr\u00e1tica: foco no uso real<\/h2>\n\n\n\n<p>O CEO da OpenAI, <strong>Sam Altman<\/strong>, ressaltou que o GPT-4.1 foi projetado com foco na utilidade no mundo real. A nova gera\u00e7\u00e3o de modelos melhora a execu\u00e7\u00e3o de tarefas, como atendimento ao cliente, an\u00e1lise de documentos, automa\u00e7\u00e3o e gera\u00e7\u00e3o de conte\u00fado. Usu\u00e1rios que j\u00e1 testaram a API elogiaram o desempenho mais fluido e eficiente dos novos modelos.<\/p>\n\n\n\n<h2 class=\"wp-block-heading\">OpenAI desativa GPT-4.5 e aposta na nova gera\u00e7\u00e3o<\/h2>\n\n\n\n<p>Com a chegada do GPT-4.1, a OpenAI confirmou que a visualiza\u00e7\u00e3o do GPT-4.5 ser\u00e1 desativada na API em julho de 2025. Essa chegada marca uma transi\u00e7\u00e3o para tecnologias mais robustas, com melhor desempenho e custo-benef\u00edcio. A expectativa \u00e9 de que os novos modelos se tornem padr\u00e3o em solu\u00e7\u00f5es baseadas em IA nos pr\u00f3ximos meses.<\/p>\n","protected":false},"excerpt":{"rendered":"<p>A OpenAI anunciou oficialmente o lan\u00e7amento do GPT-4.1, acompanhado de suas vers\u00f5es menores, GPT-4.1 mini e GPT-4.1 nano. Os novos modelos prometem um salto tecnol\u00f3gico significativo, com melhorias not\u00e1veis na codifica\u00e7\u00e3o, compreens\u00e3o de instru\u00e7\u00f5es e reten\u00e7\u00e3o de contexto. Dispon\u00edveis exclusivamente por meio da API da empresa, eles substituem gradualmente o GPT-4 e o GPT-4.5. Modelo [&hellip;]<\/p>\n","protected":false},"author":11,"featured_media":39099,"comment_status":"open","ping_status":"open","sticky":false,"template":"","format":"standard","meta":{"jnews-multi-image_gallery":[],"jnews_single_post":{"format":"standard"},"jnews_primary_category":[],"jnews_social_meta":[],"jnews_override_counter":[],"footnotes":""},"categories":[1,4204],"tags":[4143,1243,4555],"class_list":["post-39001","post","type-post","status-publish","format-standard","has-post-thumbnail","hentry","category-noticias","category-tecnologia","tag-chatgpt","tag-curiosidade","tag-openai"],"yoast_head":"<!-- This site is optimized with the Yoast SEO plugin v23.8 - https:\/\/yoast.com\/wordpress\/plugins\/seo\/ -->\n<title>OpenAI revela GPT-4.1 com salto de intelig\u00eancia e custo menor; confira - Estado de Minas - Em foco<\/title>\n<meta name=\"description\" content=\"OpenAI lan\u00e7a GPT-4.1 com vers\u00f5es mini e nano com menor custo. Veja o impacto dessa revolu\u00e7\u00e3o no uso da IA.\" \/>\n<meta name=\"robots\" content=\"index, follow, max-snippet:-1, max-image-preview:large, max-video-preview:-1\" \/>\n<link rel=\"canonical\" href=\"https:\/\/www.em.com.br\/emfoco\/2025\/04\/17\/openai-revela-gpt-4-1-com-salto-de-inteligencia-e-custo-menor-confira\/\" \/>\n<meta property=\"og:locale\" content=\"pt_BR\" \/>\n<meta property=\"og:type\" content=\"article\" \/>\n<meta property=\"og:title\" content=\"OpenAI revela GPT-4.1 com salto de intelig\u00eancia e custo menor; confira - Estado de Minas - Em foco\" \/>\n<meta property=\"og:description\" content=\"OpenAI lan\u00e7a GPT-4.1 com vers\u00f5es mini e nano com menor custo. Veja o impacto dessa revolu\u00e7\u00e3o no uso da IA.\" \/>\n<meta property=\"og:url\" content=\"https:\/\/www.em.com.br\/emfoco\/2025\/04\/17\/openai-revela-gpt-4-1-com-salto-de-inteligencia-e-custo-menor-confira\/\" \/>\n<meta property=\"og:site_name\" content=\"Estado de Minas - Em foco\" \/>\n<meta property=\"article:published_time\" content=\"2025-04-17T23:00:00+00:00\" \/>\n<meta property=\"article:modified_time\" content=\"2025-04-16T18:36:49+00:00\" \/>\n<meta property=\"og:image\" content=\"https:\/\/www.em.com.br\/emfoco\/wp-content\/uploads\/2025\/04\/chatgpt_1744829350035.jpg\" \/>\n\t<meta property=\"og:image:width\" content=\"1280\" \/>\n\t<meta property=\"og:image:height\" content=\"720\" \/>\n\t<meta property=\"og:image:type\" content=\"image\/jpeg\" \/>\n<meta name=\"author\" content=\"Andre\u0301 Rangel\u00a0\" \/>\n<meta name=\"twitter:card\" content=\"summary_large_image\" \/>\n<meta name=\"twitter:label1\" content=\"Escrito por\" \/>\n\t<meta name=\"twitter:data1\" content=\"Andre\u0301 Rangel\u00a0\" \/>\n\t<meta name=\"twitter:label2\" content=\"Est. tempo de leitura\" \/>\n\t<meta name=\"twitter:data2\" content=\"3 minutos\" \/>\n<!-- \/ Yoast SEO plugin. -->","yoast_head_json":{"title":"OpenAI revela GPT-4.1 com salto de intelig\u00eancia e custo menor; confira - Estado de Minas - Em foco","description":"OpenAI lan\u00e7a GPT-4.1 com vers\u00f5es mini e nano com menor custo. Veja o impacto dessa revolu\u00e7\u00e3o no uso da IA.","robots":{"index":"index","follow":"follow","max-snippet":"max-snippet:-1","max-image-preview":"max-image-preview:large","max-video-preview":"max-video-preview:-1"},"canonical":"https:\/\/www.em.com.br\/emfoco\/2025\/04\/17\/openai-revela-gpt-4-1-com-salto-de-inteligencia-e-custo-menor-confira\/","og_locale":"pt_BR","og_type":"article","og_title":"OpenAI revela GPT-4.1 com salto de intelig\u00eancia e custo menor; confira - Estado de Minas - Em foco","og_description":"OpenAI lan\u00e7a GPT-4.1 com vers\u00f5es mini e nano com menor custo. Veja o impacto dessa revolu\u00e7\u00e3o no uso da IA.","og_url":"https:\/\/www.em.com.br\/emfoco\/2025\/04\/17\/openai-revela-gpt-4-1-com-salto-de-inteligencia-e-custo-menor-confira\/","og_site_name":"Estado de Minas - Em foco","article_published_time":"2025-04-17T23:00:00+00:00","article_modified_time":"2025-04-16T18:36:49+00:00","og_image":[{"width":1280,"height":720,"url":"https:\/\/www.em.com.br\/emfoco\/wp-content\/uploads\/2025\/04\/chatgpt_1744829350035.jpg","type":"image\/jpeg"}],"author":"Andre\u0301 Rangel\u00a0","twitter_card":"summary_large_image","twitter_misc":{"Escrito por":"Andre\u0301 Rangel\u00a0","Est. tempo de leitura":"3 minutos"},"schema":{"@context":"https:\/\/schema.org","@graph":[{"@type":"WebPage","@id":"https:\/\/www.em.com.br\/emfoco\/2025\/04\/17\/openai-revela-gpt-4-1-com-salto-de-inteligencia-e-custo-menor-confira\/","url":"https:\/\/www.em.com.br\/emfoco\/2025\/04\/17\/openai-revela-gpt-4-1-com-salto-de-inteligencia-e-custo-menor-confira\/","name":"OpenAI revela GPT-4.1 com salto de intelig\u00eancia e custo menor; confira - Estado de Minas - Em foco","isPartOf":{"@id":"https:\/\/www.em.com.br\/emfoco\/#website"},"primaryImageOfPage":{"@id":"https:\/\/www.em.com.br\/emfoco\/2025\/04\/17\/openai-revela-gpt-4-1-com-salto-de-inteligencia-e-custo-menor-confira\/#primaryimage"},"image":{"@id":"https:\/\/www.em.com.br\/emfoco\/2025\/04\/17\/openai-revela-gpt-4-1-com-salto-de-inteligencia-e-custo-menor-confira\/#primaryimage"},"thumbnailUrl":"https:\/\/www.em.com.br\/emfoco\/wp-content\/uploads\/2025\/04\/chatgpt_1744829350035.jpg","datePublished":"2025-04-17T23:00:00+00:00","dateModified":"2025-04-16T18:36:49+00:00","author":{"@id":"https:\/\/www.em.com.br\/emfoco\/#\/schema\/person\/60eda09c1fedf0d6891f4cef4b60b8b8"},"description":"OpenAI lan\u00e7a GPT-4.1 com vers\u00f5es mini e nano com menor custo. Veja o impacto dessa revolu\u00e7\u00e3o no uso da IA.","breadcrumb":{"@id":"https:\/\/www.em.com.br\/emfoco\/2025\/04\/17\/openai-revela-gpt-4-1-com-salto-de-inteligencia-e-custo-menor-confira\/#breadcrumb"},"inLanguage":"pt-BR","potentialAction":[{"@type":"ReadAction","target":["https:\/\/www.em.com.br\/emfoco\/2025\/04\/17\/openai-revela-gpt-4-1-com-salto-de-inteligencia-e-custo-menor-confira\/"]}]},{"@type":"ImageObject","inLanguage":"pt-BR","@id":"https:\/\/www.em.com.br\/emfoco\/2025\/04\/17\/openai-revela-gpt-4-1-com-salto-de-inteligencia-e-custo-menor-confira\/#primaryimage","url":"https:\/\/www.em.com.br\/emfoco\/wp-content\/uploads\/2025\/04\/chatgpt_1744829350035.jpg","contentUrl":"https:\/\/www.em.com.br\/emfoco\/wp-content\/uploads\/2025\/04\/chatgpt_1744829350035.jpg","width":1280,"height":720,"caption":"ChatGPT - Cr\u00e9ditos: depositphotos.com \/ thx4stock@hotmail.com"},{"@type":"BreadcrumbList","@id":"https:\/\/www.em.com.br\/emfoco\/2025\/04\/17\/openai-revela-gpt-4-1-com-salto-de-inteligencia-e-custo-menor-confira\/#breadcrumb","itemListElement":[{"@type":"ListItem","position":1,"name":"In\u00edcio","item":"https:\/\/www.em.com.br\/emfoco\/"},{"@type":"ListItem","position":2,"name":"OpenAI revela GPT-4.1 com salto de intelig\u00eancia e custo menor; confira"}]},{"@type":"WebSite","@id":"https:\/\/www.em.com.br\/emfoco\/#website","url":"https:\/\/www.em.com.br\/emfoco\/","name":"Estado de Minas - Em foco","description":"Acompanhe as \u00faltimas not\u00edcias e fique bem informado sobre tudo o que acontece em Minas Gerais, Brasil e no mundo.","potentialAction":[{"@type":"SearchAction","target":{"@type":"EntryPoint","urlTemplate":"https:\/\/www.em.com.br\/emfoco\/?s={search_term_string}"},"query-input":{"@type":"PropertyValueSpecification","valueRequired":true,"valueName":"search_term_string"}}],"inLanguage":"pt-BR"},{"@type":"Person","@id":"https:\/\/www.em.com.br\/emfoco\/#\/schema\/person\/60eda09c1fedf0d6891f4cef4b60b8b8","name":"Andre\u0301 Rangel\u00a0","image":{"@type":"ImageObject","inLanguage":"pt-BR","@id":"https:\/\/www.em.com.br\/emfoco\/#\/schema\/person\/image\/","url":"https:\/\/secure.gravatar.com\/avatar\/6234dc814c77c8ef6d8bba622c787efc?s=96&d=mm&r=g","contentUrl":"https:\/\/secure.gravatar.com\/avatar\/6234dc814c77c8ef6d8bba622c787efc?s=96&d=mm&r=g","caption":"Andre\u0301 Rangel\u00a0"},"url":"https:\/\/www.em.com.br\/emfoco\/author\/luizmyth\/"}]}},"_links":{"self":[{"href":"https:\/\/www.em.com.br\/emfoco\/wp-json\/wp\/v2\/posts\/39001","targetHints":{"allow":["GET"]}}],"collection":[{"href":"https:\/\/www.em.com.br\/emfoco\/wp-json\/wp\/v2\/posts"}],"about":[{"href":"https:\/\/www.em.com.br\/emfoco\/wp-json\/wp\/v2\/types\/post"}],"author":[{"embeddable":true,"href":"https:\/\/www.em.com.br\/emfoco\/wp-json\/wp\/v2\/users\/11"}],"replies":[{"embeddable":true,"href":"https:\/\/www.em.com.br\/emfoco\/wp-json\/wp\/v2\/comments?post=39001"}],"version-history":[{"count":4,"href":"https:\/\/www.em.com.br\/emfoco\/wp-json\/wp\/v2\/posts\/39001\/revisions"}],"predecessor-version":[{"id":39100,"href":"https:\/\/www.em.com.br\/emfoco\/wp-json\/wp\/v2\/posts\/39001\/revisions\/39100"}],"wp:featuredmedia":[{"embeddable":true,"href":"https:\/\/www.em.com.br\/emfoco\/wp-json\/wp\/v2\/media\/39099"}],"wp:attachment":[{"href":"https:\/\/www.em.com.br\/emfoco\/wp-json\/wp\/v2\/media?parent=39001"}],"wp:term":[{"taxonomy":"category","embeddable":true,"href":"https:\/\/www.em.com.br\/emfoco\/wp-json\/wp\/v2\/categories?post=39001"},{"taxonomy":"post_tag","embeddable":true,"href":"https:\/\/www.em.com.br\/emfoco\/wp-json\/wp\/v2\/tags?post=39001"}],"curies":[{"name":"wp","href":"https:\/\/api.w.org\/{rel}","templated":true}]}}