{"id":38996,"date":"2025-04-17T17:00:00","date_gmt":"2025-04-17T20:00:00","guid":{"rendered":"https:\/\/www.em.com.br\/emfoco\/?p=38996"},"modified":"2025-04-16T15:21:14","modified_gmt":"2025-04-16T18:21:14","slug":"bpc-em-risco-governo-anuncia-medida-para-revisao-em-2026-que-pode-eliminar-milhoes","status":"publish","type":"post","link":"https:\/\/www.em.com.br\/emfoco\/2025\/04\/17\/bpc-em-risco-governo-anuncia-medida-para-revisao-em-2026-que-pode-eliminar-milhoes\/","title":{"rendered":"BPC em risco! Governo anuncia medida para revis\u00e3o em 2026 que pode eliminar milh\u00f5es"},"content":{"rendered":"\n<p>O Governo Federal anunciou que o<a href=\"https:\/\/www.em.com.br\/emfoco\/2025\/04\/14\/fique-atento-seu-bpc-podera-ser-suspenso-em-2025\/\" target=\"_blank\" rel=\"noreferrer noopener\"> <strong>Benef\u00edcio de Presta\u00e7\u00e3o Continuada (BPC)<\/strong><\/a> passar\u00e1 por uma revis\u00e3o rigorosa em 2026, conhecida como <em>pente-fino<\/em>. O objetivo \u00e9 remover benefici\u00e1rios que n\u00e3o atendem aos crit\u00e9rios de elegibilidade e, com isso, conter gastos indevidos. O BPC garante um sal\u00e1rio m\u00ednimo mensal a idosos de baixa renda, sem a exig\u00eancia de contribui\u00e7\u00e3o pr\u00e9via ao <strong><a href=\"https:\/\/www.infomoney.com.br\/politica\/governo-lanca-programa-de-pagamento-extra-para-servidores-para-reduzir-a-fila-do-inss\/\" target=\"_blank\" rel=\"noreferrer noopener\">INSS<\/a><\/strong>.<\/p>\n\n\n\n<h2 class=\"wp-block-heading\">Como funciona o BPC e quem tem direito?<\/h2>\n\n\n\n<p>O BPC \u00e9 um benef\u00edcio assistencial voltado a idosos com 65 anos ou mais, de baixa renda, que n\u00e3o precisam ter contribu\u00eddo ao INSS. No entanto, ele n\u00e3o oferece 13\u00ba sal\u00e1rio nem pens\u00e3o por morte.<\/p>\n\n\n\n<p>Para ter direito, \u00e9 necess\u00e1rio:<\/p>\n\n\n\n<ul class=\"wp-block-list\">\n<li>Ter <strong>nacionalidade brasileira ou portuguesa<\/strong>;<\/li>\n\n\n\n<li>Estar inscrito no <strong>Cad\u00danico<\/strong>;<\/li>\n\n\n\n<li>Ter <strong>renda familiar de at\u00e9 \u00bc do sal\u00e1rio m\u00ednimo por pessoa<\/strong>;<\/li>\n\n\n\n<li>Fazer a solicita\u00e7\u00e3o <strong>100% online<\/strong>, sem necessidade de comparecer ao INSS.<\/li>\n<\/ul>\n\n\n\n<figure class=\"wp-block-image\"><img decoding=\"async\" src=\"https:\/\/www.em.com.br\/emfoco\/wp-content\/uploads\/2025\/03\/bpc-carrossel-1024x576.jpg\" alt=\"\"\/><figcaption class=\"wp-element-caption\">BPC &#8211; Cr\u00e9ditos: Divulga\u00e7\u00e3o\/Gov.br<\/figcaption><\/figure>\n\n\n\n<h2 class=\"wp-block-heading\">Por que o governo vai revisar o BPC?<\/h2>\n\n\n\n<p>Segundo o <strong>Minist\u00e9rio da Fazenda<\/strong>, a revis\u00e3o do BPC faz parte de um esfor\u00e7o mais amplo para otimizar os gastos p\u00fablicos. A expectativa \u00e9 economizar:<\/p>\n\n\n\n<ul class=\"wp-block-list\">\n<li>R$ 2,7 bilh\u00f5es em 2025;<\/li>\n\n\n\n<li>R$ 2 bilh\u00f5es em 2026;<\/li>\n\n\n\n<li>R$ 4,2 bilh\u00f5es em 2027.<\/li>\n<\/ul>\n\n\n\n<p>Esses cortes visam fortalecer o equil\u00edbrio fiscal e <strong>reduzir fraudes nos benef\u00edcios sociais<\/strong>.<\/p>\n\n\n\n<h2 class=\"wp-block-heading\">Revis\u00e3o pode cortar quem n\u00e3o precisa \u2014 mas h\u00e1 riscos<\/h2>\n\n\n\n<p>O <em>pente-fino<\/em> no BPC promete atingir milhares de benefici\u00e1rios, mas especialistas alertam: \u00e9 preciso cuidado para que pessoas vulner\u00e1veis n\u00e3o sejam prejudicadas.<\/p>\n\n\n\n<p>Um relat\u00f3rio do <strong>Tribunal de Contas da Uni\u00e3o (TCU)<\/strong> revelou que 6,3% dos atuais benefici\u00e1rios n\u00e3o t\u00eam direito ao benef\u00edcio, o que acendeu o alerta no governo.<\/p>\n\n\n\n<h2 class=\"wp-block-heading\">O que esperar do futuro do BPC e das pol\u00edticas sociais?<\/h2>\n\n\n\n<p>A revis\u00e3o do BPC em 2026 ser\u00e1 um teste importante para o sistema de assist\u00eancia social no Brasil. O sucesso depender\u00e1 da transpar\u00eancia nos crit\u00e9rios de corte e da capacidade do governo de preservar os direitos de quem realmente precisa.<\/p>\n\n\n\n<p>A meta \u00e9 clara: gastar menos, mas proteger mais. Resta saber se a balan\u00e7a vai pesar a favor da justi\u00e7a social.<\/p>\n","protected":false},"excerpt":{"rendered":"<p>O Governo Federal anunciou que o Benef\u00edcio de Presta\u00e7\u00e3o Continuada (BPC) passar\u00e1 por uma revis\u00e3o rigorosa em 2026, conhecida como pente-fino. O objetivo \u00e9 remover benefici\u00e1rios que n\u00e3o atendem aos crit\u00e9rios de elegibilidade e, com isso, conter gastos indevidos. O BPC garante um sal\u00e1rio m\u00ednimo mensal a idosos de baixa renda, sem a exig\u00eancia de [&hellip;]<\/p>\n","protected":false},"author":11,"featured_media":25061,"comment_status":"open","ping_status":"open","sticky":false,"template":"","format":"standard","meta":{"jnews-multi-image_gallery":[],"jnews_single_post":{"format":"standard"},"jnews_primary_category":[],"jnews_social_meta":[],"jnews_override_counter":[],"footnotes":""},"categories":[28,1],"tags":[7261,7392,7260],"class_list":["post-38996","post","type-post","status-publish","format-standard","has-post-thumbnail","hentry","category-economia","category-noticias","tag-bloqueio-bpc","tag-bpc-2025","tag-cadastro-unico-bpc"],"yoast_head":"<!-- This site is optimized with the Yoast SEO plugin v23.8 - https:\/\/yoast.com\/wordpress\/plugins\/seo\/ -->\n<title>BPC em risco! Governo anuncia medida para revis\u00e3o em 2026 que pode eliminar milh\u00f5es - Estado de Minas - Em foco<\/title>\n<meta name=\"description\" content=\"Veja o impacto da revis\u00e3o do BPC em 2026 e os riscos que ela traz para os benefici\u00e1rios mais vulner\u00e1veis. Confira!\" \/>\n<meta name=\"robots\" content=\"index, follow, max-snippet:-1, max-image-preview:large, max-video-preview:-1\" \/>\n<link rel=\"canonical\" href=\"https:\/\/www.em.com.br\/emfoco\/2025\/04\/17\/bpc-em-risco-governo-anuncia-medida-para-revisao-em-2026-que-pode-eliminar-milhoes\/\" \/>\n<meta property=\"og:locale\" content=\"pt_BR\" \/>\n<meta property=\"og:type\" content=\"article\" \/>\n<meta property=\"og:title\" content=\"BPC em risco! Governo anuncia medida para revis\u00e3o em 2026 que pode eliminar milh\u00f5es - Estado de Minas - Em foco\" \/>\n<meta property=\"og:description\" content=\"Veja o impacto da revis\u00e3o do BPC em 2026 e os riscos que ela traz para os benefici\u00e1rios mais vulner\u00e1veis. Confira!\" \/>\n<meta property=\"og:url\" content=\"https:\/\/www.em.com.br\/emfoco\/2025\/04\/17\/bpc-em-risco-governo-anuncia-medida-para-revisao-em-2026-que-pode-eliminar-milhoes\/\" \/>\n<meta property=\"og:site_name\" content=\"Estado de Minas - Em foco\" \/>\n<meta property=\"article:published_time\" content=\"2025-04-17T20:00:00+00:00\" \/>\n<meta property=\"article:modified_time\" content=\"2025-04-16T18:21:14+00:00\" \/>\n<meta property=\"og:image\" content=\"https:\/\/www.em.com.br\/emfoco\/wp-content\/uploads\/2025\/03\/aposentadoria_1741107533046.jpg\" \/>\n\t<meta property=\"og:image:width\" content=\"1280\" \/>\n\t<meta property=\"og:image:height\" content=\"720\" \/>\n\t<meta property=\"og:image:type\" content=\"image\/jpeg\" \/>\n<meta name=\"author\" content=\"Andre\u0301 Rangel\u00a0\" \/>\n<meta name=\"twitter:card\" content=\"summary_large_image\" \/>\n<meta name=\"twitter:label1\" content=\"Escrito por\" \/>\n\t<meta name=\"twitter:data1\" content=\"Andre\u0301 Rangel\u00a0\" \/>\n\t<meta name=\"twitter:label2\" content=\"Est. tempo de leitura\" \/>\n\t<meta name=\"twitter:data2\" content=\"3 minutos\" \/>\n<!-- \/ Yoast SEO plugin. -->","yoast_head_json":{"title":"BPC em risco! Governo anuncia medida para revis\u00e3o em 2026 que pode eliminar milh\u00f5es - Estado de Minas - Em foco","description":"Veja o impacto da revis\u00e3o do BPC em 2026 e os riscos que ela traz para os benefici\u00e1rios mais vulner\u00e1veis. Confira!","robots":{"index":"index","follow":"follow","max-snippet":"max-snippet:-1","max-image-preview":"max-image-preview:large","max-video-preview":"max-video-preview:-1"},"canonical":"https:\/\/www.em.com.br\/emfoco\/2025\/04\/17\/bpc-em-risco-governo-anuncia-medida-para-revisao-em-2026-que-pode-eliminar-milhoes\/","og_locale":"pt_BR","og_type":"article","og_title":"BPC em risco! Governo anuncia medida para revis\u00e3o em 2026 que pode eliminar milh\u00f5es - Estado de Minas - Em foco","og_description":"Veja o impacto da revis\u00e3o do BPC em 2026 e os riscos que ela traz para os benefici\u00e1rios mais vulner\u00e1veis. Confira!","og_url":"https:\/\/www.em.com.br\/emfoco\/2025\/04\/17\/bpc-em-risco-governo-anuncia-medida-para-revisao-em-2026-que-pode-eliminar-milhoes\/","og_site_name":"Estado de Minas - Em foco","article_published_time":"2025-04-17T20:00:00+00:00","article_modified_time":"2025-04-16T18:21:14+00:00","og_image":[{"width":1280,"height":720,"url":"https:\/\/www.em.com.br\/emfoco\/wp-content\/uploads\/2025\/03\/aposentadoria_1741107533046.jpg","type":"image\/jpeg"}],"author":"Andre\u0301 Rangel\u00a0","twitter_card":"summary_large_image","twitter_misc":{"Escrito por":"Andre\u0301 Rangel\u00a0","Est. tempo de leitura":"3 minutos"},"schema":{"@context":"https:\/\/schema.org","@graph":[{"@type":"WebPage","@id":"https:\/\/www.em.com.br\/emfoco\/2025\/04\/17\/bpc-em-risco-governo-anuncia-medida-para-revisao-em-2026-que-pode-eliminar-milhoes\/","url":"https:\/\/www.em.com.br\/emfoco\/2025\/04\/17\/bpc-em-risco-governo-anuncia-medida-para-revisao-em-2026-que-pode-eliminar-milhoes\/","name":"BPC em risco! Governo anuncia medida para revis\u00e3o em 2026 que pode eliminar milh\u00f5es - Estado de Minas - Em foco","isPartOf":{"@id":"https:\/\/www.em.com.br\/emfoco\/#website"},"primaryImageOfPage":{"@id":"https:\/\/www.em.com.br\/emfoco\/2025\/04\/17\/bpc-em-risco-governo-anuncia-medida-para-revisao-em-2026-que-pode-eliminar-milhoes\/#primaryimage"},"image":{"@id":"https:\/\/www.em.com.br\/emfoco\/2025\/04\/17\/bpc-em-risco-governo-anuncia-medida-para-revisao-em-2026-que-pode-eliminar-milhoes\/#primaryimage"},"thumbnailUrl":"https:\/\/www.em.com.br\/emfoco\/wp-content\/uploads\/2025\/03\/aposentadoria_1741107533046.jpg","datePublished":"2025-04-17T20:00:00+00:00","dateModified":"2025-04-16T18:21:14+00:00","author":{"@id":"https:\/\/www.em.com.br\/emfoco\/#\/schema\/person\/60eda09c1fedf0d6891f4cef4b60b8b8"},"description":"Veja o impacto da revis\u00e3o do BPC em 2026 e os riscos que ela traz para os benefici\u00e1rios mais vulner\u00e1veis. Confira!","breadcrumb":{"@id":"https:\/\/www.em.com.br\/emfoco\/2025\/04\/17\/bpc-em-risco-governo-anuncia-medida-para-revisao-em-2026-que-pode-eliminar-milhoes\/#breadcrumb"},"inLanguage":"pt-BR","potentialAction":[{"@type":"ReadAction","target":["https:\/\/www.em.com.br\/emfoco\/2025\/04\/17\/bpc-em-risco-governo-anuncia-medida-para-revisao-em-2026-que-pode-eliminar-milhoes\/"]}]},{"@type":"ImageObject","inLanguage":"pt-BR","@id":"https:\/\/www.em.com.br\/emfoco\/2025\/04\/17\/bpc-em-risco-governo-anuncia-medida-para-revisao-em-2026-que-pode-eliminar-milhoes\/#primaryimage","url":"https:\/\/www.em.com.br\/emfoco\/wp-content\/uploads\/2025\/03\/aposentadoria_1741107533046.jpg","contentUrl":"https:\/\/www.em.com.br\/emfoco\/wp-content\/uploads\/2025\/03\/aposentadoria_1741107533046.jpg","width":1280,"height":720,"caption":"A decis\u00e3o que muda tudo para quem sonha em se aposentar - Cr\u00e9ditos: depositphotos.com \/ NatashaFedorova"},{"@type":"BreadcrumbList","@id":"https:\/\/www.em.com.br\/emfoco\/2025\/04\/17\/bpc-em-risco-governo-anuncia-medida-para-revisao-em-2026-que-pode-eliminar-milhoes\/#breadcrumb","itemListElement":[{"@type":"ListItem","position":1,"name":"In\u00edcio","item":"https:\/\/www.em.com.br\/emfoco\/"},{"@type":"ListItem","position":2,"name":"BPC em risco! Governo anuncia medida para revis\u00e3o em 2026 que pode eliminar milh\u00f5es"}]},{"@type":"WebSite","@id":"https:\/\/www.em.com.br\/emfoco\/#website","url":"https:\/\/www.em.com.br\/emfoco\/","name":"Estado de Minas - Em foco","description":"Acompanhe as \u00faltimas not\u00edcias e fique bem informado sobre tudo o que acontece em Minas Gerais, Brasil e no mundo.","potentialAction":[{"@type":"SearchAction","target":{"@type":"EntryPoint","urlTemplate":"https:\/\/www.em.com.br\/emfoco\/?s={search_term_string}"},"query-input":{"@type":"PropertyValueSpecification","valueRequired":true,"valueName":"search_term_string"}}],"inLanguage":"pt-BR"},{"@type":"Person","@id":"https:\/\/www.em.com.br\/emfoco\/#\/schema\/person\/60eda09c1fedf0d6891f4cef4b60b8b8","name":"Andre\u0301 Rangel\u00a0","image":{"@type":"ImageObject","inLanguage":"pt-BR","@id":"https:\/\/www.em.com.br\/emfoco\/#\/schema\/person\/image\/","url":"https:\/\/secure.gravatar.com\/avatar\/6234dc814c77c8ef6d8bba622c787efc?s=96&d=mm&r=g","contentUrl":"https:\/\/secure.gravatar.com\/avatar\/6234dc814c77c8ef6d8bba622c787efc?s=96&d=mm&r=g","caption":"Andre\u0301 Rangel\u00a0"},"url":"https:\/\/www.em.com.br\/emfoco\/author\/luizmyth\/"}]}},"_links":{"self":[{"href":"https:\/\/www.em.com.br\/emfoco\/wp-json\/wp\/v2\/posts\/38996","targetHints":{"allow":["GET"]}}],"collection":[{"href":"https:\/\/www.em.com.br\/emfoco\/wp-json\/wp\/v2\/posts"}],"about":[{"href":"https:\/\/www.em.com.br\/emfoco\/wp-json\/wp\/v2\/types\/post"}],"author":[{"embeddable":true,"href":"https:\/\/www.em.com.br\/emfoco\/wp-json\/wp\/v2\/users\/11"}],"replies":[{"embeddable":true,"href":"https:\/\/www.em.com.br\/emfoco\/wp-json\/wp\/v2\/comments?post=38996"}],"version-history":[{"count":4,"href":"https:\/\/www.em.com.br\/emfoco\/wp-json\/wp\/v2\/posts\/38996\/revisions"}],"predecessor-version":[{"id":39115,"href":"https:\/\/www.em.com.br\/emfoco\/wp-json\/wp\/v2\/posts\/38996\/revisions\/39115"}],"wp:featuredmedia":[{"embeddable":true,"href":"https:\/\/www.em.com.br\/emfoco\/wp-json\/wp\/v2\/media\/25061"}],"wp:attachment":[{"href":"https:\/\/www.em.com.br\/emfoco\/wp-json\/wp\/v2\/media?parent=38996"}],"wp:term":[{"taxonomy":"category","embeddable":true,"href":"https:\/\/www.em.com.br\/emfoco\/wp-json\/wp\/v2\/categories?post=38996"},{"taxonomy":"post_tag","embeddable":true,"href":"https:\/\/www.em.com.br\/emfoco\/wp-json\/wp\/v2\/tags?post=38996"}],"curies":[{"name":"wp","href":"https:\/\/api.w.org\/{rel}","templated":true}]}}