{"id":3899,"date":"2024-12-09T13:00:00","date_gmt":"2024-12-09T16:00:00","guid":{"rendered":"https:\/\/www.em.com.br\/emfoco\/?p=3899"},"modified":"2024-12-08T22:30:42","modified_gmt":"2024-12-09T01:30:42","slug":"como-seus-dados-pessoais-acabaram-na-rua","status":"publish","type":"post","link":"https:\/\/www.em.com.br\/emfoco\/2024\/12\/09\/como-seus-dados-pessoais-acabaram-na-rua\/","title":{"rendered":"Como seus dados pessoais acabaram na rua?"},"content":{"rendered":"\n<p>O <a href=\"https:\/\/www.bcb.gov.br\/\" target=\"_blank\" rel=\"noreferrer noopener\">Banco Central (BC)<\/a> anunciou recentemente um vazamento de dados pessoais de 1.500 participantes da segunda edi\u00e7\u00e3o de sua pesquisa sobre os h\u00e1bitos dos brasileiros em rela\u00e7\u00e3o ao uso de meios de pagamento. Este an\u00fancio, feito na quinta-feira (5), seguiu a publica\u00e7\u00e3o dos resultados da pesquisa no dia anterior.<\/p>\n\n\n\n<p>A institui\u00e7\u00e3o comunicou que o vazamento ocorreu devido a um <strong>erro operacional<\/strong> ao divulgar o relat\u00f3rio, que acidentalmente incluiu informa\u00e7\u00f5es pessoais dos respondentes. A falha foi prontamente identificada pelo BC, que removeu a publica\u00e7\u00e3o original da internet e a substituiu por uma vers\u00e3o revisada e livre de qualquer dado pessoal exposto.<\/p>\n\n\n\n<h2 class=\"wp-block-heading\">Quais Dados Foram Expostos?<\/h2>\n\n\n\n<p>Os dados divulgados indevidamente inclu\u00edam uma variedade de informa\u00e7\u00f5es pessoais dos entrevistados, tais como seus nomes, endere\u00e7os, n\u00fameros de telefone, g\u00eanero, etnia, idade, escolaridade, estado civil, n\u00edvel de renda e v\u00ednculo empregat\u00edcio. Adicionalmente, foram expostos dados sobre o acesso \u00e0 internet, conhecimento em finan\u00e7as digitais, posse de contas banc\u00e1rias e m\u00e9todos predominantes de recebimento de renda.<\/p>\n\n\n\n<p>A pesquisa tamb\u00e9m <a href=\"https:\/\/www.em.com.br\/emfoco\/2024\/12\/05\/como-proteger-seu-dinheiro-no-pix-novas-regras-e-cuidados-para-evitar-golpes\/\" target=\"_blank\" rel=\"noreferrer noopener\">coletava dados<\/a> sobre h\u00e1bitos em rela\u00e7\u00e3o ao uso de meios de pagamento, incluindo o h\u00e1bito de verificar extratos de contas e faturas de cart\u00e3o de cr\u00e9dito, facilidade em identificar pagamentos, e prefer\u00eancias em meios de pagamento e parcelamento. Contudo, <strong>informa\u00e7\u00f5es financeiras sigilosas n\u00e3o foram comprometidas<\/strong>.<\/p>\n\n\n\n<h2 class=\"wp-block-heading\">Seguran\u00e7a dos Dados Banc\u00e1rios Est\u00e1 Comprometida?<\/h2>\n\n\n\n<p>O Banco Central refor\u00e7ou que as informa\u00e7\u00f5es vazadas n\u00e3o permitem movimenta\u00e7\u00e3o financeira ou acesso \u00e0s contas dos indiv\u00edduos afetados, garantindo que dados como senhas, informa\u00e7\u00f5es de movimenta\u00e7\u00f5es e saldos banc\u00e1rios n\u00e3o foram expostos.<\/p>\n\n\n<div class=\"wp-block-image\">\n<figure class=\"aligncenter size-large\"><img loading=\"lazy\" decoding=\"async\" width=\"1024\" height=\"576\" src=\"https:\/\/www.em.com.br\/emfoco\/wp-content\/uploads\/2024\/12\/Scam_1733467816402-1024x576.jpg\" alt=\"\" class=\"wp-image-3606\" srcset=\"https:\/\/www.em.com.br\/emfoco\/wp-content\/uploads\/2024\/12\/Scam_1733467816402-1024x576.jpg 1024w, https:\/\/www.em.com.br\/emfoco\/wp-content\/uploads\/2024\/12\/Scam_1733467816402-300x169.jpg 300w, https:\/\/www.em.com.br\/emfoco\/wp-content\/uploads\/2024\/12\/Scam_1733467816402-768x432.jpg 768w, https:\/\/www.em.com.br\/emfoco\/wp-content\/uploads\/2024\/12\/Scam_1733467816402-750x422.jpg 750w, https:\/\/www.em.com.br\/emfoco\/wp-content\/uploads\/2024\/12\/Scam_1733467816402-1140x641.jpg 1140w, https:\/\/www.em.com.br\/emfoco\/wp-content\/uploads\/2024\/12\/Scam_1733467816402.jpg 1280w\" sizes=\"auto, (max-width: 1024px) 100vw, 1024px\" \/><figcaption class=\"wp-element-caption\">Reprodu\u00e7\u00e3o Golpista &#8211; Cr\u00e9ditos: depositphotos.com \/ albejor2002@hotmail.com<\/figcaption><\/figure><\/div>\n\n\n<p>As pessoas cujos dados foram potencialmente divulgados receber\u00e3o notifica\u00e7\u00f5es por escrito do BC, contendo informa\u00e7\u00f5es e orienta\u00e7\u00f5es sobre como proceder em caso de tentativas maliciosas de contato utilizando as informa\u00e7\u00f5es vazadas.<\/p>\n\n\n\n<h2 class=\"wp-block-heading\">Como Prevenir Golpes Relacionados ao Vazamento?<\/h2>\n\n\n\n<p>A institui\u00e7\u00e3o destacou a import\u00e2ncia de os afetados estarem atentos a poss\u00edveis tentativas de golpe. O aviso mencionou especificamente o risco de abordagens por telefone que explorem os dados divulgados na pesquisa, orientando os respondentes a serem cautelosos com qualquer contato n\u00e3o solicitado que solicite mais informa\u00e7\u00f5es ou que discuta detalhes da pesquisa.<\/p>\n\n\n\n<ul class=\"wp-block-list\">\n<li>Desconfie de liga\u00e7\u00f5es que mencionem dados pessoais espec\u00edficos.<\/li>\n\n\n\n<li>N\u00e3o forne\u00e7a informa\u00e7\u00f5es adicionais a contatos suspeitos.<\/li>\n\n\n\n<li>Verifique a identidade do interlocutor antes de discutir qualquer dado pessoal.<\/li>\n<\/ul>\n\n\n\n<h2 class=\"wp-block-heading\">Medidas Adotadas pelo Banco Central para Garantir a Prote\u00e7\u00e3o de Dados<\/h2>\n\n\n\n<p>Em conformidade com a <em>Lei Geral de Prote\u00e7\u00e3o de Dados Pessoais (LGPD)<\/em>, o Banco Central assegurou que todas as medidas necess\u00e1rias foram tomadas para lidar com o incidente de seguran\u00e7a. Al\u00e9m disso, mant\u00e9m uma p\u00e1gina espec\u00edfica em seu site dedicada ao registro e comunica\u00e7\u00e3o de incidentes de seguran\u00e7a relevantes.<\/p>\n\n\n\n<p>A transpar\u00eancia foi enfatizada pelo banco como um princ\u00edpio orientador no manejo do incidente, garantindo que o p\u00fablico e as partes envolvidas sejam adequadamente informados sobre a situa\u00e7\u00e3o e as medidas subsequentes adotadas para garantir a seguran\u00e7a e a privacidade dos dados pessoais.<\/p>\n","protected":false},"excerpt":{"rendered":"<p>O Banco Central (BC) anunciou recentemente um vazamento de dados pessoais de 1.500 participantes da segunda edi\u00e7\u00e3o de sua pesquisa sobre os h\u00e1bitos dos brasileiros em rela\u00e7\u00e3o ao uso de meios de pagamento. Este an\u00fancio, feito na quinta-feira (5), seguiu a publica\u00e7\u00e3o dos resultados da pesquisa no dia anterior. A institui\u00e7\u00e3o comunicou que o vazamento [&hellip;]<\/p>\n","protected":false},"author":7,"featured_media":3902,"comment_status":"open","ping_status":"open","sticky":false,"template":"","format":"standard","meta":{"jnews-multi-image_gallery":[],"jnews_single_post":{"format":"standard"},"jnews_primary_category":[],"jnews_social_meta":[],"jnews_override_counter":[],"footnotes":""},"categories":[28],"tags":[1737,1738,1586,1736],"class_list":["post-3899","post","type-post","status-publish","format-standard","has-post-thumbnail","hentry","category-economia","tag-golpes-digitais","tag-protecao-de-dados","tag-seguranca-digital","tag-vazamento-de-dados"],"yoast_head":"<!-- This site is optimized with the Yoast SEO plugin v23.8 - https:\/\/yoast.com\/wordpress\/plugins\/seo\/ -->\n<title>Como seus dados pessoais acabaram na rua? - Estado de Minas - Em foco<\/title>\n<meta name=\"description\" content=\"Entenda sobre o vazamento de dados pessoais, quais problemas ele pode trazer e como se prevenir de golpes.\" \/>\n<meta name=\"robots\" content=\"index, follow, max-snippet:-1, max-image-preview:large, max-video-preview:-1\" \/>\n<link rel=\"canonical\" href=\"https:\/\/www.em.com.br\/emfoco\/2024\/12\/09\/como-seus-dados-pessoais-acabaram-na-rua\/\" \/>\n<meta property=\"og:locale\" content=\"pt_BR\" \/>\n<meta property=\"og:type\" content=\"article\" \/>\n<meta property=\"og:title\" content=\"Como seus dados pessoais acabaram na rua? - Estado de Minas - Em foco\" \/>\n<meta property=\"og:description\" content=\"Entenda sobre o vazamento de dados pessoais, quais problemas ele pode trazer e como se prevenir de golpes.\" \/>\n<meta property=\"og:url\" content=\"https:\/\/www.em.com.br\/emfoco\/2024\/12\/09\/como-seus-dados-pessoais-acabaram-na-rua\/\" \/>\n<meta property=\"og:site_name\" content=\"Estado de Minas - Em foco\" \/>\n<meta property=\"article:published_time\" content=\"2024-12-09T16:00:00+00:00\" \/>\n<meta property=\"article:modified_time\" content=\"2024-12-09T01:30:42+00:00\" \/>\n<meta property=\"og:image\" content=\"https:\/\/www.em.com.br\/emfoco\/wp-content\/uploads\/2024\/12\/Banco-Central_1733707835451.jpg\" \/>\n\t<meta property=\"og:image:width\" content=\"1280\" \/>\n\t<meta property=\"og:image:height\" content=\"720\" \/>\n\t<meta property=\"og:image:type\" content=\"image\/jpeg\" \/>\n<meta name=\"author\" content=\"Kelvin\" \/>\n<meta name=\"twitter:card\" content=\"summary_large_image\" \/>\n<meta name=\"twitter:label1\" content=\"Escrito por\" \/>\n\t<meta name=\"twitter:data1\" content=\"Kelvin\" \/>\n\t<meta name=\"twitter:label2\" content=\"Est. tempo de leitura\" \/>\n\t<meta name=\"twitter:data2\" content=\"4 minutos\" \/>\n<!-- \/ Yoast SEO plugin. -->","yoast_head_json":{"title":"Como seus dados pessoais acabaram na rua? - Estado de Minas - Em foco","description":"Entenda sobre o vazamento de dados pessoais, quais problemas ele pode trazer e como se prevenir de golpes.","robots":{"index":"index","follow":"follow","max-snippet":"max-snippet:-1","max-image-preview":"max-image-preview:large","max-video-preview":"max-video-preview:-1"},"canonical":"https:\/\/www.em.com.br\/emfoco\/2024\/12\/09\/como-seus-dados-pessoais-acabaram-na-rua\/","og_locale":"pt_BR","og_type":"article","og_title":"Como seus dados pessoais acabaram na rua? - Estado de Minas - Em foco","og_description":"Entenda sobre o vazamento de dados pessoais, quais problemas ele pode trazer e como se prevenir de golpes.","og_url":"https:\/\/www.em.com.br\/emfoco\/2024\/12\/09\/como-seus-dados-pessoais-acabaram-na-rua\/","og_site_name":"Estado de Minas - Em foco","article_published_time":"2024-12-09T16:00:00+00:00","article_modified_time":"2024-12-09T01:30:42+00:00","og_image":[{"width":1280,"height":720,"url":"https:\/\/www.em.com.br\/emfoco\/wp-content\/uploads\/2024\/12\/Banco-Central_1733707835451.jpg","type":"image\/jpeg"}],"author":"Kelvin","twitter_card":"summary_large_image","twitter_misc":{"Escrito por":"Kelvin","Est. tempo de leitura":"4 minutos"},"schema":{"@context":"https:\/\/schema.org","@graph":[{"@type":"WebPage","@id":"https:\/\/www.em.com.br\/emfoco\/2024\/12\/09\/como-seus-dados-pessoais-acabaram-na-rua\/","url":"https:\/\/www.em.com.br\/emfoco\/2024\/12\/09\/como-seus-dados-pessoais-acabaram-na-rua\/","name":"Como seus dados pessoais acabaram na rua? - Estado de Minas - Em foco","isPartOf":{"@id":"https:\/\/www.em.com.br\/emfoco\/#website"},"primaryImageOfPage":{"@id":"https:\/\/www.em.com.br\/emfoco\/2024\/12\/09\/como-seus-dados-pessoais-acabaram-na-rua\/#primaryimage"},"image":{"@id":"https:\/\/www.em.com.br\/emfoco\/2024\/12\/09\/como-seus-dados-pessoais-acabaram-na-rua\/#primaryimage"},"thumbnailUrl":"https:\/\/www.em.com.br\/emfoco\/wp-content\/uploads\/2024\/12\/Banco-Central_1733707835451.jpg","datePublished":"2024-12-09T16:00:00+00:00","dateModified":"2024-12-09T01:30:42+00:00","author":{"@id":"https:\/\/www.em.com.br\/emfoco\/#\/schema\/person\/fb0a7f48c6fbb94b83f413a80f61917d"},"description":"Entenda sobre o vazamento de dados pessoais, quais problemas ele pode trazer e como se prevenir de golpes.","breadcrumb":{"@id":"https:\/\/www.em.com.br\/emfoco\/2024\/12\/09\/como-seus-dados-pessoais-acabaram-na-rua\/#breadcrumb"},"inLanguage":"pt-BR","potentialAction":[{"@type":"ReadAction","target":["https:\/\/www.em.com.br\/emfoco\/2024\/12\/09\/como-seus-dados-pessoais-acabaram-na-rua\/"]}]},{"@type":"ImageObject","inLanguage":"pt-BR","@id":"https:\/\/www.em.com.br\/emfoco\/2024\/12\/09\/como-seus-dados-pessoais-acabaram-na-rua\/#primaryimage","url":"https:\/\/www.em.com.br\/emfoco\/wp-content\/uploads\/2024\/12\/Banco-Central_1733707835451.jpg","contentUrl":"https:\/\/www.em.com.br\/emfoco\/wp-content\/uploads\/2024\/12\/Banco-Central_1733707835451.jpg","width":1280,"height":720,"caption":"BC - Cr\u00e9ditos: depositphotos.com \/ diegograndi"},{"@type":"BreadcrumbList","@id":"https:\/\/www.em.com.br\/emfoco\/2024\/12\/09\/como-seus-dados-pessoais-acabaram-na-rua\/#breadcrumb","itemListElement":[{"@type":"ListItem","position":1,"name":"In\u00edcio","item":"https:\/\/www.em.com.br\/emfoco\/"},{"@type":"ListItem","position":2,"name":"Como seus dados pessoais acabaram na rua?"}]},{"@type":"WebSite","@id":"https:\/\/www.em.com.br\/emfoco\/#website","url":"https:\/\/www.em.com.br\/emfoco\/","name":"Estado de Minas - Em foco","description":"Acompanhe as \u00faltimas not\u00edcias e fique bem informado sobre tudo o que acontece em Minas Gerais, Brasil e no mundo.","potentialAction":[{"@type":"SearchAction","target":{"@type":"EntryPoint","urlTemplate":"https:\/\/www.em.com.br\/emfoco\/?s={search_term_string}"},"query-input":{"@type":"PropertyValueSpecification","valueRequired":true,"valueName":"search_term_string"}}],"inLanguage":"pt-BR"},{"@type":"Person","@id":"https:\/\/www.em.com.br\/emfoco\/#\/schema\/person\/fb0a7f48c6fbb94b83f413a80f61917d","name":"Kelvin","image":{"@type":"ImageObject","inLanguage":"pt-BR","@id":"https:\/\/www.em.com.br\/emfoco\/#\/schema\/person\/image\/","url":"https:\/\/secure.gravatar.com\/avatar\/e74f84337e6bf6c4c5e88fbdffa05270?s=96&d=mm&r=g","contentUrl":"https:\/\/secure.gravatar.com\/avatar\/e74f84337e6bf6c4c5e88fbdffa05270?s=96&d=mm&r=g","caption":"Kelvin"},"sameAs":["https:\/\/www.em.com.br\/emfoco"],"url":"https:\/\/www.em.com.br\/emfoco\/author\/kelvinmyth\/"}]}},"_links":{"self":[{"href":"https:\/\/www.em.com.br\/emfoco\/wp-json\/wp\/v2\/posts\/3899","targetHints":{"allow":["GET"]}}],"collection":[{"href":"https:\/\/www.em.com.br\/emfoco\/wp-json\/wp\/v2\/posts"}],"about":[{"href":"https:\/\/www.em.com.br\/emfoco\/wp-json\/wp\/v2\/types\/post"}],"author":[{"embeddable":true,"href":"https:\/\/www.em.com.br\/emfoco\/wp-json\/wp\/v2\/users\/7"}],"replies":[{"embeddable":true,"href":"https:\/\/www.em.com.br\/emfoco\/wp-json\/wp\/v2\/comments?post=3899"}],"version-history":[{"count":2,"href":"https:\/\/www.em.com.br\/emfoco\/wp-json\/wp\/v2\/posts\/3899\/revisions"}],"predecessor-version":[{"id":3903,"href":"https:\/\/www.em.com.br\/emfoco\/wp-json\/wp\/v2\/posts\/3899\/revisions\/3903"}],"wp:featuredmedia":[{"embeddable":true,"href":"https:\/\/www.em.com.br\/emfoco\/wp-json\/wp\/v2\/media\/3902"}],"wp:attachment":[{"href":"https:\/\/www.em.com.br\/emfoco\/wp-json\/wp\/v2\/media?parent=3899"}],"wp:term":[{"taxonomy":"category","embeddable":true,"href":"https:\/\/www.em.com.br\/emfoco\/wp-json\/wp\/v2\/categories?post=3899"},{"taxonomy":"post_tag","embeddable":true,"href":"https:\/\/www.em.com.br\/emfoco\/wp-json\/wp\/v2\/tags?post=3899"}],"curies":[{"name":"wp","href":"https:\/\/api.w.org\/{rel}","templated":true}]}}