{"id":38922,"date":"2025-04-23T11:40:00","date_gmt":"2025-04-23T14:40:00","guid":{"rendered":"https:\/\/www.em.com.br\/emfoco\/?p=38922"},"modified":"2025-04-22T13:34:26","modified_gmt":"2025-04-22T16:34:26","slug":"o-pais-onde-a-ciencia-prosperou-e-a-cerveja-virou-simbolo-nacional","status":"publish","type":"post","link":"https:\/\/www.em.com.br\/emfoco\/2025\/04\/23\/o-pais-onde-a-ciencia-prosperou-e-a-cerveja-virou-simbolo-nacional\/","title":{"rendered":"O pa\u00eds onde a ci\u00eancia prosperou e a cerveja virou s\u00edmbolo nacional"},"content":{"rendered":"\n<p>A <strong>Alemanha <\/strong>\u00e9 uma das na\u00e7\u00f5es mais influentes da <strong>Europa <\/strong>e do mundo, conhecida por sua economia robusta, rica hist\u00f3ria cultural e avan\u00e7os tecnol\u00f3gicos. Localizada no cora\u00e7\u00e3o da Europa, a Alemanha desempenha um papel crucial na pol\u00edtica e economia global, sendo um dos membros fundadores da<strong> <a href=\"https:\/\/brasilescola.uol.com.br\/geografia\/uniao-europeia.htm\" target=\"_blank\" rel=\"noreferrer noopener\">Uni\u00e3o Europeia<\/a><\/strong>.<\/p>\n\n\n\n<p>Com uma popula\u00e7\u00e3o de mais de 83 milh\u00f5es de habitantes em 2025, a Alemanha \u00e9 o pa\u00eds mais populoso da Uni\u00e3o Europeia. Sua capital, <strong>Berlim<\/strong>, \u00e9 um centro de cultura, pol\u00edtica e ci\u00eancia, refletindo a diversidade e a inova\u00e7\u00e3o que caracterizam a na\u00e7\u00e3o.<\/p>\n\n\n\n<h2 class=\"wp-block-heading\">Qualidade de vida na Alemanha<\/h2>\n\n\n\n<p>A Alemanha \u00e9 frequentemente classificada entre os pa\u00edses com melhor qualidade de vida no mundo. Este reconhecimento se deve a uma combina\u00e7\u00e3o de fatores, incluindo um sistema de sa\u00fade eficiente, infraestrutura de alta qualidade e um forte sistema de seguridade social.<\/p>\n\n\n\n<p>Os cidad\u00e3os alem\u00e3es desfrutam de um alto padr\u00e3o de vida, com acesso a servi\u00e7os p\u00fablicos de qualidade e um ambiente seguro. A pol\u00edtica de bem-estar social do pa\u00eds garante que todos tenham acesso a cuidados de sa\u00fade e educa\u00e7\u00e3o, contribuindo para uma sociedade equilibrada e justa.<\/p>\n\n\n\n<figure class=\"wp-block-image size-large\"><img loading=\"lazy\" decoding=\"async\" width=\"1024\" height=\"576\" src=\"https:\/\/www.em.com.br\/emfoco\/wp-content\/uploads\/2025\/04\/Berlin-Germany_1744815487771-1024x576.jpg\" alt=\"O pa\u00eds onde a ci\u00eancia prosperou e a cerveja virou s\u00edmbolo nacional\" class=\"wp-image-38932\" srcset=\"https:\/\/www.em.com.br\/emfoco\/wp-content\/uploads\/2025\/04\/Berlin-Germany_1744815487771-1024x576.jpg 1024w, https:\/\/www.em.com.br\/emfoco\/wp-content\/uploads\/2025\/04\/Berlin-Germany_1744815487771-300x169.jpg 300w, https:\/\/www.em.com.br\/emfoco\/wp-content\/uploads\/2025\/04\/Berlin-Germany_1744815487771-768x432.jpg 768w, https:\/\/www.em.com.br\/emfoco\/wp-content\/uploads\/2025\/04\/Berlin-Germany_1744815487771-750x422.jpg 750w, https:\/\/www.em.com.br\/emfoco\/wp-content\/uploads\/2025\/04\/Berlin-Germany_1744815487771-1140x641.jpg 1140w, https:\/\/www.em.com.br\/emfoco\/wp-content\/uploads\/2025\/04\/Berlin-Germany_1744815487771.jpg 1280w\" sizes=\"auto, (max-width: 1024px) 100vw, 1024px\" \/><figcaption class=\"wp-element-caption\">Berlim, Alemanha &#8211; Cr\u00e9ditos: depositphotos.com \/ AlexGukBO<\/figcaption><\/figure>\n\n\n\n<h2 class=\"wp-block-heading\">Educa\u00e7\u00e3o na Alemanha<\/h2>\n\n\n\n<p>O sistema educacional alem\u00e3o \u00e9 amplamente respeitado por sua excel\u00eancia e rigor. Desde a educa\u00e7\u00e3o b\u00e1sica at\u00e9 o ensino superior, a Alemanha oferece uma ampla gama de oportunidades educacionais para seus cidad\u00e3os e estudantes internacionais.<\/p>\n\n\n\n<p>As universidades alem\u00e3s s\u00e3o conhecidas por sua pesquisa de ponta e inova\u00e7\u00e3o, atraindo estudantes de todo o mundo. Al\u00e9m disso, a educa\u00e7\u00e3o \u00e9 gratuita ou de baixo custo, o que facilita o acesso ao ensino superior para todos.<\/p>\n\n\n\n<h2 class=\"wp-block-heading\">Turismo na Alemanha<\/h2>\n\n\n\n<p>A Alemanha \u00e9 um destino tur\u00edstico popular, oferecendo uma rica tape\u00e7aria de experi\u00eancias culturais, hist\u00f3ricas e naturais. Desde os <strong>castelos da Baviera<\/strong> at\u00e9 as florestas negras e as cidades vibrantes como Berlim e <strong>Munique<\/strong>, h\u00e1 algo para todos os gostos.<\/p>\n\n\n\n<p>Os turistas podem explorar a rica hist\u00f3ria do pa\u00eds, desde os tempos medievais at\u00e9 os eventos mais recentes do s\u00e9culo XX. Museus, galerias de arte e monumentos hist\u00f3ricos est\u00e3o espalhados por todo o pa\u00eds, proporcionando uma experi\u00eancia enriquecedora para os visitantes.<\/p>\n\n\n\n<h2 class=\"wp-block-heading\">Economia Alem\u00e3: um pilar da Europa<\/h2>\n\n\n\n<p>A economia alem\u00e3 \u00e9 a maior da Europa e a quarta maior do mundo. O pa\u00eds \u00e9 conhecido por sua ind\u00fastria automotiva de ponta, engenharia avan\u00e7ada e um setor de exporta\u00e7\u00e3o robusto. Empresas como <strong><a href=\"https:\/\/www.em.com.br\/emfoco\/2025\/04\/14\/novo-volkswagen-tiguan-2025-chega-ao-brasil-para-desbancar-concorrencia\/\" target=\"_blank\" rel=\"noreferrer noopener\">Volkswagen<\/a><\/strong>, <strong>Siemens <\/strong>e <strong>BMW <\/strong>s\u00e3o \u00edcones da excel\u00eancia industrial alem\u00e3.<\/p>\n\n\n\n<p>O sucesso econ\u00f4mico da Alemanha \u00e9 impulsionado por uma for\u00e7a de trabalho qualificada, inova\u00e7\u00e3o tecnol\u00f3gica e pol\u00edticas econ\u00f4micas s\u00f3lidas. O pa\u00eds continua a ser um l\u00edder em sustentabilidade e energias renov\u00e1veis, com investimentos significativos em tecnologia verde.<\/p>\n\n\n\n<h2 class=\"wp-block-heading\">Hist\u00f3ria e cultura da Alemanha<\/h2>\n\n\n\n<p>A hist\u00f3ria da Alemanha \u00e9 rica e complexa, marcada por eventos que moldaram o curso da hist\u00f3ria europeia e mundial. Desde o <strong>Sacro Imp\u00e9rio Romano-Germ\u00e2nico<\/strong> at\u00e9 a reunifica\u00e7\u00e3o ap\u00f3s a queda do <strong>Muro de Berlim<\/strong>, a Alemanha passou por transforma\u00e7\u00f5es significativas.<\/p>\n\n\n\n<p>A cultura alem\u00e3 \u00e9 diversa e influente, com contribui\u00e7\u00f5es significativas para a m\u00fasica, literatura, filosofia e ci\u00eancia. Figuras como <strong>Johann Sebastian Bach<\/strong>, <strong>Albert Einstein<\/strong> e <strong>Johann Wolfgang von Goethe<\/strong> s\u00e3o apenas alguns dos nomes que deixaram um legado duradouro.<\/p>\n\n\n\n<h2 class=\"wp-block-heading\">Por que visitar a Alemanha?<\/h2>\n\n\n\n<p>Visitar a Alemanha \u00e9 uma oportunidade de explorar um pa\u00eds que combina tradi\u00e7\u00e3o e modernidade de maneira \u00fanica. Os visitantes podem desfrutar de festivais culturais, como a <strong>Oktoberfest<\/strong>, e explorar paisagens deslumbrantes, desde os <strong>Alpes<\/strong> at\u00e9 o <strong>Mar do Norte<\/strong>.<\/p>\n\n\n\n<p>Al\u00e9m disso, a Alemanha \u00e9 conhecida por sua hospitalidade e efici\u00eancia, tornando a experi\u00eancia de viagem agrad\u00e1vel e sem complica\u00e7\u00f5es. Com uma rede de transporte p\u00fablico bem desenvolvida, \u00e9 f\u00e1cil explorar as diversas regi\u00f5es do pa\u00eds.<\/p>\n","protected":false},"excerpt":{"rendered":"<p>A Alemanha \u00e9 uma das na\u00e7\u00f5es mais influentes da Europa e do mundo, conhecida por sua economia robusta, rica hist\u00f3ria cultural e avan\u00e7os tecnol\u00f3gicos. Localizada no cora\u00e7\u00e3o da Europa, a Alemanha desempenha um papel crucial na pol\u00edtica e economia global, sendo um dos membros fundadores da Uni\u00e3o Europeia. Com uma popula\u00e7\u00e3o de mais de 83 [&hellip;]<\/p>\n","protected":false},"author":13,"featured_media":38931,"comment_status":"open","ping_status":"open","sticky":false,"template":"","format":"standard","meta":{"jnews-multi-image_gallery":[],"jnews_single_post":{"format":"standard"},"jnews_primary_category":[],"jnews_social_meta":[],"jnews_override_counter":[],"footnotes":""},"categories":[26],"tags":[1446,159,500,157],"class_list":["post-38922","post","type-post","status-publish","format-standard","has-post-thumbnail","hentry","category-cidades","tag-alemanha","tag-cultura","tag-educacao","tag-turismo"],"yoast_head":"<!-- This site is optimized with the Yoast SEO plugin v23.8 - https:\/\/yoast.com\/wordpress\/plugins\/seo\/ -->\n<title>O pa\u00eds onde a ci\u00eancia prosperou e a cerveja virou s\u00edmbolo nacional - Estado de Minas - Em foco<\/title>\n<meta name=\"description\" content=\"Um pa\u00eds europeu com qualidade de vida alt\u00edssima, cidades encantadoras e uma das economias mais fortes do mundo.\" \/>\n<meta name=\"robots\" content=\"index, follow, max-snippet:-1, max-image-preview:large, max-video-preview:-1\" \/>\n<link rel=\"canonical\" href=\"https:\/\/www.em.com.br\/emfoco\/2025\/04\/23\/o-pais-onde-a-ciencia-prosperou-e-a-cerveja-virou-simbolo-nacional\/\" \/>\n<meta property=\"og:locale\" content=\"pt_BR\" \/>\n<meta property=\"og:type\" content=\"article\" \/>\n<meta property=\"og:title\" content=\"O pa\u00eds onde a ci\u00eancia prosperou e a cerveja virou s\u00edmbolo nacional - Estado de Minas - Em foco\" \/>\n<meta property=\"og:description\" content=\"Um pa\u00eds europeu com qualidade de vida alt\u00edssima, cidades encantadoras e uma das economias mais fortes do mundo.\" \/>\n<meta property=\"og:url\" content=\"https:\/\/www.em.com.br\/emfoco\/2025\/04\/23\/o-pais-onde-a-ciencia-prosperou-e-a-cerveja-virou-simbolo-nacional\/\" \/>\n<meta property=\"og:site_name\" content=\"Estado de Minas - Em foco\" \/>\n<meta property=\"article:published_time\" content=\"2025-04-23T14:40:00+00:00\" \/>\n<meta property=\"article:modified_time\" content=\"2025-04-22T16:34:26+00:00\" \/>\n<meta property=\"og:image\" content=\"https:\/\/www.em.com.br\/emfoco\/wp-content\/uploads\/2025\/04\/Berlin-Germany_1744815451675.jpg\" \/>\n\t<meta property=\"og:image:width\" content=\"1280\" \/>\n\t<meta property=\"og:image:height\" content=\"720\" \/>\n\t<meta property=\"og:image:type\" content=\"image\/jpeg\" \/>\n<meta name=\"author\" content=\"Gabriel Martins\" \/>\n<meta name=\"twitter:card\" content=\"summary_large_image\" \/>\n<meta name=\"twitter:label1\" content=\"Escrito por\" \/>\n\t<meta name=\"twitter:data1\" content=\"Gabriel Martins\" \/>\n\t<meta name=\"twitter:label2\" content=\"Est. tempo de leitura\" \/>\n\t<meta name=\"twitter:data2\" content=\"4 minutos\" \/>\n<!-- \/ Yoast SEO plugin. -->","yoast_head_json":{"title":"O pa\u00eds onde a ci\u00eancia prosperou e a cerveja virou s\u00edmbolo nacional - Estado de Minas - Em foco","description":"Um pa\u00eds europeu com qualidade de vida alt\u00edssima, cidades encantadoras e uma das economias mais fortes do mundo.","robots":{"index":"index","follow":"follow","max-snippet":"max-snippet:-1","max-image-preview":"max-image-preview:large","max-video-preview":"max-video-preview:-1"},"canonical":"https:\/\/www.em.com.br\/emfoco\/2025\/04\/23\/o-pais-onde-a-ciencia-prosperou-e-a-cerveja-virou-simbolo-nacional\/","og_locale":"pt_BR","og_type":"article","og_title":"O pa\u00eds onde a ci\u00eancia prosperou e a cerveja virou s\u00edmbolo nacional - Estado de Minas - Em foco","og_description":"Um pa\u00eds europeu com qualidade de vida alt\u00edssima, cidades encantadoras e uma das economias mais fortes do mundo.","og_url":"https:\/\/www.em.com.br\/emfoco\/2025\/04\/23\/o-pais-onde-a-ciencia-prosperou-e-a-cerveja-virou-simbolo-nacional\/","og_site_name":"Estado de Minas - Em foco","article_published_time":"2025-04-23T14:40:00+00:00","article_modified_time":"2025-04-22T16:34:26+00:00","og_image":[{"width":1280,"height":720,"url":"https:\/\/www.em.com.br\/emfoco\/wp-content\/uploads\/2025\/04\/Berlin-Germany_1744815451675.jpg","type":"image\/jpeg"}],"author":"Gabriel Martins","twitter_card":"summary_large_image","twitter_misc":{"Escrito por":"Gabriel Martins","Est. tempo de leitura":"4 minutos"},"schema":{"@context":"https:\/\/schema.org","@graph":[{"@type":"WebPage","@id":"https:\/\/www.em.com.br\/emfoco\/2025\/04\/23\/o-pais-onde-a-ciencia-prosperou-e-a-cerveja-virou-simbolo-nacional\/","url":"https:\/\/www.em.com.br\/emfoco\/2025\/04\/23\/o-pais-onde-a-ciencia-prosperou-e-a-cerveja-virou-simbolo-nacional\/","name":"O pa\u00eds onde a ci\u00eancia prosperou e a cerveja virou s\u00edmbolo nacional - Estado de Minas - Em foco","isPartOf":{"@id":"https:\/\/www.em.com.br\/emfoco\/#website"},"primaryImageOfPage":{"@id":"https:\/\/www.em.com.br\/emfoco\/2025\/04\/23\/o-pais-onde-a-ciencia-prosperou-e-a-cerveja-virou-simbolo-nacional\/#primaryimage"},"image":{"@id":"https:\/\/www.em.com.br\/emfoco\/2025\/04\/23\/o-pais-onde-a-ciencia-prosperou-e-a-cerveja-virou-simbolo-nacional\/#primaryimage"},"thumbnailUrl":"https:\/\/www.em.com.br\/emfoco\/wp-content\/uploads\/2025\/04\/Berlin-Germany_1744815451675.jpg","datePublished":"2025-04-23T14:40:00+00:00","dateModified":"2025-04-22T16:34:26+00:00","author":{"@id":"https:\/\/www.em.com.br\/emfoco\/#\/schema\/person\/1c9ddeab18b98abeffef834667bcf08a"},"description":"Um pa\u00eds europeu com qualidade de vida alt\u00edssima, cidades encantadoras e uma das economias mais fortes do mundo.","breadcrumb":{"@id":"https:\/\/www.em.com.br\/emfoco\/2025\/04\/23\/o-pais-onde-a-ciencia-prosperou-e-a-cerveja-virou-simbolo-nacional\/#breadcrumb"},"inLanguage":"pt-BR","potentialAction":[{"@type":"ReadAction","target":["https:\/\/www.em.com.br\/emfoco\/2025\/04\/23\/o-pais-onde-a-ciencia-prosperou-e-a-cerveja-virou-simbolo-nacional\/"]}]},{"@type":"ImageObject","inLanguage":"pt-BR","@id":"https:\/\/www.em.com.br\/emfoco\/2025\/04\/23\/o-pais-onde-a-ciencia-prosperou-e-a-cerveja-virou-simbolo-nacional\/#primaryimage","url":"https:\/\/www.em.com.br\/emfoco\/wp-content\/uploads\/2025\/04\/Berlin-Germany_1744815451675.jpg","contentUrl":"https:\/\/www.em.com.br\/emfoco\/wp-content\/uploads\/2025\/04\/Berlin-Germany_1744815451675.jpg","width":1280,"height":720,"caption":"Berlim, Alemanha - Cr\u00e9ditos: depositphotos.com \/ pandionhiatus3"},{"@type":"BreadcrumbList","@id":"https:\/\/www.em.com.br\/emfoco\/2025\/04\/23\/o-pais-onde-a-ciencia-prosperou-e-a-cerveja-virou-simbolo-nacional\/#breadcrumb","itemListElement":[{"@type":"ListItem","position":1,"name":"In\u00edcio","item":"https:\/\/www.em.com.br\/emfoco\/"},{"@type":"ListItem","position":2,"name":"O pa\u00eds onde a ci\u00eancia prosperou e a cerveja virou s\u00edmbolo nacional"}]},{"@type":"WebSite","@id":"https:\/\/www.em.com.br\/emfoco\/#website","url":"https:\/\/www.em.com.br\/emfoco\/","name":"Estado de Minas - Em foco","description":"Acompanhe as \u00faltimas not\u00edcias e fique bem informado sobre tudo o que acontece em Minas Gerais, Brasil e no mundo.","potentialAction":[{"@type":"SearchAction","target":{"@type":"EntryPoint","urlTemplate":"https:\/\/www.em.com.br\/emfoco\/?s={search_term_string}"},"query-input":{"@type":"PropertyValueSpecification","valueRequired":true,"valueName":"search_term_string"}}],"inLanguage":"pt-BR"},{"@type":"Person","@id":"https:\/\/www.em.com.br\/emfoco\/#\/schema\/person\/1c9ddeab18b98abeffef834667bcf08a","name":"Gabriel Martins","image":{"@type":"ImageObject","inLanguage":"pt-BR","@id":"https:\/\/www.em.com.br\/emfoco\/#\/schema\/person\/image\/","url":"https:\/\/secure.gravatar.com\/avatar\/f0f1e2efdfd88f1ad2cb08c5c2731e50?s=96&d=mm&r=g","contentUrl":"https:\/\/secure.gravatar.com\/avatar\/f0f1e2efdfd88f1ad2cb08c5c2731e50?s=96&d=mm&r=g","caption":"Gabriel Martins"},"sameAs":["https:\/\/www.em.com.br\/emfoco\/"],"url":"https:\/\/www.em.com.br\/emfoco\/author\/gabrielmartinsmyth\/"}]}},"_links":{"self":[{"href":"https:\/\/www.em.com.br\/emfoco\/wp-json\/wp\/v2\/posts\/38922","targetHints":{"allow":["GET"]}}],"collection":[{"href":"https:\/\/www.em.com.br\/emfoco\/wp-json\/wp\/v2\/posts"}],"about":[{"href":"https:\/\/www.em.com.br\/emfoco\/wp-json\/wp\/v2\/types\/post"}],"author":[{"embeddable":true,"href":"https:\/\/www.em.com.br\/emfoco\/wp-json\/wp\/v2\/users\/13"}],"replies":[{"embeddable":true,"href":"https:\/\/www.em.com.br\/emfoco\/wp-json\/wp\/v2\/comments?post=38922"}],"version-history":[{"count":2,"href":"https:\/\/www.em.com.br\/emfoco\/wp-json\/wp\/v2\/posts\/38922\/revisions"}],"predecessor-version":[{"id":38934,"href":"https:\/\/www.em.com.br\/emfoco\/wp-json\/wp\/v2\/posts\/38922\/revisions\/38934"}],"wp:featuredmedia":[{"embeddable":true,"href":"https:\/\/www.em.com.br\/emfoco\/wp-json\/wp\/v2\/media\/38931"}],"wp:attachment":[{"href":"https:\/\/www.em.com.br\/emfoco\/wp-json\/wp\/v2\/media?parent=38922"}],"wp:term":[{"taxonomy":"category","embeddable":true,"href":"https:\/\/www.em.com.br\/emfoco\/wp-json\/wp\/v2\/categories?post=38922"},{"taxonomy":"post_tag","embeddable":true,"href":"https:\/\/www.em.com.br\/emfoco\/wp-json\/wp\/v2\/tags?post=38922"}],"curies":[{"name":"wp","href":"https:\/\/api.w.org\/{rel}","templated":true}]}}