{"id":38829,"date":"2025-04-23T07:40:00","date_gmt":"2025-04-23T10:40:00","guid":{"rendered":"https:\/\/www.em.com.br\/emfoco\/?p=38829"},"modified":"2025-04-16T10:15:53","modified_gmt":"2025-04-16T13:15:53","slug":"o-destino-que-mistura-cultura-milenar-desertos-e-cidades-historicas","status":"publish","type":"post","link":"https:\/\/www.em.com.br\/emfoco\/2025\/04\/23\/o-destino-que-mistura-cultura-milenar-desertos-e-cidades-historicas\/","title":{"rendered":"O destino que mistura cultura milenar, desertos e cidades hist\u00f3ricas"},"content":{"rendered":"\n<p><strong>Marrocos<\/strong>, localizado na interse\u00e7\u00e3o entre o <strong>Mar Mediterr\u00e2neo<\/strong> e o <strong>Oceano Atl\u00e2ntico<\/strong>, \u00e9 um pa\u00eds que se destaca por sua diversidade cultural e beleza natural. Com uma hist\u00f3ria que se estende por mil\u00eanios, Marrocos oferece uma fus\u00e3o \u00fanica de tradi\u00e7\u00f5es antigas e hospitalidade calorosa. Este destino \u00e9 conhecido por suas cidades hist\u00f3ricas, mercados vibrantes e arquitetura distinta, proporcionando uma experi\u00eancia rica e variada para os visitantes.<\/p>\n\n\n\n<p>O pa\u00eds \u00e9 um verdadeiro mosaico de experi\u00eancias, onde cada regi\u00e3o apresenta suas pr\u00f3prias caracter\u00edsticas e atra\u00e7\u00f5es. Desde as cidades movimentadas at\u00e9 as paisagens naturais deslumbrantes, Marrocos \u00e9 um convite para explorar e descobrir suas in\u00fameras facetas.<\/p>\n\n\n\n<h2 class=\"wp-block-heading\">Quais s\u00e3o os destinos imperd\u00edveis em Marrocos?<\/h2>\n\n\n\n<p>Marrocos \u00e9 lar de uma s\u00e9rie de destinos fascinantes. <strong>Marrakech<\/strong>, por exemplo, \u00e9 famosa por sua vibrante pra\u00e7a central, onde a vida local se desenrola em meio a vendedores, artistas e o aroma das especiarias. Essa cidade \u00e9 um excelente ponto de partida para aqueles que desejam mergulhar na cultura marroquina.<\/p>\n\n\n\n<p>Outra cidade que merece destaque \u00e9 <strong>Chefchaouen<\/strong>, conhecida por suas casas pintadas de azul, situada nas montanhas <strong>Rif<\/strong>. Este local oferece um cen\u00e1rio pitoresco e uma atmosfera tranquila, ideal para quem busca relaxamento. Fez, com sua antiga medina e a renomada <strong><a href=\"https:\/\/www.educamaisbrasil.com.br\/educacao\/noticias\/conheca-a-universidade-mais-antiga-do-mundo-que-foi-fundada-por-uma-mulher#:~:text=A%20Universidade%20de%20Al%20Quaraouiyine,para%20outras%20%C3%A1reas%20de%20ensino.\" target=\"_blank\" rel=\"noreferrer noopener\">Universidade de Al Quaraouiyine<\/a><\/strong>, \u00e9 um destino essencial para os amantes da hist\u00f3ria.<\/p>\n\n\n\n<figure class=\"wp-block-image size-large\"><img loading=\"lazy\" decoding=\"async\" width=\"1024\" height=\"576\" src=\"https:\/\/www.em.com.br\/emfoco\/wp-content\/uploads\/2025\/04\/Morocco_1744809296445-1024x576.jpg\" alt=\"O destino que mistura cultura milenar, desertos e cidades hist\u00f3ricas\" class=\"wp-image-38832\" srcset=\"https:\/\/www.em.com.br\/emfoco\/wp-content\/uploads\/2025\/04\/Morocco_1744809296445-1024x576.jpg 1024w, https:\/\/www.em.com.br\/emfoco\/wp-content\/uploads\/2025\/04\/Morocco_1744809296445-300x169.jpg 300w, https:\/\/www.em.com.br\/emfoco\/wp-content\/uploads\/2025\/04\/Morocco_1744809296445-768x432.jpg 768w, https:\/\/www.em.com.br\/emfoco\/wp-content\/uploads\/2025\/04\/Morocco_1744809296445-750x422.jpg 750w, https:\/\/www.em.com.br\/emfoco\/wp-content\/uploads\/2025\/04\/Morocco_1744809296445-1140x641.jpg 1140w, https:\/\/www.em.com.br\/emfoco\/wp-content\/uploads\/2025\/04\/Morocco_1744809296445.jpg 1280w\" sizes=\"auto, (max-width: 1024px) 100vw, 1024px\" \/><figcaption class=\"wp-element-caption\">Marrocos &#8211; Cr\u00e9ditos: depositphotos.com \/ StreetFlash<\/figcaption><\/figure>\n\n\n\n<h2 class=\"wp-block-heading\">O que esperar de uma visita ao Deserto do Saara?<\/h2>\n\n\n\n<p>Explorar o <strong>deserto do<\/strong> <strong>Saara <\/strong>\u00e9 uma das experi\u00eancias mais memor\u00e1veis que Marrocos tem a oferecer. Os visitantes podem aventurar-se pelas vastas dunas de areia em passeios de camelo, especialmente ao p\u00f4r do sol, quando o deserto se transforma em um espet\u00e1culo dourado. Passar a noite em um acampamento tradicional proporciona uma vis\u00e3o aut\u00eantica da vida no deserto.<\/p>\n\n\n\n<p>A imensid\u00e3o e o sil\u00eancio do Saara criam um ambiente prop\u00edcio \u00e0 introspec\u00e7\u00e3o, enquanto o c\u00e9u estrelado oferece um espet\u00e1culo natural que cativa todos os que o contemplam. Esta experi\u00eancia \u00e9 um convite para se desconectar do mundo moderno e se conectar com a natureza.<\/p>\n\n\n\n<h2 class=\"wp-block-heading\">Os sabores marcantes da culin\u00e1ria marroquina<\/h2>\n\n\n\n<p>A <strong><a href=\"https:\/\/www.em.com.br\/emfoco\/2025\/01\/02\/os-segredos-e-sabores-da-culinaria-chinesa-sao-revelados\/\" target=\"_blank\" rel=\"noreferrer noopener\">culin\u00e1ria <\/a><\/strong>de Marrocos \u00e9 uma celebra\u00e7\u00e3o de sabores e aromas. Pratos como o <strong>tagine<\/strong>, que combina carnes, legumes e especiarias, s\u00e3o cozidos lentamente para liberar todos os seus sabores. O <strong>cuscuz<\/strong> \u00e9 outro prato tradicional, frequentemente servido com uma variedade de acompanhamentos.<\/p>\n\n\n\n<p>O ch\u00e1 de menta \u00e9 uma parte essencial da cultura marroquina, simbolizando hospitalidade e amizade. Servido em todas as ocasi\u00f5es, \u00e9 uma bebida que aquece e conforta. A culin\u00e1ria marroquina reflete a rica heran\u00e7a cultural do pa\u00eds, combinando influ\u00eancias \u00e1rabes, berberes e mediterr\u00e2neas.<\/p>\n\n\n\n<h2 class=\"wp-block-heading\">Outros destinos fascinantes em Marrocos<\/h2>\n\n\n\n<ul class=\"wp-block-list\">\n<li><strong>Casablanca:<\/strong> uma cidade moderna com a impressionante Mesquita Hassan II, que combina tradi\u00e7\u00e3o e inova\u00e7\u00e3o.<\/li>\n\n\n\n<li><strong>Montanhas Atlas:<\/strong> oferecem trilhas deslumbrantes e vistas panor\u00e2micas de tirar o f\u00f4lego.<\/li>\n\n\n\n<li><strong>Essaouira:<\/strong> uma cidade costeira charmosa, famosa por seus frutos-do-mar frescos e ambiente relaxante.<\/li>\n<\/ul>\n\n\n\n<p>Marrocos \u00e9 um pa\u00eds de contrastes e descobertas, onde cada visita revela novas hist\u00f3rias e experi\u00eancias. Seja explorando suas cidades hist\u00f3ricas ou aventurando-se em suas paisagens naturais, Marrocos continua a encantar e surpreender todos que o visitam.<\/p>\n","protected":false},"excerpt":{"rendered":"<p>Marrocos, localizado na interse\u00e7\u00e3o entre o Mar Mediterr\u00e2neo e o Oceano Atl\u00e2ntico, \u00e9 um pa\u00eds que se destaca por sua diversidade cultural e beleza natural. Com uma hist\u00f3ria que se estende por mil\u00eanios, Marrocos oferece uma fus\u00e3o \u00fanica de tradi\u00e7\u00f5es antigas e hospitalidade calorosa. Este destino \u00e9 conhecido por suas cidades hist\u00f3ricas, mercados vibrantes e [&hellip;]<\/p>\n","protected":false},"author":13,"featured_media":38831,"comment_status":"open","ping_status":"open","sticky":false,"template":"","format":"standard","meta":{"jnews-multi-image_gallery":[],"jnews_single_post":{"format":"standard"},"jnews_primary_category":[],"jnews_social_meta":[],"jnews_override_counter":[],"footnotes":""},"categories":[26],"tags":[159,4326,157,1128],"class_list":["post-38829","post","type-post","status-publish","format-standard","has-post-thumbnail","hentry","category-cidades","tag-cultura","tag-marrocos","tag-turismo","tag-viagem"],"yoast_head":"<!-- This site is optimized with the Yoast SEO plugin v23.8 - https:\/\/yoast.com\/wordpress\/plugins\/seo\/ -->\n<title>O destino que mistura cultura milenar, desertos e cidades hist\u00f3ricas - Estado de Minas - Em foco<\/title>\n<meta name=\"description\" content=\"Cidades coloridas, deserto m\u00e1gico e comida cheia de personalidade fazem deste lugar uma viagem inesquec\u00edvel.\" \/>\n<meta name=\"robots\" content=\"index, follow, max-snippet:-1, max-image-preview:large, max-video-preview:-1\" \/>\n<link rel=\"canonical\" href=\"https:\/\/www.em.com.br\/emfoco\/2025\/04\/23\/o-destino-que-mistura-cultura-milenar-desertos-e-cidades-historicas\/\" \/>\n<meta property=\"og:locale\" content=\"pt_BR\" \/>\n<meta property=\"og:type\" content=\"article\" \/>\n<meta property=\"og:title\" content=\"O destino que mistura cultura milenar, desertos e cidades hist\u00f3ricas - Estado de Minas - Em foco\" \/>\n<meta property=\"og:description\" content=\"Cidades coloridas, deserto m\u00e1gico e comida cheia de personalidade fazem deste lugar uma viagem inesquec\u00edvel.\" \/>\n<meta property=\"og:url\" content=\"https:\/\/www.em.com.br\/emfoco\/2025\/04\/23\/o-destino-que-mistura-cultura-milenar-desertos-e-cidades-historicas\/\" \/>\n<meta property=\"og:site_name\" content=\"Estado de Minas - Em foco\" \/>\n<meta property=\"article:published_time\" content=\"2025-04-23T10:40:00+00:00\" \/>\n<meta property=\"article:modified_time\" content=\"2025-04-16T13:15:53+00:00\" \/>\n<meta property=\"og:image\" content=\"https:\/\/www.em.com.br\/emfoco\/wp-content\/uploads\/2025\/04\/Morocco_1744809256682.jpg\" \/>\n\t<meta property=\"og:image:width\" content=\"1280\" \/>\n\t<meta property=\"og:image:height\" content=\"720\" \/>\n\t<meta property=\"og:image:type\" content=\"image\/jpeg\" \/>\n<meta name=\"author\" content=\"Gabriel Martins\" \/>\n<meta name=\"twitter:card\" content=\"summary_large_image\" \/>\n<meta name=\"twitter:label1\" content=\"Escrito por\" \/>\n\t<meta name=\"twitter:data1\" content=\"Gabriel Martins\" \/>\n\t<meta name=\"twitter:label2\" content=\"Est. tempo de leitura\" \/>\n\t<meta name=\"twitter:data2\" content=\"4 minutos\" \/>\n<!-- \/ Yoast SEO plugin. -->","yoast_head_json":{"title":"O destino que mistura cultura milenar, desertos e cidades hist\u00f3ricas - Estado de Minas - Em foco","description":"Cidades coloridas, deserto m\u00e1gico e comida cheia de personalidade fazem deste lugar uma viagem inesquec\u00edvel.","robots":{"index":"index","follow":"follow","max-snippet":"max-snippet:-1","max-image-preview":"max-image-preview:large","max-video-preview":"max-video-preview:-1"},"canonical":"https:\/\/www.em.com.br\/emfoco\/2025\/04\/23\/o-destino-que-mistura-cultura-milenar-desertos-e-cidades-historicas\/","og_locale":"pt_BR","og_type":"article","og_title":"O destino que mistura cultura milenar, desertos e cidades hist\u00f3ricas - Estado de Minas - Em foco","og_description":"Cidades coloridas, deserto m\u00e1gico e comida cheia de personalidade fazem deste lugar uma viagem inesquec\u00edvel.","og_url":"https:\/\/www.em.com.br\/emfoco\/2025\/04\/23\/o-destino-que-mistura-cultura-milenar-desertos-e-cidades-historicas\/","og_site_name":"Estado de Minas - Em foco","article_published_time":"2025-04-23T10:40:00+00:00","article_modified_time":"2025-04-16T13:15:53+00:00","og_image":[{"width":1280,"height":720,"url":"https:\/\/www.em.com.br\/emfoco\/wp-content\/uploads\/2025\/04\/Morocco_1744809256682.jpg","type":"image\/jpeg"}],"author":"Gabriel Martins","twitter_card":"summary_large_image","twitter_misc":{"Escrito por":"Gabriel Martins","Est. tempo de leitura":"4 minutos"},"schema":{"@context":"https:\/\/schema.org","@graph":[{"@type":"WebPage","@id":"https:\/\/www.em.com.br\/emfoco\/2025\/04\/23\/o-destino-que-mistura-cultura-milenar-desertos-e-cidades-historicas\/","url":"https:\/\/www.em.com.br\/emfoco\/2025\/04\/23\/o-destino-que-mistura-cultura-milenar-desertos-e-cidades-historicas\/","name":"O destino que mistura cultura milenar, desertos e cidades hist\u00f3ricas - Estado de Minas - Em foco","isPartOf":{"@id":"https:\/\/www.em.com.br\/emfoco\/#website"},"primaryImageOfPage":{"@id":"https:\/\/www.em.com.br\/emfoco\/2025\/04\/23\/o-destino-que-mistura-cultura-milenar-desertos-e-cidades-historicas\/#primaryimage"},"image":{"@id":"https:\/\/www.em.com.br\/emfoco\/2025\/04\/23\/o-destino-que-mistura-cultura-milenar-desertos-e-cidades-historicas\/#primaryimage"},"thumbnailUrl":"https:\/\/www.em.com.br\/emfoco\/wp-content\/uploads\/2025\/04\/Morocco_1744809256682.jpg","datePublished":"2025-04-23T10:40:00+00:00","dateModified":"2025-04-16T13:15:53+00:00","author":{"@id":"https:\/\/www.em.com.br\/emfoco\/#\/schema\/person\/1c9ddeab18b98abeffef834667bcf08a"},"description":"Cidades coloridas, deserto m\u00e1gico e comida cheia de personalidade fazem deste lugar uma viagem inesquec\u00edvel.","breadcrumb":{"@id":"https:\/\/www.em.com.br\/emfoco\/2025\/04\/23\/o-destino-que-mistura-cultura-milenar-desertos-e-cidades-historicas\/#breadcrumb"},"inLanguage":"pt-BR","potentialAction":[{"@type":"ReadAction","target":["https:\/\/www.em.com.br\/emfoco\/2025\/04\/23\/o-destino-que-mistura-cultura-milenar-desertos-e-cidades-historicas\/"]}]},{"@type":"ImageObject","inLanguage":"pt-BR","@id":"https:\/\/www.em.com.br\/emfoco\/2025\/04\/23\/o-destino-que-mistura-cultura-milenar-desertos-e-cidades-historicas\/#primaryimage","url":"https:\/\/www.em.com.br\/emfoco\/wp-content\/uploads\/2025\/04\/Morocco_1744809256682.jpg","contentUrl":"https:\/\/www.em.com.br\/emfoco\/wp-content\/uploads\/2025\/04\/Morocco_1744809256682.jpg","width":1280,"height":720,"caption":"Marrakech, Marrocos - Cr\u00e9ditos: depositphotos.com \/ kasto"},{"@type":"BreadcrumbList","@id":"https:\/\/www.em.com.br\/emfoco\/2025\/04\/23\/o-destino-que-mistura-cultura-milenar-desertos-e-cidades-historicas\/#breadcrumb","itemListElement":[{"@type":"ListItem","position":1,"name":"In\u00edcio","item":"https:\/\/www.em.com.br\/emfoco\/"},{"@type":"ListItem","position":2,"name":"O destino que mistura cultura milenar, desertos e cidades hist\u00f3ricas"}]},{"@type":"WebSite","@id":"https:\/\/www.em.com.br\/emfoco\/#website","url":"https:\/\/www.em.com.br\/emfoco\/","name":"Estado de Minas - Em foco","description":"Acompanhe as \u00faltimas not\u00edcias e fique bem informado sobre tudo o que acontece em Minas Gerais, Brasil e no mundo.","potentialAction":[{"@type":"SearchAction","target":{"@type":"EntryPoint","urlTemplate":"https:\/\/www.em.com.br\/emfoco\/?s={search_term_string}"},"query-input":{"@type":"PropertyValueSpecification","valueRequired":true,"valueName":"search_term_string"}}],"inLanguage":"pt-BR"},{"@type":"Person","@id":"https:\/\/www.em.com.br\/emfoco\/#\/schema\/person\/1c9ddeab18b98abeffef834667bcf08a","name":"Gabriel Martins","image":{"@type":"ImageObject","inLanguage":"pt-BR","@id":"https:\/\/www.em.com.br\/emfoco\/#\/schema\/person\/image\/","url":"https:\/\/secure.gravatar.com\/avatar\/f0f1e2efdfd88f1ad2cb08c5c2731e50?s=96&d=mm&r=g","contentUrl":"https:\/\/secure.gravatar.com\/avatar\/f0f1e2efdfd88f1ad2cb08c5c2731e50?s=96&d=mm&r=g","caption":"Gabriel Martins"},"sameAs":["https:\/\/www.em.com.br\/emfoco\/"],"url":"https:\/\/www.em.com.br\/emfoco\/author\/gabrielmartinsmyth\/"}]}},"_links":{"self":[{"href":"https:\/\/www.em.com.br\/emfoco\/wp-json\/wp\/v2\/posts\/38829","targetHints":{"allow":["GET"]}}],"collection":[{"href":"https:\/\/www.em.com.br\/emfoco\/wp-json\/wp\/v2\/posts"}],"about":[{"href":"https:\/\/www.em.com.br\/emfoco\/wp-json\/wp\/v2\/types\/post"}],"author":[{"embeddable":true,"href":"https:\/\/www.em.com.br\/emfoco\/wp-json\/wp\/v2\/users\/13"}],"replies":[{"embeddable":true,"href":"https:\/\/www.em.com.br\/emfoco\/wp-json\/wp\/v2\/comments?post=38829"}],"version-history":[{"count":2,"href":"https:\/\/www.em.com.br\/emfoco\/wp-json\/wp\/v2\/posts\/38829\/revisions"}],"predecessor-version":[{"id":38833,"href":"https:\/\/www.em.com.br\/emfoco\/wp-json\/wp\/v2\/posts\/38829\/revisions\/38833"}],"wp:featuredmedia":[{"embeddable":true,"href":"https:\/\/www.em.com.br\/emfoco\/wp-json\/wp\/v2\/media\/38831"}],"wp:attachment":[{"href":"https:\/\/www.em.com.br\/emfoco\/wp-json\/wp\/v2\/media?parent=38829"}],"wp:term":[{"taxonomy":"category","embeddable":true,"href":"https:\/\/www.em.com.br\/emfoco\/wp-json\/wp\/v2\/categories?post=38829"},{"taxonomy":"post_tag","embeddable":true,"href":"https:\/\/www.em.com.br\/emfoco\/wp-json\/wp\/v2\/tags?post=38829"}],"curies":[{"name":"wp","href":"https:\/\/api.w.org\/{rel}","templated":true}]}}