{"id":38747,"date":"2025-04-17T06:40:00","date_gmt":"2025-04-17T09:40:00","guid":{"rendered":"https:\/\/www.em.com.br\/emfoco\/?p=38747"},"modified":"2025-04-24T09:16:25","modified_gmt":"2025-04-24T12:16:25","slug":"saiba-como-fazer-caminha-e-importante-para-sua-saude-fisica-e-mental","status":"publish","type":"post","link":"https:\/\/www.em.com.br\/emfoco\/2025\/04\/17\/saiba-como-fazer-caminha-e-importante-para-sua-saude-fisica-e-mental\/","title":{"rendered":"Saiba como fazer caminhada \u00e9 importante para sua sa\u00fade f\u00edsica e mental"},"content":{"rendered":"\n<p>A caminhada di\u00e1ria \u00e9 uma das atividades f\u00edsicas mais acess\u00edveis e eficazes para promover sa\u00fade e <a href=\"https:\/\/www.em.com.br\/emfoco\/2025\/04\/02\/cuidados-essenciais-para-enfrentar-a-menopausa-com-saude-e-bem-estar\/\" target=\"_blank\" rel=\"noreferrer noopener\">bem-estar<\/a>. Sem a necessidade de equipamentos caros ou academias, o simples ato de caminhar pode trazer grandes mudan\u00e7as para o corpo e a mente \u2014 desde melhorias cardiovasculares at\u00e9 al\u00edvio de sintomas de ansiedade.<\/p>\n\n\n\n<p>Caminhar regularmente fortalece o cora\u00e7\u00e3o, melhora a circula\u00e7\u00e3o e ajuda a controlar o colesterol e a press\u00e3o arterial. Estudos mostram que 30 minutos de caminhada por dia podem reduzir significativamente o risco de doen\u00e7as card\u00edacas, AVC e diabetes tipo 2.<\/p>\n\n\n\n<h2 class=\"wp-block-heading\">Como a alimenta\u00e7\u00e3o saud\u00e1vel potencializa a caminhada?<\/h2>\n\n\n\n<p>Praticar exerc\u00edcios f\u00edsicos, como caminhar, deve vir acompanhado de uma alimenta\u00e7\u00e3o equilibrada. Uma dieta rica em frutas, verduras, prote\u00ednas magras, fibras e boa hidrata\u00e7\u00e3o potencializa os efeitos da atividade f\u00edsica e acelera os resultados. A nutricionista <strong>Fernanda Leal<\/strong> explica que \u201ca combina\u00e7\u00e3o de caminhada e boa alimenta\u00e7\u00e3o melhora a absor\u00e7\u00e3o de nutrientes, favorece o emagrecimento e aumenta a energia di\u00e1ria\u201d.<\/p>\n\n\n\n<h2 class=\"wp-block-heading\">Por que a pr\u00e1tica de exerc\u00edcios f\u00edsicos \u00e9 essencial?<\/h2>\n\n\n\n<p>A pr\u00e1tica regular de exerc\u00edcios f\u00edsicos \u00e9 fundamental para manter o corpo saud\u00e1vel e prevenir doen\u00e7as. A caminhada, em particular, melhora a resist\u00eancia muscular e \u00f3ssea, reduz o peso corporal e a gordura abdominal, estimula o metabolismo e controla a glicemia. Al\u00e9m disso, melhora a postura e o equil\u00edbrio, contribuindo para uma vida mais ativa e saud\u00e1vel.<\/p>\n\n\n\n<h2 class=\"wp-block-heading\">Como a caminhada beneficia a sa\u00fade mental?<\/h2>\n\n\n\n<figure class=\"wp-block-image size-large\"><img loading=\"lazy\" decoding=\"async\" width=\"1024\" height=\"576\" src=\"https:\/\/www.em.com.br\/emfoco\/wp-content\/uploads\/2025\/04\/caminhada_1744750505051-1024x576.jpg\" alt=\"\" class=\"wp-image-38750\" srcset=\"https:\/\/www.em.com.br\/emfoco\/wp-content\/uploads\/2025\/04\/caminhada_1744750505051-1024x576.jpg 1024w, https:\/\/www.em.com.br\/emfoco\/wp-content\/uploads\/2025\/04\/caminhada_1744750505051-300x169.jpg 300w, https:\/\/www.em.com.br\/emfoco\/wp-content\/uploads\/2025\/04\/caminhada_1744750505051-768x432.jpg 768w, https:\/\/www.em.com.br\/emfoco\/wp-content\/uploads\/2025\/04\/caminhada_1744750505051-750x422.jpg 750w, https:\/\/www.em.com.br\/emfoco\/wp-content\/uploads\/2025\/04\/caminhada_1744750505051-1140x641.jpg 1140w, https:\/\/www.em.com.br\/emfoco\/wp-content\/uploads\/2025\/04\/caminhada_1744750505051.jpg 1280w\" sizes=\"auto, (max-width: 1024px) 100vw, 1024px\" \/><figcaption class=\"wp-element-caption\">Caminhada em grupo-Cr\u00e9ditos: depositphotos.com \/ yobro10<\/figcaption><\/figure>\n\n\n\n<p>Al\u00e9m dos efeitos f\u00edsicos, a <a href=\"https:\/\/www.tjdft.jus.br\/informacoes\/programas-projetos-e-acoes\/pro-vida\/dicas-de-saude\/pilulas-de-saude\/11-beneficios-da-caminhada-para-o-corpo-e-a-mente\" target=\"_blank\" rel=\"noreferrer noopener\">caminhada<\/a> di\u00e1ria tem impacto direto sobre a sa\u00fade mental. Durante a atividade, o corpo libera endorfinas e serotonina \u2014 subst\u00e2ncias que promovem sensa\u00e7\u00e3o de bem-estar e combatem o estresse e a ansiedade. Pesquisas conduzidas pela <strong>Universidade de Stanford<\/strong> indicam que caminhar aumenta a criatividade e reduz pensamentos negativos.<\/p>\n\n\n\n<h2 class=\"wp-block-heading\">Quais s\u00e3o os benef\u00edcios sociais e emocionais da caminhada?<\/h2>\n\n\n\n<p>Caminhar ao ar livre ou em grupo tamb\u00e9m tem efeitos positivos sobre o humor e as rela\u00e7\u00f5es sociais. A pr\u00e1tica permite momentos de desconex\u00e3o do ambiente digital, aproxima pessoas e contribui para a constru\u00e7\u00e3o de rotinas saud\u00e1veis. Muitos pacientes relatam que caminhar os ajuda a pensar com mais clareza, aliviar tens\u00f5es acumuladas e at\u00e9 a fortalecer v\u00ednculos com amigos ou familiares que compartilham o percurso.<\/p>\n\n\n\n<h2 class=\"wp-block-heading\">Como melhorar a qualidade de vida com h\u00e1bitos saud\u00e1veis?<\/h2>\n\n\n\n<p>A caminhada, aliada a uma alimenta\u00e7\u00e3o equilibrada, sono regular e controle do estresse, tem potencial de transformar a qualidade de vida. Pequenas mudan\u00e7as de h\u00e1bito, quando praticadas com consist\u00eancia, geram efeitos cumulativos que impactam o bem-estar a curto e longo prazo. Esses h\u00e1bitos promovem maior disposi\u00e7\u00e3o, autoestima, imunidade fortalecida e at\u00e9 mais longevidade.<\/p>\n\n\n\n<h2 class=\"wp-block-heading\">Por que \u00e9 importante buscar ajuda profissional?<\/h2>\n\n\n\n<p>Embora caminhar seja uma atividade simples, o acompanhamento profissional pode ajudar a tornar o processo ainda mais seguro e eficaz. M\u00e9dicos, nutricionistas, fisioterapeutas e educadores f\u00edsicos oferecem orienta\u00e7\u00f5es personalizadas para cada fase da vida ou condi\u00e7\u00e3o de sa\u00fade. Buscar apoio profissional tamb\u00e9m contribui para manter a motiva\u00e7\u00e3o, corrigir poss\u00edveis erros de postura e adaptar o plano de atividades aos objetivos individuais.<\/p>\n","protected":false},"excerpt":{"rendered":"<p>A caminhada di\u00e1ria \u00e9 uma das atividades f\u00edsicas mais acess\u00edveis e eficazes para promover sa\u00fade e bem-estar. Sem a necessidade de equipamentos caros ou academias, o simples ato de caminhar pode trazer grandes mudan\u00e7as para o corpo e a mente \u2014 desde melhorias cardiovasculares at\u00e9 al\u00edvio de sintomas de ansiedade. Caminhar regularmente fortalece o cora\u00e7\u00e3o, [&hellip;]<\/p>\n","protected":false},"author":12,"featured_media":38749,"comment_status":"open","ping_status":"open","sticky":false,"template":"","format":"standard","meta":{"jnews-multi-image_gallery":[],"jnews_single_post":{"format":"standard"},"jnews_primary_category":[],"jnews_social_meta":[],"jnews_override_counter":[],"footnotes":""},"categories":[29],"tags":[711,5521,4955,415],"class_list":["post-38747","post","type-post","status-publish","format-standard","has-post-thumbnail","hentry","category-entretenimento","tag-bem-estar","tag-caminhada","tag-exercicio-fisico","tag-saude"],"yoast_head":"<!-- This site is optimized with the Yoast SEO plugin v23.8 - https:\/\/yoast.com\/wordpress\/plugins\/seo\/ -->\n<title>Saiba como fazer caminhada \u00e9 importante para sua sa\u00fade f\u00edsica e mental - Estado de Minas - Em foco<\/title>\n<meta name=\"description\" content=\"Caminhar diariamente melhora o cora\u00e7\u00e3o, reduz a ansiedade e transforma sua sa\u00fade f\u00edsica e mental com h\u00e1bitos simples e acess\u00edveis.\" \/>\n<meta name=\"robots\" content=\"index, follow, max-snippet:-1, max-image-preview:large, max-video-preview:-1\" \/>\n<link rel=\"canonical\" href=\"https:\/\/www.em.com.br\/emfoco\/2025\/04\/17\/saiba-como-fazer-caminha-e-importante-para-sua-saude-fisica-e-mental\/\" \/>\n<meta property=\"og:locale\" content=\"pt_BR\" \/>\n<meta property=\"og:type\" content=\"article\" \/>\n<meta property=\"og:title\" content=\"Saiba como fazer caminhada \u00e9 importante para sua sa\u00fade f\u00edsica e mental - Estado de Minas - Em foco\" \/>\n<meta property=\"og:description\" content=\"Caminhar diariamente melhora o cora\u00e7\u00e3o, reduz a ansiedade e transforma sua sa\u00fade f\u00edsica e mental com h\u00e1bitos simples e acess\u00edveis.\" \/>\n<meta property=\"og:url\" content=\"https:\/\/www.em.com.br\/emfoco\/2025\/04\/17\/saiba-como-fazer-caminha-e-importante-para-sua-saude-fisica-e-mental\/\" \/>\n<meta property=\"og:site_name\" content=\"Estado de Minas - Em foco\" \/>\n<meta property=\"article:published_time\" content=\"2025-04-17T09:40:00+00:00\" \/>\n<meta property=\"article:modified_time\" content=\"2025-04-24T12:16:25+00:00\" \/>\n<meta property=\"og:image\" content=\"https:\/\/www.em.com.br\/emfoco\/wp-content\/uploads\/2025\/04\/caminhada_1744750247091.jpg\" \/>\n\t<meta property=\"og:image:width\" content=\"1280\" \/>\n\t<meta property=\"og:image:height\" content=\"720\" \/>\n\t<meta property=\"og:image:type\" content=\"image\/jpeg\" \/>\n<meta name=\"author\" content=\"Keren Ester\" \/>\n<meta name=\"twitter:card\" content=\"summary_large_image\" \/>\n<meta name=\"twitter:label1\" content=\"Escrito por\" \/>\n\t<meta name=\"twitter:data1\" content=\"Keren Ester\" \/>\n\t<meta name=\"twitter:label2\" content=\"Est. tempo de leitura\" \/>\n\t<meta name=\"twitter:data2\" content=\"4 minutos\" \/>\n<!-- \/ Yoast SEO plugin. -->","yoast_head_json":{"title":"Saiba como fazer caminhada \u00e9 importante para sua sa\u00fade f\u00edsica e mental - Estado de Minas - Em foco","description":"Caminhar diariamente melhora o cora\u00e7\u00e3o, reduz a ansiedade e transforma sua sa\u00fade f\u00edsica e mental com h\u00e1bitos simples e acess\u00edveis.","robots":{"index":"index","follow":"follow","max-snippet":"max-snippet:-1","max-image-preview":"max-image-preview:large","max-video-preview":"max-video-preview:-1"},"canonical":"https:\/\/www.em.com.br\/emfoco\/2025\/04\/17\/saiba-como-fazer-caminha-e-importante-para-sua-saude-fisica-e-mental\/","og_locale":"pt_BR","og_type":"article","og_title":"Saiba como fazer caminhada \u00e9 importante para sua sa\u00fade f\u00edsica e mental - Estado de Minas - Em foco","og_description":"Caminhar diariamente melhora o cora\u00e7\u00e3o, reduz a ansiedade e transforma sua sa\u00fade f\u00edsica e mental com h\u00e1bitos simples e acess\u00edveis.","og_url":"https:\/\/www.em.com.br\/emfoco\/2025\/04\/17\/saiba-como-fazer-caminha-e-importante-para-sua-saude-fisica-e-mental\/","og_site_name":"Estado de Minas - Em foco","article_published_time":"2025-04-17T09:40:00+00:00","article_modified_time":"2025-04-24T12:16:25+00:00","og_image":[{"width":1280,"height":720,"url":"https:\/\/www.em.com.br\/emfoco\/wp-content\/uploads\/2025\/04\/caminhada_1744750247091.jpg","type":"image\/jpeg"}],"author":"Keren Ester","twitter_card":"summary_large_image","twitter_misc":{"Escrito por":"Keren Ester","Est. tempo de leitura":"4 minutos"},"schema":{"@context":"https:\/\/schema.org","@graph":[{"@type":"WebPage","@id":"https:\/\/www.em.com.br\/emfoco\/2025\/04\/17\/saiba-como-fazer-caminha-e-importante-para-sua-saude-fisica-e-mental\/","url":"https:\/\/www.em.com.br\/emfoco\/2025\/04\/17\/saiba-como-fazer-caminha-e-importante-para-sua-saude-fisica-e-mental\/","name":"Saiba como fazer caminhada \u00e9 importante para sua sa\u00fade f\u00edsica e mental - Estado de Minas - Em foco","isPartOf":{"@id":"https:\/\/www.em.com.br\/emfoco\/#website"},"primaryImageOfPage":{"@id":"https:\/\/www.em.com.br\/emfoco\/2025\/04\/17\/saiba-como-fazer-caminha-e-importante-para-sua-saude-fisica-e-mental\/#primaryimage"},"image":{"@id":"https:\/\/www.em.com.br\/emfoco\/2025\/04\/17\/saiba-como-fazer-caminha-e-importante-para-sua-saude-fisica-e-mental\/#primaryimage"},"thumbnailUrl":"https:\/\/www.em.com.br\/emfoco\/wp-content\/uploads\/2025\/04\/caminhada_1744750247091.jpg","datePublished":"2025-04-17T09:40:00+00:00","dateModified":"2025-04-24T12:16:25+00:00","author":{"@id":"https:\/\/www.em.com.br\/emfoco\/#\/schema\/person\/2e06e19826e476d778787245c8ef334d"},"description":"Caminhar diariamente melhora o cora\u00e7\u00e3o, reduz a ansiedade e transforma sua sa\u00fade f\u00edsica e mental com h\u00e1bitos simples e acess\u00edveis.","breadcrumb":{"@id":"https:\/\/www.em.com.br\/emfoco\/2025\/04\/17\/saiba-como-fazer-caminha-e-importante-para-sua-saude-fisica-e-mental\/#breadcrumb"},"inLanguage":"pt-BR","potentialAction":[{"@type":"ReadAction","target":["https:\/\/www.em.com.br\/emfoco\/2025\/04\/17\/saiba-como-fazer-caminha-e-importante-para-sua-saude-fisica-e-mental\/"]}]},{"@type":"ImageObject","inLanguage":"pt-BR","@id":"https:\/\/www.em.com.br\/emfoco\/2025\/04\/17\/saiba-como-fazer-caminha-e-importante-para-sua-saude-fisica-e-mental\/#primaryimage","url":"https:\/\/www.em.com.br\/emfoco\/wp-content\/uploads\/2025\/04\/caminhada_1744750247091.jpg","contentUrl":"https:\/\/www.em.com.br\/emfoco\/wp-content\/uploads\/2025\/04\/caminhada_1744750247091.jpg","width":1280,"height":720,"caption":"Mulher fazendo caminhada-Cr\u00e9ditos: depositphotos.com \/ VitalikRadko"},{"@type":"BreadcrumbList","@id":"https:\/\/www.em.com.br\/emfoco\/2025\/04\/17\/saiba-como-fazer-caminha-e-importante-para-sua-saude-fisica-e-mental\/#breadcrumb","itemListElement":[{"@type":"ListItem","position":1,"name":"In\u00edcio","item":"https:\/\/www.em.com.br\/emfoco\/"},{"@type":"ListItem","position":2,"name":"Saiba como fazer caminhada \u00e9 importante para sua sa\u00fade f\u00edsica e mental"}]},{"@type":"WebSite","@id":"https:\/\/www.em.com.br\/emfoco\/#website","url":"https:\/\/www.em.com.br\/emfoco\/","name":"Estado de Minas - Em foco","description":"Acompanhe as \u00faltimas not\u00edcias e fique bem informado sobre tudo o que acontece em Minas Gerais, Brasil e no mundo.","potentialAction":[{"@type":"SearchAction","target":{"@type":"EntryPoint","urlTemplate":"https:\/\/www.em.com.br\/emfoco\/?s={search_term_string}"},"query-input":{"@type":"PropertyValueSpecification","valueRequired":true,"valueName":"search_term_string"}}],"inLanguage":"pt-BR"},{"@type":"Person","@id":"https:\/\/www.em.com.br\/emfoco\/#\/schema\/person\/2e06e19826e476d778787245c8ef334d","name":"Keren Ester","image":{"@type":"ImageObject","inLanguage":"pt-BR","@id":"https:\/\/www.em.com.br\/emfoco\/#\/schema\/person\/image\/","url":"https:\/\/secure.gravatar.com\/avatar\/b3d0f2b934f7fab59c611ea63b5cf4b1?s=96&d=mm&r=g","contentUrl":"https:\/\/secure.gravatar.com\/avatar\/b3d0f2b934f7fab59c611ea63b5cf4b1?s=96&d=mm&r=g","caption":"Keren Ester"},"url":"https:\/\/www.em.com.br\/emfoco\/author\/kerenmyth\/"}]}},"_links":{"self":[{"href":"https:\/\/www.em.com.br\/emfoco\/wp-json\/wp\/v2\/posts\/38747","targetHints":{"allow":["GET"]}}],"collection":[{"href":"https:\/\/www.em.com.br\/emfoco\/wp-json\/wp\/v2\/posts"}],"about":[{"href":"https:\/\/www.em.com.br\/emfoco\/wp-json\/wp\/v2\/types\/post"}],"author":[{"embeddable":true,"href":"https:\/\/www.em.com.br\/emfoco\/wp-json\/wp\/v2\/users\/12"}],"replies":[{"embeddable":true,"href":"https:\/\/www.em.com.br\/emfoco\/wp-json\/wp\/v2\/comments?post=38747"}],"version-history":[{"count":4,"href":"https:\/\/www.em.com.br\/emfoco\/wp-json\/wp\/v2\/posts\/38747\/revisions"}],"predecessor-version":[{"id":41108,"href":"https:\/\/www.em.com.br\/emfoco\/wp-json\/wp\/v2\/posts\/38747\/revisions\/41108"}],"wp:featuredmedia":[{"embeddable":true,"href":"https:\/\/www.em.com.br\/emfoco\/wp-json\/wp\/v2\/media\/38749"}],"wp:attachment":[{"href":"https:\/\/www.em.com.br\/emfoco\/wp-json\/wp\/v2\/media?parent=38747"}],"wp:term":[{"taxonomy":"category","embeddable":true,"href":"https:\/\/www.em.com.br\/emfoco\/wp-json\/wp\/v2\/categories?post=38747"},{"taxonomy":"post_tag","embeddable":true,"href":"https:\/\/www.em.com.br\/emfoco\/wp-json\/wp\/v2\/tags?post=38747"}],"curies":[{"name":"wp","href":"https:\/\/api.w.org\/{rel}","templated":true}]}}