{"id":38541,"date":"2025-04-16T12:40:00","date_gmt":"2025-04-16T15:40:00","guid":{"rendered":"https:\/\/www.em.com.br\/emfoco\/?p=38541"},"modified":"2025-04-15T15:28:36","modified_gmt":"2025-04-15T18:28:36","slug":"os-grandes-destaques-da-chevrolet-em-2025-que-voce-precisa-conhecer","status":"publish","type":"post","link":"https:\/\/www.em.com.br\/emfoco\/2025\/04\/16\/os-grandes-destaques-da-chevrolet-em-2025-que-voce-precisa-conhecer\/","title":{"rendered":"Os grandes destaques da Chevrolet em 2025 que voc\u00ea precisa conhecer"},"content":{"rendered":"\n<p>No in\u00edcio de 2025, a <strong><strong><a href=\"https:\/\/www.em.com.br\/emfoco\/2025\/04\/12\/chevrolet-celebra-100-anos-no-brasil-com-edicao-especial-veja-detalhes\/\" target=\"_blank\" rel=\"noreferrer noopener\">Chevrolet <\/a><\/strong><\/strong>manteve uma posi\u00e7\u00e3o de destaque no mercado automotivo brasileiro, ocupando o terceiro lugar no ranking de montadoras com mais vendas. Com 55.808 ve\u00edculos emplacados, a marca consolidou sua presen\u00e7a, ficando atr\u00e1s apenas da <strong><a href=\"https:\/\/www.googleadservices.com\/pagead\/aclk?sa=L&amp;ai=DChcSEwi129LdsdqMAxUcQEgAHX-aBDYYABAAGgJjZQ&amp;co=1&amp;ase=2&amp;gclid=Cj0KCQjwh_i_BhCzARIsANimeoEOBQA4xtoic_4KEz2ZaAnNB9S9-Nu2K3UHpLD4-LMr0tU9oZz7YUIaAjP6EALw_wcB&amp;ohost=www.google.com&amp;cid=CAESVuD2yr35BMe6YQdU5Qwm-WWjOKurYTSojN2RCsL0Na0vLZZi7OXuixo5bkKOASwvtEMH7mQR_X3wNajtkY8U4Hnv1LYCvwmiVL0Ux1rrI0ZAdI3CWwXp&amp;sig=AOD64_05uCDA57j9qM5EHCYhkv2XSb7ZYA&amp;q&amp;nis=4&amp;adurl&amp;ved=2ahUKEwiNmc3dsdqMAxWzLrkGHVtcMLEQ0Qx6BAgPEAE\" target=\"_blank\" rel=\"noreferrer noopener\">Fiat<\/a><\/strong> e <strong><a href=\"https:\/\/www.vw.com.br\/pt.html\" target=\"_blank\" rel=\"noreferrer noopener\">Volkswagen<\/a><\/strong>, conforme dados da <strong>Fenabrave<\/strong> (Federa\u00e7\u00e3o Nacional da Distribui\u00e7\u00e3o de Ve\u00edculos Automotores).<\/p>\n\n\n\n<h2 class=\"wp-block-heading\">O Chevrolet Onix \u00e9 o modelo mais vendido da marca<\/h2>\n\n\n\n<p>O <strong>Onix<\/strong> foi o principal destaque entre os modelos da marca, com 16.037 unidades vendidas, conquistando a quarta posi\u00e7\u00e3o na lista geral de carros mais vendidos do Brasil. Dispon\u00edvel em oito vers\u00f5es, o Onix atende a diferentes perfis de consumidores, com pre\u00e7os variando de R$ 93.770 a R$ 127.490.<\/p>\n\n\n\n<h2 class=\"wp-block-heading\">Quais outros modelos da Chevrolet se destacaram em 2025?<\/h2>\n\n\n\n<p>Al\u00e9m do Onix, outros modelos tamb\u00e9m tiveram um desempenho not\u00e1vel. Confira os principais:<\/p>\n\n\n\n<ul class=\"wp-block-list\">\n<li><strong>Chevrolet Tracker<\/strong>: Com 13.619 unidades vendidas, o Tracker ficou com o quinto lugar entre os SUVs mais vendidos em mar\u00e7o de 2025. O modelo \u00e9 oferecido em cinco vers\u00f5es com pre\u00e7os entre R$ 119.990 e R$ 186.990, e op\u00e7\u00f5es de motoriza\u00e7\u00e3o 1.0 turbo flex e 1.2 turbo flex.<\/li>\n\n\n\n<li><strong>Chevrolet Onix Plus<\/strong>: O sedan da marca acumulou 9.867 emplacamentos, sendo o terceiro mais vendido do ano. Com seis vers\u00f5es, o Onix Plus possui motoriza\u00e7\u00e3o semelhante \u00e0 do Onix hatch e pre\u00e7os variando de R$ 105.490 a R$ 134.890.<\/li>\n<\/ul>\n\n\n\n<figure class=\"wp-block-image size-large\"><img loading=\"lazy\" decoding=\"async\" width=\"1024\" height=\"576\" src=\"https:\/\/www.em.com.br\/emfoco\/wp-content\/uploads\/2025\/04\/chevrolet_1744735803525-1024x576.jpg\" alt=\"\" class=\"wp-image-38621\" srcset=\"https:\/\/www.em.com.br\/emfoco\/wp-content\/uploads\/2025\/04\/chevrolet_1744735803525-1024x576.jpg 1024w, https:\/\/www.em.com.br\/emfoco\/wp-content\/uploads\/2025\/04\/chevrolet_1744735803525-300x169.jpg 300w, https:\/\/www.em.com.br\/emfoco\/wp-content\/uploads\/2025\/04\/chevrolet_1744735803525-768x432.jpg 768w, https:\/\/www.em.com.br\/emfoco\/wp-content\/uploads\/2025\/04\/chevrolet_1744735803525-750x422.jpg 750w, https:\/\/www.em.com.br\/emfoco\/wp-content\/uploads\/2025\/04\/chevrolet_1744735803525-1140x641.jpg 1140w, https:\/\/www.em.com.br\/emfoco\/wp-content\/uploads\/2025\/04\/chevrolet_1744735803525.jpg 1280w\" sizes=\"auto, (max-width: 1024px) 100vw, 1024px\" \/><figcaption class=\"wp-element-caption\">Chevrolet &#8211; Cr\u00e9ditos: depositphotos.com \/ ricochet69<\/figcaption><\/figure>\n\n\n\n<h2 class=\"wp-block-heading\">Chevrolet no segmento de picapes: S10 e Montana<\/h2>\n\n\n\n<p>A marca tamb\u00e9m se destacou no <strong>segmento de picapes<\/strong>:<\/p>\n\n\n\n<ul class=\"wp-block-list\">\n<li><strong>Chevrolet S10<\/strong>: Com 5.407 unidades vendidas, a S10 continua forte no mercado de picapes, oferecendo seis vers\u00f5es e motor 2.8 turbodiesel de 207 cv, com pre\u00e7os entre R$ 245.190 e R$ 323.490.<\/li>\n\n\n\n<li><strong>Chevrolet Montana<\/strong>: A Montana registrou 4.865 unidades emplacadas, ocupando o quinto lugar entre os modelos mais vendidos da GM em 2025. Dispon\u00edvel em cinco vers\u00f5es, ela compartilha o motor 1.2 turbo flex com o Tracker topo de linha, com pre\u00e7os entre R$ 136.890 e R$ 171.390.<\/li>\n<\/ul>\n\n\n\n<h2 class=\"wp-block-heading\">Outros modelos da Chevrolet em 2025<\/h2>\n\n\n\n<ul class=\"wp-block-list\">\n<li><strong>Chevrolet Spin<\/strong>: Com 4.434 unidades vendidas, a Spin oferece quatro vers\u00f5es com motor 1.8 aspirado de 111 cv, com pre\u00e7os entre R$ 129.090 e R$ 154.990.<\/li>\n\n\n\n<li><strong>Chevrolet Silverado<\/strong>: A picape Silverado foi um modelo de nicho, com 121 unidades vendidas no primeiro trimestre de 2025. Ela \u00e9 equipada com motor V8 5.3 turbo a gasolina de 360 cv, com pre\u00e7o de R$ 566.190.<\/li>\n<\/ul>\n\n\n\n<h2 class=\"wp-block-heading\">Chevrolet continua forte no mercado brasileiro<\/h2>\n\n\n\n<p>A marca segue como uma das principais montadoras no Brasil, com uma linha diversificada de modelos para diferentes perfis de consumidores. Seu desempenho no in\u00edcio de 2025 reflete a estrat\u00e9gia da marca em oferecer op\u00e7\u00f5es competitivas e de alta qualidade em diversos segmentos, consolidando ainda mais sua posi\u00e7\u00e3o no mercado automotivo nacional.<\/p>\n\n\n\n<p><\/p>\n","protected":false},"excerpt":{"rendered":"<p>No in\u00edcio de 2025, a Chevrolet manteve uma posi\u00e7\u00e3o de destaque no mercado automotivo brasileiro, ocupando o terceiro lugar no ranking de montadoras com mais vendas. Com 55.808 ve\u00edculos emplacados, a marca consolidou sua presen\u00e7a, ficando atr\u00e1s apenas da Fiat e Volkswagen, conforme dados da Fenabrave (Federa\u00e7\u00e3o Nacional da Distribui\u00e7\u00e3o de Ve\u00edculos Automotores). O Chevrolet [&hellip;]<\/p>\n","protected":false},"author":11,"featured_media":38622,"comment_status":"open","ping_status":"open","sticky":false,"template":"","format":"standard","meta":{"jnews-multi-image_gallery":[],"jnews_single_post":{"format":"standard"},"jnews_primary_category":[],"jnews_social_meta":[],"jnews_override_counter":[],"footnotes":""},"categories":[27,1],"tags":[818,1116,817],"class_list":["post-38541","post","type-post","status-publish","format-standard","has-post-thumbnail","hentry","category-carros","category-noticias","tag-carro","tag-carros","tag-chevrolet"],"yoast_head":"<!-- This site is optimized with the Yoast SEO plugin v23.8 - https:\/\/yoast.com\/wordpress\/plugins\/seo\/ -->\n<title>Os grandes destaques da Chevrolet em 2025 que voc\u00ea precisa conhecer - Estado de Minas - Em foco<\/title>\n<meta name=\"description\" content=\"Al\u00e9m do Onix, outros modelos da Chevrolet t\u00eam se destacado em 2025. Veja os n\u00fameros e as caracter\u00edsticas de cada um.\" \/>\n<meta name=\"robots\" content=\"index, follow, max-snippet:-1, max-image-preview:large, max-video-preview:-1\" \/>\n<link rel=\"canonical\" href=\"https:\/\/www.em.com.br\/emfoco\/2025\/04\/16\/os-grandes-destaques-da-chevrolet-em-2025-que-voce-precisa-conhecer\/\" \/>\n<meta property=\"og:locale\" content=\"pt_BR\" \/>\n<meta property=\"og:type\" content=\"article\" \/>\n<meta property=\"og:title\" content=\"Os grandes destaques da Chevrolet em 2025 que voc\u00ea precisa conhecer - Estado de Minas - Em foco\" \/>\n<meta property=\"og:description\" content=\"Al\u00e9m do Onix, outros modelos da Chevrolet t\u00eam se destacado em 2025. Veja os n\u00fameros e as caracter\u00edsticas de cada um.\" \/>\n<meta property=\"og:url\" content=\"https:\/\/www.em.com.br\/emfoco\/2025\/04\/16\/os-grandes-destaques-da-chevrolet-em-2025-que-voce-precisa-conhecer\/\" \/>\n<meta property=\"og:site_name\" content=\"Estado de Minas - Em foco\" \/>\n<meta property=\"article:published_time\" content=\"2025-04-16T15:40:00+00:00\" \/>\n<meta property=\"article:modified_time\" content=\"2025-04-15T18:28:36+00:00\" \/>\n<meta property=\"og:image\" content=\"https:\/\/www.em.com.br\/emfoco\/wp-content\/uploads\/2025\/04\/chevrolet_1744735897889.jpg\" \/>\n\t<meta property=\"og:image:width\" content=\"1280\" \/>\n\t<meta property=\"og:image:height\" content=\"720\" \/>\n\t<meta property=\"og:image:type\" content=\"image\/jpeg\" \/>\n<meta name=\"author\" content=\"Andre\u0301 Rangel\u00a0\" \/>\n<meta name=\"twitter:card\" content=\"summary_large_image\" \/>\n<meta name=\"twitter:label1\" content=\"Escrito por\" \/>\n\t<meta name=\"twitter:data1\" content=\"Andre\u0301 Rangel\u00a0\" \/>\n\t<meta name=\"twitter:label2\" content=\"Est. tempo de leitura\" \/>\n\t<meta name=\"twitter:data2\" content=\"3 minutos\" \/>\n<!-- \/ Yoast SEO plugin. -->","yoast_head_json":{"title":"Os grandes destaques da Chevrolet em 2025 que voc\u00ea precisa conhecer - Estado de Minas - Em foco","description":"Al\u00e9m do Onix, outros modelos da Chevrolet t\u00eam se destacado em 2025. Veja os n\u00fameros e as caracter\u00edsticas de cada um.","robots":{"index":"index","follow":"follow","max-snippet":"max-snippet:-1","max-image-preview":"max-image-preview:large","max-video-preview":"max-video-preview:-1"},"canonical":"https:\/\/www.em.com.br\/emfoco\/2025\/04\/16\/os-grandes-destaques-da-chevrolet-em-2025-que-voce-precisa-conhecer\/","og_locale":"pt_BR","og_type":"article","og_title":"Os grandes destaques da Chevrolet em 2025 que voc\u00ea precisa conhecer - Estado de Minas - Em foco","og_description":"Al\u00e9m do Onix, outros modelos da Chevrolet t\u00eam se destacado em 2025. Veja os n\u00fameros e as caracter\u00edsticas de cada um.","og_url":"https:\/\/www.em.com.br\/emfoco\/2025\/04\/16\/os-grandes-destaques-da-chevrolet-em-2025-que-voce-precisa-conhecer\/","og_site_name":"Estado de Minas - Em foco","article_published_time":"2025-04-16T15:40:00+00:00","article_modified_time":"2025-04-15T18:28:36+00:00","og_image":[{"width":1280,"height":720,"url":"https:\/\/www.em.com.br\/emfoco\/wp-content\/uploads\/2025\/04\/chevrolet_1744735897889.jpg","type":"image\/jpeg"}],"author":"Andre\u0301 Rangel\u00a0","twitter_card":"summary_large_image","twitter_misc":{"Escrito por":"Andre\u0301 Rangel\u00a0","Est. tempo de leitura":"3 minutos"},"schema":{"@context":"https:\/\/schema.org","@graph":[{"@type":"WebPage","@id":"https:\/\/www.em.com.br\/emfoco\/2025\/04\/16\/os-grandes-destaques-da-chevrolet-em-2025-que-voce-precisa-conhecer\/","url":"https:\/\/www.em.com.br\/emfoco\/2025\/04\/16\/os-grandes-destaques-da-chevrolet-em-2025-que-voce-precisa-conhecer\/","name":"Os grandes destaques da Chevrolet em 2025 que voc\u00ea precisa conhecer - Estado de Minas - Em foco","isPartOf":{"@id":"https:\/\/www.em.com.br\/emfoco\/#website"},"primaryImageOfPage":{"@id":"https:\/\/www.em.com.br\/emfoco\/2025\/04\/16\/os-grandes-destaques-da-chevrolet-em-2025-que-voce-precisa-conhecer\/#primaryimage"},"image":{"@id":"https:\/\/www.em.com.br\/emfoco\/2025\/04\/16\/os-grandes-destaques-da-chevrolet-em-2025-que-voce-precisa-conhecer\/#primaryimage"},"thumbnailUrl":"https:\/\/www.em.com.br\/emfoco\/wp-content\/uploads\/2025\/04\/chevrolet_1744735897889.jpg","datePublished":"2025-04-16T15:40:00+00:00","dateModified":"2025-04-15T18:28:36+00:00","author":{"@id":"https:\/\/www.em.com.br\/emfoco\/#\/schema\/person\/60eda09c1fedf0d6891f4cef4b60b8b8"},"description":"Al\u00e9m do Onix, outros modelos da Chevrolet t\u00eam se destacado em 2025. Veja os n\u00fameros e as caracter\u00edsticas de cada um.","breadcrumb":{"@id":"https:\/\/www.em.com.br\/emfoco\/2025\/04\/16\/os-grandes-destaques-da-chevrolet-em-2025-que-voce-precisa-conhecer\/#breadcrumb"},"inLanguage":"pt-BR","potentialAction":[{"@type":"ReadAction","target":["https:\/\/www.em.com.br\/emfoco\/2025\/04\/16\/os-grandes-destaques-da-chevrolet-em-2025-que-voce-precisa-conhecer\/"]}]},{"@type":"ImageObject","inLanguage":"pt-BR","@id":"https:\/\/www.em.com.br\/emfoco\/2025\/04\/16\/os-grandes-destaques-da-chevrolet-em-2025-que-voce-precisa-conhecer\/#primaryimage","url":"https:\/\/www.em.com.br\/emfoco\/wp-content\/uploads\/2025\/04\/chevrolet_1744735897889.jpg","contentUrl":"https:\/\/www.em.com.br\/emfoco\/wp-content\/uploads\/2025\/04\/chevrolet_1744735897889.jpg","width":1280,"height":720,"caption":"Camaro chevrolet - Cr\u00e9ditos: depositphotos.com \/ RobertoGalan"},{"@type":"BreadcrumbList","@id":"https:\/\/www.em.com.br\/emfoco\/2025\/04\/16\/os-grandes-destaques-da-chevrolet-em-2025-que-voce-precisa-conhecer\/#breadcrumb","itemListElement":[{"@type":"ListItem","position":1,"name":"In\u00edcio","item":"https:\/\/www.em.com.br\/emfoco\/"},{"@type":"ListItem","position":2,"name":"Os grandes destaques da Chevrolet em 2025 que voc\u00ea precisa conhecer"}]},{"@type":"WebSite","@id":"https:\/\/www.em.com.br\/emfoco\/#website","url":"https:\/\/www.em.com.br\/emfoco\/","name":"Estado de Minas - Em foco","description":"Acompanhe as \u00faltimas not\u00edcias e fique bem informado sobre tudo o que acontece em Minas Gerais, Brasil e no mundo.","potentialAction":[{"@type":"SearchAction","target":{"@type":"EntryPoint","urlTemplate":"https:\/\/www.em.com.br\/emfoco\/?s={search_term_string}"},"query-input":{"@type":"PropertyValueSpecification","valueRequired":true,"valueName":"search_term_string"}}],"inLanguage":"pt-BR"},{"@type":"Person","@id":"https:\/\/www.em.com.br\/emfoco\/#\/schema\/person\/60eda09c1fedf0d6891f4cef4b60b8b8","name":"Andre\u0301 Rangel\u00a0","image":{"@type":"ImageObject","inLanguage":"pt-BR","@id":"https:\/\/www.em.com.br\/emfoco\/#\/schema\/person\/image\/","url":"https:\/\/secure.gravatar.com\/avatar\/6234dc814c77c8ef6d8bba622c787efc?s=96&d=mm&r=g","contentUrl":"https:\/\/secure.gravatar.com\/avatar\/6234dc814c77c8ef6d8bba622c787efc?s=96&d=mm&r=g","caption":"Andre\u0301 Rangel\u00a0"},"url":"https:\/\/www.em.com.br\/emfoco\/author\/luizmyth\/"}]}},"_links":{"self":[{"href":"https:\/\/www.em.com.br\/emfoco\/wp-json\/wp\/v2\/posts\/38541","targetHints":{"allow":["GET"]}}],"collection":[{"href":"https:\/\/www.em.com.br\/emfoco\/wp-json\/wp\/v2\/posts"}],"about":[{"href":"https:\/\/www.em.com.br\/emfoco\/wp-json\/wp\/v2\/types\/post"}],"author":[{"embeddable":true,"href":"https:\/\/www.em.com.br\/emfoco\/wp-json\/wp\/v2\/users\/11"}],"replies":[{"embeddable":true,"href":"https:\/\/www.em.com.br\/emfoco\/wp-json\/wp\/v2\/comments?post=38541"}],"version-history":[{"count":5,"href":"https:\/\/www.em.com.br\/emfoco\/wp-json\/wp\/v2\/posts\/38541\/revisions"}],"predecessor-version":[{"id":38650,"href":"https:\/\/www.em.com.br\/emfoco\/wp-json\/wp\/v2\/posts\/38541\/revisions\/38650"}],"wp:featuredmedia":[{"embeddable":true,"href":"https:\/\/www.em.com.br\/emfoco\/wp-json\/wp\/v2\/media\/38622"}],"wp:attachment":[{"href":"https:\/\/www.em.com.br\/emfoco\/wp-json\/wp\/v2\/media?parent=38541"}],"wp:term":[{"taxonomy":"category","embeddable":true,"href":"https:\/\/www.em.com.br\/emfoco\/wp-json\/wp\/v2\/categories?post=38541"},{"taxonomy":"post_tag","embeddable":true,"href":"https:\/\/www.em.com.br\/emfoco\/wp-json\/wp\/v2\/tags?post=38541"}],"curies":[{"name":"wp","href":"https:\/\/api.w.org\/{rel}","templated":true}]}}