{"id":38520,"date":"2025-04-20T15:40:00","date_gmt":"2025-04-20T18:40:00","guid":{"rendered":"https:\/\/www.em.com.br\/emfoco\/?p=38520"},"modified":"2025-04-16T16:42:59","modified_gmt":"2025-04-16T19:42:59","slug":"o-destino-onde-cada-passo-revela-seculos-de-historias","status":"publish","type":"post","link":"https:\/\/www.em.com.br\/emfoco\/2025\/04\/20\/o-destino-onde-cada-passo-revela-seculos-de-historias\/","title":{"rendered":"O destino onde cada passo revela s\u00e9culos de hist\u00f3rias"},"content":{"rendered":"\n<p><strong>Roma<\/strong>, a capital da <strong>It\u00e1lia<\/strong>, \u00e9 uma cidade rica em hist\u00f3ria e cultura, conhecida mundialmente por seus monumentos antigos e sua influ\u00eancia duradoura na civiliza\u00e7\u00e3o ocidental. Fundada h\u00e1 mais de 2.500 anos, Roma \u00e9 um destino que atrai milh\u00f5es de turistas todos os anos, fascinados por sua arquitetura, arte e gastronomia.<\/p>\n\n\n\n<p>Com uma popula\u00e7\u00e3o de aproximadamente 2,8 milh\u00f5es de habitantes em 2025, Roma \u00e9 a maior cidade da It\u00e1lia e uma das mais importantes da <strong>Europa<\/strong>. Al\u00e9m de seu valor hist\u00f3rico, a cidade \u00e9 um centro vital para a pol\u00edtica, economia e cultura italianas.<\/p>\n\n\n\n<h2 class=\"wp-block-heading\">Qualidade de vida em Roma<\/h2>\n\n\n\n<p>Roma oferece uma qualidade de vida \u00fanica, combinando o charme do passado com as comodidades modernas. A cidade possui uma infraestrutura de transporte bem desenvolvida, incluindo uma extensa rede de metr\u00f4, \u00f4nibus e bondes, facilitando a locomo\u00e7\u00e3o dos moradores e visitantes.<\/p>\n\n\n\n<p>Os romanos desfrutam de um clima mediterr\u00e2neo agrad\u00e1vel, com invernos suaves e ver\u00f5es quentes, o que contribui para um estilo de vida ao ar livre. A cidade tamb\u00e9m \u00e9 conhecida por seus parques e \u00e1reas verdes, como a <strong>Villa Borghese<\/strong>, que oferece um ref\u00fagio tranquilo no cora\u00e7\u00e3o urbano.<\/p>\n\n\n\n<figure class=\"wp-block-image size-large\"><img loading=\"lazy\" decoding=\"async\" width=\"1024\" height=\"576\" src=\"https:\/\/www.em.com.br\/emfoco\/wp-content\/uploads\/2025\/04\/rome-italy_1744728954832-1024x576.jpg\" alt=\"O destino onde cada passo revela s\u00e9culos de hist\u00f3rias\" class=\"wp-image-38576\" srcset=\"https:\/\/www.em.com.br\/emfoco\/wp-content\/uploads\/2025\/04\/rome-italy_1744728954832-1024x576.jpg 1024w, https:\/\/www.em.com.br\/emfoco\/wp-content\/uploads\/2025\/04\/rome-italy_1744728954832-300x169.jpg 300w, https:\/\/www.em.com.br\/emfoco\/wp-content\/uploads\/2025\/04\/rome-italy_1744728954832-768x432.jpg 768w, https:\/\/www.em.com.br\/emfoco\/wp-content\/uploads\/2025\/04\/rome-italy_1744728954832-750x422.jpg 750w, https:\/\/www.em.com.br\/emfoco\/wp-content\/uploads\/2025\/04\/rome-italy_1744728954832-1140x641.jpg 1140w, https:\/\/www.em.com.br\/emfoco\/wp-content\/uploads\/2025\/04\/rome-italy_1744728954832.jpg 1280w\" sizes=\"auto, (max-width: 1024px) 100vw, 1024px\" \/><figcaption class=\"wp-element-caption\">Roma, It\u00e1lia &#8211; Cr\u00e9ditos: depositphotos.com \/ AnnaNepaBO<\/figcaption><\/figure>\n\n\n\n<h2 class=\"wp-block-heading\">Educa\u00e7\u00e3o em Roma<\/h2>\n\n\n\n<p>Roma \u00e9 um importante centro educacional, abrigando algumas das universidades mais prestigiadas da It\u00e1lia, como a <strong><a href=\"https:\/\/pt.wikipedia.org\/wiki\/Universidade_de_Roma_%22La_Sapienza%22\" target=\"_blank\" rel=\"noreferrer noopener\">Universidade La Sapienza<\/a><\/strong>, uma das maiores da Europa. A cidade oferece uma ampla gama de programas acad\u00eamicos e oportunidades de pesquisa, atraindo estudantes de todo o mundo.<\/p>\n\n\n\n<p>Al\u00e9m das universidades, Roma possui escolas internacionais e institutos de arte e design renomados, proporcionando uma educa\u00e7\u00e3o diversificada e de alta qualidade.<\/p>\n\n\n\n<h2 class=\"wp-block-heading\">Turismo em Roma: o que ver e fazer<\/h2>\n\n\n\n<p>O turismo \u00e9 uma das principais ind\u00fastrias de Roma, com visitantes atra\u00eddos por seus in\u00fameros pontos tur\u00edsticos. O <strong>Coliseu<\/strong>, o <strong>Pante\u00e3o <\/strong>e o <strong>F\u00f3rum Romano<\/strong> s\u00e3o apenas alguns dos locais hist\u00f3ricos que contam a rica hist\u00f3ria da cidade.<\/p>\n\n\n\n<p>Os museus de Roma, como os <strong>Museus do Vaticano<\/strong> e a <strong>Galeria Borghese<\/strong>, abrigam algumas das cole\u00e7\u00f5es de arte mais importantes do mundo, incluindo obras de mestres como Michelangelo e Caravaggio.<\/p>\n\n\n\n<h2 class=\"wp-block-heading\">Gastronomia Romana: um banquete para os sentidos<\/h2>\n\n\n\n<p>A <strong><a href=\"https:\/\/www.em.com.br\/emfoco\/2025\/01\/02\/os-segredos-e-sabores-da-culinaria-chinesa-sao-revelados\/\" target=\"_blank\" rel=\"noreferrer noopener\">culin\u00e1ria <\/a><\/strong>romana \u00e9 uma parte essencial da experi\u00eancia na cidade. Pratos tradicionais como a <em><strong>carbonara<\/strong><\/em>, <em><strong>cacio e pepe<\/strong><\/em> e <em><strong>saltimbocca alla romana<\/strong><\/em> s\u00e3o apreciados tanto por locais quanto por turistas. Os mercados de alimentos, como o <strong>Campo de&#8217; Fiori<\/strong>, oferecem produtos frescos e aut\u00eanticos sabores italianos.<\/p>\n\n\n\n<p>Os vinhos da regi\u00e3o do <strong>L\u00e1cio<\/strong>, onde Roma est\u00e1 localizada, complementam perfeitamente a gastronomia local, proporcionando uma experi\u00eancia culin\u00e1ria completa.<\/p>\n\n\n\n<h2 class=\"wp-block-heading\">Roma moderna: um centro de inova\u00e7\u00e3o<\/h2>\n\n\n\n<p>Embora seja famosa por seu passado, Roma tamb\u00e9m est\u00e1 na vanguarda da inova\u00e7\u00e3o. A cidade abriga v\u00e1rias startups e empresas de tecnologia, beneficiando-se de uma economia diversificada e um ambiente de neg\u00f3cios din\u00e2mico.<\/p>\n\n\n\n<p>Iniciativas para promover a sustentabilidade e a tecnologia verde est\u00e3o em crescimento, refletindo o compromisso de Roma com um futuro mais sustent\u00e1vel.<\/p>\n\n\n\n<h2 class=\"wp-block-heading\">Um destino imperd\u00edvel<\/h2>\n\n\n\n<p>Com sua combina\u00e7\u00e3o \u00fanica de hist\u00f3ria, cultura e modernidade, Roma continua a ser um destino imperd\u00edvel para viajantes de todo o mundo. A cidade oferece uma experi\u00eancia rica e diversificada, onde cada esquina revela uma nova descoberta.<\/p>\n\n\n\n<p>Seja explorando suas ru\u00ednas antigas, saboreando sua culin\u00e1ria deliciosa ou simplesmente passeando por suas ruas encantadoras, Roma \u00e9 uma cidade que deixa uma impress\u00e3o duradoura em todos que a visitam.<\/p>\n","protected":false},"excerpt":{"rendered":"<p>Roma, a capital da It\u00e1lia, \u00e9 uma cidade rica em hist\u00f3ria e cultura, conhecida mundialmente por seus monumentos antigos e sua influ\u00eancia duradoura na civiliza\u00e7\u00e3o ocidental. Fundada h\u00e1 mais de 2.500 anos, Roma \u00e9 um destino que atrai milh\u00f5es de turistas todos os anos, fascinados por sua arquitetura, arte e gastronomia. Com uma popula\u00e7\u00e3o de [&hellip;]<\/p>\n","protected":false},"author":13,"featured_media":38574,"comment_status":"open","ping_status":"open","sticky":false,"template":"","format":"standard","meta":{"jnews-multi-image_gallery":[],"jnews_single_post":{"format":"standard"},"jnews_primary_category":[],"jnews_social_meta":[],"jnews_override_counter":[],"footnotes":""},"categories":[26],"tags":[237,4431,5134,157],"class_list":["post-38520","post","type-post","status-publish","format-standard","has-post-thumbnail","hentry","category-cidades","tag-historia","tag-italia","tag-roma","tag-turismo"],"yoast_head":"<!-- This site is optimized with the Yoast SEO plugin v23.8 - https:\/\/yoast.com\/wordpress\/plugins\/seo\/ -->\n<title>O destino onde cada passo revela s\u00e9culos de hist\u00f3rias - Estado de Minas - Em foco<\/title>\n<meta name=\"description\" content=\"Cultura, hist\u00f3ria e gastronomia transformam essa cidade em um dos destinos mais completos e fascinantes da Europa.\" \/>\n<meta name=\"robots\" content=\"index, follow, max-snippet:-1, max-image-preview:large, max-video-preview:-1\" \/>\n<link rel=\"canonical\" href=\"https:\/\/www.em.com.br\/emfoco\/2025\/04\/20\/o-destino-onde-cada-passo-revela-seculos-de-historias\/\" \/>\n<meta property=\"og:locale\" content=\"pt_BR\" \/>\n<meta property=\"og:type\" content=\"article\" \/>\n<meta property=\"og:title\" content=\"O destino onde cada passo revela s\u00e9culos de hist\u00f3rias - Estado de Minas - Em foco\" \/>\n<meta property=\"og:description\" content=\"Cultura, hist\u00f3ria e gastronomia transformam essa cidade em um dos destinos mais completos e fascinantes da Europa.\" \/>\n<meta property=\"og:url\" content=\"https:\/\/www.em.com.br\/emfoco\/2025\/04\/20\/o-destino-onde-cada-passo-revela-seculos-de-historias\/\" \/>\n<meta property=\"og:site_name\" content=\"Estado de Minas - Em foco\" \/>\n<meta property=\"article:published_time\" content=\"2025-04-20T18:40:00+00:00\" \/>\n<meta property=\"article:modified_time\" content=\"2025-04-16T19:42:59+00:00\" \/>\n<meta property=\"og:image\" content=\"https:\/\/www.em.com.br\/emfoco\/wp-content\/uploads\/2025\/04\/Roma_1744728907279.jpg\" \/>\n\t<meta property=\"og:image:width\" content=\"1280\" \/>\n\t<meta property=\"og:image:height\" content=\"720\" \/>\n\t<meta property=\"og:image:type\" content=\"image\/jpeg\" \/>\n<meta name=\"author\" content=\"Gabriel Martins\" \/>\n<meta name=\"twitter:card\" content=\"summary_large_image\" \/>\n<meta name=\"twitter:label1\" content=\"Escrito por\" \/>\n\t<meta name=\"twitter:data1\" content=\"Gabriel Martins\" \/>\n\t<meta name=\"twitter:label2\" content=\"Est. tempo de leitura\" \/>\n\t<meta name=\"twitter:data2\" content=\"4 minutos\" \/>\n<!-- \/ Yoast SEO plugin. -->","yoast_head_json":{"title":"O destino onde cada passo revela s\u00e9culos de hist\u00f3rias - Estado de Minas - Em foco","description":"Cultura, hist\u00f3ria e gastronomia transformam essa cidade em um dos destinos mais completos e fascinantes da Europa.","robots":{"index":"index","follow":"follow","max-snippet":"max-snippet:-1","max-image-preview":"max-image-preview:large","max-video-preview":"max-video-preview:-1"},"canonical":"https:\/\/www.em.com.br\/emfoco\/2025\/04\/20\/o-destino-onde-cada-passo-revela-seculos-de-historias\/","og_locale":"pt_BR","og_type":"article","og_title":"O destino onde cada passo revela s\u00e9culos de hist\u00f3rias - Estado de Minas - Em foco","og_description":"Cultura, hist\u00f3ria e gastronomia transformam essa cidade em um dos destinos mais completos e fascinantes da Europa.","og_url":"https:\/\/www.em.com.br\/emfoco\/2025\/04\/20\/o-destino-onde-cada-passo-revela-seculos-de-historias\/","og_site_name":"Estado de Minas - Em foco","article_published_time":"2025-04-20T18:40:00+00:00","article_modified_time":"2025-04-16T19:42:59+00:00","og_image":[{"width":1280,"height":720,"url":"https:\/\/www.em.com.br\/emfoco\/wp-content\/uploads\/2025\/04\/Roma_1744728907279.jpg","type":"image\/jpeg"}],"author":"Gabriel Martins","twitter_card":"summary_large_image","twitter_misc":{"Escrito por":"Gabriel Martins","Est. tempo de leitura":"4 minutos"},"schema":{"@context":"https:\/\/schema.org","@graph":[{"@type":"WebPage","@id":"https:\/\/www.em.com.br\/emfoco\/2025\/04\/20\/o-destino-onde-cada-passo-revela-seculos-de-historias\/","url":"https:\/\/www.em.com.br\/emfoco\/2025\/04\/20\/o-destino-onde-cada-passo-revela-seculos-de-historias\/","name":"O destino onde cada passo revela s\u00e9culos de hist\u00f3rias - Estado de Minas - Em foco","isPartOf":{"@id":"https:\/\/www.em.com.br\/emfoco\/#website"},"primaryImageOfPage":{"@id":"https:\/\/www.em.com.br\/emfoco\/2025\/04\/20\/o-destino-onde-cada-passo-revela-seculos-de-historias\/#primaryimage"},"image":{"@id":"https:\/\/www.em.com.br\/emfoco\/2025\/04\/20\/o-destino-onde-cada-passo-revela-seculos-de-historias\/#primaryimage"},"thumbnailUrl":"https:\/\/www.em.com.br\/emfoco\/wp-content\/uploads\/2025\/04\/Roma_1744728907279.jpg","datePublished":"2025-04-20T18:40:00+00:00","dateModified":"2025-04-16T19:42:59+00:00","author":{"@id":"https:\/\/www.em.com.br\/emfoco\/#\/schema\/person\/1c9ddeab18b98abeffef834667bcf08a"},"description":"Cultura, hist\u00f3ria e gastronomia transformam essa cidade em um dos destinos mais completos e fascinantes da Europa.","breadcrumb":{"@id":"https:\/\/www.em.com.br\/emfoco\/2025\/04\/20\/o-destino-onde-cada-passo-revela-seculos-de-historias\/#breadcrumb"},"inLanguage":"pt-BR","potentialAction":[{"@type":"ReadAction","target":["https:\/\/www.em.com.br\/emfoco\/2025\/04\/20\/o-destino-onde-cada-passo-revela-seculos-de-historias\/"]}]},{"@type":"ImageObject","inLanguage":"pt-BR","@id":"https:\/\/www.em.com.br\/emfoco\/2025\/04\/20\/o-destino-onde-cada-passo-revela-seculos-de-historias\/#primaryimage","url":"https:\/\/www.em.com.br\/emfoco\/wp-content\/uploads\/2025\/04\/Roma_1744728907279.jpg","contentUrl":"https:\/\/www.em.com.br\/emfoco\/wp-content\/uploads\/2025\/04\/Roma_1744728907279.jpg","width":1280,"height":720,"caption":"Experi\u00eancias hist\u00f3ricas que emocionam a cada esquina - Cr\u00e9ditos: depositphotos.com \/ lspencer"},{"@type":"BreadcrumbList","@id":"https:\/\/www.em.com.br\/emfoco\/2025\/04\/20\/o-destino-onde-cada-passo-revela-seculos-de-historias\/#breadcrumb","itemListElement":[{"@type":"ListItem","position":1,"name":"In\u00edcio","item":"https:\/\/www.em.com.br\/emfoco\/"},{"@type":"ListItem","position":2,"name":"O destino onde cada passo revela s\u00e9culos de hist\u00f3rias"}]},{"@type":"WebSite","@id":"https:\/\/www.em.com.br\/emfoco\/#website","url":"https:\/\/www.em.com.br\/emfoco\/","name":"Estado de Minas - Em foco","description":"Acompanhe as \u00faltimas not\u00edcias e fique bem informado sobre tudo o que acontece em Minas Gerais, Brasil e no mundo.","potentialAction":[{"@type":"SearchAction","target":{"@type":"EntryPoint","urlTemplate":"https:\/\/www.em.com.br\/emfoco\/?s={search_term_string}"},"query-input":{"@type":"PropertyValueSpecification","valueRequired":true,"valueName":"search_term_string"}}],"inLanguage":"pt-BR"},{"@type":"Person","@id":"https:\/\/www.em.com.br\/emfoco\/#\/schema\/person\/1c9ddeab18b98abeffef834667bcf08a","name":"Gabriel Martins","image":{"@type":"ImageObject","inLanguage":"pt-BR","@id":"https:\/\/www.em.com.br\/emfoco\/#\/schema\/person\/image\/","url":"https:\/\/secure.gravatar.com\/avatar\/f0f1e2efdfd88f1ad2cb08c5c2731e50?s=96&d=mm&r=g","contentUrl":"https:\/\/secure.gravatar.com\/avatar\/f0f1e2efdfd88f1ad2cb08c5c2731e50?s=96&d=mm&r=g","caption":"Gabriel Martins"},"sameAs":["https:\/\/www.em.com.br\/emfoco\/"],"url":"https:\/\/www.em.com.br\/emfoco\/author\/gabrielmartinsmyth\/"}]}},"_links":{"self":[{"href":"https:\/\/www.em.com.br\/emfoco\/wp-json\/wp\/v2\/posts\/38520","targetHints":{"allow":["GET"]}}],"collection":[{"href":"https:\/\/www.em.com.br\/emfoco\/wp-json\/wp\/v2\/posts"}],"about":[{"href":"https:\/\/www.em.com.br\/emfoco\/wp-json\/wp\/v2\/types\/post"}],"author":[{"embeddable":true,"href":"https:\/\/www.em.com.br\/emfoco\/wp-json\/wp\/v2\/users\/13"}],"replies":[{"embeddable":true,"href":"https:\/\/www.em.com.br\/emfoco\/wp-json\/wp\/v2\/comments?post=38520"}],"version-history":[{"count":2,"href":"https:\/\/www.em.com.br\/emfoco\/wp-json\/wp\/v2\/posts\/38520\/revisions"}],"predecessor-version":[{"id":38577,"href":"https:\/\/www.em.com.br\/emfoco\/wp-json\/wp\/v2\/posts\/38520\/revisions\/38577"}],"wp:featuredmedia":[{"embeddable":true,"href":"https:\/\/www.em.com.br\/emfoco\/wp-json\/wp\/v2\/media\/38574"}],"wp:attachment":[{"href":"https:\/\/www.em.com.br\/emfoco\/wp-json\/wp\/v2\/media?parent=38520"}],"wp:term":[{"taxonomy":"category","embeddable":true,"href":"https:\/\/www.em.com.br\/emfoco\/wp-json\/wp\/v2\/categories?post=38520"},{"taxonomy":"post_tag","embeddable":true,"href":"https:\/\/www.em.com.br\/emfoco\/wp-json\/wp\/v2\/tags?post=38520"}],"curies":[{"name":"wp","href":"https:\/\/api.w.org\/{rel}","templated":true}]}}