{"id":38507,"date":"2025-04-17T12:20:00","date_gmt":"2025-04-17T15:20:00","guid":{"rendered":"https:\/\/www.em.com.br\/emfoco\/?p=38507"},"modified":"2025-04-16T14:39:04","modified_gmt":"2025-04-16T17:39:04","slug":"asteroide-com-67-metros-pode-atingir-a-lua-e-virar-espetaculo-visivel-ate-com-binoculo","status":"publish","type":"post","link":"https:\/\/www.em.com.br\/emfoco\/2025\/04\/17\/asteroide-com-67-metros-pode-atingir-a-lua-e-virar-espetaculo-visivel-ate-com-binoculo\/","title":{"rendered":"Asteroide com 67 metros pode atingir a Lua e virar espet\u00e1culo vis\u00edvel at\u00e9 com bin\u00f3culo!"},"content":{"rendered":"\n<p>Recentemente, a comunidade cient\u00edfica voltou seus olhos para o <strong>asteroide 2024 YR4<\/strong>, um corpo celeste com di\u00e2metro estimado entre 53 e 67 metros. Inicialmente, havia preocupa\u00e7\u00f5es sobre a possibilidade de colis\u00e3o com a Terra, mas observa\u00e7\u00f5es mais recentes descartaram essa hip\u00f3tese. No entanto, a amea\u00e7a de impacto com a Lua ainda persiste, o que desperta interesse tanto para a defesa planet\u00e1ria quanto para a pesquisa cient\u00edfica.<\/p>\n\n\n\n<p>Com dimens\u00f5es compar\u00e1veis a um edif\u00edcio de 15 andares, o 2024 YR4 ultrapassa o limite de 50 metros que exige aten\u00e7\u00e3o especial das ag\u00eancias espaciais. <strong>A NASA e a Ag\u00eancia Espacial Europeia (ESA)<\/strong> est\u00e3o colaborando para monitorar de perto sua trajet\u00f3ria e avaliar os riscos potenciais. Este monitoramento \u00e9 crucial para determinar se ser\u00e3o necess\u00e1rias interven\u00e7\u00f5es futuras.<\/p>\n\n\n\n<h2 class=\"wp-block-heading\">Quais s\u00e3o os riscos para a Lua?<\/h2>\n\n\n\n<p>Embora a <strong>Terra<\/strong> esteja fora de perigo, a <strong>Lua<\/strong> pode n\u00e3o ter a mesma sorte. As<strong> <a href=\"https:\/\/science.nasa.gov\/blogs\/planetary-defense\/2025\/04\/02\/nasa-update-on-the-size-estimate-and-lunar-impact-probability-of-asteroid-2024-yr4\/\" target=\"_blank\" rel=\"noreferrer noopener\">an\u00e1lises mais recentes<\/a><\/strong>, realizadas com o aux\u00edlio do telesc\u00f3pio Webb, indicam uma probabilidade de 3,8% de colis\u00e3o do 2024 YR4 com nosso sat\u00e9lite natural. Apesar de ser uma chance relativamente baixa, \u00e9 suficiente para manter a comunidade cient\u00edfica em alerta.<\/p>\n\n\n\n<p>Se o impacto ocorrer, ser\u00e1 uma oportunidade \u00fanica para coletar dados valiosos sobre a forma\u00e7\u00e3o de crateras lunares. <strong>Richard Moissl, da ESA<\/strong>, destaca que tal evento seria um &#8220;grande experimento&#8221; para a humanidade, possibilitando observa\u00e7\u00f5es em tempo real que poderiam ser feitas at\u00e9 mesmo com um bin\u00f3culo.<\/p>\n\n\n\n<figure class=\"wp-block-image size-large\"><img loading=\"lazy\" decoding=\"async\" width=\"1024\" height=\"576\" src=\"https:\/\/www.em.com.br\/emfoco\/wp-content\/uploads\/2025\/02\/nasa_1740442473035-1024x576.jpg\" alt=\"\" class=\"wp-image-22614\" srcset=\"https:\/\/www.em.com.br\/emfoco\/wp-content\/uploads\/2025\/02\/nasa_1740442473035-1024x576.jpg 1024w, https:\/\/www.em.com.br\/emfoco\/wp-content\/uploads\/2025\/02\/nasa_1740442473035-300x169.jpg 300w, https:\/\/www.em.com.br\/emfoco\/wp-content\/uploads\/2025\/02\/nasa_1740442473035-768x432.jpg 768w, https:\/\/www.em.com.br\/emfoco\/wp-content\/uploads\/2025\/02\/nasa_1740442473035-750x422.jpg 750w, https:\/\/www.em.com.br\/emfoco\/wp-content\/uploads\/2025\/02\/nasa_1740442473035-1140x641.jpg 1140w, https:\/\/www.em.com.br\/emfoco\/wp-content\/uploads\/2025\/02\/nasa_1740442473035.jpg 1280w\" sizes=\"auto, (max-width: 1024px) 100vw, 1024px\" \/><figcaption class=\"wp-element-caption\">Nasa &#8211; Cr\u00e9ditos: depositphotos.com \/ sergey.miami2you.com<\/figcaption><\/figure>\n\n\n\n<h2 class=\"wp-block-heading\">Preparativos e planos de a\u00e7\u00e3o<\/h2>\n\n\n\n<p>Com a possibilidade de impacto, as ag\u00eancias espaciais est\u00e3o desenvolvendo planos de a\u00e7\u00e3o para mitigar quaisquer consequ\u00eancias. O monitoramento cont\u00ednuo e a an\u00e1lise de dados s\u00e3o essenciais para prever o comportamento do asteroide e tomar decis\u00f5es informadas. A colabora\u00e7\u00e3o internacional \u00e9 um aspecto crucial desse processo, garantindo que todas as informa\u00e7\u00f5es sejam compartilhadas e analisadas de forma eficaz.<\/p>\n\n\n\n<p>Al\u00e9m disso, a potencial colis\u00e3o com a Lua oferece uma rara oportunidade de estudo. Cientistas esperam usar essa chance para avan\u00e7ar no entendimento sobre impactos lunares e suas implica\u00e7\u00f5es para a geologia do sat\u00e9lite. Esse tipo de pesquisa pode fornecer insights valiosos que v\u00e3o al\u00e9m do evento em si, contribuindo para o conhecimento geral sobre o sistema solar.<\/p>\n\n\n\n<h2 class=\"wp-block-heading\">O futuro da observa\u00e7\u00e3o de asteroides<\/h2>\n\n\n\n<p>O caso do 2024 YR4 destaca a import\u00e2ncia da observa\u00e7\u00e3o cont\u00ednua de asteroides e outros corpos celestes. \u00c0 medida que a tecnologia avan\u00e7a, a capacidade de detectar e monitorar essas amea\u00e7as em potencial tamb\u00e9m melhora. A coopera\u00e7\u00e3o entre ag\u00eancias espaciais e a comunidade cient\u00edfica global \u00e9 fundamental para garantir que a humanidade esteja preparada para enfrentar desafios semelhantes no futuro.<\/p>\n\n\n\n<p>Em suma, enquanto o 2024 YR4 n\u00e3o representa uma amea\u00e7a direta \u00e0 Terra, ele serve como um lembrete da necessidade de vigil\u00e2ncia constante e prepara\u00e7\u00e3o. A possibilidade de um impacto lunar oferece uma oportunidade \u00fanica para a ci\u00eancia, destacando a import\u00e2ncia de continuar investindo em pesquisa e tecnologia espacial.<\/p>\n","protected":false},"excerpt":{"rendered":"<p>Recentemente, a comunidade cient\u00edfica voltou seus olhos para o asteroide 2024 YR4, um corpo celeste com di\u00e2metro estimado entre 53 e 67 metros. Inicialmente, havia preocupa\u00e7\u00f5es sobre a possibilidade de colis\u00e3o com a Terra, mas observa\u00e7\u00f5es mais recentes descartaram essa hip\u00f3tese. No entanto, a amea\u00e7a de impacto com a Lua ainda persiste, o que desperta [&hellip;]<\/p>\n","protected":false},"author":5,"featured_media":21508,"comment_status":"open","ping_status":"open","sticky":false,"template":"","format":"standard","meta":{"jnews-multi-image_gallery":[],"jnews_single_post":{"format":"standard"},"jnews_primary_category":[],"jnews_social_meta":[],"jnews_override_counter":[],"footnotes":""},"categories":[138,1],"tags":[5365,7547,7546,3938],"class_list":["post-38507","post","type-post","status-publish","format-standard","has-post-thumbnail","hentry","category-mundo","category-noticias","tag-2024-yr4","tag-agencias-espaciais","tag-asteroide","tag-lua"],"yoast_head":"<!-- This site is optimized with the Yoast SEO plugin v23.8 - https:\/\/yoast.com\/wordpress\/plugins\/seo\/ -->\n<title>Asteroide com 67 metros pode atingir a Lua e virar espet\u00e1culo vis\u00edvel at\u00e9 com bin\u00f3culo! - Estado de Minas - Em foco<\/title>\n<meta name=\"description\" content=\"Nasa e ESA monitoram asteroide que pode atingir a lua com for\u00e7a. Impacto pode ser observado da Terra e gerar dados hist\u00f3ricos.\" \/>\n<meta name=\"robots\" content=\"index, follow, max-snippet:-1, max-image-preview:large, max-video-preview:-1\" \/>\n<link rel=\"canonical\" href=\"https:\/\/www.em.com.br\/emfoco\/2025\/04\/17\/asteroide-com-67-metros-pode-atingir-a-lua-e-virar-espetaculo-visivel-ate-com-binoculo\/\" \/>\n<meta property=\"og:locale\" content=\"pt_BR\" \/>\n<meta property=\"og:type\" content=\"article\" \/>\n<meta property=\"og:title\" content=\"Asteroide com 67 metros pode atingir a Lua e virar espet\u00e1culo vis\u00edvel at\u00e9 com bin\u00f3culo! - Estado de Minas - Em foco\" \/>\n<meta property=\"og:description\" content=\"Nasa e ESA monitoram asteroide que pode atingir a lua com for\u00e7a. Impacto pode ser observado da Terra e gerar dados hist\u00f3ricos.\" \/>\n<meta property=\"og:url\" content=\"https:\/\/www.em.com.br\/emfoco\/2025\/04\/17\/asteroide-com-67-metros-pode-atingir-a-lua-e-virar-espetaculo-visivel-ate-com-binoculo\/\" \/>\n<meta property=\"og:site_name\" content=\"Estado de Minas - Em foco\" \/>\n<meta property=\"article:published_time\" content=\"2025-04-17T15:20:00+00:00\" \/>\n<meta property=\"article:modified_time\" content=\"2025-04-16T17:39:04+00:00\" \/>\n<meta property=\"og:image\" content=\"https:\/\/www.em.com.br\/emfoco\/wp-content\/uploads\/2025\/02\/Asteroide_1740075067030.jpg\" \/>\n\t<meta property=\"og:image:width\" content=\"1280\" \/>\n\t<meta property=\"og:image:height\" content=\"720\" \/>\n\t<meta property=\"og:image:type\" content=\"image\/jpeg\" \/>\n<meta name=\"author\" content=\"N\u00fabia Rangel\" \/>\n<meta name=\"twitter:card\" content=\"summary_large_image\" \/>\n<meta name=\"twitter:label1\" content=\"Escrito por\" \/>\n\t<meta name=\"twitter:data1\" content=\"N\u00fabia Rangel\" \/>\n\t<meta name=\"twitter:label2\" content=\"Est. tempo de leitura\" \/>\n\t<meta name=\"twitter:data2\" content=\"4 minutos\" \/>\n<!-- \/ Yoast SEO plugin. -->","yoast_head_json":{"title":"Asteroide com 67 metros pode atingir a Lua e virar espet\u00e1culo vis\u00edvel at\u00e9 com bin\u00f3culo! - Estado de Minas - Em foco","description":"Nasa e ESA monitoram asteroide que pode atingir a lua com for\u00e7a. Impacto pode ser observado da Terra e gerar dados hist\u00f3ricos.","robots":{"index":"index","follow":"follow","max-snippet":"max-snippet:-1","max-image-preview":"max-image-preview:large","max-video-preview":"max-video-preview:-1"},"canonical":"https:\/\/www.em.com.br\/emfoco\/2025\/04\/17\/asteroide-com-67-metros-pode-atingir-a-lua-e-virar-espetaculo-visivel-ate-com-binoculo\/","og_locale":"pt_BR","og_type":"article","og_title":"Asteroide com 67 metros pode atingir a Lua e virar espet\u00e1culo vis\u00edvel at\u00e9 com bin\u00f3culo! - Estado de Minas - Em foco","og_description":"Nasa e ESA monitoram asteroide que pode atingir a lua com for\u00e7a. Impacto pode ser observado da Terra e gerar dados hist\u00f3ricos.","og_url":"https:\/\/www.em.com.br\/emfoco\/2025\/04\/17\/asteroide-com-67-metros-pode-atingir-a-lua-e-virar-espetaculo-visivel-ate-com-binoculo\/","og_site_name":"Estado de Minas - Em foco","article_published_time":"2025-04-17T15:20:00+00:00","article_modified_time":"2025-04-16T17:39:04+00:00","og_image":[{"width":1280,"height":720,"url":"https:\/\/www.em.com.br\/emfoco\/wp-content\/uploads\/2025\/02\/Asteroide_1740075067030.jpg","type":"image\/jpeg"}],"author":"N\u00fabia Rangel","twitter_card":"summary_large_image","twitter_misc":{"Escrito por":"N\u00fabia Rangel","Est. tempo de leitura":"4 minutos"},"schema":{"@context":"https:\/\/schema.org","@graph":[{"@type":"WebPage","@id":"https:\/\/www.em.com.br\/emfoco\/2025\/04\/17\/asteroide-com-67-metros-pode-atingir-a-lua-e-virar-espetaculo-visivel-ate-com-binoculo\/","url":"https:\/\/www.em.com.br\/emfoco\/2025\/04\/17\/asteroide-com-67-metros-pode-atingir-a-lua-e-virar-espetaculo-visivel-ate-com-binoculo\/","name":"Asteroide com 67 metros pode atingir a Lua e virar espet\u00e1culo vis\u00edvel at\u00e9 com bin\u00f3culo! - Estado de Minas - Em foco","isPartOf":{"@id":"https:\/\/www.em.com.br\/emfoco\/#website"},"primaryImageOfPage":{"@id":"https:\/\/www.em.com.br\/emfoco\/2025\/04\/17\/asteroide-com-67-metros-pode-atingir-a-lua-e-virar-espetaculo-visivel-ate-com-binoculo\/#primaryimage"},"image":{"@id":"https:\/\/www.em.com.br\/emfoco\/2025\/04\/17\/asteroide-com-67-metros-pode-atingir-a-lua-e-virar-espetaculo-visivel-ate-com-binoculo\/#primaryimage"},"thumbnailUrl":"https:\/\/www.em.com.br\/emfoco\/wp-content\/uploads\/2025\/02\/Asteroide_1740075067030.jpg","datePublished":"2025-04-17T15:20:00+00:00","dateModified":"2025-04-16T17:39:04+00:00","author":{"@id":"https:\/\/www.em.com.br\/emfoco\/#\/schema\/person\/524437ef54f8a5d32591b143307f2e20"},"description":"Nasa e ESA monitoram asteroide que pode atingir a lua com for\u00e7a. Impacto pode ser observado da Terra e gerar dados hist\u00f3ricos.","breadcrumb":{"@id":"https:\/\/www.em.com.br\/emfoco\/2025\/04\/17\/asteroide-com-67-metros-pode-atingir-a-lua-e-virar-espetaculo-visivel-ate-com-binoculo\/#breadcrumb"},"inLanguage":"pt-BR","potentialAction":[{"@type":"ReadAction","target":["https:\/\/www.em.com.br\/emfoco\/2025\/04\/17\/asteroide-com-67-metros-pode-atingir-a-lua-e-virar-espetaculo-visivel-ate-com-binoculo\/"]}]},{"@type":"ImageObject","inLanguage":"pt-BR","@id":"https:\/\/www.em.com.br\/emfoco\/2025\/04\/17\/asteroide-com-67-metros-pode-atingir-a-lua-e-virar-espetaculo-visivel-ate-com-binoculo\/#primaryimage","url":"https:\/\/www.em.com.br\/emfoco\/wp-content\/uploads\/2025\/02\/Asteroide_1740075067030.jpg","contentUrl":"https:\/\/www.em.com.br\/emfoco\/wp-content\/uploads\/2025\/02\/Asteroide_1740075067030.jpg","width":1280,"height":720,"caption":"2024 YR4 - Cr\u00e9ditos: depositphotos.com \/ Mopic"},{"@type":"BreadcrumbList","@id":"https:\/\/www.em.com.br\/emfoco\/2025\/04\/17\/asteroide-com-67-metros-pode-atingir-a-lua-e-virar-espetaculo-visivel-ate-com-binoculo\/#breadcrumb","itemListElement":[{"@type":"ListItem","position":1,"name":"In\u00edcio","item":"https:\/\/www.em.com.br\/emfoco\/"},{"@type":"ListItem","position":2,"name":"Asteroide com 67 metros pode atingir a Lua e virar espet\u00e1culo vis\u00edvel at\u00e9 com bin\u00f3culo!"}]},{"@type":"WebSite","@id":"https:\/\/www.em.com.br\/emfoco\/#website","url":"https:\/\/www.em.com.br\/emfoco\/","name":"Estado de Minas - Em foco","description":"Acompanhe as \u00faltimas not\u00edcias e fique bem informado sobre tudo o que acontece em Minas Gerais, Brasil e no mundo.","potentialAction":[{"@type":"SearchAction","target":{"@type":"EntryPoint","urlTemplate":"https:\/\/www.em.com.br\/emfoco\/?s={search_term_string}"},"query-input":{"@type":"PropertyValueSpecification","valueRequired":true,"valueName":"search_term_string"}}],"inLanguage":"pt-BR"},{"@type":"Person","@id":"https:\/\/www.em.com.br\/emfoco\/#\/schema\/person\/524437ef54f8a5d32591b143307f2e20","name":"N\u00fabia Rangel","image":{"@type":"ImageObject","inLanguage":"pt-BR","@id":"https:\/\/www.em.com.br\/emfoco\/#\/schema\/person\/image\/","url":"https:\/\/secure.gravatar.com\/avatar\/47cff2827a5ba23c37e8068c86817ea4?s=96&d=mm&r=g","contentUrl":"https:\/\/secure.gravatar.com\/avatar\/47cff2827a5ba23c37e8068c86817ea4?s=96&d=mm&r=g","caption":"N\u00fabia Rangel"},"sameAs":["https:\/\/www.em.com.br\/emfoco\/"],"url":"https:\/\/www.em.com.br\/emfoco\/author\/nubiamyth\/"}]}},"_links":{"self":[{"href":"https:\/\/www.em.com.br\/emfoco\/wp-json\/wp\/v2\/posts\/38507","targetHints":{"allow":["GET"]}}],"collection":[{"href":"https:\/\/www.em.com.br\/emfoco\/wp-json\/wp\/v2\/posts"}],"about":[{"href":"https:\/\/www.em.com.br\/emfoco\/wp-json\/wp\/v2\/types\/post"}],"author":[{"embeddable":true,"href":"https:\/\/www.em.com.br\/emfoco\/wp-json\/wp\/v2\/users\/5"}],"replies":[{"embeddable":true,"href":"https:\/\/www.em.com.br\/emfoco\/wp-json\/wp\/v2\/comments?post=38507"}],"version-history":[{"count":3,"href":"https:\/\/www.em.com.br\/emfoco\/wp-json\/wp\/v2\/posts\/38507\/revisions"}],"predecessor-version":[{"id":39088,"href":"https:\/\/www.em.com.br\/emfoco\/wp-json\/wp\/v2\/posts\/38507\/revisions\/39088"}],"wp:featuredmedia":[{"embeddable":true,"href":"https:\/\/www.em.com.br\/emfoco\/wp-json\/wp\/v2\/media\/21508"}],"wp:attachment":[{"href":"https:\/\/www.em.com.br\/emfoco\/wp-json\/wp\/v2\/media?parent=38507"}],"wp:term":[{"taxonomy":"category","embeddable":true,"href":"https:\/\/www.em.com.br\/emfoco\/wp-json\/wp\/v2\/categories?post=38507"},{"taxonomy":"post_tag","embeddable":true,"href":"https:\/\/www.em.com.br\/emfoco\/wp-json\/wp\/v2\/tags?post=38507"}],"curies":[{"name":"wp","href":"https:\/\/api.w.org\/{rel}","templated":true}]}}