{"id":38474,"date":"2025-04-18T08:20:00","date_gmt":"2025-04-18T11:20:00","guid":{"rendered":"https:\/\/www.em.com.br\/emfoco\/?p=38474"},"modified":"2025-04-18T05:15:24","modified_gmt":"2025-04-18T08:15:24","slug":"caixa-libera-ate-r-3-mil-para-trabalhadores-registrados-com-fgts","status":"publish","type":"post","link":"https:\/\/www.em.com.br\/emfoco\/2025\/04\/18\/caixa-libera-ate-r-3-mil-para-trabalhadores-registrados-com-fgts\/","title":{"rendered":"Caixa libera at\u00e9 R$ 3 mil para trabalhadores registrados com FGTS"},"content":{"rendered":"\n<p>Desde mar\u00e7o de 2025, a<strong> Caixa Econ\u00f4mica Federal lan\u00e7ou uma modalidade de cr\u00e9dito consignado destinada a trabalhadores com carteira assinada<\/strong>. Este produto financeiro \u00e9 especialmente ben\u00e9fico para aqueles que possuem restri\u00e7\u00f5es no CPF, oferecendo at\u00e9 R$ 3 mil com garantia do FGTS e um processo de contrata\u00e7\u00e3o totalmente digital.<\/p>\n\n\n\n<p>O objetivo principal desta iniciativa \u00e9 ampliar o acesso ao cr\u00e9dito para trabalhadores formais, utilizando o FGTS como garantia para os bancos. Isso facilita a inclus\u00e3o financeira de milh\u00f5es de brasileiros, mesmo aqueles com o nome negativado, ao permitir que obtenham cr\u00e9dito de forma r\u00e1pida e segura.<\/p>\n\n\n\n<h2 class=\"wp-block-heading\">Como funciona o consignado da Caixa para trabalhadores CLT?<\/h2>\n\n\n\n<p><strong>O cr\u00e9dito consignado da Caixa utiliza at\u00e9 10% do saldo do FGTS como garantia, al\u00e9m de at\u00e9 100% da multa rescis\u00f3ria em caso de demiss\u00e3o<\/strong>. Essa estrutura reduz o risco para o banco, permitindo a libera\u00e7\u00e3o de cr\u00e9dito para trabalhadores com restri\u00e7\u00f5es no CPF. As parcelas s\u00e3o descontadas diretamente na folha de pagamento, com um limite de at\u00e9 35% da renda mensal do trabalhador.<\/p>\n\n\n\n<h2 class=\"wp-block-heading\">Quem pode solicitar o consignado da Caixa?<\/h2>\n\n\n\n<p>Para solicitar o cr\u00e9dito consignado da Caixa, \u00e9 necess\u00e1rio:<\/p>\n\n\n\n<ul class=\"wp-block-list\">\n<li>Ter v\u00ednculo empregat\u00edcio sob regime <strong>CLT<\/strong>;<\/li>\n\n\n\n<li>Possuir saldo dispon\u00edvel no<strong> FGTS<\/strong>;<\/li>\n\n\n\n<li>Ter margem consign\u00e1vel (at\u00e9 35% do sal\u00e1rio);<\/li>\n\n\n\n<li>Estar com restri\u00e7\u00e3o no<strong> SPC\/Serasa<\/strong>, se for o caso.<\/li>\n<\/ul>\n\n\n\n<figure class=\"wp-block-image size-large\"><img loading=\"lazy\" decoding=\"async\" width=\"1024\" height=\"576\" src=\"https:\/\/www.em.com.br\/emfoco\/wp-content\/uploads\/2025\/02\/PIS_PASEP_1738843592803-1024x576.jpg\" alt=\"\" class=\"wp-image-17181\" srcset=\"https:\/\/www.em.com.br\/emfoco\/wp-content\/uploads\/2025\/02\/PIS_PASEP_1738843592803-1024x576.jpg 1024w, https:\/\/www.em.com.br\/emfoco\/wp-content\/uploads\/2025\/02\/PIS_PASEP_1738843592803-300x169.jpg 300w, https:\/\/www.em.com.br\/emfoco\/wp-content\/uploads\/2025\/02\/PIS_PASEP_1738843592803-768x432.jpg 768w, https:\/\/www.em.com.br\/emfoco\/wp-content\/uploads\/2025\/02\/PIS_PASEP_1738843592803-750x422.jpg 750w, https:\/\/www.em.com.br\/emfoco\/wp-content\/uploads\/2025\/02\/PIS_PASEP_1738843592803-1140x641.jpg 1140w, https:\/\/www.em.com.br\/emfoco\/wp-content\/uploads\/2025\/02\/PIS_PASEP_1738843592803.jpg 1280w\" sizes=\"auto, (max-width: 1024px) 100vw, 1024px\" \/><figcaption class=\"wp-element-caption\">Caixa &#8211; Cr\u00e9ditos: depositphotos.com \/ joasouza<\/figcaption><\/figure>\n\n\n\n<h2 class=\"wp-block-heading\">Quais s\u00e3o as vantagens do cr\u00e9dito para cegativados?<\/h2>\n\n\n\n<p>O cr\u00e9dito consignado da <strong><a href=\"https:\/\/www.caixa.gov.br\/voce\/credito-financiamento\/emprestimo\/consignado\/credito-do-trabalhador\/Paginas\/default.aspx\" target=\"_blank\" rel=\"noreferrer noopener\">Caixa<\/a><\/strong> se destaca por diversas raz\u00f5es:<\/p>\n\n\n\n<ul class=\"wp-block-list\">\n<li><strong>Aprova\u00e7\u00e3o r\u00e1pida:<\/strong> Propostas s\u00e3o respondidas em at\u00e9 24 horas.<\/li>\n\n\n\n<li><strong>Inclus\u00e3o de negativados:<\/strong> Mesmo com restri\u00e7\u00f5es, \u00e9 poss\u00edvel contratar.<\/li>\n\n\n\n<li><strong>Taxas mais baixas:<\/strong> Juros menores do que em empr\u00e9stimos pessoais.<\/li>\n\n\n\n<li><strong>Sem necessidade de avalista:<\/strong> O FGTS cobre o risco do banco.<\/li>\n<\/ul>\n\n\n\n<h2 class=\"wp-block-heading\">Saiba como pedir o consignado da Caixa<\/h2>\n\n\n\n<ol class=\"wp-block-list\">\n<li>Baixe o app <strong>Carteira de Trabalho Digital (CTD)<\/strong> no celular.<\/li>\n\n\n\n<li>Fa\u00e7a login com <strong>CPF<\/strong> e senha do gov.br.<\/li>\n\n\n\n<li>No menu, acesse \u201cEmpr\u00e9stimo\u201d e depois \u201cSimular\u201d.<\/li>\n\n\n\n<li>Aguarde a an\u00e1lise e receba propostas em at\u00e9 24 horas.<\/li>\n\n\n\n<li>Selecione a oferta da Caixa e siga as instru\u00e7\u00f5es para finaliza\u00e7\u00e3o via WhatsApp.<\/li>\n<\/ol>\n\n\n\n<h2 class=\"wp-block-heading\">Limites, taxas e condi\u00e7\u00f5es do empr\u00e9stimo<\/h2>\n\n\n\n<p><strong>O valor m\u00e9dio liberado \u00e9 de R$ 3 mil<\/strong>, mas pode variar conforme o sal\u00e1rio mensal, tempo de trabalho formal e saldo dispon\u00edvel no FGTS. Em caso de demiss\u00e3o, o saldo devedor \u00e9 quitado automaticamente com parte do FGTS e a multa rescis\u00f3ria.<\/p>\n\n\n\n<h2 class=\"wp-block-heading\">Alternativas para quem n\u00e3o for aprovado<\/h2>\n\n\n\n<p>Para aqueles que n\u00e3o forem aprovados, existem outras op\u00e7\u00f5es de cr\u00e9dito:<\/p>\n\n\n\n<ul class=\"wp-block-list\">\n<li><strong>SIM Digital:<\/strong> At\u00e9 R$ 1 mil para pessoas f\u00edsicas e R$ 3 mil para MEIs.<\/li>\n\n\n\n<li><strong>Penhor de bens:<\/strong> Empr\u00e9stimos com garantia de joias ou objetos de valor, sem consulta ao SPC\/Serasa.<\/li>\n\n\n\n<li><strong>Cart\u00e3o consignado:<\/strong> Voltado para quem j\u00e1 tem margem dispon\u00edvel no holerite.<\/li>\n<\/ul>\n\n\n\n<h2 class=\"wp-block-heading\">Dicas para usar o consignado com seguran\u00e7a<\/h2>\n\n\n\n<p>Para evitar endividamento, \u00e9 importante:<\/p>\n\n\n\n<ul class=\"wp-block-list\">\n<li>Avaliar se a parcela cabe no or\u00e7amento;<\/li>\n\n\n\n<li>Usar o cr\u00e9dito para pagar d\u00edvidas;<\/li>\n\n\n\n<li>Considerar o impacto de uma poss\u00edvel demiss\u00e3o;<\/li>\n\n\n\n<li>Simular as op\u00e7\u00f5es antes de escolher a melhor proposta;<\/li>\n\n\n\n<li>Guardar parte do sal\u00e1rio para emerg\u00eancias, mesmo com cr\u00e9dito aprovado.<\/li>\n<\/ul>\n\n\n\n<p>O cr\u00e9dito consignado da <strong>Caixa<\/strong> representa um avan\u00e7o significativo no acesso ao cr\u00e9dito no <strong>Brasil<\/strong>. Com a possibilidade de solicitar at\u00e9 R$ 3 mil diretamente pelo celular, taxas reduzidas e garantia do<strong> FGTS<\/strong>, o programa se consolida como uma das melhores op\u00e7\u00f5es para quem busca reorganizar as finan\u00e7as em 2025.<\/p>\n","protected":false},"excerpt":{"rendered":"<p>Desde mar\u00e7o de 2025, a Caixa Econ\u00f4mica Federal lan\u00e7ou uma modalidade de cr\u00e9dito consignado destinada a trabalhadores com carteira assinada. Este produto financeiro \u00e9 especialmente ben\u00e9fico para aqueles que possuem restri\u00e7\u00f5es no CPF, oferecendo at\u00e9 R$ 3 mil com garantia do FGTS e um processo de contrata\u00e7\u00e3o totalmente digital. O objetivo principal desta iniciativa \u00e9 [&hellip;]<\/p>\n","protected":false},"author":5,"featured_media":14751,"comment_status":"open","ping_status":"open","sticky":false,"template":"","format":"standard","meta":{"jnews-multi-image_gallery":[],"jnews_single_post":{"format":"standard"},"jnews_primary_category":[],"jnews_social_meta":[],"jnews_override_counter":[],"footnotes":""},"categories":[28,1],"tags":[4253,1036,7539],"class_list":["post-38474","post","type-post","status-publish","format-standard","has-post-thumbnail","hentry","category-economia","category-noticias","tag-credito-consignado","tag-fgts","tag-trabalhadores-clt"],"yoast_head":"<!-- This site is optimized with the Yoast SEO plugin v23.8 - https:\/\/yoast.com\/wordpress\/plugins\/seo\/ -->\n<title>Caixa libera at\u00e9 R$ 3 mil para trabalhadores registrados com FGTS - Estado de Minas - Em foco<\/title>\n<meta name=\"description\" content=\"Caixa libera at\u00e9 R$ 3 mil para trabalhadores com carteira assinada! Veja quem tem direito e como sacar o valor dispon\u00edvel.\" \/>\n<meta name=\"robots\" content=\"index, follow, max-snippet:-1, max-image-preview:large, max-video-preview:-1\" \/>\n<link rel=\"canonical\" href=\"https:\/\/www.em.com.br\/emfoco\/2025\/04\/18\/caixa-libera-ate-r-3-mil-para-trabalhadores-registrados-com-fgts\/\" \/>\n<meta property=\"og:locale\" content=\"pt_BR\" \/>\n<meta property=\"og:type\" content=\"article\" \/>\n<meta property=\"og:title\" content=\"Caixa libera at\u00e9 R$ 3 mil para trabalhadores registrados com FGTS - Estado de Minas - Em foco\" \/>\n<meta property=\"og:description\" content=\"Caixa libera at\u00e9 R$ 3 mil para trabalhadores com carteira assinada! Veja quem tem direito e como sacar o valor dispon\u00edvel.\" \/>\n<meta property=\"og:url\" content=\"https:\/\/www.em.com.br\/emfoco\/2025\/04\/18\/caixa-libera-ate-r-3-mil-para-trabalhadores-registrados-com-fgts\/\" \/>\n<meta property=\"og:site_name\" content=\"Estado de Minas - Em foco\" \/>\n<meta property=\"article:published_time\" content=\"2025-04-18T11:20:00+00:00\" \/>\n<meta property=\"article:modified_time\" content=\"2025-04-18T08:15:24+00:00\" \/>\n<meta property=\"og:image\" content=\"https:\/\/www.em.com.br\/emfoco\/wp-content\/uploads\/2025\/01\/dinheiro-brasil_1738187229576.jpg\" \/>\n\t<meta property=\"og:image:width\" content=\"1280\" \/>\n\t<meta property=\"og:image:height\" content=\"720\" \/>\n\t<meta property=\"og:image:type\" content=\"image\/jpeg\" \/>\n<meta name=\"author\" content=\"N\u00fabia Rangel\" \/>\n<meta name=\"twitter:card\" content=\"summary_large_image\" \/>\n<meta name=\"twitter:label1\" content=\"Escrito por\" \/>\n\t<meta name=\"twitter:data1\" content=\"N\u00fabia Rangel\" \/>\n\t<meta name=\"twitter:label2\" content=\"Est. tempo de leitura\" \/>\n\t<meta name=\"twitter:data2\" content=\"4 minutos\" \/>\n<!-- \/ Yoast SEO plugin. -->","yoast_head_json":{"title":"Caixa libera at\u00e9 R$ 3 mil para trabalhadores registrados com FGTS - Estado de Minas - Em foco","description":"Caixa libera at\u00e9 R$ 3 mil para trabalhadores com carteira assinada! Veja quem tem direito e como sacar o valor dispon\u00edvel.","robots":{"index":"index","follow":"follow","max-snippet":"max-snippet:-1","max-image-preview":"max-image-preview:large","max-video-preview":"max-video-preview:-1"},"canonical":"https:\/\/www.em.com.br\/emfoco\/2025\/04\/18\/caixa-libera-ate-r-3-mil-para-trabalhadores-registrados-com-fgts\/","og_locale":"pt_BR","og_type":"article","og_title":"Caixa libera at\u00e9 R$ 3 mil para trabalhadores registrados com FGTS - Estado de Minas - Em foco","og_description":"Caixa libera at\u00e9 R$ 3 mil para trabalhadores com carteira assinada! Veja quem tem direito e como sacar o valor dispon\u00edvel.","og_url":"https:\/\/www.em.com.br\/emfoco\/2025\/04\/18\/caixa-libera-ate-r-3-mil-para-trabalhadores-registrados-com-fgts\/","og_site_name":"Estado de Minas - Em foco","article_published_time":"2025-04-18T11:20:00+00:00","article_modified_time":"2025-04-18T08:15:24+00:00","og_image":[{"width":1280,"height":720,"url":"https:\/\/www.em.com.br\/emfoco\/wp-content\/uploads\/2025\/01\/dinheiro-brasil_1738187229576.jpg","type":"image\/jpeg"}],"author":"N\u00fabia Rangel","twitter_card":"summary_large_image","twitter_misc":{"Escrito por":"N\u00fabia Rangel","Est. tempo de leitura":"4 minutos"},"schema":{"@context":"https:\/\/schema.org","@graph":[{"@type":"WebPage","@id":"https:\/\/www.em.com.br\/emfoco\/2025\/04\/18\/caixa-libera-ate-r-3-mil-para-trabalhadores-registrados-com-fgts\/","url":"https:\/\/www.em.com.br\/emfoco\/2025\/04\/18\/caixa-libera-ate-r-3-mil-para-trabalhadores-registrados-com-fgts\/","name":"Caixa libera at\u00e9 R$ 3 mil para trabalhadores registrados com FGTS - Estado de Minas - Em foco","isPartOf":{"@id":"https:\/\/www.em.com.br\/emfoco\/#website"},"primaryImageOfPage":{"@id":"https:\/\/www.em.com.br\/emfoco\/2025\/04\/18\/caixa-libera-ate-r-3-mil-para-trabalhadores-registrados-com-fgts\/#primaryimage"},"image":{"@id":"https:\/\/www.em.com.br\/emfoco\/2025\/04\/18\/caixa-libera-ate-r-3-mil-para-trabalhadores-registrados-com-fgts\/#primaryimage"},"thumbnailUrl":"https:\/\/www.em.com.br\/emfoco\/wp-content\/uploads\/2025\/01\/dinheiro-brasil_1738187229576.jpg","datePublished":"2025-04-18T11:20:00+00:00","dateModified":"2025-04-18T08:15:24+00:00","author":{"@id":"https:\/\/www.em.com.br\/emfoco\/#\/schema\/person\/524437ef54f8a5d32591b143307f2e20"},"description":"Caixa libera at\u00e9 R$ 3 mil para trabalhadores com carteira assinada! Veja quem tem direito e como sacar o valor dispon\u00edvel.","breadcrumb":{"@id":"https:\/\/www.em.com.br\/emfoco\/2025\/04\/18\/caixa-libera-ate-r-3-mil-para-trabalhadores-registrados-com-fgts\/#breadcrumb"},"inLanguage":"pt-BR","potentialAction":[{"@type":"ReadAction","target":["https:\/\/www.em.com.br\/emfoco\/2025\/04\/18\/caixa-libera-ate-r-3-mil-para-trabalhadores-registrados-com-fgts\/"]}]},{"@type":"ImageObject","inLanguage":"pt-BR","@id":"https:\/\/www.em.com.br\/emfoco\/2025\/04\/18\/caixa-libera-ate-r-3-mil-para-trabalhadores-registrados-com-fgts\/#primaryimage","url":"https:\/\/www.em.com.br\/emfoco\/wp-content\/uploads\/2025\/01\/dinheiro-brasil_1738187229576.jpg","contentUrl":"https:\/\/www.em.com.br\/emfoco\/wp-content\/uploads\/2025\/01\/dinheiro-brasil_1738187229576.jpg","width":1280,"height":720,"caption":"Imagem Ilustrativa de Dinheiro - Cr\u00e9ditos: depositphotos.com \/ verganifotografia"},{"@type":"BreadcrumbList","@id":"https:\/\/www.em.com.br\/emfoco\/2025\/04\/18\/caixa-libera-ate-r-3-mil-para-trabalhadores-registrados-com-fgts\/#breadcrumb","itemListElement":[{"@type":"ListItem","position":1,"name":"In\u00edcio","item":"https:\/\/www.em.com.br\/emfoco\/"},{"@type":"ListItem","position":2,"name":"Caixa libera at\u00e9 R$ 3 mil para trabalhadores registrados com FGTS"}]},{"@type":"WebSite","@id":"https:\/\/www.em.com.br\/emfoco\/#website","url":"https:\/\/www.em.com.br\/emfoco\/","name":"Estado de Minas - Em foco","description":"Acompanhe as \u00faltimas not\u00edcias e fique bem informado sobre tudo o que acontece em Minas Gerais, Brasil e no mundo.","potentialAction":[{"@type":"SearchAction","target":{"@type":"EntryPoint","urlTemplate":"https:\/\/www.em.com.br\/emfoco\/?s={search_term_string}"},"query-input":{"@type":"PropertyValueSpecification","valueRequired":true,"valueName":"search_term_string"}}],"inLanguage":"pt-BR"},{"@type":"Person","@id":"https:\/\/www.em.com.br\/emfoco\/#\/schema\/person\/524437ef54f8a5d32591b143307f2e20","name":"N\u00fabia Rangel","image":{"@type":"ImageObject","inLanguage":"pt-BR","@id":"https:\/\/www.em.com.br\/emfoco\/#\/schema\/person\/image\/","url":"https:\/\/secure.gravatar.com\/avatar\/47cff2827a5ba23c37e8068c86817ea4?s=96&d=mm&r=g","contentUrl":"https:\/\/secure.gravatar.com\/avatar\/47cff2827a5ba23c37e8068c86817ea4?s=96&d=mm&r=g","caption":"N\u00fabia Rangel"},"sameAs":["https:\/\/www.em.com.br\/emfoco\/"],"url":"https:\/\/www.em.com.br\/emfoco\/author\/nubiamyth\/"}]}},"_links":{"self":[{"href":"https:\/\/www.em.com.br\/emfoco\/wp-json\/wp\/v2\/posts\/38474","targetHints":{"allow":["GET"]}}],"collection":[{"href":"https:\/\/www.em.com.br\/emfoco\/wp-json\/wp\/v2\/posts"}],"about":[{"href":"https:\/\/www.em.com.br\/emfoco\/wp-json\/wp\/v2\/types\/post"}],"author":[{"embeddable":true,"href":"https:\/\/www.em.com.br\/emfoco\/wp-json\/wp\/v2\/users\/5"}],"replies":[{"embeddable":true,"href":"https:\/\/www.em.com.br\/emfoco\/wp-json\/wp\/v2\/comments?post=38474"}],"version-history":[{"count":5,"href":"https:\/\/www.em.com.br\/emfoco\/wp-json\/wp\/v2\/posts\/38474\/revisions"}],"predecessor-version":[{"id":39488,"href":"https:\/\/www.em.com.br\/emfoco\/wp-json\/wp\/v2\/posts\/38474\/revisions\/39488"}],"wp:featuredmedia":[{"embeddable":true,"href":"https:\/\/www.em.com.br\/emfoco\/wp-json\/wp\/v2\/media\/14751"}],"wp:attachment":[{"href":"https:\/\/www.em.com.br\/emfoco\/wp-json\/wp\/v2\/media?parent=38474"}],"wp:term":[{"taxonomy":"category","embeddable":true,"href":"https:\/\/www.em.com.br\/emfoco\/wp-json\/wp\/v2\/categories?post=38474"},{"taxonomy":"post_tag","embeddable":true,"href":"https:\/\/www.em.com.br\/emfoco\/wp-json\/wp\/v2\/tags?post=38474"}],"curies":[{"name":"wp","href":"https:\/\/api.w.org\/{rel}","templated":true}]}}