{"id":38385,"date":"2025-04-22T18:00:00","date_gmt":"2025-04-22T21:00:00","guid":{"rendered":"https:\/\/www.em.com.br\/emfoco\/?p=38385"},"modified":"2025-04-21T20:45:01","modified_gmt":"2025-04-21T23:45:01","slug":"o-segredo-para-dominar-a-raiva-no-ambiente-de-trabalho","status":"publish","type":"post","link":"https:\/\/www.em.com.br\/emfoco\/2025\/04\/22\/o-segredo-para-dominar-a-raiva-no-ambiente-de-trabalho\/","title":{"rendered":"O segredo para dominar a raiva no ambiente de trabalho"},"content":{"rendered":"\n<p>A raiva \u00e9 uma emo\u00e7\u00e3o comum que pode surgir em diversos contextos, especialmente no ambiente de trabalho. Esta emo\u00e7\u00e3o, muitas vezes mal compreendida, \u00e9 objeto de estudo em \u00e1reas como psicologia e administra\u00e7\u00e3o devido ao seu impacto significativo nas rela\u00e7\u00f5es profissionais e na produtividade. Compreender a raiva e suas manifesta\u00e7\u00f5es \u00e9 essencial para promover um ambiente de trabalho saud\u00e1vel.<\/p>\n\n\n\n<p>Uma nova perspectiva sugere que a raiva pode ser vista como um fluxo, semelhante ao movimento da \u00e1gua. Essa vis\u00e3o ajuda a entender como a raiva pode ser direcionada e controlada, focando em aspectos como dire\u00e7\u00e3o e intensidade. Essa abordagem pode oferecer novas estrat\u00e9gias para lidar com a raiva de maneira eficaz.<\/p>\n\n\n\n<h2 class=\"wp-block-heading\">Como identificar a dire\u00e7\u00e3o da raiva?<\/h2>\n\n\n\n<p>Um dos primeiros passos para lidar com a raiva no trabalho \u00e9 identificar sua dire\u00e7\u00e3o. <strong>Quando um colega demonstra sinais de irrita\u00e7\u00e3o, \u00e9 crucial determinar se voc\u00ea \u00e9 o alvo dessa emo\u00e7\u00e3o ou se est\u00e1 apenas observando a situa\u00e7\u00e3o<\/strong>. Essa distin\u00e7\u00e3o \u00e9 importante para decidir a melhor forma de resposta.<\/p>\n\n\n\n<p>Se a raiva for direcionada a voc\u00ea, pode ser necess\u00e1rio abordar a situa\u00e7\u00e3o de forma direta e buscar entender a causa do descontentamento. <strong>Se voc\u00ea for apenas um observador, pode optar por oferecer apoio ou manter-se distante, dependendo do contexto e da rela\u00e7\u00e3o com a pessoa envolvida<\/strong>.<\/p>\n\n\n\n<h2 class=\"wp-block-heading\">Gerenciando a intensidade da raiva<\/h2>\n\n\n\n<p>A intensidade da raiva \u00e9 outro aspecto importante a ser considerado. <strong>Quando a raiva \u00e9 intensa, pode ser mais dif\u00edcil de controlar e pode levar a conflitos mais s\u00e9rios<\/strong>. T\u00e9cnicas de gerenciamento de raiva, <strong>como a pr\u00e1tica de respira\u00e7\u00e3o profunda, a <a href=\"https:\/\/www.em.com.br\/emfoco\/2025\/04\/12\/conheca-os-beneficios-da-meditacao-para-a-saude-mental-dos-jovens\/\" target=\"_blank\" rel=\"noreferrer noopener\">medita\u00e7\u00e3o <\/a>ou at\u00e9 mesmo uma breve caminhada<\/strong>, podem ajudar a reduzir a intensidade da emo\u00e7\u00e3o.<\/p>\n\n\n\n<p>Al\u00e9m disso, desenvolver habilidades de <strong><a href=\"https:\/\/www.scielo.br\/j\/estpsi\/a\/HGWM5kyQb744C3YkT6YgKGp\/#:~:text=Define%2Dse%2C%20assim%2C%20a,espec%C3%ADficas%20(Sroufe%2C%201995).\" target=\"_blank\" rel=\"noreferrer noopener\">autorregula\u00e7\u00e3o<\/a><\/strong> \u00e9 essencial para manter a calma em situa\u00e7\u00f5es tensas. Isso inclui reconhecer os gatilhos pessoais de raiva e aprender a responder de maneira mais controlada e racional, evitando rea\u00e7\u00f5es impulsivas que possam piorar a situa\u00e7\u00e3o.<\/p>\n\n\n\n<figure class=\"wp-block-image size-large\"><img loading=\"lazy\" decoding=\"async\" width=\"1024\" height=\"576\" src=\"https:\/\/www.em.com.br\/emfoco\/wp-content\/uploads\/2025\/04\/meditacao_1744044094402-1024x576.jpg\" alt=\"Conhe\u00e7a os benef\u00edcios da medita\u00e7\u00e3o para a sa\u00fade mental dos jovens\" class=\"wp-image-36000\" srcset=\"https:\/\/www.em.com.br\/emfoco\/wp-content\/uploads\/2025\/04\/meditacao_1744044094402-1024x576.jpg 1024w, https:\/\/www.em.com.br\/emfoco\/wp-content\/uploads\/2025\/04\/meditacao_1744044094402-300x169.jpg 300w, https:\/\/www.em.com.br\/emfoco\/wp-content\/uploads\/2025\/04\/meditacao_1744044094402-768x432.jpg 768w, https:\/\/www.em.com.br\/emfoco\/wp-content\/uploads\/2025\/04\/meditacao_1744044094402-750x422.jpg 750w, https:\/\/www.em.com.br\/emfoco\/wp-content\/uploads\/2025\/04\/meditacao_1744044094402-1140x641.jpg 1140w, https:\/\/www.em.com.br\/emfoco\/wp-content\/uploads\/2025\/04\/meditacao_1744044094402.jpg 1280w\" sizes=\"auto, (max-width: 1024px) 100vw, 1024px\" \/><figcaption class=\"wp-element-caption\">Medita\u00e7\u00e3o &#8211; Cr\u00e9ditos: depositphotos.com \/ OlgaZakrevskaya<\/figcaption><\/figure>\n\n\n\n<h2 class=\"wp-block-heading\">Estrat\u00e9gias para controlar o fluxo da raiva<\/h2>\n\n\n\n<p>Controlar o fluxo da raiva envolve decis\u00f5es sobre quando e como intervir em situa\u00e7\u00f5es de tens\u00e3o. <strong>Avaliar a seguran\u00e7a e a habilidade de lidar com a situa\u00e7\u00e3o \u00e9 fundamental antes de tomar qualquer a\u00e7\u00e3o<\/strong>. Tamb\u00e9m \u00e9 importante considerar se a situa\u00e7\u00e3o \u00e9 um incidente isolado ou parte de um padr\u00e3o recorrente.<\/p>\n\n\n\n<p>Desenvolver intelig\u00eancia emocional pode ser uma ferramenta poderosa para gerenciar a raiva de forma eficaz. Isso inclui a capacidade de reconhecer e compreender as pr\u00f3prias emo\u00e7\u00f5es e as dos outros, permitindo uma comunica\u00e7\u00e3o mais eficaz e a resolu\u00e7\u00e3o de conflitos de maneira construtiva.<\/p>\n\n\n\n<p>Em \u00faltima an\u00e1lise, aprender a controlar a raiva pode levar a um ambiente de trabalho mais harmonioso e produtivo. Com pr\u00e1tica e paci\u00eancia, \u00e9 poss\u00edvel transformar a raiva em uma for\u00e7a positiva, promovendo um ambiente de respeito e colabora\u00e7\u00e3o.<\/p>\n","protected":false},"excerpt":{"rendered":"<p>A raiva \u00e9 uma emo\u00e7\u00e3o comum que pode surgir em diversos contextos, especialmente no ambiente de trabalho. Esta emo\u00e7\u00e3o, muitas vezes mal compreendida, \u00e9 objeto de estudo em \u00e1reas como psicologia e administra\u00e7\u00e3o devido ao seu impacto significativo nas rela\u00e7\u00f5es profissionais e na produtividade. Compreender a raiva e suas manifesta\u00e7\u00f5es \u00e9 essencial para promover um [&hellip;]<\/p>\n","protected":false},"author":13,"featured_media":38389,"comment_status":"open","ping_status":"open","sticky":false,"template":"","format":"standard","meta":{"jnews-multi-image_gallery":[],"jnews_single_post":{"format":"standard"},"jnews_primary_category":[],"jnews_social_meta":[],"jnews_override_counter":[],"footnotes":""},"categories":[29],"tags":[7527,1060,7528,7526],"class_list":["post-38385","post","type-post","status-publish","format-standard","has-post-thumbnail","hentry","category-entretenimento","tag-ambiente-de-trabalho","tag-emocoes","tag-inteligencia-emocional","tag-raiva"],"yoast_head":"<!-- This site is optimized with the Yoast SEO plugin v23.8 - https:\/\/yoast.com\/wordpress\/plugins\/seo\/ -->\n<title>O segredo para dominar a raiva no ambiente de trabalho - Estado de Minas - Em foco<\/title>\n<meta name=\"description\" content=\"A raiva no trabalho pode ser controlada e at\u00e9 \u00fatil. Aprenda a direcionar essa emo\u00e7\u00e3o para melhorar rela\u00e7\u00f5es e produtividade.\" \/>\n<meta name=\"robots\" content=\"index, follow, max-snippet:-1, max-image-preview:large, max-video-preview:-1\" \/>\n<link rel=\"canonical\" href=\"https:\/\/www.em.com.br\/emfoco\/2025\/04\/22\/o-segredo-para-dominar-a-raiva-no-ambiente-de-trabalho\/\" \/>\n<meta property=\"og:locale\" content=\"pt_BR\" \/>\n<meta property=\"og:type\" content=\"article\" \/>\n<meta property=\"og:title\" content=\"O segredo para dominar a raiva no ambiente de trabalho - Estado de Minas - Em foco\" \/>\n<meta property=\"og:description\" content=\"A raiva no trabalho pode ser controlada e at\u00e9 \u00fatil. Aprenda a direcionar essa emo\u00e7\u00e3o para melhorar rela\u00e7\u00f5es e produtividade.\" \/>\n<meta property=\"og:url\" content=\"https:\/\/www.em.com.br\/emfoco\/2025\/04\/22\/o-segredo-para-dominar-a-raiva-no-ambiente-de-trabalho\/\" \/>\n<meta property=\"og:site_name\" content=\"Estado de Minas - Em foco\" \/>\n<meta property=\"article:published_time\" content=\"2025-04-22T21:00:00+00:00\" \/>\n<meta property=\"article:modified_time\" content=\"2025-04-21T23:45:01+00:00\" \/>\n<meta property=\"og:image\" content=\"https:\/\/www.em.com.br\/emfoco\/wp-content\/uploads\/2025\/04\/Angry_1744659052751.jpg\" \/>\n\t<meta property=\"og:image:width\" content=\"1280\" \/>\n\t<meta property=\"og:image:height\" content=\"720\" \/>\n\t<meta property=\"og:image:type\" content=\"image\/jpeg\" \/>\n<meta name=\"author\" content=\"Gabriel Martins\" \/>\n<meta name=\"twitter:card\" content=\"summary_large_image\" \/>\n<meta name=\"twitter:label1\" content=\"Escrito por\" \/>\n\t<meta name=\"twitter:data1\" content=\"Gabriel Martins\" \/>\n\t<meta name=\"twitter:label2\" content=\"Est. tempo de leitura\" \/>\n\t<meta name=\"twitter:data2\" content=\"1 minuto\" \/>\n<!-- \/ Yoast SEO plugin. -->","yoast_head_json":{"title":"O segredo para dominar a raiva no ambiente de trabalho - Estado de Minas - Em foco","description":"A raiva no trabalho pode ser controlada e at\u00e9 \u00fatil. Aprenda a direcionar essa emo\u00e7\u00e3o para melhorar rela\u00e7\u00f5es e produtividade.","robots":{"index":"index","follow":"follow","max-snippet":"max-snippet:-1","max-image-preview":"max-image-preview:large","max-video-preview":"max-video-preview:-1"},"canonical":"https:\/\/www.em.com.br\/emfoco\/2025\/04\/22\/o-segredo-para-dominar-a-raiva-no-ambiente-de-trabalho\/","og_locale":"pt_BR","og_type":"article","og_title":"O segredo para dominar a raiva no ambiente de trabalho - Estado de Minas - Em foco","og_description":"A raiva no trabalho pode ser controlada e at\u00e9 \u00fatil. Aprenda a direcionar essa emo\u00e7\u00e3o para melhorar rela\u00e7\u00f5es e produtividade.","og_url":"https:\/\/www.em.com.br\/emfoco\/2025\/04\/22\/o-segredo-para-dominar-a-raiva-no-ambiente-de-trabalho\/","og_site_name":"Estado de Minas - Em foco","article_published_time":"2025-04-22T21:00:00+00:00","article_modified_time":"2025-04-21T23:45:01+00:00","og_image":[{"width":1280,"height":720,"url":"https:\/\/www.em.com.br\/emfoco\/wp-content\/uploads\/2025\/04\/Angry_1744659052751.jpg","type":"image\/jpeg"}],"author":"Gabriel Martins","twitter_card":"summary_large_image","twitter_misc":{"Escrito por":"Gabriel Martins","Est. tempo de leitura":"1 minuto"},"schema":{"@context":"https:\/\/schema.org","@graph":[{"@type":"WebPage","@id":"https:\/\/www.em.com.br\/emfoco\/2025\/04\/22\/o-segredo-para-dominar-a-raiva-no-ambiente-de-trabalho\/","url":"https:\/\/www.em.com.br\/emfoco\/2025\/04\/22\/o-segredo-para-dominar-a-raiva-no-ambiente-de-trabalho\/","name":"O segredo para dominar a raiva no ambiente de trabalho - Estado de Minas - Em foco","isPartOf":{"@id":"https:\/\/www.em.com.br\/emfoco\/#website"},"primaryImageOfPage":{"@id":"https:\/\/www.em.com.br\/emfoco\/2025\/04\/22\/o-segredo-para-dominar-a-raiva-no-ambiente-de-trabalho\/#primaryimage"},"image":{"@id":"https:\/\/www.em.com.br\/emfoco\/2025\/04\/22\/o-segredo-para-dominar-a-raiva-no-ambiente-de-trabalho\/#primaryimage"},"thumbnailUrl":"https:\/\/www.em.com.br\/emfoco\/wp-content\/uploads\/2025\/04\/Angry_1744659052751.jpg","datePublished":"2025-04-22T21:00:00+00:00","dateModified":"2025-04-21T23:45:01+00:00","author":{"@id":"https:\/\/www.em.com.br\/emfoco\/#\/schema\/person\/1c9ddeab18b98abeffef834667bcf08a"},"description":"A raiva no trabalho pode ser controlada e at\u00e9 \u00fatil. Aprenda a direcionar essa emo\u00e7\u00e3o para melhorar rela\u00e7\u00f5es e produtividade.","breadcrumb":{"@id":"https:\/\/www.em.com.br\/emfoco\/2025\/04\/22\/o-segredo-para-dominar-a-raiva-no-ambiente-de-trabalho\/#breadcrumb"},"inLanguage":"pt-BR","potentialAction":[{"@type":"ReadAction","target":["https:\/\/www.em.com.br\/emfoco\/2025\/04\/22\/o-segredo-para-dominar-a-raiva-no-ambiente-de-trabalho\/"]}]},{"@type":"ImageObject","inLanguage":"pt-BR","@id":"https:\/\/www.em.com.br\/emfoco\/2025\/04\/22\/o-segredo-para-dominar-a-raiva-no-ambiente-de-trabalho\/#primaryimage","url":"https:\/\/www.em.com.br\/emfoco\/wp-content\/uploads\/2025\/04\/Angry_1744659052751.jpg","contentUrl":"https:\/\/www.em.com.br\/emfoco\/wp-content\/uploads\/2025\/04\/Angry_1744659052751.jpg","width":1280,"height":720,"caption":"Raiva no trabalho - Cr\u00e9ditos: depositphotos.com \/ DimaGavrish"},{"@type":"BreadcrumbList","@id":"https:\/\/www.em.com.br\/emfoco\/2025\/04\/22\/o-segredo-para-dominar-a-raiva-no-ambiente-de-trabalho\/#breadcrumb","itemListElement":[{"@type":"ListItem","position":1,"name":"In\u00edcio","item":"https:\/\/www.em.com.br\/emfoco\/"},{"@type":"ListItem","position":2,"name":"O segredo para dominar a raiva no ambiente de trabalho"}]},{"@type":"WebSite","@id":"https:\/\/www.em.com.br\/emfoco\/#website","url":"https:\/\/www.em.com.br\/emfoco\/","name":"Estado de Minas - Em foco","description":"Acompanhe as \u00faltimas not\u00edcias e fique bem informado sobre tudo o que acontece em Minas Gerais, Brasil e no mundo.","potentialAction":[{"@type":"SearchAction","target":{"@type":"EntryPoint","urlTemplate":"https:\/\/www.em.com.br\/emfoco\/?s={search_term_string}"},"query-input":{"@type":"PropertyValueSpecification","valueRequired":true,"valueName":"search_term_string"}}],"inLanguage":"pt-BR"},{"@type":"Person","@id":"https:\/\/www.em.com.br\/emfoco\/#\/schema\/person\/1c9ddeab18b98abeffef834667bcf08a","name":"Gabriel Martins","image":{"@type":"ImageObject","inLanguage":"pt-BR","@id":"https:\/\/www.em.com.br\/emfoco\/#\/schema\/person\/image\/","url":"https:\/\/secure.gravatar.com\/avatar\/f0f1e2efdfd88f1ad2cb08c5c2731e50?s=96&d=mm&r=g","contentUrl":"https:\/\/secure.gravatar.com\/avatar\/f0f1e2efdfd88f1ad2cb08c5c2731e50?s=96&d=mm&r=g","caption":"Gabriel Martins"},"sameAs":["https:\/\/www.em.com.br\/emfoco\/"],"url":"https:\/\/www.em.com.br\/emfoco\/author\/gabrielmartinsmyth\/"}]}},"_links":{"self":[{"href":"https:\/\/www.em.com.br\/emfoco\/wp-json\/wp\/v2\/posts\/38385","targetHints":{"allow":["GET"]}}],"collection":[{"href":"https:\/\/www.em.com.br\/emfoco\/wp-json\/wp\/v2\/posts"}],"about":[{"href":"https:\/\/www.em.com.br\/emfoco\/wp-json\/wp\/v2\/types\/post"}],"author":[{"embeddable":true,"href":"https:\/\/www.em.com.br\/emfoco\/wp-json\/wp\/v2\/users\/13"}],"replies":[{"embeddable":true,"href":"https:\/\/www.em.com.br\/emfoco\/wp-json\/wp\/v2\/comments?post=38385"}],"version-history":[{"count":2,"href":"https:\/\/www.em.com.br\/emfoco\/wp-json\/wp\/v2\/posts\/38385\/revisions"}],"predecessor-version":[{"id":38390,"href":"https:\/\/www.em.com.br\/emfoco\/wp-json\/wp\/v2\/posts\/38385\/revisions\/38390"}],"wp:featuredmedia":[{"embeddable":true,"href":"https:\/\/www.em.com.br\/emfoco\/wp-json\/wp\/v2\/media\/38389"}],"wp:attachment":[{"href":"https:\/\/www.em.com.br\/emfoco\/wp-json\/wp\/v2\/media?parent=38385"}],"wp:term":[{"taxonomy":"category","embeddable":true,"href":"https:\/\/www.em.com.br\/emfoco\/wp-json\/wp\/v2\/categories?post=38385"},{"taxonomy":"post_tag","embeddable":true,"href":"https:\/\/www.em.com.br\/emfoco\/wp-json\/wp\/v2\/tags?post=38385"}],"curies":[{"name":"wp","href":"https:\/\/api.w.org\/{rel}","templated":true}]}}