{"id":38374,"date":"2025-04-14T19:30:00","date_gmt":"2025-04-14T22:30:00","guid":{"rendered":"https:\/\/www.em.com.br\/emfoco\/?p=38374"},"modified":"2025-04-14T15:34:13","modified_gmt":"2025-04-14T18:34:13","slug":"voce-vai-se-apaixonar-pelos-cortes-de-cabelo-que-estao-dominando-2025","status":"publish","type":"post","link":"https:\/\/www.em.com.br\/emfoco\/2025\/04\/14\/voce-vai-se-apaixonar-pelos-cortes-de-cabelo-que-estao-dominando-2025\/","title":{"rendered":"Voc\u00ea vai se apaixonar pelos cortes de cabelo que est\u00e3o dominando 2025"},"content":{"rendered":"\n<p>O ano de 2025 marca uma nova era para os cortes de cabelo, onde a criatividade e a personaliza\u00e7\u00e3o s\u00e3o palavras de ordem. As tend\u00eancias atuais refletem uma abordagem mais personalizada, permitindo que cada pessoa encontre um estilo que realmente se adapte \u00e0 sua personalidade e prefer\u00eancias. Este artigo explora as principais tend\u00eancias que est\u00e3o moldando o cen\u00e1rio dos cortes de cabelo este ano, com informa\u00e7\u00f5es do site <a href=\"https:\/\/paisefilhos.com.br\/vida-curiosidades\/os-cortes-que-vao-transformar-seu-cabelo-e-sua-autoestima-em-2025\/\" target=\"_blank\" rel=\"noreferrer noopener\">Pais&amp;Filhos.<\/a><\/p>\n\n\n\n<p>Os cortes de cabelo evolu\u00edram para al\u00e9m de simples escolhas est\u00e9ticas, tornando-se uma forma poderosa de autoexpress\u00e3o. Em 2025, a \u00eanfase est\u00e1 em estilos que celebram a individualidade, oferecendo uma ampla gama de op\u00e7\u00f5es que v\u00e3o do tradicional ao contempor\u00e2neo. Vamos explorar as tend\u00eancias que est\u00e3o ganhando destaque e como elas podem ser adaptadas a diferentes tipos de cabelo e <a href=\"https:\/\/www.em.com.br\/emfoco\/2025\/04\/13\/voce-vai-se-surpreender-com-os-nomes-femininos-mais-usados-nos-eua\/\" target=\"_blank\" rel=\"noreferrer noopener\">estilos<\/a> de vida.<\/p>\n\n\n\n<h2 class=\"wp-block-heading\">Quais s\u00e3o os cortes de cabelo mais populares em 2025?<\/h2>\n\n\n\n<p>Os cortes de cabelo que est\u00e3o em alta em 2025 s\u00e3o aqueles que destacam a textura natural e oferecem facilidade de manuten\u00e7\u00e3o. Os estilos variam de curtos e ousados a longos e elegantes, sempre com um toque de modernidade. A seguir, destacamos alguns dos cortes mais populares deste ano.<\/p>\n\n\n\n<ul class=\"wp-block-list\">\n<li><strong>Bob com Textura:<\/strong>\u00a0Este corte cl\u00e1ssico recebe uma atualiza\u00e7\u00e3o com a adi\u00e7\u00e3o de textura, proporcionando um visual moderno e sofisticado que \u00e9 f\u00e1cil de manter.<\/li>\n\n\n\n<li><strong>Pixie Estruturado:<\/strong>\u00a0O pixie estruturado incorpora camadas e texturas, oferecendo um visual fresco e cheio de personalidade, ideal para quem busca praticidade.<\/li>\n\n\n\n<li><strong>Camadas Din\u00e2micas:<\/strong>\u00a0Para aqueles que preferem cabelos longos, as camadas din\u00e2micas oferecem movimento e leveza, destacando a beleza natural dos fios.<\/li>\n\n\n\n<li><strong>Corte Descontra\u00eddo:<\/strong>\u00a0Com camadas desfiadas, este estilo oferece volume e um visual casual e descontra\u00eddo.<\/li>\n\n\n\n<li><strong>Franja Assim\u00e9trica:<\/strong>\u00a0A franja assim\u00e9trica adiciona um toque moderno e pode ser adaptada a diferentes comprimentos de cabelo.<\/li>\n<\/ul>\n\n\n\n<h2 class=\"wp-block-heading\">Como escolher o corte de cabelo perfeito para voc\u00ea?<\/h2>\n\n\n\n<p>Escolher o corte de cabelo ideal pode ser um desafio, mas algumas considera\u00e7\u00f5es podem ajudar a encontrar o estilo perfeito. \u00c9 importante considerar o formato do rosto, o tipo de cabelo e o estilo de vida. Aqui est\u00e3o algumas dicas para ajudar na decis\u00e3o.<\/p>\n\n\n\n<ol class=\"wp-block-list\">\n<li><strong>Formato do Rosto:<\/strong>\u00a0Identificar o formato do rosto pode ajudar a escolher cortes que realcem as melhores caracter\u00edsticas faciais.<\/li>\n\n\n\n<li><strong>Tipo de Cabelo:<\/strong>\u00a0Considerar se o cabelo \u00e9 liso, ondulado, cacheado ou crespo \u00e9 crucial, pois cada tipo se adapta melhor a certos estilos.<\/li>\n\n\n\n<li><strong>Estilo de Vida:<\/strong>\u00a0Avaliar a rotina di\u00e1ria e o tempo dispon\u00edvel para cuidados com o cabelo pode influenciar na escolha do corte.<\/li>\n\n\n\n<li><strong>Prefer\u00eancias Pessoais:<\/strong>\u00a0As prefer\u00eancias pessoais e culturais podem influenciar na escolha do estilo, permitindo integrar elementos \u00fanicos ao visual.<\/li>\n\n\n\n<li><strong>Inspira\u00e7\u00f5es de Moda:<\/strong>\u00a0Celebridades e influenciadores podem servir de inspira\u00e7\u00e3o, mostrando cortes que est\u00e3o em alta.<\/li>\n<\/ol>\n\n\n<div class=\"wp-block-image\">\n<figure class=\"aligncenter size-large\"><img loading=\"lazy\" decoding=\"async\" width=\"1024\" height=\"576\" src=\"https:\/\/www.em.com.br\/emfoco\/wp-content\/uploads\/2025\/04\/corte-de-cabelo_1744655315270-1024x576.jpg\" alt=\"Voc\u00ea vai se apaixonar pelos cortes de cabelo que est\u00e3o dominando 2025\" class=\"wp-image-38376\" srcset=\"https:\/\/www.em.com.br\/emfoco\/wp-content\/uploads\/2025\/04\/corte-de-cabelo_1744655315270-1024x576.jpg 1024w, https:\/\/www.em.com.br\/emfoco\/wp-content\/uploads\/2025\/04\/corte-de-cabelo_1744655315270-300x169.jpg 300w, https:\/\/www.em.com.br\/emfoco\/wp-content\/uploads\/2025\/04\/corte-de-cabelo_1744655315270-768x432.jpg 768w, https:\/\/www.em.com.br\/emfoco\/wp-content\/uploads\/2025\/04\/corte-de-cabelo_1744655315270-750x422.jpg 750w, https:\/\/www.em.com.br\/emfoco\/wp-content\/uploads\/2025\/04\/corte-de-cabelo_1744655315270-1140x641.jpg 1140w, https:\/\/www.em.com.br\/emfoco\/wp-content\/uploads\/2025\/04\/corte-de-cabelo_1744655315270.jpg 1280w\" sizes=\"auto, (max-width: 1024px) 100vw, 1024px\" \/><figcaption class=\"wp-element-caption\">Cortando o cabelo (Cr\u00e9ditos: depositphotos.com \/ SashaKhalabuzar)<\/figcaption><\/figure><\/div>\n\n\n<h2 class=\"wp-block-heading\">Quais cuidados s\u00e3o essenciais para manter o corte sempre bonito?<\/h2>\n\n\n\n<p>Para manter o corte sempre bonito, \u00e9 necess\u00e1rio adotar uma rotina de cuidados que preserve a sa\u00fade e o brilho dos fios. Aqui est\u00e3o algumas dicas essenciais para garantir que o cabelo esteja sempre em sua melhor forma.<\/p>\n\n\n\n<ul class=\"wp-block-list\">\n<li><strong>Hidrata\u00e7\u00e3o Constante:<\/strong>\u00a0Usar m\u00e1scaras e condicionadores adequados ao tipo de cabelo ajuda a manter os fios nutridos e saud\u00e1veis.<\/li>\n\n\n\n<li><strong>Prote\u00e7\u00e3o T\u00e9rmica:<\/strong>\u00a0Aplicar protetores t\u00e9rmicos antes de usar ferramentas de calor, como secadores e chapinhas, evita danos aos fios.<\/li>\n\n\n\n<li><strong>Manuten\u00e7\u00e3o Regular:<\/strong>\u00a0Visitar o cabeleireiro regularmente ajuda a manter o corte em dia e evita pontas duplas.<\/li>\n\n\n\n<li><strong>Produtos de Estilo:<\/strong>\u00a0Utilizar produtos que ajudem a definir e manter o estilo desejado, como mousses ou sprays espec\u00edficos.<\/li>\n\n\n\n<li><strong>Lavagem Adequada:<\/strong>\u00a0Lavar o cabelo conforme necess\u00e1rio para preservar os \u00f3leos naturais essenciais.<\/li>\n<\/ul>\n\n\n\n<p>Em 2025, os cortes de cabelo s\u00e3o mais do que uma simples mudan\u00e7a de visual; s\u00e3o uma forma de expressar quem cada pessoa \u00e9. Com tantas op\u00e7\u00f5es dispon\u00edveis, encontrar o estilo que melhor se adapta pode ser uma experi\u00eancia enriquecedora e transformadora. Aproveite as tend\u00eancias deste ano e escolha o corte que mais reflete sua personalidade!<\/p>\n","protected":false},"excerpt":{"rendered":"<p>O ano de 2025 marca uma nova era para os cortes de cabelo, onde a criatividade e a personaliza\u00e7\u00e3o s\u00e3o palavras de ordem. As tend\u00eancias atuais refletem uma abordagem mais personalizada, permitindo que cada pessoa encontre um estilo que realmente se adapte \u00e0 sua personalidade e prefer\u00eancias. Este artigo explora as principais tend\u00eancias que est\u00e3o [&hellip;]<\/p>\n","protected":false},"author":10,"featured_media":38375,"comment_status":"open","ping_status":"open","sticky":false,"template":"","format":"standard","meta":{"jnews-multi-image_gallery":[],"jnews_single_post":{"format":"standard"},"jnews_primary_category":[],"jnews_social_meta":[],"jnews_override_counter":[],"footnotes":""},"categories":[29,1],"tags":[2616,7212,4977],"class_list":["post-38374","post","type-post","status-publish","format-standard","has-post-thumbnail","hentry","category-entretenimento","category-noticias","tag-beleza","tag-cortes-de-cabelo","tag-moda"],"yoast_head":"<!-- This site is optimized with the Yoast SEO plugin v23.8 - https:\/\/yoast.com\/wordpress\/plugins\/seo\/ -->\n<title>Voc\u00ea vai se apaixonar pelos cortes de cabelo que est\u00e3o dominando 2025 - Estado de Minas - Em foco<\/title>\n<meta name=\"description\" content=\"Os cortes de cabelo mais desejados de 2025 est\u00e3o conquistando sal\u00f5es e redes sociais. Descubra qual tend\u00eancia combina com voc\u00ea!\" \/>\n<meta name=\"robots\" content=\"index, follow, max-snippet:-1, max-image-preview:large, max-video-preview:-1\" \/>\n<link rel=\"canonical\" href=\"https:\/\/www.em.com.br\/emfoco\/2025\/04\/14\/voce-vai-se-apaixonar-pelos-cortes-de-cabelo-que-estao-dominando-2025\/\" \/>\n<meta property=\"og:locale\" content=\"pt_BR\" \/>\n<meta property=\"og:type\" content=\"article\" \/>\n<meta property=\"og:title\" content=\"Voc\u00ea vai se apaixonar pelos cortes de cabelo que est\u00e3o dominando 2025 - Estado de Minas - Em foco\" \/>\n<meta property=\"og:description\" content=\"Os cortes de cabelo mais desejados de 2025 est\u00e3o conquistando sal\u00f5es e redes sociais. Descubra qual tend\u00eancia combina com voc\u00ea!\" \/>\n<meta property=\"og:url\" content=\"https:\/\/www.em.com.br\/emfoco\/2025\/04\/14\/voce-vai-se-apaixonar-pelos-cortes-de-cabelo-que-estao-dominando-2025\/\" \/>\n<meta property=\"og:site_name\" content=\"Estado de Minas - Em foco\" \/>\n<meta property=\"article:published_time\" content=\"2025-04-14T22:30:00+00:00\" \/>\n<meta property=\"article:modified_time\" content=\"2025-04-14T18:34:13+00:00\" \/>\n<meta property=\"og:image\" content=\"https:\/\/www.em.com.br\/emfoco\/wp-content\/uploads\/2025\/04\/corte-de-cabelo_1744655254328.jpg\" \/>\n\t<meta property=\"og:image:width\" content=\"1280\" \/>\n\t<meta property=\"og:image:height\" content=\"720\" \/>\n\t<meta property=\"og:image:type\" content=\"image\/jpeg\" \/>\n<meta name=\"author\" content=\"Patryck Reinehr\" \/>\n<meta name=\"twitter:card\" content=\"summary_large_image\" \/>\n<meta name=\"twitter:label1\" content=\"Escrito por\" \/>\n\t<meta name=\"twitter:data1\" content=\"Patryck Reinehr\" \/>\n\t<meta name=\"twitter:label2\" content=\"Est. tempo de leitura\" \/>\n\t<meta name=\"twitter:data2\" content=\"4 minutos\" \/>\n<!-- \/ Yoast SEO plugin. -->","yoast_head_json":{"title":"Voc\u00ea vai se apaixonar pelos cortes de cabelo que est\u00e3o dominando 2025 - Estado de Minas - Em foco","description":"Os cortes de cabelo mais desejados de 2025 est\u00e3o conquistando sal\u00f5es e redes sociais. Descubra qual tend\u00eancia combina com voc\u00ea!","robots":{"index":"index","follow":"follow","max-snippet":"max-snippet:-1","max-image-preview":"max-image-preview:large","max-video-preview":"max-video-preview:-1"},"canonical":"https:\/\/www.em.com.br\/emfoco\/2025\/04\/14\/voce-vai-se-apaixonar-pelos-cortes-de-cabelo-que-estao-dominando-2025\/","og_locale":"pt_BR","og_type":"article","og_title":"Voc\u00ea vai se apaixonar pelos cortes de cabelo que est\u00e3o dominando 2025 - Estado de Minas - Em foco","og_description":"Os cortes de cabelo mais desejados de 2025 est\u00e3o conquistando sal\u00f5es e redes sociais. Descubra qual tend\u00eancia combina com voc\u00ea!","og_url":"https:\/\/www.em.com.br\/emfoco\/2025\/04\/14\/voce-vai-se-apaixonar-pelos-cortes-de-cabelo-que-estao-dominando-2025\/","og_site_name":"Estado de Minas - Em foco","article_published_time":"2025-04-14T22:30:00+00:00","article_modified_time":"2025-04-14T18:34:13+00:00","og_image":[{"width":1280,"height":720,"url":"https:\/\/www.em.com.br\/emfoco\/wp-content\/uploads\/2025\/04\/corte-de-cabelo_1744655254328.jpg","type":"image\/jpeg"}],"author":"Patryck Reinehr","twitter_card":"summary_large_image","twitter_misc":{"Escrito por":"Patryck Reinehr","Est. tempo de leitura":"4 minutos"},"schema":{"@context":"https:\/\/schema.org","@graph":[{"@type":"WebPage","@id":"https:\/\/www.em.com.br\/emfoco\/2025\/04\/14\/voce-vai-se-apaixonar-pelos-cortes-de-cabelo-que-estao-dominando-2025\/","url":"https:\/\/www.em.com.br\/emfoco\/2025\/04\/14\/voce-vai-se-apaixonar-pelos-cortes-de-cabelo-que-estao-dominando-2025\/","name":"Voc\u00ea vai se apaixonar pelos cortes de cabelo que est\u00e3o dominando 2025 - Estado de Minas - Em foco","isPartOf":{"@id":"https:\/\/www.em.com.br\/emfoco\/#website"},"primaryImageOfPage":{"@id":"https:\/\/www.em.com.br\/emfoco\/2025\/04\/14\/voce-vai-se-apaixonar-pelos-cortes-de-cabelo-que-estao-dominando-2025\/#primaryimage"},"image":{"@id":"https:\/\/www.em.com.br\/emfoco\/2025\/04\/14\/voce-vai-se-apaixonar-pelos-cortes-de-cabelo-que-estao-dominando-2025\/#primaryimage"},"thumbnailUrl":"https:\/\/www.em.com.br\/emfoco\/wp-content\/uploads\/2025\/04\/corte-de-cabelo_1744655254328.jpg","datePublished":"2025-04-14T22:30:00+00:00","dateModified":"2025-04-14T18:34:13+00:00","author":{"@id":"https:\/\/www.em.com.br\/emfoco\/#\/schema\/person\/43407752bebcbbb4d0ec79deedc0d7ce"},"description":"Os cortes de cabelo mais desejados de 2025 est\u00e3o conquistando sal\u00f5es e redes sociais. Descubra qual tend\u00eancia combina com voc\u00ea!","breadcrumb":{"@id":"https:\/\/www.em.com.br\/emfoco\/2025\/04\/14\/voce-vai-se-apaixonar-pelos-cortes-de-cabelo-que-estao-dominando-2025\/#breadcrumb"},"inLanguage":"pt-BR","potentialAction":[{"@type":"ReadAction","target":["https:\/\/www.em.com.br\/emfoco\/2025\/04\/14\/voce-vai-se-apaixonar-pelos-cortes-de-cabelo-que-estao-dominando-2025\/"]}]},{"@type":"ImageObject","inLanguage":"pt-BR","@id":"https:\/\/www.em.com.br\/emfoco\/2025\/04\/14\/voce-vai-se-apaixonar-pelos-cortes-de-cabelo-que-estao-dominando-2025\/#primaryimage","url":"https:\/\/www.em.com.br\/emfoco\/wp-content\/uploads\/2025\/04\/corte-de-cabelo_1744655254328.jpg","contentUrl":"https:\/\/www.em.com.br\/emfoco\/wp-content\/uploads\/2025\/04\/corte-de-cabelo_1744655254328.jpg","width":1280,"height":720,"caption":"Corte de cabelo (Cr\u00e9ditos: depositphotos.com \/ AndrewLozovyi)"},{"@type":"BreadcrumbList","@id":"https:\/\/www.em.com.br\/emfoco\/2025\/04\/14\/voce-vai-se-apaixonar-pelos-cortes-de-cabelo-que-estao-dominando-2025\/#breadcrumb","itemListElement":[{"@type":"ListItem","position":1,"name":"In\u00edcio","item":"https:\/\/www.em.com.br\/emfoco\/"},{"@type":"ListItem","position":2,"name":"Voc\u00ea vai se apaixonar pelos cortes de cabelo que est\u00e3o dominando 2025"}]},{"@type":"WebSite","@id":"https:\/\/www.em.com.br\/emfoco\/#website","url":"https:\/\/www.em.com.br\/emfoco\/","name":"Estado de Minas - Em foco","description":"Acompanhe as \u00faltimas not\u00edcias e fique bem informado sobre tudo o que acontece em Minas Gerais, Brasil e no mundo.","potentialAction":[{"@type":"SearchAction","target":{"@type":"EntryPoint","urlTemplate":"https:\/\/www.em.com.br\/emfoco\/?s={search_term_string}"},"query-input":{"@type":"PropertyValueSpecification","valueRequired":true,"valueName":"search_term_string"}}],"inLanguage":"pt-BR"},{"@type":"Person","@id":"https:\/\/www.em.com.br\/emfoco\/#\/schema\/person\/43407752bebcbbb4d0ec79deedc0d7ce","name":"Patryck Reinehr","image":{"@type":"ImageObject","inLanguage":"pt-BR","@id":"https:\/\/www.em.com.br\/emfoco\/#\/schema\/person\/image\/","url":"https:\/\/secure.gravatar.com\/avatar\/570c7fb2898c0e2df0823196891bea88?s=96&d=mm&r=g","contentUrl":"https:\/\/secure.gravatar.com\/avatar\/570c7fb2898c0e2df0823196891bea88?s=96&d=mm&r=g","caption":"Patryck Reinehr"},"url":"https:\/\/www.em.com.br\/emfoco\/author\/patryckmyth\/"}]}},"_links":{"self":[{"href":"https:\/\/www.em.com.br\/emfoco\/wp-json\/wp\/v2\/posts\/38374","targetHints":{"allow":["GET"]}}],"collection":[{"href":"https:\/\/www.em.com.br\/emfoco\/wp-json\/wp\/v2\/posts"}],"about":[{"href":"https:\/\/www.em.com.br\/emfoco\/wp-json\/wp\/v2\/types\/post"}],"author":[{"embeddable":true,"href":"https:\/\/www.em.com.br\/emfoco\/wp-json\/wp\/v2\/users\/10"}],"replies":[{"embeddable":true,"href":"https:\/\/www.em.com.br\/emfoco\/wp-json\/wp\/v2\/comments?post=38374"}],"version-history":[{"count":1,"href":"https:\/\/www.em.com.br\/emfoco\/wp-json\/wp\/v2\/posts\/38374\/revisions"}],"predecessor-version":[{"id":38377,"href":"https:\/\/www.em.com.br\/emfoco\/wp-json\/wp\/v2\/posts\/38374\/revisions\/38377"}],"wp:featuredmedia":[{"embeddable":true,"href":"https:\/\/www.em.com.br\/emfoco\/wp-json\/wp\/v2\/media\/38375"}],"wp:attachment":[{"href":"https:\/\/www.em.com.br\/emfoco\/wp-json\/wp\/v2\/media?parent=38374"}],"wp:term":[{"taxonomy":"category","embeddable":true,"href":"https:\/\/www.em.com.br\/emfoco\/wp-json\/wp\/v2\/categories?post=38374"},{"taxonomy":"post_tag","embeddable":true,"href":"https:\/\/www.em.com.br\/emfoco\/wp-json\/wp\/v2\/tags?post=38374"}],"curies":[{"name":"wp","href":"https:\/\/api.w.org\/{rel}","templated":true}]}}